{"id":20718,"date":"2024-01-12T17:26:13","date_gmt":"2024-01-12T23:26:13","guid":{"rendered":"https:\/\/thepueblatimes.mx\/?p=20718"},"modified":"2024-01-12T17:26:13","modified_gmt":"2024-01-12T23:26:13","slug":"recibe-congreso-iniciativa-para-reparar-el-dano-a-victimas-por-violaciones-a-sus-derechos-humanos","status":"publish","type":"post","link":"https:\/\/thepueblatimes.mx\/index.php\/2024\/01\/12\/recibe-congreso-iniciativa-para-reparar-el-dano-a-victimas-por-violaciones-a-sus-derechos-humanos\/","title":{"rendered":"Recibe Congreso iniciativa para reparar el da\u00f1o a v\u00edctimas por violaciones a sus derechos humanos"},"content":{"rendered":"<h3><em>-La iniciativa plantea la reparaci\u00f3n del da\u00f1o independientemente de la no aceptaci\u00f3n de las recomendaciones que emita la Comisi\u00f3n de Derechos Humanos <\/em><\/h3>\n<h3><em>\u00a0<\/em><em>-Durante la sesi\u00f3n de la Comisi\u00f3n Permanente se dio cuenta de iniciativas para modificar la Ley para Prevenir y Eliminar la Discriminaci\u00f3n, y el C\u00f3digo Penal <\/em><\/h3>\n<p>&nbsp;<\/p>\n<p>Con el objetivo de garantizar la reparaci\u00f3n integral del da\u00f1o ante violaciones a derechos humanos, el diputado Eduardo Alc\u00e1ntara Montiel present\u00f3 una iniciativa para adicionar el art\u00edculo 48 Bis a la Ley de la Comisi\u00f3n de Derechos Humanos del Estado de Puebla.<\/p>\n<p>&nbsp;<\/p>\n<p>En sesi\u00f3n de la Comisi\u00f3n Permanente de la LXI Legislatura del Congreso del Estado se present\u00f3 la iniciativa, la cual plantea que, si la autoridad o servidor p\u00fablico no acepta la recomendaci\u00f3n, se har\u00e1 saber tal circunstancia a la opini\u00f3n p\u00fablica y deber\u00e1 notificarlo por escrito a la Comisi\u00f3n.<\/p>\n<p>&nbsp;<\/p>\n<p>Adem\u00e1s, independientemente de la no aceptaci\u00f3n de la recomendaci\u00f3n, la Comisi\u00f3n exigir\u00e1 a la autoridad responsable la reparaci\u00f3n integral del da\u00f1o a las v\u00edctimas, de conformidad con la Constituci\u00f3n, el principio pro persona y los tratados internacionales.<\/p>\n<p>&nbsp;<\/p>\n<p>En Tribuna, el diputado explic\u00f3 que, si la autoridad o servidor p\u00fablico responsable de la reparaci\u00f3n integral del da\u00f1o a las v\u00edctimas fueran omisos de realizar dicha reparaci\u00f3n, ser\u00e1n sujetos de un procedimiento de determinaci\u00f3n de responsabilidades en t\u00e9rminos de la Ley de la materia.<\/p>\n<p>&nbsp;<\/p>\n<p>La iniciativa fue turnada a la Comisi\u00f3n de Derechos Humanos para su estudio y resoluci\u00f3n procedente.<\/p>\n<p>&nbsp;<\/p>\n<p>Durante la sesi\u00f3n, la Comisi\u00f3n Permanente dio cuenta de los siguientes puntos:<\/p>\n<p>La iniciativa de la diputada Patricia Valencia \u00c1vila para adicionar las fracciones XXIV Bis y la XXIV Ter al art\u00edculo 6 Bis de la Ley para Prevenir y Eliminar la Discriminaci\u00f3n del Estado Libre y Soberano de Puebla, con el objetivo de armonizar la legislaci\u00f3n local con la federal.<\/p>\n<p>Plantea considerar discriminaci\u00f3n el impedir, negar, restringir o condicionar el acceso de las personas con discapacidad a establecimientos p\u00fablicos con asistencia humana, animal o cualquier otro medio t\u00e9cnico, electr\u00f3nico, o tecnol\u00f3gico que la ciencia aporte; as\u00ed como obstruir cualquier medida de accesibilidad en el entorno f\u00edsico, el transporte, la informaci\u00f3n, tecnolog\u00eda y comunicaciones, en servicios e instalaciones abiertos al p\u00fablico o de uso p\u00fablico y dem\u00e1s elementos destinados a la accesibilidad y movilidad de las personas con discapacidad.<\/p>\n<p>&nbsp;<\/p>\n<p>La propuesta legislativa fue turnada a la Comisi\u00f3n de Atenci\u00f3n a Personas con Discapacidad para su estudio y resoluci\u00f3n procedente.<\/p>\n<p>&nbsp;<\/p>\n<p>Asimismo, se dio cuenta de la iniciativa de la diputada Nancy Jim\u00e9nez Morales para reformar la fracci\u00f3n I del art\u00edculo 357 del C\u00f3digo Penal del Estado, con la finalidad de sancionar con uno a tres a\u00f1os de prisi\u00f3n y de 100 a 500 veces el valor diario de la Unidad de Medida y Actualizaci\u00f3n, a todo aqu\u00e9l que apoye a difundir acciones o expresiones verbales y\/o escritas, de cualquier tipo, tendientes a denostar la dignidad de las personas, con base en odio, violencia o discriminaci\u00f3n.<\/p>\n<p>&nbsp;<\/p>\n<p>Adem\u00e1s, la iniciativa del diputado Oswaldo Jim\u00e9nez L\u00f3pez para adicionar un p\u00e1rrafo quinto al art\u00edculo 470 del C\u00f3digo Penal del Estado, con el objetivo de establecer que, en caso de que el delito de violencia animal sea cometido por un m\u00e9dico veterinario zootecnista, las sanciones previstas para el mismo se incrementar\u00e1n hasta una mitad, adem\u00e1s de que al sujeto activo se le suspender\u00e1 su c\u00e9dula profesional por diez a\u00f1os, para ejercer su profesi\u00f3n.<\/p>\n<p>&nbsp;<\/p>\n<p>Las iniciativas de la diputada Nancy Jim\u00e9nez y del diputado Oswaldo Jim\u00e9nez fueron turnadas a la Comisi\u00f3n de Procuraci\u00f3n y Administraci\u00f3n de Justicia para su an\u00e1lisis.<\/p>\n","protected":false},"excerpt":{"rendered":"<p>-La iniciativa plantea la reparaci\u00f3n del da\u00f1o independientemente de la no aceptaci\u00f3n de las recomendaciones que emita la Comisi\u00f3n de Derechos Humanos \u00a0-Durante la sesi\u00f3n de la Comisi\u00f3n Permanente se dio cuenta de iniciativas para modificar la Ley para Prevenir y Eliminar la Discriminaci\u00f3n, y el C\u00f3digo Penal &nbsp; Con el objetivo de garantizar la&#8230;<\/p>\n","protected":false},"author":3,"featured_media":20719,"comment_status":"closed","ping_status":"closed","sticky":false,"template":"","format":"standard","meta":[],"categories":[3],"tags":[1480,1401,1271,1301],"yoast_head":"<!-- This site is optimized with the Yoast SEO plugin v20.8 - https:\/\/yoast.com\/wordpress\/plugins\/seo\/ -->\n<title>Recibe Congreso iniciativa para reparar el da\u00f1o a v\u00edctimas por violaciones a sus derechos humanos - The Puebla Times<\/title>\n<meta name=\"robots\" content=\"index, follow, max-snippet:-1, max-image-preview:large, max-video-preview:-1\" \/>\n<link rel=\"canonical\" href=\"https:\/\/thepueblatimes.mx\/index.php\/2024\/01\/12\/recibe-congreso-iniciativa-para-reparar-el-dano-a-victimas-por-violaciones-a-sus-derechos-humanos\/\" \/>\n<meta property=\"og:locale\" content=\"es_ES\" \/>\n<meta property=\"og:type\" content=\"article\" \/>\n<meta property=\"og:title\" content=\"Recibe Congreso iniciativa para reparar el da\u00f1o a v\u00edctimas por violaciones a sus derechos humanos - The Puebla Times\" \/>\n<meta property=\"og:description\" content=\"-La iniciativa plantea la reparaci\u00f3n del da\u00f1o independientemente de la no aceptaci\u00f3n de las recomendaciones que emita la Comisi\u00f3n de Derechos Humanos \u00a0-Durante la sesi\u00f3n de la Comisi\u00f3n Permanente se dio cuenta de iniciativas para modificar la Ley para Prevenir y Eliminar la Discriminaci\u00f3n, y el C\u00f3digo Penal &nbsp; Con el objetivo de garantizar la...\" \/>\n<meta property=\"og:url\" content=\"https:\/\/thepueblatimes.mx\/index.php\/2024\/01\/12\/recibe-congreso-iniciativa-para-reparar-el-dano-a-victimas-por-violaciones-a-sus-derechos-humanos\/\" \/>\n<meta property=\"og:site_name\" content=\"The Puebla Times\" \/>\n<meta property=\"article:published_time\" content=\"2024-01-12T23:26:13+00:00\" \/>\n<meta property=\"og:image\" content=\"https:\/\/thepueblatimes.mx\/wp-content\/uploads\/2024\/01\/WhatsApp-Image-2024-01-12-at-13.59.24.jpeg\" \/>\n\t<meta property=\"og:image:width\" content=\"1600\" \/>\n\t<meta property=\"og:image:height\" content=\"1066\" \/>\n\t<meta property=\"og:image:type\" content=\"image\/jpeg\" \/>\n<meta name=\"author\" content=\"The Puebla Times\" \/>\n<meta name=\"twitter:card\" content=\"summary_large_image\" \/>\n<meta name=\"twitter:label1\" content=\"Escrito por\" \/>\n\t<meta name=\"twitter:data1\" content=\"The Puebla Times\" \/>\n\t<meta name=\"twitter:label2\" content=\"Tiempo de lectura\" \/>\n\t<meta name=\"twitter:data2\" content=\"3 minutos\" \/>\n<script type=\"application\/ld+json\" class=\"yoast-schema-graph\">{\"@context\":\"https:\/\/schema.org\",\"@graph\":[{\"@type\":\"WebPage\",\"@id\":\"https:\/\/thepueblatimes.mx\/index.php\/2024\/01\/12\/recibe-congreso-iniciativa-para-reparar-el-dano-a-victimas-por-violaciones-a-sus-derechos-humanos\/\",\"url\":\"https:\/\/thepueblatimes.mx\/index.php\/2024\/01\/12\/recibe-congreso-iniciativa-para-reparar-el-dano-a-victimas-por-violaciones-a-sus-derechos-humanos\/\",\"name\":\"Recibe Congreso iniciativa para reparar el da\u00f1o a v\u00edctimas por violaciones a sus derechos humanos - The Puebla Times\",\"isPartOf\":{\"@id\":\"https:\/\/thepueblatimes.mx\/#website\"},\"datePublished\":\"2024-01-12T23:26:13+00:00\",\"dateModified\":\"2024-01-12T23:26:13+00:00\",\"author\":{\"@id\":\"https:\/\/thepueblatimes.mx\/#\/schema\/person\/ad152a907a5f1fb40553a2551dbadb8e\"},\"breadcrumb\":{\"@id\":\"https:\/\/thepueblatimes.mx\/index.php\/2024\/01\/12\/recibe-congreso-iniciativa-para-reparar-el-dano-a-victimas-por-violaciones-a-sus-derechos-humanos\/#breadcrumb\"},\"inLanguage\":\"es\",\"potentialAction\":[{\"@type\":\"ReadAction\",\"target\":[\"https:\/\/thepueblatimes.mx\/index.php\/2024\/01\/12\/recibe-congreso-iniciativa-para-reparar-el-dano-a-victimas-por-violaciones-a-sus-derechos-humanos\/\"]}]},{\"@type\":\"BreadcrumbList\",\"@id\":\"https:\/\/thepueblatimes.mx\/index.php\/2024\/01\/12\/recibe-congreso-iniciativa-para-reparar-el-dano-a-victimas-por-violaciones-a-sus-derechos-humanos\/#breadcrumb\",\"itemListElement\":[{\"@type\":\"ListItem\",\"position\":1,\"name\":\"Portada\",\"item\":\"https:\/\/thepueblatimes.mx\/\"},{\"@type\":\"ListItem\",\"position\":2,\"name\":\"Recibe Congreso iniciativa para reparar el da\u00f1o a v\u00edctimas por violaciones a sus derechos humanos\"}]},{\"@type\":\"WebSite\",\"@id\":\"https:\/\/thepueblatimes.mx\/#website\",\"url\":\"https:\/\/thepueblatimes.mx\/\",\"name\":\"The Puebla Times\",\"description\":\"Noticias del Estado de Puebla\",\"potentialAction\":[{\"@type\":\"SearchAction\",\"target\":{\"@type\":\"EntryPoint\",\"urlTemplate\":\"https:\/\/thepueblatimes.mx\/?s={search_term_string}\"},\"query-input\":\"required name=search_term_string\"}],\"inLanguage\":\"es\"},{\"@type\":\"Person\",\"@id\":\"https:\/\/thepueblatimes.mx\/#\/schema\/person\/ad152a907a5f1fb40553a2551dbadb8e\",\"name\":\"The Puebla Times\",\"image\":{\"@type\":\"ImageObject\",\"inLanguage\":\"es\",\"@id\":\"https:\/\/thepueblatimes.mx\/#\/schema\/person\/image\/\",\"url\":\"https:\/\/secure.gravatar.com\/avatar\/82859cd6fbb1a3801d3e7ee27c92b8c9?s=96&d=mm&r=g\",\"contentUrl\":\"https:\/\/secure.gravatar.com\/avatar\/82859cd6fbb1a3801d3e7ee27c92b8c9?s=96&d=mm&r=g\",\"caption\":\"The Puebla Times\"},\"url\":\"https:\/\/thepueblatimes.mx\/index.php\/author\/ferhz\/\"}]}<\/script>\n<!-- \/ Yoast SEO plugin. -->","yoast_head_json":{"title":"Recibe Congreso iniciativa para reparar el da\u00f1o a v\u00edctimas por violaciones a sus derechos humanos - The Puebla Times","robots":{"index":"index","follow":"follow","max-snippet":"max-snippet:-1","max-image-preview":"max-image-preview:large","max-video-preview":"max-video-preview:-1"},"canonical":"https:\/\/thepueblatimes.mx\/index.php\/2024\/01\/12\/recibe-congreso-iniciativa-para-reparar-el-dano-a-victimas-por-violaciones-a-sus-derechos-humanos\/","og_locale":"es_ES","og_type":"article","og_title":"Recibe Congreso iniciativa para reparar el da\u00f1o a v\u00edctimas por violaciones a sus derechos humanos - The Puebla Times","og_description":"-La iniciativa plantea la reparaci\u00f3n del da\u00f1o independientemente de la no aceptaci\u00f3n de las recomendaciones que emita la Comisi\u00f3n de Derechos Humanos \u00a0-Durante la sesi\u00f3n de la Comisi\u00f3n Permanente se dio cuenta de iniciativas para modificar la Ley para Prevenir y Eliminar la Discriminaci\u00f3n, y el C\u00f3digo Penal &nbsp; Con el objetivo de garantizar la...","og_url":"https:\/\/thepueblatimes.mx\/index.php\/2024\/01\/12\/recibe-congreso-iniciativa-para-reparar-el-dano-a-victimas-por-violaciones-a-sus-derechos-humanos\/","og_site_name":"The Puebla Times","article_published_time":"2024-01-12T23:26:13+00:00","og_image":[{"width":1600,"height":1066,"url":"https:\/\/thepueblatimes.mx\/wp-content\/uploads\/2024\/01\/WhatsApp-Image-2024-01-12-at-13.59.24.jpeg","type":"image\/jpeg"}],"author":"The Puebla Times","twitter_card":"summary_large_image","twitter_misc":{"Escrito por":"The Puebla Times","Tiempo de lectura":"3 minutos"},"schema":{"@context":"https:\/\/schema.org","@graph":[{"@type":"WebPage","@id":"https:\/\/thepueblatimes.mx\/index.php\/2024\/01\/12\/recibe-congreso-iniciativa-para-reparar-el-dano-a-victimas-por-violaciones-a-sus-derechos-humanos\/","url":"https:\/\/thepueblatimes.mx\/index.php\/2024\/01\/12\/recibe-congreso-iniciativa-para-reparar-el-dano-a-victimas-por-violaciones-a-sus-derechos-humanos\/","name":"Recibe Congreso iniciativa para reparar el da\u00f1o a v\u00edctimas por violaciones a sus derechos humanos - The Puebla Times","isPartOf":{"@id":"https:\/\/thepueblatimes.mx\/#website"},"datePublished":"2024-01-12T23:26:13+00:00","dateModified":"2024-01-12T23:26:13+00:00","author":{"@id":"https:\/\/thepueblatimes.mx\/#\/schema\/person\/ad152a907a5f1fb40553a2551dbadb8e"},"breadcrumb":{"@id":"https:\/\/thepueblatimes.mx\/index.php\/2024\/01\/12\/recibe-congreso-iniciativa-para-reparar-el-dano-a-victimas-por-violaciones-a-sus-derechos-humanos\/#breadcrumb"},"inLanguage":"es","potentialAction":[{"@type":"ReadAction","target":["https:\/\/thepueblatimes.mx\/index.php\/2024\/01\/12\/recibe-congreso-iniciativa-para-reparar-el-dano-a-victimas-por-violaciones-a-sus-derechos-humanos\/"]}]},{"@type":"BreadcrumbList","@id":"https:\/\/thepueblatimes.mx\/index.php\/2024\/01\/12\/recibe-congreso-iniciativa-para-reparar-el-dano-a-victimas-por-violaciones-a-sus-derechos-humanos\/#breadcrumb","itemListElement":[{"@type":"ListItem","position":1,"name":"Portada","item":"https:\/\/thepueblatimes.mx\/"},{"@type":"ListItem","position":2,"name":"Recibe Congreso iniciativa para reparar el da\u00f1o a v\u00edctimas por violaciones a sus derechos humanos"}]},{"@type":"WebSite","@id":"https:\/\/thepueblatimes.mx\/#website","url":"https:\/\/thepueblatimes.mx\/","name":"The Puebla Times","description":"Noticias del Estado de Puebla","potentialAction":[{"@type":"SearchAction","target":{"@type":"EntryPoint","urlTemplate":"https:\/\/thepueblatimes.mx\/?s={search_term_string}"},"query-input":"required name=search_term_string"}],"inLanguage":"es"},{"@type":"Person","@id":"https:\/\/thepueblatimes.mx\/#\/schema\/person\/ad152a907a5f1fb40553a2551dbadb8e","name":"The Puebla Times","image":{"@type":"ImageObject","inLanguage":"es","@id":"https:\/\/thepueblatimes.mx\/#\/schema\/person\/image\/","url":"https:\/\/secure.gravatar.com\/avatar\/82859cd6fbb1a3801d3e7ee27c92b8c9?s=96&d=mm&r=g","contentUrl":"https:\/\/secure.gravatar.com\/avatar\/82859cd6fbb1a3801d3e7ee27c92b8c9?s=96&d=mm&r=g","caption":"The Puebla Times"},"url":"https:\/\/thepueblatimes.mx\/index.php\/author\/ferhz\/"}]}},"jetpack_featured_media_url":"https:\/\/thepueblatimes.mx\/wp-content\/uploads\/2024\/01\/WhatsApp-Image-2024-01-12-at-13.59.24.jpeg","_links":{"self":[{"href":"https:\/\/thepueblatimes.mx\/index.php\/wp-json\/wp\/v2\/posts\/20718"}],"collection":[{"href":"https:\/\/thepueblatimes.mx\/index.php\/wp-json\/wp\/v2\/posts"}],"about":[{"href":"https:\/\/thepueblatimes.mx\/index.php\/wp-json\/wp\/v2\/types\/post"}],"author":[{"embeddable":true,"href":"https:\/\/thepueblatimes.mx\/index.php\/wp-json\/wp\/v2\/users\/3"}],"replies":[{"embeddable":true,"href":"https:\/\/thepueblatimes.mx\/index.php\/wp-json\/wp\/v2\/comments?post=20718"}],"version-history":[{"count":1,"href":"https:\/\/thepueblatimes.mx\/index.php\/wp-json\/wp\/v2\/posts\/20718\/revisions"}],"predecessor-version":[{"id":20720,"href":"https:\/\/thepueblatimes.mx\/index.php\/wp-json\/wp\/v2\/posts\/20718\/revisions\/20720"}],"wp:featuredmedia":[{"embeddable":true,"href":"https:\/\/thepueblatimes.mx\/index.php\/wp-json\/wp\/v2\/media\/20719"}],"wp:attachment":[{"href":"https:\/\/thepueblatimes.mx\/index.php\/wp-json\/wp\/v2\/media?parent=20718"}],"wp:term":[{"taxonomy":"category","embeddable":true,"href":"https:\/\/thepueblatimes.mx\/index.php\/wp-json\/wp\/v2\/categories?post=20718"},{"taxonomy":"post_tag","embeddable":true,"href":"https:\/\/thepueblatimes.mx\/index.php\/wp-json\/wp\/v2\/tags?post=20718"}],"curies":[{"name":"wp","href":"https:\/\/api.w.org\/{rel}","templated":true}]}}