{"id":20664,"date":"2024-01-09T18:59:45","date_gmt":"2024-01-10T00:59:45","guid":{"rendered":"https:\/\/thepueblatimes.mx\/?p=20664"},"modified":"2024-01-09T18:59:45","modified_gmt":"2024-01-10T00:59:45","slug":"garantiza-gobierno-estatal-acceso-a-la-educacion-a-ninas-ninos-y-jovenes-de-casas-de-asistencia-del-sedif","status":"publish","type":"post","link":"https:\/\/thepueblatimes.mx\/index.php\/2024\/01\/09\/garantiza-gobierno-estatal-acceso-a-la-educacion-a-ninas-ninos-y-jovenes-de-casas-de-asistencia-del-sedif\/","title":{"rendered":"Garantiza gobierno estatal acceso a la educaci\u00f3n a ni\u00f1as, ni\u00f1os y j\u00f3venes de casas de asistencia del SEDIF"},"content":{"rendered":"<h3><i>-El gobernador Sergio Salom\u00f3n y la presidenta honoraria del Patronato, Gaby Bonilla presidieron la entrega de claves escolares para las casas de Asistencia, as\u00ed como el otorgamiento de uniformes y materiales educativos<\/i><\/h3>\n<p>&nbsp;<\/p>\n<p>&nbsp;<\/p>\n<p><b>CIUDAD DE PUEBLA, Pue. \u2013<\/b>\u00a0Derivado de la visi\u00f3n del gobierno presente de Sergio Salom\u00f3n y las acciones impulsadas por el SEDIF que preside Gaby Bonilla, el organismo recibi\u00f3 las Claves de Centros de Trabajo (CCT) para que las ni\u00f1as, ni\u00f1os y j\u00f3venes que cursan preescolar, primaria, telesecundaria y bachillerato digital en las casas de Asistencia, tengan certeza y sus estudios est\u00e9n validados por la Secretar\u00eda de Educaci\u00f3n.<\/p>\n<p>&nbsp;<\/p>\n<p>El titular del Ejecutivo coment\u00f3 que su administraci\u00f3n asume la responsabilidad de brindar educaci\u00f3n gratuita para quienes m\u00e1s lo requieren. Por ello, celebr\u00f3 que el Sistema Estatal DIF realizara las gestiones correspondientes para el otorgamiento de claves escolares, lo cual impactar\u00e1 positivamente para que las ni\u00f1as, ni\u00f1os y j\u00f3venes bajo resguardo del organismo tengan una vida digna.<\/p>\n<p>&nbsp;<\/p>\n<p>Invit\u00f3 a los diferentes sectores de la poblaci\u00f3n a que, desde sus atribuciones, coadyuven con la autoridad para que las iniciativas sociales favorezcan realmente a las y los poblanos en situaci\u00f3n de vulnerabilidad. Asimismo, mencion\u00f3 que el gobierno que encabeza continuar\u00e1 con la visi\u00f3n del presidente de M\u00e9xico, Andr\u00e9s Manuel L\u00f3pez Obrador de erradicar la desigualdad y consolidar la Cuarta Transformaci\u00f3n.<\/p>\n<p>&nbsp;<\/p>\n<p>La presidenta honoraria del Patronato del SEDIF, Gaby Bonilla indic\u00f3 que el gobierno estatal materializa una acci\u00f3n m\u00e1s para favorecer a ni\u00f1as, ni\u00f1os y adolescentes que est\u00e1n bajo resguardo del organismo. A\u00f1adi\u00f3 que la entrega de claves escolares es una estrategia que trasciende y que repercute en la posibilidad de que los 300 menores beneficiados tengan un desarrollo acad\u00e9mico y accedan a una mejor calidad de vida.<\/p>\n<p>&nbsp;<\/p>\n<p>Expuso que el gobierno de Puebla hace un gran equipo y deja hoy un legado invaluable que es brindar una educaci\u00f3n de calidad para todas y todos. Adem\u00e1s, para las y los menores la educaci\u00f3n no s\u00f3lo representa una oportunidad de adquirir conocimientos sino una v\u00eda para fortalecer su autoestima y construir un sentido de identidad y pertenencia.<\/p>\n<p>&nbsp;<\/p>\n<p>El titular de la Secretar\u00eda de Gobernaci\u00f3n (SEGOB), Javier Aquino Lim\u00f3n, detall\u00f3 que el Gobierno del Estado impulsa estrategias para que Puebla sea un mejor lugar y todas las ni\u00f1as, ni\u00f1os y j\u00f3venes tengan oportunidad de tener un desarrollo acad\u00e9mico pleno. Recalc\u00f3 que en este 2024 continuar\u00e1n acciones para que las familias poblanas tengan una mejor calidad de vida.<\/p>\n<p>&nbsp;<\/p>\n<p>La secretaria de Educaci\u00f3n, Isabel Merlo Talavera coment\u00f3 que, con la entrega de Claves de Centros de Trabajo en las casas de Asistencia del SEDIF que preside Gaby Bonilla, el gobierno presente de Sergio Salom\u00f3n garantiza el derecho a la educaci\u00f3n, as\u00ed como el correcto desarrollo acad\u00e9mico para las actuales y siguientes generaciones bajo resguardo del organismo.<\/p>\n<p>&nbsp;<\/p>\n<p>El director general del Sistema Estatal DIF, Francisco \u00c1lvarez Arizpe agreg\u00f3 que el otorgamiento de claves, uniformes y materiales educativos, es una muestra de que la administraci\u00f3n estatal trabaja de manera conjunta e intersecretarial para beneficiar a las ni\u00f1as, ni\u00f1os y adolescentes en situaci\u00f3n de vulnerabilidad.<\/p>\n","protected":false},"excerpt":{"rendered":"<p>-El gobernador Sergio Salom\u00f3n y la presidenta honoraria del Patronato, Gaby Bonilla presidieron la entrega de claves escolares para las casas de Asistencia, as\u00ed como el otorgamiento de uniformes y materiales educativos &nbsp; &nbsp; CIUDAD DE PUEBLA, Pue. \u2013\u00a0Derivado de la visi\u00f3n del gobierno presente de Sergio Salom\u00f3n y las acciones impulsadas por el SEDIF&#8230;<\/p>\n","protected":false},"author":3,"featured_media":20665,"comment_status":"closed","ping_status":"closed","sticky":false,"template":"","format":"standard","meta":[],"categories":[3,116],"tags":[1340,1273,1341,628],"yoast_head":"<!-- This site is optimized with the Yoast SEO plugin v20.8 - https:\/\/yoast.com\/wordpress\/plugins\/seo\/ -->\n<title>Garantiza gobierno estatal acceso a la educaci\u00f3n a ni\u00f1as, ni\u00f1os y j\u00f3venes de casas de asistencia del SEDIF - The Puebla Times<\/title>\n<meta name=\"robots\" content=\"index, follow, max-snippet:-1, max-image-preview:large, max-video-preview:-1\" \/>\n<link rel=\"canonical\" href=\"https:\/\/thepueblatimes.mx\/index.php\/2024\/01\/09\/garantiza-gobierno-estatal-acceso-a-la-educacion-a-ninas-ninos-y-jovenes-de-casas-de-asistencia-del-sedif\/\" \/>\n<meta property=\"og:locale\" content=\"es_ES\" \/>\n<meta property=\"og:type\" content=\"article\" \/>\n<meta property=\"og:title\" content=\"Garantiza gobierno estatal acceso a la educaci\u00f3n a ni\u00f1as, ni\u00f1os y j\u00f3venes de casas de asistencia del SEDIF - The Puebla Times\" \/>\n<meta property=\"og:description\" content=\"-El gobernador Sergio Salom\u00f3n y la presidenta honoraria del Patronato, Gaby Bonilla presidieron la entrega de claves escolares para las casas de Asistencia, as\u00ed como el otorgamiento de uniformes y materiales educativos &nbsp; &nbsp; CIUDAD DE PUEBLA, Pue. \u2013\u00a0Derivado de la visi\u00f3n del gobierno presente de Sergio Salom\u00f3n y las acciones impulsadas por el SEDIF...\" \/>\n<meta property=\"og:url\" content=\"https:\/\/thepueblatimes.mx\/index.php\/2024\/01\/09\/garantiza-gobierno-estatal-acceso-a-la-educacion-a-ninas-ninos-y-jovenes-de-casas-de-asistencia-del-sedif\/\" \/>\n<meta property=\"og:site_name\" content=\"The Puebla Times\" \/>\n<meta property=\"article:published_time\" content=\"2024-01-10T00:59:45+00:00\" \/>\n<meta property=\"og:image\" content=\"https:\/\/thepueblatimes.mx\/wp-content\/uploads\/2024\/01\/GOB-SS-CP-015-2024-CLAVES-ESCOLARES-CASAS-DE-ASISTENCIA-SEDIF-090124-6-1-scaled.jpg\" \/>\n\t<meta property=\"og:image:width\" content=\"2560\" \/>\n\t<meta property=\"og:image:height\" content=\"1703\" \/>\n\t<meta property=\"og:image:type\" content=\"image\/jpeg\" \/>\n<meta name=\"author\" content=\"The Puebla Times\" \/>\n<meta name=\"twitter:card\" content=\"summary_large_image\" \/>\n<meta name=\"twitter:label1\" content=\"Escrito por\" \/>\n\t<meta name=\"twitter:data1\" content=\"The Puebla Times\" \/>\n\t<meta name=\"twitter:label2\" content=\"Tiempo de lectura\" \/>\n\t<meta name=\"twitter:data2\" content=\"3 minutos\" \/>\n<script type=\"application\/ld+json\" class=\"yoast-schema-graph\">{\"@context\":\"https:\/\/schema.org\",\"@graph\":[{\"@type\":\"WebPage\",\"@id\":\"https:\/\/thepueblatimes.mx\/index.php\/2024\/01\/09\/garantiza-gobierno-estatal-acceso-a-la-educacion-a-ninas-ninos-y-jovenes-de-casas-de-asistencia-del-sedif\/\",\"url\":\"https:\/\/thepueblatimes.mx\/index.php\/2024\/01\/09\/garantiza-gobierno-estatal-acceso-a-la-educacion-a-ninas-ninos-y-jovenes-de-casas-de-asistencia-del-sedif\/\",\"name\":\"Garantiza gobierno estatal acceso a la educaci\u00f3n a ni\u00f1as, ni\u00f1os y j\u00f3venes de casas de asistencia del SEDIF - The Puebla Times\",\"isPartOf\":{\"@id\":\"https:\/\/thepueblatimes.mx\/#website\"},\"datePublished\":\"2024-01-10T00:59:45+00:00\",\"dateModified\":\"2024-01-10T00:59:45+00:00\",\"author\":{\"@id\":\"https:\/\/thepueblatimes.mx\/#\/schema\/person\/ad152a907a5f1fb40553a2551dbadb8e\"},\"breadcrumb\":{\"@id\":\"https:\/\/thepueblatimes.mx\/index.php\/2024\/01\/09\/garantiza-gobierno-estatal-acceso-a-la-educacion-a-ninas-ninos-y-jovenes-de-casas-de-asistencia-del-sedif\/#breadcrumb\"},\"inLanguage\":\"es\",\"potentialAction\":[{\"@type\":\"ReadAction\",\"target\":[\"https:\/\/thepueblatimes.mx\/index.php\/2024\/01\/09\/garantiza-gobierno-estatal-acceso-a-la-educacion-a-ninas-ninos-y-jovenes-de-casas-de-asistencia-del-sedif\/\"]}]},{\"@type\":\"BreadcrumbList\",\"@id\":\"https:\/\/thepueblatimes.mx\/index.php\/2024\/01\/09\/garantiza-gobierno-estatal-acceso-a-la-educacion-a-ninas-ninos-y-jovenes-de-casas-de-asistencia-del-sedif\/#breadcrumb\",\"itemListElement\":[{\"@type\":\"ListItem\",\"position\":1,\"name\":\"Portada\",\"item\":\"https:\/\/thepueblatimes.mx\/\"},{\"@type\":\"ListItem\",\"position\":2,\"name\":\"Garantiza gobierno estatal acceso a la educaci\u00f3n a ni\u00f1as, ni\u00f1os y j\u00f3venes de casas de asistencia del SEDIF\"}]},{\"@type\":\"WebSite\",\"@id\":\"https:\/\/thepueblatimes.mx\/#website\",\"url\":\"https:\/\/thepueblatimes.mx\/\",\"name\":\"The Puebla Times\",\"description\":\"Noticias del Estado de Puebla\",\"potentialAction\":[{\"@type\":\"SearchAction\",\"target\":{\"@type\":\"EntryPoint\",\"urlTemplate\":\"https:\/\/thepueblatimes.mx\/?s={search_term_string}\"},\"query-input\":\"required name=search_term_string\"}],\"inLanguage\":\"es\"},{\"@type\":\"Person\",\"@id\":\"https:\/\/thepueblatimes.mx\/#\/schema\/person\/ad152a907a5f1fb40553a2551dbadb8e\",\"name\":\"The Puebla Times\",\"image\":{\"@type\":\"ImageObject\",\"inLanguage\":\"es\",\"@id\":\"https:\/\/thepueblatimes.mx\/#\/schema\/person\/image\/\",\"url\":\"https:\/\/secure.gravatar.com\/avatar\/82859cd6fbb1a3801d3e7ee27c92b8c9?s=96&d=mm&r=g\",\"contentUrl\":\"https:\/\/secure.gravatar.com\/avatar\/82859cd6fbb1a3801d3e7ee27c92b8c9?s=96&d=mm&r=g\",\"caption\":\"The Puebla Times\"},\"url\":\"https:\/\/thepueblatimes.mx\/index.php\/author\/ferhz\/\"}]}<\/script>\n<!-- \/ Yoast SEO plugin. -->","yoast_head_json":{"title":"Garantiza gobierno estatal acceso a la educaci\u00f3n a ni\u00f1as, ni\u00f1os y j\u00f3venes de casas de asistencia del SEDIF - The Puebla Times","robots":{"index":"index","follow":"follow","max-snippet":"max-snippet:-1","max-image-preview":"max-image-preview:large","max-video-preview":"max-video-preview:-1"},"canonical":"https:\/\/thepueblatimes.mx\/index.php\/2024\/01\/09\/garantiza-gobierno-estatal-acceso-a-la-educacion-a-ninas-ninos-y-jovenes-de-casas-de-asistencia-del-sedif\/","og_locale":"es_ES","og_type":"article","og_title":"Garantiza gobierno estatal acceso a la educaci\u00f3n a ni\u00f1as, ni\u00f1os y j\u00f3venes de casas de asistencia del SEDIF - The Puebla Times","og_description":"-El gobernador Sergio Salom\u00f3n y la presidenta honoraria del Patronato, Gaby Bonilla presidieron la entrega de claves escolares para las casas de Asistencia, as\u00ed como el otorgamiento de uniformes y materiales educativos &nbsp; &nbsp; CIUDAD DE PUEBLA, Pue. \u2013\u00a0Derivado de la visi\u00f3n del gobierno presente de Sergio Salom\u00f3n y las acciones impulsadas por el SEDIF...","og_url":"https:\/\/thepueblatimes.mx\/index.php\/2024\/01\/09\/garantiza-gobierno-estatal-acceso-a-la-educacion-a-ninas-ninos-y-jovenes-de-casas-de-asistencia-del-sedif\/","og_site_name":"The Puebla Times","article_published_time":"2024-01-10T00:59:45+00:00","og_image":[{"width":2560,"height":1703,"url":"https:\/\/thepueblatimes.mx\/wp-content\/uploads\/2024\/01\/GOB-SS-CP-015-2024-CLAVES-ESCOLARES-CASAS-DE-ASISTENCIA-SEDIF-090124-6-1-scaled.jpg","type":"image\/jpeg"}],"author":"The Puebla Times","twitter_card":"summary_large_image","twitter_misc":{"Escrito por":"The Puebla Times","Tiempo de lectura":"3 minutos"},"schema":{"@context":"https:\/\/schema.org","@graph":[{"@type":"WebPage","@id":"https:\/\/thepueblatimes.mx\/index.php\/2024\/01\/09\/garantiza-gobierno-estatal-acceso-a-la-educacion-a-ninas-ninos-y-jovenes-de-casas-de-asistencia-del-sedif\/","url":"https:\/\/thepueblatimes.mx\/index.php\/2024\/01\/09\/garantiza-gobierno-estatal-acceso-a-la-educacion-a-ninas-ninos-y-jovenes-de-casas-de-asistencia-del-sedif\/","name":"Garantiza gobierno estatal acceso a la educaci\u00f3n a ni\u00f1as, ni\u00f1os y j\u00f3venes de casas de asistencia del SEDIF - The Puebla Times","isPartOf":{"@id":"https:\/\/thepueblatimes.mx\/#website"},"datePublished":"2024-01-10T00:59:45+00:00","dateModified":"2024-01-10T00:59:45+00:00","author":{"@id":"https:\/\/thepueblatimes.mx\/#\/schema\/person\/ad152a907a5f1fb40553a2551dbadb8e"},"breadcrumb":{"@id":"https:\/\/thepueblatimes.mx\/index.php\/2024\/01\/09\/garantiza-gobierno-estatal-acceso-a-la-educacion-a-ninas-ninos-y-jovenes-de-casas-de-asistencia-del-sedif\/#breadcrumb"},"inLanguage":"es","potentialAction":[{"@type":"ReadAction","target":["https:\/\/thepueblatimes.mx\/index.php\/2024\/01\/09\/garantiza-gobierno-estatal-acceso-a-la-educacion-a-ninas-ninos-y-jovenes-de-casas-de-asistencia-del-sedif\/"]}]},{"@type":"BreadcrumbList","@id":"https:\/\/thepueblatimes.mx\/index.php\/2024\/01\/09\/garantiza-gobierno-estatal-acceso-a-la-educacion-a-ninas-ninos-y-jovenes-de-casas-de-asistencia-del-sedif\/#breadcrumb","itemListElement":[{"@type":"ListItem","position":1,"name":"Portada","item":"https:\/\/thepueblatimes.mx\/"},{"@type":"ListItem","position":2,"name":"Garantiza gobierno estatal acceso a la educaci\u00f3n a ni\u00f1as, ni\u00f1os y j\u00f3venes de casas de asistencia del SEDIF"}]},{"@type":"WebSite","@id":"https:\/\/thepueblatimes.mx\/#website","url":"https:\/\/thepueblatimes.mx\/","name":"The Puebla Times","description":"Noticias del Estado de Puebla","potentialAction":[{"@type":"SearchAction","target":{"@type":"EntryPoint","urlTemplate":"https:\/\/thepueblatimes.mx\/?s={search_term_string}"},"query-input":"required name=search_term_string"}],"inLanguage":"es"},{"@type":"Person","@id":"https:\/\/thepueblatimes.mx\/#\/schema\/person\/ad152a907a5f1fb40553a2551dbadb8e","name":"The Puebla Times","image":{"@type":"ImageObject","inLanguage":"es","@id":"https:\/\/thepueblatimes.mx\/#\/schema\/person\/image\/","url":"https:\/\/secure.gravatar.com\/avatar\/82859cd6fbb1a3801d3e7ee27c92b8c9?s=96&d=mm&r=g","contentUrl":"https:\/\/secure.gravatar.com\/avatar\/82859cd6fbb1a3801d3e7ee27c92b8c9?s=96&d=mm&r=g","caption":"The Puebla Times"},"url":"https:\/\/thepueblatimes.mx\/index.php\/author\/ferhz\/"}]}},"jetpack_featured_media_url":"https:\/\/thepueblatimes.mx\/wp-content\/uploads\/2024\/01\/GOB-SS-CP-015-2024-CLAVES-ESCOLARES-CASAS-DE-ASISTENCIA-SEDIF-090124-6-1-scaled.jpg","_links":{"self":[{"href":"https:\/\/thepueblatimes.mx\/index.php\/wp-json\/wp\/v2\/posts\/20664"}],"collection":[{"href":"https:\/\/thepueblatimes.mx\/index.php\/wp-json\/wp\/v2\/posts"}],"about":[{"href":"https:\/\/thepueblatimes.mx\/index.php\/wp-json\/wp\/v2\/types\/post"}],"author":[{"embeddable":true,"href":"https:\/\/thepueblatimes.mx\/index.php\/wp-json\/wp\/v2\/users\/3"}],"replies":[{"embeddable":true,"href":"https:\/\/thepueblatimes.mx\/index.php\/wp-json\/wp\/v2\/comments?post=20664"}],"version-history":[{"count":1,"href":"https:\/\/thepueblatimes.mx\/index.php\/wp-json\/wp\/v2\/posts\/20664\/revisions"}],"predecessor-version":[{"id":20666,"href":"https:\/\/thepueblatimes.mx\/index.php\/wp-json\/wp\/v2\/posts\/20664\/revisions\/20666"}],"wp:featuredmedia":[{"embeddable":true,"href":"https:\/\/thepueblatimes.mx\/index.php\/wp-json\/wp\/v2\/media\/20665"}],"wp:attachment":[{"href":"https:\/\/thepueblatimes.mx\/index.php\/wp-json\/wp\/v2\/media?parent=20664"}],"wp:term":[{"taxonomy":"category","embeddable":true,"href":"https:\/\/thepueblatimes.mx\/index.php\/wp-json\/wp\/v2\/categories?post=20664"},{"taxonomy":"post_tag","embeddable":true,"href":"https:\/\/thepueblatimes.mx\/index.php\/wp-json\/wp\/v2\/tags?post=20664"}],"curies":[{"name":"wp","href":"https:\/\/api.w.org\/{rel}","templated":true}]}}