{"id":20655,"date":"2024-01-08T18:39:33","date_gmt":"2024-01-09T00:39:33","guid":{"rendered":"https:\/\/thepueblatimes.mx\/?p=20655"},"modified":"2024-01-08T18:39:33","modified_gmt":"2024-01-09T00:39:33","slug":"reconoce-congreso-del-estado-a-sonideros-por-su-arraigo-en-la-cultura-popular","status":"publish","type":"post","link":"https:\/\/thepueblatimes.mx\/index.php\/2024\/01\/08\/reconoce-congreso-del-estado-a-sonideros-por-su-arraigo-en-la-cultura-popular\/","title":{"rendered":"Reconoce Congreso del Estado a sonideros por su arraigo en la cultura popular"},"content":{"rendered":"<h3><em>-La diputada Nora Merino Escamilla resalt\u00f3 la importancia de los sonideros en la econom\u00eda local<\/em><\/h3>\n<p>&nbsp;<\/p>\n<p>El Congreso del Estado entreg\u00f3 reconocimientos a sonideros por la importancia que tienen en la cultura popular, por fomentar la unidad, el entretenimiento y traspasar fronteras con la m\u00fasica.<\/p>\n<p>&nbsp;<\/p>\n<p>La diputada Nora Merino Escamilla se\u00f1al\u00f3 que la entrega de reconocimientos a sonideros representa la reivindicaci\u00f3n de esta actividad, ya que las personas se re\u00fanen en torno a la m\u00fasica y para hacer comunidad.<\/p>\n<p>&nbsp;<\/p>\n<p>Adem\u00e1s, resalt\u00f3 la importancia de los sonideros en la econom\u00eda local, por lo que se debe mantener interlocuci\u00f3n con estos grupos para que bailes y reuniones se realicen sin incidentes, de forma ordenada y segura, con el prop\u00f3sito de fortalecer esta actividad.<\/p>\n<p>&nbsp;<\/p>\n<p>En tanto, el representante de sonideros en Puebla, Rafael Fern\u00e1ndez expuso que esta actividad forma parte del patrimonio cultural del Estado, agreg\u00f3 que la m\u00fasica no tiene fronteras ni barreras, es un trabajo honrado para llevar alegr\u00eda, diversi\u00f3n y entretenimiento a la ciudadan\u00eda.<\/p>\n<p>&nbsp;<\/p>\n<p>Entre los reconocimientos destacan los entregados a los siguientes sonidos: Andino, Axel, Casper, Clavito, Cherocke, Colombia, C\u00f3ndor, Constelaci\u00f3n 82, Dimensi\u00f3n Latina, Dinast\u00eda Fern\u00e1ndez, Egipcio, Famoso, Fantasma, Fara\u00f3n, Fuego Tropical, Gabacho, Guapachoso, Lucky Star, Manhattan, Master, Meyer, M\u00edster Cometa, N\u00e9mesis, El Poblano, Ritmo Latino, Vampiro, Celeste Canadiense, Miami, Sensaci\u00f3n Selene, Luz de Luna, entre otros.<\/p>\n","protected":false},"excerpt":{"rendered":"<p>-La diputada Nora Merino Escamilla resalt\u00f3 la importancia de los sonideros en la econom\u00eda local &nbsp; El Congreso del Estado entreg\u00f3 reconocimientos a sonideros por la importancia que tienen en la cultura popular, por fomentar la unidad, el entretenimiento y traspasar fronteras con la m\u00fasica. &nbsp; La diputada Nora Merino Escamilla se\u00f1al\u00f3 que la entrega&#8230;<\/p>\n","protected":false},"author":3,"featured_media":20656,"comment_status":"closed","ping_status":"closed","sticky":false,"template":"","format":"standard","meta":[],"categories":[3],"tags":[1480,1401,1271,1649],"yoast_head":"<!-- This site is optimized with the Yoast SEO plugin v20.8 - https:\/\/yoast.com\/wordpress\/plugins\/seo\/ -->\n<title>Reconoce Congreso del Estado a sonideros por su arraigo en la cultura popular - The Puebla Times<\/title>\n<meta name=\"robots\" content=\"index, follow, max-snippet:-1, max-image-preview:large, max-video-preview:-1\" \/>\n<link rel=\"canonical\" href=\"https:\/\/thepueblatimes.mx\/index.php\/2024\/01\/08\/reconoce-congreso-del-estado-a-sonideros-por-su-arraigo-en-la-cultura-popular\/\" \/>\n<meta property=\"og:locale\" content=\"es_ES\" \/>\n<meta property=\"og:type\" content=\"article\" \/>\n<meta property=\"og:title\" content=\"Reconoce Congreso del Estado a sonideros por su arraigo en la cultura popular - The Puebla Times\" \/>\n<meta property=\"og:description\" content=\"-La diputada Nora Merino Escamilla resalt\u00f3 la importancia de los sonideros en la econom\u00eda local &nbsp; El Congreso del Estado entreg\u00f3 reconocimientos a sonideros por la importancia que tienen en la cultura popular, por fomentar la unidad, el entretenimiento y traspasar fronteras con la m\u00fasica. &nbsp; La diputada Nora Merino Escamilla se\u00f1al\u00f3 que la entrega...\" \/>\n<meta property=\"og:url\" content=\"https:\/\/thepueblatimes.mx\/index.php\/2024\/01\/08\/reconoce-congreso-del-estado-a-sonideros-por-su-arraigo-en-la-cultura-popular\/\" \/>\n<meta property=\"og:site_name\" content=\"The Puebla Times\" \/>\n<meta property=\"article:published_time\" content=\"2024-01-09T00:39:33+00:00\" \/>\n<meta property=\"og:image\" content=\"https:\/\/thepueblatimes.mx\/wp-content\/uploads\/2024\/01\/WhatsApp-Image-2024-01-08-at-16.57.32.jpeg\" \/>\n\t<meta property=\"og:image:width\" content=\"1599\" \/>\n\t<meta property=\"og:image:height\" content=\"1066\" \/>\n\t<meta property=\"og:image:type\" content=\"image\/jpeg\" \/>\n<meta name=\"author\" content=\"The Puebla Times\" \/>\n<meta name=\"twitter:card\" content=\"summary_large_image\" \/>\n<meta name=\"twitter:label1\" content=\"Escrito por\" \/>\n\t<meta name=\"twitter:data1\" content=\"The Puebla Times\" \/>\n\t<meta name=\"twitter:label2\" content=\"Tiempo de lectura\" \/>\n\t<meta name=\"twitter:data2\" content=\"1 minuto\" \/>\n<script type=\"application\/ld+json\" class=\"yoast-schema-graph\">{\"@context\":\"https:\/\/schema.org\",\"@graph\":[{\"@type\":\"WebPage\",\"@id\":\"https:\/\/thepueblatimes.mx\/index.php\/2024\/01\/08\/reconoce-congreso-del-estado-a-sonideros-por-su-arraigo-en-la-cultura-popular\/\",\"url\":\"https:\/\/thepueblatimes.mx\/index.php\/2024\/01\/08\/reconoce-congreso-del-estado-a-sonideros-por-su-arraigo-en-la-cultura-popular\/\",\"name\":\"Reconoce Congreso del Estado a sonideros por su arraigo en la cultura popular - The Puebla Times\",\"isPartOf\":{\"@id\":\"https:\/\/thepueblatimes.mx\/#website\"},\"datePublished\":\"2024-01-09T00:39:33+00:00\",\"dateModified\":\"2024-01-09T00:39:33+00:00\",\"author\":{\"@id\":\"https:\/\/thepueblatimes.mx\/#\/schema\/person\/ad152a907a5f1fb40553a2551dbadb8e\"},\"breadcrumb\":{\"@id\":\"https:\/\/thepueblatimes.mx\/index.php\/2024\/01\/08\/reconoce-congreso-del-estado-a-sonideros-por-su-arraigo-en-la-cultura-popular\/#breadcrumb\"},\"inLanguage\":\"es\",\"potentialAction\":[{\"@type\":\"ReadAction\",\"target\":[\"https:\/\/thepueblatimes.mx\/index.php\/2024\/01\/08\/reconoce-congreso-del-estado-a-sonideros-por-su-arraigo-en-la-cultura-popular\/\"]}]},{\"@type\":\"BreadcrumbList\",\"@id\":\"https:\/\/thepueblatimes.mx\/index.php\/2024\/01\/08\/reconoce-congreso-del-estado-a-sonideros-por-su-arraigo-en-la-cultura-popular\/#breadcrumb\",\"itemListElement\":[{\"@type\":\"ListItem\",\"position\":1,\"name\":\"Portada\",\"item\":\"https:\/\/thepueblatimes.mx\/\"},{\"@type\":\"ListItem\",\"position\":2,\"name\":\"Reconoce Congreso del Estado a sonideros por su arraigo en la cultura popular\"}]},{\"@type\":\"WebSite\",\"@id\":\"https:\/\/thepueblatimes.mx\/#website\",\"url\":\"https:\/\/thepueblatimes.mx\/\",\"name\":\"The Puebla Times\",\"description\":\"Noticias del Estado de Puebla\",\"potentialAction\":[{\"@type\":\"SearchAction\",\"target\":{\"@type\":\"EntryPoint\",\"urlTemplate\":\"https:\/\/thepueblatimes.mx\/?s={search_term_string}\"},\"query-input\":\"required name=search_term_string\"}],\"inLanguage\":\"es\"},{\"@type\":\"Person\",\"@id\":\"https:\/\/thepueblatimes.mx\/#\/schema\/person\/ad152a907a5f1fb40553a2551dbadb8e\",\"name\":\"The Puebla Times\",\"image\":{\"@type\":\"ImageObject\",\"inLanguage\":\"es\",\"@id\":\"https:\/\/thepueblatimes.mx\/#\/schema\/person\/image\/\",\"url\":\"https:\/\/secure.gravatar.com\/avatar\/82859cd6fbb1a3801d3e7ee27c92b8c9?s=96&d=mm&r=g\",\"contentUrl\":\"https:\/\/secure.gravatar.com\/avatar\/82859cd6fbb1a3801d3e7ee27c92b8c9?s=96&d=mm&r=g\",\"caption\":\"The Puebla Times\"},\"url\":\"https:\/\/thepueblatimes.mx\/index.php\/author\/ferhz\/\"}]}<\/script>\n<!-- \/ Yoast SEO plugin. -->","yoast_head_json":{"title":"Reconoce Congreso del Estado a sonideros por su arraigo en la cultura popular - The Puebla Times","robots":{"index":"index","follow":"follow","max-snippet":"max-snippet:-1","max-image-preview":"max-image-preview:large","max-video-preview":"max-video-preview:-1"},"canonical":"https:\/\/thepueblatimes.mx\/index.php\/2024\/01\/08\/reconoce-congreso-del-estado-a-sonideros-por-su-arraigo-en-la-cultura-popular\/","og_locale":"es_ES","og_type":"article","og_title":"Reconoce Congreso del Estado a sonideros por su arraigo en la cultura popular - The Puebla Times","og_description":"-La diputada Nora Merino Escamilla resalt\u00f3 la importancia de los sonideros en la econom\u00eda local &nbsp; El Congreso del Estado entreg\u00f3 reconocimientos a sonideros por la importancia que tienen en la cultura popular, por fomentar la unidad, el entretenimiento y traspasar fronteras con la m\u00fasica. &nbsp; La diputada Nora Merino Escamilla se\u00f1al\u00f3 que la entrega...","og_url":"https:\/\/thepueblatimes.mx\/index.php\/2024\/01\/08\/reconoce-congreso-del-estado-a-sonideros-por-su-arraigo-en-la-cultura-popular\/","og_site_name":"The Puebla Times","article_published_time":"2024-01-09T00:39:33+00:00","og_image":[{"width":1599,"height":1066,"url":"https:\/\/thepueblatimes.mx\/wp-content\/uploads\/2024\/01\/WhatsApp-Image-2024-01-08-at-16.57.32.jpeg","type":"image\/jpeg"}],"author":"The Puebla Times","twitter_card":"summary_large_image","twitter_misc":{"Escrito por":"The Puebla Times","Tiempo de lectura":"1 minuto"},"schema":{"@context":"https:\/\/schema.org","@graph":[{"@type":"WebPage","@id":"https:\/\/thepueblatimes.mx\/index.php\/2024\/01\/08\/reconoce-congreso-del-estado-a-sonideros-por-su-arraigo-en-la-cultura-popular\/","url":"https:\/\/thepueblatimes.mx\/index.php\/2024\/01\/08\/reconoce-congreso-del-estado-a-sonideros-por-su-arraigo-en-la-cultura-popular\/","name":"Reconoce Congreso del Estado a sonideros por su arraigo en la cultura popular - The Puebla Times","isPartOf":{"@id":"https:\/\/thepueblatimes.mx\/#website"},"datePublished":"2024-01-09T00:39:33+00:00","dateModified":"2024-01-09T00:39:33+00:00","author":{"@id":"https:\/\/thepueblatimes.mx\/#\/schema\/person\/ad152a907a5f1fb40553a2551dbadb8e"},"breadcrumb":{"@id":"https:\/\/thepueblatimes.mx\/index.php\/2024\/01\/08\/reconoce-congreso-del-estado-a-sonideros-por-su-arraigo-en-la-cultura-popular\/#breadcrumb"},"inLanguage":"es","potentialAction":[{"@type":"ReadAction","target":["https:\/\/thepueblatimes.mx\/index.php\/2024\/01\/08\/reconoce-congreso-del-estado-a-sonideros-por-su-arraigo-en-la-cultura-popular\/"]}]},{"@type":"BreadcrumbList","@id":"https:\/\/thepueblatimes.mx\/index.php\/2024\/01\/08\/reconoce-congreso-del-estado-a-sonideros-por-su-arraigo-en-la-cultura-popular\/#breadcrumb","itemListElement":[{"@type":"ListItem","position":1,"name":"Portada","item":"https:\/\/thepueblatimes.mx\/"},{"@type":"ListItem","position":2,"name":"Reconoce Congreso del Estado a sonideros por su arraigo en la cultura popular"}]},{"@type":"WebSite","@id":"https:\/\/thepueblatimes.mx\/#website","url":"https:\/\/thepueblatimes.mx\/","name":"The Puebla Times","description":"Noticias del Estado de Puebla","potentialAction":[{"@type":"SearchAction","target":{"@type":"EntryPoint","urlTemplate":"https:\/\/thepueblatimes.mx\/?s={search_term_string}"},"query-input":"required name=search_term_string"}],"inLanguage":"es"},{"@type":"Person","@id":"https:\/\/thepueblatimes.mx\/#\/schema\/person\/ad152a907a5f1fb40553a2551dbadb8e","name":"The Puebla Times","image":{"@type":"ImageObject","inLanguage":"es","@id":"https:\/\/thepueblatimes.mx\/#\/schema\/person\/image\/","url":"https:\/\/secure.gravatar.com\/avatar\/82859cd6fbb1a3801d3e7ee27c92b8c9?s=96&d=mm&r=g","contentUrl":"https:\/\/secure.gravatar.com\/avatar\/82859cd6fbb1a3801d3e7ee27c92b8c9?s=96&d=mm&r=g","caption":"The Puebla Times"},"url":"https:\/\/thepueblatimes.mx\/index.php\/author\/ferhz\/"}]}},"jetpack_featured_media_url":"https:\/\/thepueblatimes.mx\/wp-content\/uploads\/2024\/01\/WhatsApp-Image-2024-01-08-at-16.57.32.jpeg","_links":{"self":[{"href":"https:\/\/thepueblatimes.mx\/index.php\/wp-json\/wp\/v2\/posts\/20655"}],"collection":[{"href":"https:\/\/thepueblatimes.mx\/index.php\/wp-json\/wp\/v2\/posts"}],"about":[{"href":"https:\/\/thepueblatimes.mx\/index.php\/wp-json\/wp\/v2\/types\/post"}],"author":[{"embeddable":true,"href":"https:\/\/thepueblatimes.mx\/index.php\/wp-json\/wp\/v2\/users\/3"}],"replies":[{"embeddable":true,"href":"https:\/\/thepueblatimes.mx\/index.php\/wp-json\/wp\/v2\/comments?post=20655"}],"version-history":[{"count":1,"href":"https:\/\/thepueblatimes.mx\/index.php\/wp-json\/wp\/v2\/posts\/20655\/revisions"}],"predecessor-version":[{"id":20657,"href":"https:\/\/thepueblatimes.mx\/index.php\/wp-json\/wp\/v2\/posts\/20655\/revisions\/20657"}],"wp:featuredmedia":[{"embeddable":true,"href":"https:\/\/thepueblatimes.mx\/index.php\/wp-json\/wp\/v2\/media\/20656"}],"wp:attachment":[{"href":"https:\/\/thepueblatimes.mx\/index.php\/wp-json\/wp\/v2\/media?parent=20655"}],"wp:term":[{"taxonomy":"category","embeddable":true,"href":"https:\/\/thepueblatimes.mx\/index.php\/wp-json\/wp\/v2\/categories?post=20655"},{"taxonomy":"post_tag","embeddable":true,"href":"https:\/\/thepueblatimes.mx\/index.php\/wp-json\/wp\/v2\/tags?post=20655"}],"curies":[{"name":"wp","href":"https:\/\/api.w.org\/{rel}","templated":true}]}}