{"id":20630,"date":"2024-01-04T13:52:36","date_gmt":"2024-01-04T19:52:36","guid":{"rendered":"https:\/\/thepueblatimes.mx\/?p=20630"},"modified":"2024-01-04T13:52:36","modified_gmt":"2024-01-04T19:52:36","slug":"socializan-en-el-congreso-iniciativa-para-crear-la-fiscalia-especializada-contra-delitos-a-adultos-mayores","status":"publish","type":"post","link":"https:\/\/thepueblatimes.mx\/index.php\/2024\/01\/04\/socializan-en-el-congreso-iniciativa-para-crear-la-fiscalia-especializada-contra-delitos-a-adultos-mayores\/","title":{"rendered":"Socializan en el Congreso iniciativa para crear la Fiscal\u00eda Especializada contra Delitos a Adultos Mayores"},"content":{"rendered":"<h3><em>&#8211; La diputada Laura Zapata realiz\u00f3 un foro para presentar la iniciativa ante diversos sectores de la sociedad<\/em><\/h3>\n<p>&nbsp;<\/p>\n<p>Con la presencia de representantes de colectivos, organizaciones civiles, instituciones p\u00fablicas, educativas y de diversos sectores de la sociedad, la diputada Laura Zapata Mart\u00ednez realiz\u00f3 un foro para socializar la iniciativa para la creaci\u00f3n de la Fiscal\u00eda Especializada contra Delitos a Adultos Mayores.<\/p>\n<p>&nbsp;<\/p>\n<p>Durante su intervenci\u00f3n, la legisladora explic\u00f3 que la Fiscal\u00eda Especializada ser\u00eda la encargada de impulsar cambios en la estructura organizativa, de gesti\u00f3n y respuesta de las instituciones de Procuraci\u00f3n de Justicia; generando as\u00ed un entorno m\u00e1s eficiente, confiable y especializado en la persecuci\u00f3n y esclarecimiento de los delitos contra este sector de la poblaci\u00f3n.<\/p>\n<p>&nbsp;<\/p>\n<p>Se\u00f1al\u00f3 que los objetivos que plantea la iniciativa son salvaguardar los derechos de las personas mayores, as\u00ed como establecer que la Fiscal\u00eda asumir\u00eda la responsabilidad de investigar y procesar los delitos, con la finalidad de garantizar que vivan con dignidad y respeto.<\/p>\n<p>&nbsp;<\/p>\n<p>\u201cEsto implicar\u00eda la capacitaci\u00f3n de fiscales y personal policial en la identificaci\u00f3n y tratamiento de casos de abuso a personas mayores, as\u00ed como facilitar el acceso a recursos y expertos especializados en la materia\u201d, afirm\u00f3 la diputada Laura Zapata.<\/p>\n<p>&nbsp;<\/p>\n<p>Al hacer uso de la palabra, la subsecretaria de Prevenci\u00f3n del Delito y Derechos Humanos de la Secretar\u00eda de Gobernaci\u00f3n, Raquel Medel Valencia consider\u00f3 que la propuesta legislativa es de gran importancia para garantizar los derechos humanos de los adultos mayores, \u201cque son personas con experiencia y sabidur\u00eda, y que tambi\u00e9n representan los pilares fundamentales de la familia\u201d.<\/p>\n<p>&nbsp;<\/p>\n<p>En este foro tambi\u00e9n se cont\u00f3 con la participaci\u00f3n de las ponentes, M\u00f3nica Lara Ch\u00e1vez y Norma Romero Cort\u00e9s.<\/p>\n","protected":false},"excerpt":{"rendered":"<p>&#8211; La diputada Laura Zapata realiz\u00f3 un foro para presentar la iniciativa ante diversos sectores de la sociedad &nbsp; Con la presencia de representantes de colectivos, organizaciones civiles, instituciones p\u00fablicas, educativas y de diversos sectores de la sociedad, la diputada Laura Zapata Mart\u00ednez realiz\u00f3 un foro para socializar la iniciativa para la creaci\u00f3n de la&#8230;<\/p>\n","protected":false},"author":3,"featured_media":20631,"comment_status":"closed","ping_status":"closed","sticky":false,"template":"","format":"standard","meta":[],"categories":[3],"tags":[1480,1401,1271],"yoast_head":"<!-- This site is optimized with the Yoast SEO plugin v20.8 - https:\/\/yoast.com\/wordpress\/plugins\/seo\/ -->\n<title>Socializan en el Congreso iniciativa para crear la Fiscal\u00eda Especializada contra Delitos a Adultos Mayores - The Puebla Times<\/title>\n<meta name=\"robots\" content=\"index, follow, max-snippet:-1, max-image-preview:large, max-video-preview:-1\" \/>\n<link rel=\"canonical\" href=\"https:\/\/thepueblatimes.mx\/index.php\/2024\/01\/04\/socializan-en-el-congreso-iniciativa-para-crear-la-fiscalia-especializada-contra-delitos-a-adultos-mayores\/\" \/>\n<meta property=\"og:locale\" content=\"es_ES\" \/>\n<meta property=\"og:type\" content=\"article\" \/>\n<meta property=\"og:title\" content=\"Socializan en el Congreso iniciativa para crear la Fiscal\u00eda Especializada contra Delitos a Adultos Mayores - The Puebla Times\" \/>\n<meta property=\"og:description\" content=\"&#8211; La diputada Laura Zapata realiz\u00f3 un foro para presentar la iniciativa ante diversos sectores de la sociedad &nbsp; Con la presencia de representantes de colectivos, organizaciones civiles, instituciones p\u00fablicas, educativas y de diversos sectores de la sociedad, la diputada Laura Zapata Mart\u00ednez realiz\u00f3 un foro para socializar la iniciativa para la creaci\u00f3n de la...\" \/>\n<meta property=\"og:url\" content=\"https:\/\/thepueblatimes.mx\/index.php\/2024\/01\/04\/socializan-en-el-congreso-iniciativa-para-crear-la-fiscalia-especializada-contra-delitos-a-adultos-mayores\/\" \/>\n<meta property=\"og:site_name\" content=\"The Puebla Times\" \/>\n<meta property=\"article:published_time\" content=\"2024-01-04T19:52:36+00:00\" \/>\n<meta property=\"og:image\" content=\"https:\/\/thepueblatimes.mx\/wp-content\/uploads\/2024\/01\/WhatsApp-Image-2024-01-04-at-11.19.29.jpeg\" \/>\n\t<meta property=\"og:image:width\" content=\"1600\" \/>\n\t<meta property=\"og:image:height\" content=\"1066\" \/>\n\t<meta property=\"og:image:type\" content=\"image\/jpeg\" \/>\n<meta name=\"author\" content=\"The Puebla Times\" \/>\n<meta name=\"twitter:card\" content=\"summary_large_image\" \/>\n<meta name=\"twitter:label1\" content=\"Escrito por\" \/>\n\t<meta name=\"twitter:data1\" content=\"The Puebla Times\" \/>\n\t<meta name=\"twitter:label2\" content=\"Tiempo de lectura\" \/>\n\t<meta name=\"twitter:data2\" content=\"2 minutos\" \/>\n<script type=\"application\/ld+json\" class=\"yoast-schema-graph\">{\"@context\":\"https:\/\/schema.org\",\"@graph\":[{\"@type\":\"WebPage\",\"@id\":\"https:\/\/thepueblatimes.mx\/index.php\/2024\/01\/04\/socializan-en-el-congreso-iniciativa-para-crear-la-fiscalia-especializada-contra-delitos-a-adultos-mayores\/\",\"url\":\"https:\/\/thepueblatimes.mx\/index.php\/2024\/01\/04\/socializan-en-el-congreso-iniciativa-para-crear-la-fiscalia-especializada-contra-delitos-a-adultos-mayores\/\",\"name\":\"Socializan en el Congreso iniciativa para crear la Fiscal\u00eda Especializada contra Delitos a Adultos Mayores - The Puebla Times\",\"isPartOf\":{\"@id\":\"https:\/\/thepueblatimes.mx\/#website\"},\"datePublished\":\"2024-01-04T19:52:36+00:00\",\"dateModified\":\"2024-01-04T19:52:36+00:00\",\"author\":{\"@id\":\"https:\/\/thepueblatimes.mx\/#\/schema\/person\/ad152a907a5f1fb40553a2551dbadb8e\"},\"breadcrumb\":{\"@id\":\"https:\/\/thepueblatimes.mx\/index.php\/2024\/01\/04\/socializan-en-el-congreso-iniciativa-para-crear-la-fiscalia-especializada-contra-delitos-a-adultos-mayores\/#breadcrumb\"},\"inLanguage\":\"es\",\"potentialAction\":[{\"@type\":\"ReadAction\",\"target\":[\"https:\/\/thepueblatimes.mx\/index.php\/2024\/01\/04\/socializan-en-el-congreso-iniciativa-para-crear-la-fiscalia-especializada-contra-delitos-a-adultos-mayores\/\"]}]},{\"@type\":\"BreadcrumbList\",\"@id\":\"https:\/\/thepueblatimes.mx\/index.php\/2024\/01\/04\/socializan-en-el-congreso-iniciativa-para-crear-la-fiscalia-especializada-contra-delitos-a-adultos-mayores\/#breadcrumb\",\"itemListElement\":[{\"@type\":\"ListItem\",\"position\":1,\"name\":\"Portada\",\"item\":\"https:\/\/thepueblatimes.mx\/\"},{\"@type\":\"ListItem\",\"position\":2,\"name\":\"Socializan en el Congreso iniciativa para crear la Fiscal\u00eda Especializada contra Delitos a Adultos Mayores\"}]},{\"@type\":\"WebSite\",\"@id\":\"https:\/\/thepueblatimes.mx\/#website\",\"url\":\"https:\/\/thepueblatimes.mx\/\",\"name\":\"The Puebla Times\",\"description\":\"Noticias del Estado de Puebla\",\"potentialAction\":[{\"@type\":\"SearchAction\",\"target\":{\"@type\":\"EntryPoint\",\"urlTemplate\":\"https:\/\/thepueblatimes.mx\/?s={search_term_string}\"},\"query-input\":\"required name=search_term_string\"}],\"inLanguage\":\"es\"},{\"@type\":\"Person\",\"@id\":\"https:\/\/thepueblatimes.mx\/#\/schema\/person\/ad152a907a5f1fb40553a2551dbadb8e\",\"name\":\"The Puebla Times\",\"image\":{\"@type\":\"ImageObject\",\"inLanguage\":\"es\",\"@id\":\"https:\/\/thepueblatimes.mx\/#\/schema\/person\/image\/\",\"url\":\"https:\/\/secure.gravatar.com\/avatar\/82859cd6fbb1a3801d3e7ee27c92b8c9?s=96&d=mm&r=g\",\"contentUrl\":\"https:\/\/secure.gravatar.com\/avatar\/82859cd6fbb1a3801d3e7ee27c92b8c9?s=96&d=mm&r=g\",\"caption\":\"The Puebla Times\"},\"url\":\"https:\/\/thepueblatimes.mx\/index.php\/author\/ferhz\/\"}]}<\/script>\n<!-- \/ Yoast SEO plugin. -->","yoast_head_json":{"title":"Socializan en el Congreso iniciativa para crear la Fiscal\u00eda Especializada contra Delitos a Adultos Mayores - The Puebla Times","robots":{"index":"index","follow":"follow","max-snippet":"max-snippet:-1","max-image-preview":"max-image-preview:large","max-video-preview":"max-video-preview:-1"},"canonical":"https:\/\/thepueblatimes.mx\/index.php\/2024\/01\/04\/socializan-en-el-congreso-iniciativa-para-crear-la-fiscalia-especializada-contra-delitos-a-adultos-mayores\/","og_locale":"es_ES","og_type":"article","og_title":"Socializan en el Congreso iniciativa para crear la Fiscal\u00eda Especializada contra Delitos a Adultos Mayores - The Puebla Times","og_description":"&#8211; La diputada Laura Zapata realiz\u00f3 un foro para presentar la iniciativa ante diversos sectores de la sociedad &nbsp; Con la presencia de representantes de colectivos, organizaciones civiles, instituciones p\u00fablicas, educativas y de diversos sectores de la sociedad, la diputada Laura Zapata Mart\u00ednez realiz\u00f3 un foro para socializar la iniciativa para la creaci\u00f3n de la...","og_url":"https:\/\/thepueblatimes.mx\/index.php\/2024\/01\/04\/socializan-en-el-congreso-iniciativa-para-crear-la-fiscalia-especializada-contra-delitos-a-adultos-mayores\/","og_site_name":"The Puebla Times","article_published_time":"2024-01-04T19:52:36+00:00","og_image":[{"width":1600,"height":1066,"url":"https:\/\/thepueblatimes.mx\/wp-content\/uploads\/2024\/01\/WhatsApp-Image-2024-01-04-at-11.19.29.jpeg","type":"image\/jpeg"}],"author":"The Puebla Times","twitter_card":"summary_large_image","twitter_misc":{"Escrito por":"The Puebla Times","Tiempo de lectura":"2 minutos"},"schema":{"@context":"https:\/\/schema.org","@graph":[{"@type":"WebPage","@id":"https:\/\/thepueblatimes.mx\/index.php\/2024\/01\/04\/socializan-en-el-congreso-iniciativa-para-crear-la-fiscalia-especializada-contra-delitos-a-adultos-mayores\/","url":"https:\/\/thepueblatimes.mx\/index.php\/2024\/01\/04\/socializan-en-el-congreso-iniciativa-para-crear-la-fiscalia-especializada-contra-delitos-a-adultos-mayores\/","name":"Socializan en el Congreso iniciativa para crear la Fiscal\u00eda Especializada contra Delitos a Adultos Mayores - The Puebla Times","isPartOf":{"@id":"https:\/\/thepueblatimes.mx\/#website"},"datePublished":"2024-01-04T19:52:36+00:00","dateModified":"2024-01-04T19:52:36+00:00","author":{"@id":"https:\/\/thepueblatimes.mx\/#\/schema\/person\/ad152a907a5f1fb40553a2551dbadb8e"},"breadcrumb":{"@id":"https:\/\/thepueblatimes.mx\/index.php\/2024\/01\/04\/socializan-en-el-congreso-iniciativa-para-crear-la-fiscalia-especializada-contra-delitos-a-adultos-mayores\/#breadcrumb"},"inLanguage":"es","potentialAction":[{"@type":"ReadAction","target":["https:\/\/thepueblatimes.mx\/index.php\/2024\/01\/04\/socializan-en-el-congreso-iniciativa-para-crear-la-fiscalia-especializada-contra-delitos-a-adultos-mayores\/"]}]},{"@type":"BreadcrumbList","@id":"https:\/\/thepueblatimes.mx\/index.php\/2024\/01\/04\/socializan-en-el-congreso-iniciativa-para-crear-la-fiscalia-especializada-contra-delitos-a-adultos-mayores\/#breadcrumb","itemListElement":[{"@type":"ListItem","position":1,"name":"Portada","item":"https:\/\/thepueblatimes.mx\/"},{"@type":"ListItem","position":2,"name":"Socializan en el Congreso iniciativa para crear la Fiscal\u00eda Especializada contra Delitos a Adultos Mayores"}]},{"@type":"WebSite","@id":"https:\/\/thepueblatimes.mx\/#website","url":"https:\/\/thepueblatimes.mx\/","name":"The Puebla Times","description":"Noticias del Estado de Puebla","potentialAction":[{"@type":"SearchAction","target":{"@type":"EntryPoint","urlTemplate":"https:\/\/thepueblatimes.mx\/?s={search_term_string}"},"query-input":"required name=search_term_string"}],"inLanguage":"es"},{"@type":"Person","@id":"https:\/\/thepueblatimes.mx\/#\/schema\/person\/ad152a907a5f1fb40553a2551dbadb8e","name":"The Puebla Times","image":{"@type":"ImageObject","inLanguage":"es","@id":"https:\/\/thepueblatimes.mx\/#\/schema\/person\/image\/","url":"https:\/\/secure.gravatar.com\/avatar\/82859cd6fbb1a3801d3e7ee27c92b8c9?s=96&d=mm&r=g","contentUrl":"https:\/\/secure.gravatar.com\/avatar\/82859cd6fbb1a3801d3e7ee27c92b8c9?s=96&d=mm&r=g","caption":"The Puebla Times"},"url":"https:\/\/thepueblatimes.mx\/index.php\/author\/ferhz\/"}]}},"jetpack_featured_media_url":"https:\/\/thepueblatimes.mx\/wp-content\/uploads\/2024\/01\/WhatsApp-Image-2024-01-04-at-11.19.29.jpeg","_links":{"self":[{"href":"https:\/\/thepueblatimes.mx\/index.php\/wp-json\/wp\/v2\/posts\/20630"}],"collection":[{"href":"https:\/\/thepueblatimes.mx\/index.php\/wp-json\/wp\/v2\/posts"}],"about":[{"href":"https:\/\/thepueblatimes.mx\/index.php\/wp-json\/wp\/v2\/types\/post"}],"author":[{"embeddable":true,"href":"https:\/\/thepueblatimes.mx\/index.php\/wp-json\/wp\/v2\/users\/3"}],"replies":[{"embeddable":true,"href":"https:\/\/thepueblatimes.mx\/index.php\/wp-json\/wp\/v2\/comments?post=20630"}],"version-history":[{"count":1,"href":"https:\/\/thepueblatimes.mx\/index.php\/wp-json\/wp\/v2\/posts\/20630\/revisions"}],"predecessor-version":[{"id":20632,"href":"https:\/\/thepueblatimes.mx\/index.php\/wp-json\/wp\/v2\/posts\/20630\/revisions\/20632"}],"wp:featuredmedia":[{"embeddable":true,"href":"https:\/\/thepueblatimes.mx\/index.php\/wp-json\/wp\/v2\/media\/20631"}],"wp:attachment":[{"href":"https:\/\/thepueblatimes.mx\/index.php\/wp-json\/wp\/v2\/media?parent=20630"}],"wp:term":[{"taxonomy":"category","embeddable":true,"href":"https:\/\/thepueblatimes.mx\/index.php\/wp-json\/wp\/v2\/categories?post=20630"},{"taxonomy":"post_tag","embeddable":true,"href":"https:\/\/thepueblatimes.mx\/index.php\/wp-json\/wp\/v2\/tags?post=20630"}],"curies":[{"name":"wp","href":"https:\/\/api.w.org\/{rel}","templated":true}]}}