{"id":20605,"date":"2024-01-03T18:41:25","date_gmt":"2024-01-04T00:41:25","guid":{"rendered":"https:\/\/thepueblatimes.mx\/?p=20605"},"modified":"2024-01-03T18:46:00","modified_gmt":"2024-01-04T00:46:00","slug":"lo-asesinan-a-inicios-del-2024-en-tulcingo-de-valle","status":"publish","type":"post","link":"https:\/\/thepueblatimes.mx\/index.php\/2024\/01\/03\/lo-asesinan-a-inicios-del-2024-en-tulcingo-de-valle\/","title":{"rendered":"En Atlixco, joven se quita la vida"},"content":{"rendered":"<p>En las \u00faltimas horas de este 3 de enero, se registr\u00f3 el levantamiento de cad\u00e1ver de una persona del sexo masculino de aproximadamente 24 a\u00f1os de edad, esto al interior del Hospital General Gonz\u00e1lo D\u00edaz Arronte, del municipio de Atlixco.<\/p>\n<p>Paulino M., de 24 a\u00f1os a\u00f1os de edad, de acuerdo con el dictamen de las autoridades ministeriales, as\u00ed como del testimonio de sus familiares, fue encontrado en su casa sali\u00e9ndole mucha espuma por la boca y vieron unas pastillas para matar insectos para campo a un lado de \u00e9l siendo llevado inmediatamente al nosocomio donde perdi\u00f3 la vida.<\/p>\n<div class=\"google-auto-placed ap_container\">\n<p>&nbsp;<\/p>\n<div id=\"aswift_1_host\" title=\"Advertisement\" aria-label=\"Advertisement\">Fueron agentes de investigaci\u00f3n del grupo Atlixco, quienes realizaron el levantamiento del cuerpo y quienes dieron inicio a la Carpeta de Investigaci\u00f3n FGEP\/EAT\/FIM\/HOMICIDIOS -I\/000118\/2024.<\/div>\n<p>&nbsp;<\/p>\n<\/div>\n","protected":false},"excerpt":{"rendered":"<p>En las \u00faltimas horas de este 3 de enero, se registr\u00f3 el levantamiento de cad\u00e1ver de una persona del sexo masculino de aproximadamente 24 a\u00f1os de edad, esto al interior del Hospital General Gonz\u00e1lo D\u00edaz Arronte, del municipio de Atlixco. Paulino M., de 24 a\u00f1os a\u00f1os de edad, de acuerdo con el dictamen de las&#8230;<\/p>\n","protected":false},"author":3,"featured_media":20606,"comment_status":"closed","ping_status":"closed","sticky":false,"template":"","format":"standard","meta":[],"categories":[121],"tags":[45,1290,175],"yoast_head":"<!-- This site is optimized with the Yoast SEO plugin v20.8 - https:\/\/yoast.com\/wordpress\/plugins\/seo\/ -->\n<title>En Atlixco, joven se quita la vida - The Puebla Times<\/title>\n<meta name=\"robots\" content=\"index, follow, max-snippet:-1, max-image-preview:large, max-video-preview:-1\" \/>\n<link rel=\"canonical\" href=\"https:\/\/thepueblatimes.mx\/index.php\/2024\/01\/03\/lo-asesinan-a-inicios-del-2024-en-tulcingo-de-valle\/\" \/>\n<meta property=\"og:locale\" content=\"es_ES\" \/>\n<meta property=\"og:type\" content=\"article\" \/>\n<meta property=\"og:title\" content=\"En Atlixco, joven se quita la vida - The Puebla Times\" \/>\n<meta property=\"og:description\" content=\"En las \u00faltimas horas de este 3 de enero, se registr\u00f3 el levantamiento de cad\u00e1ver de una persona del sexo masculino de aproximadamente 24 a\u00f1os de edad, esto al interior del Hospital General Gonz\u00e1lo D\u00edaz Arronte, del municipio de Atlixco. Paulino M., de 24 a\u00f1os a\u00f1os de edad, de acuerdo con el dictamen de las...\" \/>\n<meta property=\"og:url\" content=\"https:\/\/thepueblatimes.mx\/index.php\/2024\/01\/03\/lo-asesinan-a-inicios-del-2024-en-tulcingo-de-valle\/\" \/>\n<meta property=\"og:site_name\" content=\"The Puebla Times\" \/>\n<meta property=\"article:published_time\" content=\"2024-01-04T00:41:25+00:00\" \/>\n<meta property=\"article:modified_time\" content=\"2024-01-04T00:46:00+00:00\" \/>\n<meta property=\"og:image\" content=\"https:\/\/thepueblatimes.mx\/wp-content\/uploads\/2024\/01\/img_73644.jpg\" \/>\n\t<meta property=\"og:image:width\" content=\"800\" \/>\n\t<meta property=\"og:image:height\" content=\"600\" \/>\n\t<meta property=\"og:image:type\" content=\"image\/jpeg\" \/>\n<meta name=\"author\" content=\"The Puebla Times\" \/>\n<meta name=\"twitter:card\" content=\"summary_large_image\" \/>\n<meta name=\"twitter:label1\" content=\"Escrito por\" \/>\n\t<meta name=\"twitter:data1\" content=\"The Puebla Times\" \/>\n\t<meta name=\"twitter:label2\" content=\"Tiempo de lectura\" \/>\n\t<meta name=\"twitter:data2\" content=\"1 minuto\" \/>\n<script type=\"application\/ld+json\" class=\"yoast-schema-graph\">{\"@context\":\"https:\/\/schema.org\",\"@graph\":[{\"@type\":\"WebPage\",\"@id\":\"https:\/\/thepueblatimes.mx\/index.php\/2024\/01\/03\/lo-asesinan-a-inicios-del-2024-en-tulcingo-de-valle\/\",\"url\":\"https:\/\/thepueblatimes.mx\/index.php\/2024\/01\/03\/lo-asesinan-a-inicios-del-2024-en-tulcingo-de-valle\/\",\"name\":\"En Atlixco, joven se quita la vida - The Puebla Times\",\"isPartOf\":{\"@id\":\"https:\/\/thepueblatimes.mx\/#website\"},\"datePublished\":\"2024-01-04T00:41:25+00:00\",\"dateModified\":\"2024-01-04T00:46:00+00:00\",\"author\":{\"@id\":\"https:\/\/thepueblatimes.mx\/#\/schema\/person\/ad152a907a5f1fb40553a2551dbadb8e\"},\"breadcrumb\":{\"@id\":\"https:\/\/thepueblatimes.mx\/index.php\/2024\/01\/03\/lo-asesinan-a-inicios-del-2024-en-tulcingo-de-valle\/#breadcrumb\"},\"inLanguage\":\"es\",\"potentialAction\":[{\"@type\":\"ReadAction\",\"target\":[\"https:\/\/thepueblatimes.mx\/index.php\/2024\/01\/03\/lo-asesinan-a-inicios-del-2024-en-tulcingo-de-valle\/\"]}]},{\"@type\":\"BreadcrumbList\",\"@id\":\"https:\/\/thepueblatimes.mx\/index.php\/2024\/01\/03\/lo-asesinan-a-inicios-del-2024-en-tulcingo-de-valle\/#breadcrumb\",\"itemListElement\":[{\"@type\":\"ListItem\",\"position\":1,\"name\":\"Portada\",\"item\":\"https:\/\/thepueblatimes.mx\/\"},{\"@type\":\"ListItem\",\"position\":2,\"name\":\"En Atlixco, joven se quita la vida\"}]},{\"@type\":\"WebSite\",\"@id\":\"https:\/\/thepueblatimes.mx\/#website\",\"url\":\"https:\/\/thepueblatimes.mx\/\",\"name\":\"The Puebla Times\",\"description\":\"Noticias del Estado de Puebla\",\"potentialAction\":[{\"@type\":\"SearchAction\",\"target\":{\"@type\":\"EntryPoint\",\"urlTemplate\":\"https:\/\/thepueblatimes.mx\/?s={search_term_string}\"},\"query-input\":\"required name=search_term_string\"}],\"inLanguage\":\"es\"},{\"@type\":\"Person\",\"@id\":\"https:\/\/thepueblatimes.mx\/#\/schema\/person\/ad152a907a5f1fb40553a2551dbadb8e\",\"name\":\"The Puebla Times\",\"image\":{\"@type\":\"ImageObject\",\"inLanguage\":\"es\",\"@id\":\"https:\/\/thepueblatimes.mx\/#\/schema\/person\/image\/\",\"url\":\"https:\/\/secure.gravatar.com\/avatar\/82859cd6fbb1a3801d3e7ee27c92b8c9?s=96&d=mm&r=g\",\"contentUrl\":\"https:\/\/secure.gravatar.com\/avatar\/82859cd6fbb1a3801d3e7ee27c92b8c9?s=96&d=mm&r=g\",\"caption\":\"The Puebla Times\"},\"url\":\"https:\/\/thepueblatimes.mx\/index.php\/author\/ferhz\/\"}]}<\/script>\n<!-- \/ Yoast SEO plugin. -->","yoast_head_json":{"title":"En Atlixco, joven se quita la vida - The Puebla Times","robots":{"index":"index","follow":"follow","max-snippet":"max-snippet:-1","max-image-preview":"max-image-preview:large","max-video-preview":"max-video-preview:-1"},"canonical":"https:\/\/thepueblatimes.mx\/index.php\/2024\/01\/03\/lo-asesinan-a-inicios-del-2024-en-tulcingo-de-valle\/","og_locale":"es_ES","og_type":"article","og_title":"En Atlixco, joven se quita la vida - The Puebla Times","og_description":"En las \u00faltimas horas de este 3 de enero, se registr\u00f3 el levantamiento de cad\u00e1ver de una persona del sexo masculino de aproximadamente 24 a\u00f1os de edad, esto al interior del Hospital General Gonz\u00e1lo D\u00edaz Arronte, del municipio de Atlixco. Paulino M., de 24 a\u00f1os a\u00f1os de edad, de acuerdo con el dictamen de las...","og_url":"https:\/\/thepueblatimes.mx\/index.php\/2024\/01\/03\/lo-asesinan-a-inicios-del-2024-en-tulcingo-de-valle\/","og_site_name":"The Puebla Times","article_published_time":"2024-01-04T00:41:25+00:00","article_modified_time":"2024-01-04T00:46:00+00:00","og_image":[{"width":800,"height":600,"url":"https:\/\/thepueblatimes.mx\/wp-content\/uploads\/2024\/01\/img_73644.jpg","type":"image\/jpeg"}],"author":"The Puebla Times","twitter_card":"summary_large_image","twitter_misc":{"Escrito por":"The Puebla Times","Tiempo de lectura":"1 minuto"},"schema":{"@context":"https:\/\/schema.org","@graph":[{"@type":"WebPage","@id":"https:\/\/thepueblatimes.mx\/index.php\/2024\/01\/03\/lo-asesinan-a-inicios-del-2024-en-tulcingo-de-valle\/","url":"https:\/\/thepueblatimes.mx\/index.php\/2024\/01\/03\/lo-asesinan-a-inicios-del-2024-en-tulcingo-de-valle\/","name":"En Atlixco, joven se quita la vida - The Puebla Times","isPartOf":{"@id":"https:\/\/thepueblatimes.mx\/#website"},"datePublished":"2024-01-04T00:41:25+00:00","dateModified":"2024-01-04T00:46:00+00:00","author":{"@id":"https:\/\/thepueblatimes.mx\/#\/schema\/person\/ad152a907a5f1fb40553a2551dbadb8e"},"breadcrumb":{"@id":"https:\/\/thepueblatimes.mx\/index.php\/2024\/01\/03\/lo-asesinan-a-inicios-del-2024-en-tulcingo-de-valle\/#breadcrumb"},"inLanguage":"es","potentialAction":[{"@type":"ReadAction","target":["https:\/\/thepueblatimes.mx\/index.php\/2024\/01\/03\/lo-asesinan-a-inicios-del-2024-en-tulcingo-de-valle\/"]}]},{"@type":"BreadcrumbList","@id":"https:\/\/thepueblatimes.mx\/index.php\/2024\/01\/03\/lo-asesinan-a-inicios-del-2024-en-tulcingo-de-valle\/#breadcrumb","itemListElement":[{"@type":"ListItem","position":1,"name":"Portada","item":"https:\/\/thepueblatimes.mx\/"},{"@type":"ListItem","position":2,"name":"En Atlixco, joven se quita la vida"}]},{"@type":"WebSite","@id":"https:\/\/thepueblatimes.mx\/#website","url":"https:\/\/thepueblatimes.mx\/","name":"The Puebla Times","description":"Noticias del Estado de Puebla","potentialAction":[{"@type":"SearchAction","target":{"@type":"EntryPoint","urlTemplate":"https:\/\/thepueblatimes.mx\/?s={search_term_string}"},"query-input":"required name=search_term_string"}],"inLanguage":"es"},{"@type":"Person","@id":"https:\/\/thepueblatimes.mx\/#\/schema\/person\/ad152a907a5f1fb40553a2551dbadb8e","name":"The Puebla Times","image":{"@type":"ImageObject","inLanguage":"es","@id":"https:\/\/thepueblatimes.mx\/#\/schema\/person\/image\/","url":"https:\/\/secure.gravatar.com\/avatar\/82859cd6fbb1a3801d3e7ee27c92b8c9?s=96&d=mm&r=g","contentUrl":"https:\/\/secure.gravatar.com\/avatar\/82859cd6fbb1a3801d3e7ee27c92b8c9?s=96&d=mm&r=g","caption":"The Puebla Times"},"url":"https:\/\/thepueblatimes.mx\/index.php\/author\/ferhz\/"}]}},"jetpack_featured_media_url":"https:\/\/thepueblatimes.mx\/wp-content\/uploads\/2024\/01\/img_73644.jpg","_links":{"self":[{"href":"https:\/\/thepueblatimes.mx\/index.php\/wp-json\/wp\/v2\/posts\/20605"}],"collection":[{"href":"https:\/\/thepueblatimes.mx\/index.php\/wp-json\/wp\/v2\/posts"}],"about":[{"href":"https:\/\/thepueblatimes.mx\/index.php\/wp-json\/wp\/v2\/types\/post"}],"author":[{"embeddable":true,"href":"https:\/\/thepueblatimes.mx\/index.php\/wp-json\/wp\/v2\/users\/3"}],"replies":[{"embeddable":true,"href":"https:\/\/thepueblatimes.mx\/index.php\/wp-json\/wp\/v2\/comments?post=20605"}],"version-history":[{"count":3,"href":"https:\/\/thepueblatimes.mx\/index.php\/wp-json\/wp\/v2\/posts\/20605\/revisions"}],"predecessor-version":[{"id":20609,"href":"https:\/\/thepueblatimes.mx\/index.php\/wp-json\/wp\/v2\/posts\/20605\/revisions\/20609"}],"wp:featuredmedia":[{"embeddable":true,"href":"https:\/\/thepueblatimes.mx\/index.php\/wp-json\/wp\/v2\/media\/20606"}],"wp:attachment":[{"href":"https:\/\/thepueblatimes.mx\/index.php\/wp-json\/wp\/v2\/media?parent=20605"}],"wp:term":[{"taxonomy":"category","embeddable":true,"href":"https:\/\/thepueblatimes.mx\/index.php\/wp-json\/wp\/v2\/categories?post=20605"},{"taxonomy":"post_tag","embeddable":true,"href":"https:\/\/thepueblatimes.mx\/index.php\/wp-json\/wp\/v2\/tags?post=20605"}],"curies":[{"name":"wp","href":"https:\/\/api.w.org\/{rel}","templated":true}]}}