{"id":20599,"date":"2024-01-03T13:28:04","date_gmt":"2024-01-03T19:28:04","guid":{"rendered":"https:\/\/thepueblatimes.mx\/?p=20599"},"modified":"2024-01-03T13:28:04","modified_gmt":"2024-01-03T19:28:04","slug":"impulsa-congreso-del-estado-dialogo-y-participacion-de-las-juventudes","status":"publish","type":"post","link":"https:\/\/thepueblatimes.mx\/index.php\/2024\/01\/03\/impulsa-congreso-del-estado-dialogo-y-participacion-de-las-juventudes\/","title":{"rendered":"Impulsa Congreso del Estado di\u00e1logo y participaci\u00f3n de las juventudes"},"content":{"rendered":"<h3><em>-Los diputados Antonio L\u00f3pez y Jaime Natale reconocieron la participaci\u00f3n de las y los j\u00f3venes, as\u00ed como su inter\u00e9s por las acciones que se realizan en el Poder Legislativo<\/em><\/h3>\n<p>&nbsp;<\/p>\n<p>En el Congreso del Estado se llev\u00f3 a cabo un encuentro para promover el di\u00e1logo con las y los j\u00f3venes, a fin de escuchar sus inquietudes, as\u00ed como la visi\u00f3n que tienen de la entidad y del servicio p\u00fablico.<\/p>\n<p>Durante su mensaje, el diputado Jos\u00e9 Antonio L\u00f3pez Ruiz exhort\u00f3 a las y los j\u00f3venes a luchar y creer en ellos mismos, a defender sus ideas y a trabajar para construir una nueva realidad, en la que haya mejores oportunidades y mayor participaci\u00f3n de este grupo de la sociedad.<\/p>\n<p>\u201cLos invito a subir a este escenario, tomar el micr\u00f3fono, expresar sus pensamientos y compartir sus sue\u00f1os, su participaci\u00f3n es clave para abrir nuevas puertas y desencadenar cambios de verdad significativos para su generaci\u00f3n\u201d, enfatiz\u00f3.<\/p>\n<p>Por su parte, el diputado Jaime Natale Uranga reconoci\u00f3 la participaci\u00f3n de las y los j\u00f3venes que se interesan por las acciones que se llevan a cabo en el Congreso del Estado; tambi\u00e9n los invit\u00f3 a trabajar para cumplir cada uno de sus objetivos.<\/p>\n<p>&nbsp;<\/p>\n","protected":false},"excerpt":{"rendered":"<p>-Los diputados Antonio L\u00f3pez y Jaime Natale reconocieron la participaci\u00f3n de las y los j\u00f3venes, as\u00ed como su inter\u00e9s por las acciones que se realizan en el Poder Legislativo &nbsp; En el Congreso del Estado se llev\u00f3 a cabo un encuentro para promover el di\u00e1logo con las y los j\u00f3venes, a fin de escuchar sus&#8230;<\/p>\n","protected":false},"author":3,"featured_media":20600,"comment_status":"closed","ping_status":"closed","sticky":false,"template":"","format":"standard","meta":[],"categories":[3],"tags":[1480,1401,1271],"yoast_head":"<!-- This site is optimized with the Yoast SEO plugin v20.8 - https:\/\/yoast.com\/wordpress\/plugins\/seo\/ -->\n<title>Impulsa Congreso del Estado di\u00e1logo y participaci\u00f3n de las juventudes - The Puebla Times<\/title>\n<meta name=\"robots\" content=\"index, follow, max-snippet:-1, max-image-preview:large, max-video-preview:-1\" \/>\n<link rel=\"canonical\" href=\"https:\/\/thepueblatimes.mx\/index.php\/2024\/01\/03\/impulsa-congreso-del-estado-dialogo-y-participacion-de-las-juventudes\/\" \/>\n<meta property=\"og:locale\" content=\"es_ES\" \/>\n<meta property=\"og:type\" content=\"article\" \/>\n<meta property=\"og:title\" content=\"Impulsa Congreso del Estado di\u00e1logo y participaci\u00f3n de las juventudes - The Puebla Times\" \/>\n<meta property=\"og:description\" content=\"-Los diputados Antonio L\u00f3pez y Jaime Natale reconocieron la participaci\u00f3n de las y los j\u00f3venes, as\u00ed como su inter\u00e9s por las acciones que se realizan en el Poder Legislativo &nbsp; En el Congreso del Estado se llev\u00f3 a cabo un encuentro para promover el di\u00e1logo con las y los j\u00f3venes, a fin de escuchar sus...\" \/>\n<meta property=\"og:url\" content=\"https:\/\/thepueblatimes.mx\/index.php\/2024\/01\/03\/impulsa-congreso-del-estado-dialogo-y-participacion-de-las-juventudes\/\" \/>\n<meta property=\"og:site_name\" content=\"The Puebla Times\" \/>\n<meta property=\"article:published_time\" content=\"2024-01-03T19:28:04+00:00\" \/>\n<meta property=\"og:image\" content=\"https:\/\/thepueblatimes.mx\/wp-content\/uploads\/2024\/01\/WhatsApp-Image-2024-01-03-at-11.01.59.jpeg\" \/>\n\t<meta property=\"og:image:width\" content=\"1600\" \/>\n\t<meta property=\"og:image:height\" content=\"1066\" \/>\n\t<meta property=\"og:image:type\" content=\"image\/jpeg\" \/>\n<meta name=\"author\" content=\"The Puebla Times\" \/>\n<meta name=\"twitter:card\" content=\"summary_large_image\" \/>\n<meta name=\"twitter:label1\" content=\"Escrito por\" \/>\n\t<meta name=\"twitter:data1\" content=\"The Puebla Times\" \/>\n\t<meta name=\"twitter:label2\" content=\"Tiempo de lectura\" \/>\n\t<meta name=\"twitter:data2\" content=\"1 minuto\" \/>\n<script type=\"application\/ld+json\" class=\"yoast-schema-graph\">{\"@context\":\"https:\/\/schema.org\",\"@graph\":[{\"@type\":\"WebPage\",\"@id\":\"https:\/\/thepueblatimes.mx\/index.php\/2024\/01\/03\/impulsa-congreso-del-estado-dialogo-y-participacion-de-las-juventudes\/\",\"url\":\"https:\/\/thepueblatimes.mx\/index.php\/2024\/01\/03\/impulsa-congreso-del-estado-dialogo-y-participacion-de-las-juventudes\/\",\"name\":\"Impulsa Congreso del Estado di\u00e1logo y participaci\u00f3n de las juventudes - The Puebla Times\",\"isPartOf\":{\"@id\":\"https:\/\/thepueblatimes.mx\/#website\"},\"datePublished\":\"2024-01-03T19:28:04+00:00\",\"dateModified\":\"2024-01-03T19:28:04+00:00\",\"author\":{\"@id\":\"https:\/\/thepueblatimes.mx\/#\/schema\/person\/ad152a907a5f1fb40553a2551dbadb8e\"},\"breadcrumb\":{\"@id\":\"https:\/\/thepueblatimes.mx\/index.php\/2024\/01\/03\/impulsa-congreso-del-estado-dialogo-y-participacion-de-las-juventudes\/#breadcrumb\"},\"inLanguage\":\"es\",\"potentialAction\":[{\"@type\":\"ReadAction\",\"target\":[\"https:\/\/thepueblatimes.mx\/index.php\/2024\/01\/03\/impulsa-congreso-del-estado-dialogo-y-participacion-de-las-juventudes\/\"]}]},{\"@type\":\"BreadcrumbList\",\"@id\":\"https:\/\/thepueblatimes.mx\/index.php\/2024\/01\/03\/impulsa-congreso-del-estado-dialogo-y-participacion-de-las-juventudes\/#breadcrumb\",\"itemListElement\":[{\"@type\":\"ListItem\",\"position\":1,\"name\":\"Portada\",\"item\":\"https:\/\/thepueblatimes.mx\/\"},{\"@type\":\"ListItem\",\"position\":2,\"name\":\"Impulsa Congreso del Estado di\u00e1logo y participaci\u00f3n de las juventudes\"}]},{\"@type\":\"WebSite\",\"@id\":\"https:\/\/thepueblatimes.mx\/#website\",\"url\":\"https:\/\/thepueblatimes.mx\/\",\"name\":\"The Puebla Times\",\"description\":\"Noticias del Estado de Puebla\",\"potentialAction\":[{\"@type\":\"SearchAction\",\"target\":{\"@type\":\"EntryPoint\",\"urlTemplate\":\"https:\/\/thepueblatimes.mx\/?s={search_term_string}\"},\"query-input\":\"required name=search_term_string\"}],\"inLanguage\":\"es\"},{\"@type\":\"Person\",\"@id\":\"https:\/\/thepueblatimes.mx\/#\/schema\/person\/ad152a907a5f1fb40553a2551dbadb8e\",\"name\":\"The Puebla Times\",\"image\":{\"@type\":\"ImageObject\",\"inLanguage\":\"es\",\"@id\":\"https:\/\/thepueblatimes.mx\/#\/schema\/person\/image\/\",\"url\":\"https:\/\/secure.gravatar.com\/avatar\/82859cd6fbb1a3801d3e7ee27c92b8c9?s=96&d=mm&r=g\",\"contentUrl\":\"https:\/\/secure.gravatar.com\/avatar\/82859cd6fbb1a3801d3e7ee27c92b8c9?s=96&d=mm&r=g\",\"caption\":\"The Puebla Times\"},\"url\":\"https:\/\/thepueblatimes.mx\/index.php\/author\/ferhz\/\"}]}<\/script>\n<!-- \/ Yoast SEO plugin. -->","yoast_head_json":{"title":"Impulsa Congreso del Estado di\u00e1logo y participaci\u00f3n de las juventudes - The Puebla Times","robots":{"index":"index","follow":"follow","max-snippet":"max-snippet:-1","max-image-preview":"max-image-preview:large","max-video-preview":"max-video-preview:-1"},"canonical":"https:\/\/thepueblatimes.mx\/index.php\/2024\/01\/03\/impulsa-congreso-del-estado-dialogo-y-participacion-de-las-juventudes\/","og_locale":"es_ES","og_type":"article","og_title":"Impulsa Congreso del Estado di\u00e1logo y participaci\u00f3n de las juventudes - The Puebla Times","og_description":"-Los diputados Antonio L\u00f3pez y Jaime Natale reconocieron la participaci\u00f3n de las y los j\u00f3venes, as\u00ed como su inter\u00e9s por las acciones que se realizan en el Poder Legislativo &nbsp; En el Congreso del Estado se llev\u00f3 a cabo un encuentro para promover el di\u00e1logo con las y los j\u00f3venes, a fin de escuchar sus...","og_url":"https:\/\/thepueblatimes.mx\/index.php\/2024\/01\/03\/impulsa-congreso-del-estado-dialogo-y-participacion-de-las-juventudes\/","og_site_name":"The Puebla Times","article_published_time":"2024-01-03T19:28:04+00:00","og_image":[{"width":1600,"height":1066,"url":"https:\/\/thepueblatimes.mx\/wp-content\/uploads\/2024\/01\/WhatsApp-Image-2024-01-03-at-11.01.59.jpeg","type":"image\/jpeg"}],"author":"The Puebla Times","twitter_card":"summary_large_image","twitter_misc":{"Escrito por":"The Puebla Times","Tiempo de lectura":"1 minuto"},"schema":{"@context":"https:\/\/schema.org","@graph":[{"@type":"WebPage","@id":"https:\/\/thepueblatimes.mx\/index.php\/2024\/01\/03\/impulsa-congreso-del-estado-dialogo-y-participacion-de-las-juventudes\/","url":"https:\/\/thepueblatimes.mx\/index.php\/2024\/01\/03\/impulsa-congreso-del-estado-dialogo-y-participacion-de-las-juventudes\/","name":"Impulsa Congreso del Estado di\u00e1logo y participaci\u00f3n de las juventudes - The Puebla Times","isPartOf":{"@id":"https:\/\/thepueblatimes.mx\/#website"},"datePublished":"2024-01-03T19:28:04+00:00","dateModified":"2024-01-03T19:28:04+00:00","author":{"@id":"https:\/\/thepueblatimes.mx\/#\/schema\/person\/ad152a907a5f1fb40553a2551dbadb8e"},"breadcrumb":{"@id":"https:\/\/thepueblatimes.mx\/index.php\/2024\/01\/03\/impulsa-congreso-del-estado-dialogo-y-participacion-de-las-juventudes\/#breadcrumb"},"inLanguage":"es","potentialAction":[{"@type":"ReadAction","target":["https:\/\/thepueblatimes.mx\/index.php\/2024\/01\/03\/impulsa-congreso-del-estado-dialogo-y-participacion-de-las-juventudes\/"]}]},{"@type":"BreadcrumbList","@id":"https:\/\/thepueblatimes.mx\/index.php\/2024\/01\/03\/impulsa-congreso-del-estado-dialogo-y-participacion-de-las-juventudes\/#breadcrumb","itemListElement":[{"@type":"ListItem","position":1,"name":"Portada","item":"https:\/\/thepueblatimes.mx\/"},{"@type":"ListItem","position":2,"name":"Impulsa Congreso del Estado di\u00e1logo y participaci\u00f3n de las juventudes"}]},{"@type":"WebSite","@id":"https:\/\/thepueblatimes.mx\/#website","url":"https:\/\/thepueblatimes.mx\/","name":"The Puebla Times","description":"Noticias del Estado de Puebla","potentialAction":[{"@type":"SearchAction","target":{"@type":"EntryPoint","urlTemplate":"https:\/\/thepueblatimes.mx\/?s={search_term_string}"},"query-input":"required name=search_term_string"}],"inLanguage":"es"},{"@type":"Person","@id":"https:\/\/thepueblatimes.mx\/#\/schema\/person\/ad152a907a5f1fb40553a2551dbadb8e","name":"The Puebla Times","image":{"@type":"ImageObject","inLanguage":"es","@id":"https:\/\/thepueblatimes.mx\/#\/schema\/person\/image\/","url":"https:\/\/secure.gravatar.com\/avatar\/82859cd6fbb1a3801d3e7ee27c92b8c9?s=96&d=mm&r=g","contentUrl":"https:\/\/secure.gravatar.com\/avatar\/82859cd6fbb1a3801d3e7ee27c92b8c9?s=96&d=mm&r=g","caption":"The Puebla Times"},"url":"https:\/\/thepueblatimes.mx\/index.php\/author\/ferhz\/"}]}},"jetpack_featured_media_url":"https:\/\/thepueblatimes.mx\/wp-content\/uploads\/2024\/01\/WhatsApp-Image-2024-01-03-at-11.01.59.jpeg","_links":{"self":[{"href":"https:\/\/thepueblatimes.mx\/index.php\/wp-json\/wp\/v2\/posts\/20599"}],"collection":[{"href":"https:\/\/thepueblatimes.mx\/index.php\/wp-json\/wp\/v2\/posts"}],"about":[{"href":"https:\/\/thepueblatimes.mx\/index.php\/wp-json\/wp\/v2\/types\/post"}],"author":[{"embeddable":true,"href":"https:\/\/thepueblatimes.mx\/index.php\/wp-json\/wp\/v2\/users\/3"}],"replies":[{"embeddable":true,"href":"https:\/\/thepueblatimes.mx\/index.php\/wp-json\/wp\/v2\/comments?post=20599"}],"version-history":[{"count":1,"href":"https:\/\/thepueblatimes.mx\/index.php\/wp-json\/wp\/v2\/posts\/20599\/revisions"}],"predecessor-version":[{"id":20601,"href":"https:\/\/thepueblatimes.mx\/index.php\/wp-json\/wp\/v2\/posts\/20599\/revisions\/20601"}],"wp:featuredmedia":[{"embeddable":true,"href":"https:\/\/thepueblatimes.mx\/index.php\/wp-json\/wp\/v2\/media\/20600"}],"wp:attachment":[{"href":"https:\/\/thepueblatimes.mx\/index.php\/wp-json\/wp\/v2\/media?parent=20599"}],"wp:term":[{"taxonomy":"category","embeddable":true,"href":"https:\/\/thepueblatimes.mx\/index.php\/wp-json\/wp\/v2\/categories?post=20599"},{"taxonomy":"post_tag","embeddable":true,"href":"https:\/\/thepueblatimes.mx\/index.php\/wp-json\/wp\/v2\/tags?post=20599"}],"curies":[{"name":"wp","href":"https:\/\/api.w.org\/{rel}","templated":true}]}}