{"id":20596,"date":"2024-01-03T13:24:17","date_gmt":"2024-01-03T19:24:17","guid":{"rendered":"https:\/\/thepueblatimes.mx\/?p=20596"},"modified":"2024-01-03T13:24:17","modified_gmt":"2024-01-03T19:24:17","slug":"promueve-lxi-legislatura-la-integracion-de-diputados-con-personal-del-congreso-del-estado","status":"publish","type":"post","link":"https:\/\/thepueblatimes.mx\/index.php\/2024\/01\/03\/promueve-lxi-legislatura-la-integracion-de-diputados-con-personal-del-congreso-del-estado\/","title":{"rendered":"Promueve LXI Legislatura la integraci\u00f3n de diputados con personal del Congreso del Estado"},"content":{"rendered":"<h3><em>-Durante 2023 se llevaron a cabo charlas donde las y los diputados expusieron al personal del Congreso su trayectoria y trabajo legislativo<\/em><\/h3>\n<p>Para fortalecer la cultura organizacional y promover la integraci\u00f3n de diputadas y diputados con el personal del Congreso del Estado, la Unidad para la Igualdad de G\u00e9nero realiz\u00f3 una serie de actividades en las que participaron integrantes del Poder Legislativo.<\/p>\n<p>La titular de la Unidad para la Igualdad de G\u00e9nero, Roc\u00edo Garc\u00eda Olmedo explic\u00f3 que durante 2023 se llevaron a cabo charlas donde las y los diputados expusieron al personal del Congreso su formaci\u00f3n acad\u00e9mica, profesional y pol\u00edtica, adem\u00e1s, cu\u00e1l es su aportaci\u00f3n en la presidencia de diversas Comisiones, as\u00ed como su trabajo legislativo.<\/p>\n<p>Asegur\u00f3 que esta actividad tuvo muy buena aceptaci\u00f3n entre las y los trabajadores del Congreso del Estado para conocer a las y los diputados, as\u00ed como tener comunicaci\u00f3n directa para saber la labor que realizan.<\/p>\n<p>Por otra parte, Roc\u00edo Garc\u00eda Olmedo inform\u00f3 que se llevaron a cabo diversas acciones para promover la integraci\u00f3n entre el personal del Congreso, como el concurso de \u201cPi\u00f1atas Legislativas\u201d y de Calaveritas, as\u00ed como las conmemoraciones por el D\u00eda del Ni\u00f1o y de la Ni\u00f1a, el D\u00eda de las Madres, el D\u00eda del Padre, entre otras.<\/p>\n","protected":false},"excerpt":{"rendered":"<p>-Durante 2023 se llevaron a cabo charlas donde las y los diputados expusieron al personal del Congreso su trayectoria y trabajo legislativo Para fortalecer la cultura organizacional y promover la integraci\u00f3n de diputadas y diputados con el personal del Congreso del Estado, la Unidad para la Igualdad de G\u00e9nero realiz\u00f3 una serie de actividades en&#8230;<\/p>\n","protected":false},"author":3,"featured_media":20597,"comment_status":"closed","ping_status":"closed","sticky":false,"template":"","format":"standard","meta":[],"categories":[3],"tags":[1480,1401,1271],"yoast_head":"<!-- This site is optimized with the Yoast SEO plugin v20.8 - https:\/\/yoast.com\/wordpress\/plugins\/seo\/ -->\n<title>Promueve LXI Legislatura la integraci\u00f3n de diputados con personal del Congreso del Estado - The Puebla Times<\/title>\n<meta name=\"robots\" content=\"index, follow, max-snippet:-1, max-image-preview:large, max-video-preview:-1\" \/>\n<link rel=\"canonical\" href=\"https:\/\/thepueblatimes.mx\/index.php\/2024\/01\/03\/promueve-lxi-legislatura-la-integracion-de-diputados-con-personal-del-congreso-del-estado\/\" \/>\n<meta property=\"og:locale\" content=\"es_ES\" \/>\n<meta property=\"og:type\" content=\"article\" \/>\n<meta property=\"og:title\" content=\"Promueve LXI Legislatura la integraci\u00f3n de diputados con personal del Congreso del Estado - The Puebla Times\" \/>\n<meta property=\"og:description\" content=\"-Durante 2023 se llevaron a cabo charlas donde las y los diputados expusieron al personal del Congreso su trayectoria y trabajo legislativo Para fortalecer la cultura organizacional y promover la integraci\u00f3n de diputadas y diputados con el personal del Congreso del Estado, la Unidad para la Igualdad de G\u00e9nero realiz\u00f3 una serie de actividades en...\" \/>\n<meta property=\"og:url\" content=\"https:\/\/thepueblatimes.mx\/index.php\/2024\/01\/03\/promueve-lxi-legislatura-la-integracion-de-diputados-con-personal-del-congreso-del-estado\/\" \/>\n<meta property=\"og:site_name\" content=\"The Puebla Times\" \/>\n<meta property=\"article:published_time\" content=\"2024-01-03T19:24:17+00:00\" \/>\n<meta property=\"og:image\" content=\"https:\/\/thepueblatimes.mx\/wp-content\/uploads\/2024\/01\/WhatsApp-Image-2024-01-03-at-11.01.58.jpeg\" \/>\n\t<meta property=\"og:image:width\" content=\"1600\" \/>\n\t<meta property=\"og:image:height\" content=\"1066\" \/>\n\t<meta property=\"og:image:type\" content=\"image\/jpeg\" \/>\n<meta name=\"author\" content=\"The Puebla Times\" \/>\n<meta name=\"twitter:card\" content=\"summary_large_image\" \/>\n<meta name=\"twitter:label1\" content=\"Escrito por\" \/>\n\t<meta name=\"twitter:data1\" content=\"The Puebla Times\" \/>\n\t<meta name=\"twitter:label2\" content=\"Tiempo de lectura\" \/>\n\t<meta name=\"twitter:data2\" content=\"1 minuto\" \/>\n<script type=\"application\/ld+json\" class=\"yoast-schema-graph\">{\"@context\":\"https:\/\/schema.org\",\"@graph\":[{\"@type\":\"WebPage\",\"@id\":\"https:\/\/thepueblatimes.mx\/index.php\/2024\/01\/03\/promueve-lxi-legislatura-la-integracion-de-diputados-con-personal-del-congreso-del-estado\/\",\"url\":\"https:\/\/thepueblatimes.mx\/index.php\/2024\/01\/03\/promueve-lxi-legislatura-la-integracion-de-diputados-con-personal-del-congreso-del-estado\/\",\"name\":\"Promueve LXI Legislatura la integraci\u00f3n de diputados con personal del Congreso del Estado - The Puebla Times\",\"isPartOf\":{\"@id\":\"https:\/\/thepueblatimes.mx\/#website\"},\"datePublished\":\"2024-01-03T19:24:17+00:00\",\"dateModified\":\"2024-01-03T19:24:17+00:00\",\"author\":{\"@id\":\"https:\/\/thepueblatimes.mx\/#\/schema\/person\/ad152a907a5f1fb40553a2551dbadb8e\"},\"breadcrumb\":{\"@id\":\"https:\/\/thepueblatimes.mx\/index.php\/2024\/01\/03\/promueve-lxi-legislatura-la-integracion-de-diputados-con-personal-del-congreso-del-estado\/#breadcrumb\"},\"inLanguage\":\"es\",\"potentialAction\":[{\"@type\":\"ReadAction\",\"target\":[\"https:\/\/thepueblatimes.mx\/index.php\/2024\/01\/03\/promueve-lxi-legislatura-la-integracion-de-diputados-con-personal-del-congreso-del-estado\/\"]}]},{\"@type\":\"BreadcrumbList\",\"@id\":\"https:\/\/thepueblatimes.mx\/index.php\/2024\/01\/03\/promueve-lxi-legislatura-la-integracion-de-diputados-con-personal-del-congreso-del-estado\/#breadcrumb\",\"itemListElement\":[{\"@type\":\"ListItem\",\"position\":1,\"name\":\"Portada\",\"item\":\"https:\/\/thepueblatimes.mx\/\"},{\"@type\":\"ListItem\",\"position\":2,\"name\":\"Promueve LXI Legislatura la integraci\u00f3n de diputados con personal del Congreso del Estado\"}]},{\"@type\":\"WebSite\",\"@id\":\"https:\/\/thepueblatimes.mx\/#website\",\"url\":\"https:\/\/thepueblatimes.mx\/\",\"name\":\"The Puebla Times\",\"description\":\"Noticias del Estado de Puebla\",\"potentialAction\":[{\"@type\":\"SearchAction\",\"target\":{\"@type\":\"EntryPoint\",\"urlTemplate\":\"https:\/\/thepueblatimes.mx\/?s={search_term_string}\"},\"query-input\":\"required name=search_term_string\"}],\"inLanguage\":\"es\"},{\"@type\":\"Person\",\"@id\":\"https:\/\/thepueblatimes.mx\/#\/schema\/person\/ad152a907a5f1fb40553a2551dbadb8e\",\"name\":\"The Puebla Times\",\"image\":{\"@type\":\"ImageObject\",\"inLanguage\":\"es\",\"@id\":\"https:\/\/thepueblatimes.mx\/#\/schema\/person\/image\/\",\"url\":\"https:\/\/secure.gravatar.com\/avatar\/82859cd6fbb1a3801d3e7ee27c92b8c9?s=96&d=mm&r=g\",\"contentUrl\":\"https:\/\/secure.gravatar.com\/avatar\/82859cd6fbb1a3801d3e7ee27c92b8c9?s=96&d=mm&r=g\",\"caption\":\"The Puebla Times\"},\"url\":\"https:\/\/thepueblatimes.mx\/index.php\/author\/ferhz\/\"}]}<\/script>\n<!-- \/ Yoast SEO plugin. -->","yoast_head_json":{"title":"Promueve LXI Legislatura la integraci\u00f3n de diputados con personal del Congreso del Estado - The Puebla Times","robots":{"index":"index","follow":"follow","max-snippet":"max-snippet:-1","max-image-preview":"max-image-preview:large","max-video-preview":"max-video-preview:-1"},"canonical":"https:\/\/thepueblatimes.mx\/index.php\/2024\/01\/03\/promueve-lxi-legislatura-la-integracion-de-diputados-con-personal-del-congreso-del-estado\/","og_locale":"es_ES","og_type":"article","og_title":"Promueve LXI Legislatura la integraci\u00f3n de diputados con personal del Congreso del Estado - The Puebla Times","og_description":"-Durante 2023 se llevaron a cabo charlas donde las y los diputados expusieron al personal del Congreso su trayectoria y trabajo legislativo Para fortalecer la cultura organizacional y promover la integraci\u00f3n de diputadas y diputados con el personal del Congreso del Estado, la Unidad para la Igualdad de G\u00e9nero realiz\u00f3 una serie de actividades en...","og_url":"https:\/\/thepueblatimes.mx\/index.php\/2024\/01\/03\/promueve-lxi-legislatura-la-integracion-de-diputados-con-personal-del-congreso-del-estado\/","og_site_name":"The Puebla Times","article_published_time":"2024-01-03T19:24:17+00:00","og_image":[{"width":1600,"height":1066,"url":"https:\/\/thepueblatimes.mx\/wp-content\/uploads\/2024\/01\/WhatsApp-Image-2024-01-03-at-11.01.58.jpeg","type":"image\/jpeg"}],"author":"The Puebla Times","twitter_card":"summary_large_image","twitter_misc":{"Escrito por":"The Puebla Times","Tiempo de lectura":"1 minuto"},"schema":{"@context":"https:\/\/schema.org","@graph":[{"@type":"WebPage","@id":"https:\/\/thepueblatimes.mx\/index.php\/2024\/01\/03\/promueve-lxi-legislatura-la-integracion-de-diputados-con-personal-del-congreso-del-estado\/","url":"https:\/\/thepueblatimes.mx\/index.php\/2024\/01\/03\/promueve-lxi-legislatura-la-integracion-de-diputados-con-personal-del-congreso-del-estado\/","name":"Promueve LXI Legislatura la integraci\u00f3n de diputados con personal del Congreso del Estado - The Puebla Times","isPartOf":{"@id":"https:\/\/thepueblatimes.mx\/#website"},"datePublished":"2024-01-03T19:24:17+00:00","dateModified":"2024-01-03T19:24:17+00:00","author":{"@id":"https:\/\/thepueblatimes.mx\/#\/schema\/person\/ad152a907a5f1fb40553a2551dbadb8e"},"breadcrumb":{"@id":"https:\/\/thepueblatimes.mx\/index.php\/2024\/01\/03\/promueve-lxi-legislatura-la-integracion-de-diputados-con-personal-del-congreso-del-estado\/#breadcrumb"},"inLanguage":"es","potentialAction":[{"@type":"ReadAction","target":["https:\/\/thepueblatimes.mx\/index.php\/2024\/01\/03\/promueve-lxi-legislatura-la-integracion-de-diputados-con-personal-del-congreso-del-estado\/"]}]},{"@type":"BreadcrumbList","@id":"https:\/\/thepueblatimes.mx\/index.php\/2024\/01\/03\/promueve-lxi-legislatura-la-integracion-de-diputados-con-personal-del-congreso-del-estado\/#breadcrumb","itemListElement":[{"@type":"ListItem","position":1,"name":"Portada","item":"https:\/\/thepueblatimes.mx\/"},{"@type":"ListItem","position":2,"name":"Promueve LXI Legislatura la integraci\u00f3n de diputados con personal del Congreso del Estado"}]},{"@type":"WebSite","@id":"https:\/\/thepueblatimes.mx\/#website","url":"https:\/\/thepueblatimes.mx\/","name":"The Puebla Times","description":"Noticias del Estado de Puebla","potentialAction":[{"@type":"SearchAction","target":{"@type":"EntryPoint","urlTemplate":"https:\/\/thepueblatimes.mx\/?s={search_term_string}"},"query-input":"required name=search_term_string"}],"inLanguage":"es"},{"@type":"Person","@id":"https:\/\/thepueblatimes.mx\/#\/schema\/person\/ad152a907a5f1fb40553a2551dbadb8e","name":"The Puebla Times","image":{"@type":"ImageObject","inLanguage":"es","@id":"https:\/\/thepueblatimes.mx\/#\/schema\/person\/image\/","url":"https:\/\/secure.gravatar.com\/avatar\/82859cd6fbb1a3801d3e7ee27c92b8c9?s=96&d=mm&r=g","contentUrl":"https:\/\/secure.gravatar.com\/avatar\/82859cd6fbb1a3801d3e7ee27c92b8c9?s=96&d=mm&r=g","caption":"The Puebla Times"},"url":"https:\/\/thepueblatimes.mx\/index.php\/author\/ferhz\/"}]}},"jetpack_featured_media_url":"https:\/\/thepueblatimes.mx\/wp-content\/uploads\/2024\/01\/WhatsApp-Image-2024-01-03-at-11.01.58.jpeg","_links":{"self":[{"href":"https:\/\/thepueblatimes.mx\/index.php\/wp-json\/wp\/v2\/posts\/20596"}],"collection":[{"href":"https:\/\/thepueblatimes.mx\/index.php\/wp-json\/wp\/v2\/posts"}],"about":[{"href":"https:\/\/thepueblatimes.mx\/index.php\/wp-json\/wp\/v2\/types\/post"}],"author":[{"embeddable":true,"href":"https:\/\/thepueblatimes.mx\/index.php\/wp-json\/wp\/v2\/users\/3"}],"replies":[{"embeddable":true,"href":"https:\/\/thepueblatimes.mx\/index.php\/wp-json\/wp\/v2\/comments?post=20596"}],"version-history":[{"count":1,"href":"https:\/\/thepueblatimes.mx\/index.php\/wp-json\/wp\/v2\/posts\/20596\/revisions"}],"predecessor-version":[{"id":20598,"href":"https:\/\/thepueblatimes.mx\/index.php\/wp-json\/wp\/v2\/posts\/20596\/revisions\/20598"}],"wp:featuredmedia":[{"embeddable":true,"href":"https:\/\/thepueblatimes.mx\/index.php\/wp-json\/wp\/v2\/media\/20597"}],"wp:attachment":[{"href":"https:\/\/thepueblatimes.mx\/index.php\/wp-json\/wp\/v2\/media?parent=20596"}],"wp:term":[{"taxonomy":"category","embeddable":true,"href":"https:\/\/thepueblatimes.mx\/index.php\/wp-json\/wp\/v2\/categories?post=20596"},{"taxonomy":"post_tag","embeddable":true,"href":"https:\/\/thepueblatimes.mx\/index.php\/wp-json\/wp\/v2\/tags?post=20596"}],"curies":[{"name":"wp","href":"https:\/\/api.w.org\/{rel}","templated":true}]}}