{"id":20512,"date":"2023-12-18T18:29:55","date_gmt":"2023-12-19T00:29:55","guid":{"rendered":"https:\/\/thepueblatimes.mx\/?p=20512"},"modified":"2023-12-18T18:29:55","modified_gmt":"2023-12-19T00:29:55","slug":"en-puebla-buscan-capacitar-a-familias-en-educacion-sexual-y-prevencion-de-adicciones","status":"publish","type":"post","link":"https:\/\/thepueblatimes.mx\/index.php\/2023\/12\/18\/en-puebla-buscan-capacitar-a-familias-en-educacion-sexual-y-prevencion-de-adicciones\/","title":{"rendered":"En Puebla, buscan capacitar a familias en educaci\u00f3n sexual y prevenci\u00f3n de adicciones"},"content":{"rendered":"<h3><em>*Tambi\u00e9n se busca capacitar temas en embarazo adolescente, pr\u00e1ctica del deporte y la prevenci\u00f3n del consumo de alcohol, tabaco, drogas, estupefacientes, psicotr\u00f3picos, y la discriminaci\u00f3n.<\/em><\/h3>\n<p>&nbsp;<\/p>\n<p>PUEBLA, PUE. \u2013 La diputada Patricia Valencia \u00c1vila present\u00f3 una iniciativa de reforma al art\u00edculo 78 de la Ley de Educaci\u00f3n, con el objetivo de establecer que la dependencia en la materia desarrollar\u00e1 actividades de capacitaci\u00f3n, informaci\u00f3n y orientaci\u00f3n para las familias de las y los estudiantes en relaci\u00f3n con la educaci\u00f3n sexual y el embarazo adolescente, la pr\u00e1ctica del deporte y la prevenci\u00f3n del consumo de alcohol, tabaco, drogas, estupefacientes, psicotr\u00f3picos, y la discriminaci\u00f3n.<\/p>\n<p>Al exponer la propuesta legislativa, la diputada se\u00f1al\u00f3 que la adolescencia y la juventud son periodos de transici\u00f3n que marcan el paso de la dependencia a la independencia y la autonom\u00eda; mencion\u00f3 que promover los derechos significa abordar los problemas y obst\u00e1culos espec\u00edficos que afronta este grupo de la sociedad.<\/p>\n<p>La iniciativa fue turnada a la Comisi\u00f3n de Educaci\u00f3n para su estudio y resoluci\u00f3n procedente.<\/p>\n","protected":false},"excerpt":{"rendered":"<p>*Tambi\u00e9n se busca capacitar temas en embarazo adolescente, pr\u00e1ctica del deporte y la prevenci\u00f3n del consumo de alcohol, tabaco, drogas, estupefacientes, psicotr\u00f3picos, y la discriminaci\u00f3n. &nbsp; PUEBLA, PUE. \u2013 La diputada Patricia Valencia \u00c1vila present\u00f3 una iniciativa de reforma al art\u00edculo 78 de la Ley de Educaci\u00f3n, con el objetivo de establecer que la dependencia&#8230;<\/p>\n","protected":false},"author":2,"featured_media":20513,"comment_status":"closed","ping_status":"closed","sticky":false,"template":"","format":"standard","meta":[],"categories":[3],"tags":[1401,1271],"yoast_head":"<!-- This site is optimized with the Yoast SEO plugin v20.8 - https:\/\/yoast.com\/wordpress\/plugins\/seo\/ -->\n<title>En Puebla, buscan capacitar a familias en educaci\u00f3n sexual y prevenci\u00f3n de adicciones - The Puebla Times<\/title>\n<meta name=\"robots\" content=\"index, follow, max-snippet:-1, max-image-preview:large, max-video-preview:-1\" \/>\n<link rel=\"canonical\" href=\"https:\/\/thepueblatimes.mx\/index.php\/2023\/12\/18\/en-puebla-buscan-capacitar-a-familias-en-educacion-sexual-y-prevencion-de-adicciones\/\" \/>\n<meta property=\"og:locale\" content=\"es_ES\" \/>\n<meta property=\"og:type\" content=\"article\" \/>\n<meta property=\"og:title\" content=\"En Puebla, buscan capacitar a familias en educaci\u00f3n sexual y prevenci\u00f3n de adicciones - The Puebla Times\" \/>\n<meta property=\"og:description\" content=\"*Tambi\u00e9n se busca capacitar temas en embarazo adolescente, pr\u00e1ctica del deporte y la prevenci\u00f3n del consumo de alcohol, tabaco, drogas, estupefacientes, psicotr\u00f3picos, y la discriminaci\u00f3n. &nbsp; PUEBLA, PUE. \u2013 La diputada Patricia Valencia \u00c1vila present\u00f3 una iniciativa de reforma al art\u00edculo 78 de la Ley de Educaci\u00f3n, con el objetivo de establecer que la dependencia...\" \/>\n<meta property=\"og:url\" content=\"https:\/\/thepueblatimes.mx\/index.php\/2023\/12\/18\/en-puebla-buscan-capacitar-a-familias-en-educacion-sexual-y-prevencion-de-adicciones\/\" \/>\n<meta property=\"og:site_name\" content=\"The Puebla Times\" \/>\n<meta property=\"article:published_time\" content=\"2023-12-19T00:29:55+00:00\" \/>\n<meta property=\"og:image\" content=\"https:\/\/thepueblatimes.mx\/wp-content\/uploads\/2023\/12\/CONGRESO1.jpg\" \/>\n\t<meta property=\"og:image:width\" content=\"1600\" \/>\n\t<meta property=\"og:image:height\" content=\"1066\" \/>\n\t<meta property=\"og:image:type\" content=\"image\/jpeg\" \/>\n<meta name=\"author\" content=\"admintpt\" \/>\n<meta name=\"twitter:card\" content=\"summary_large_image\" \/>\n<meta name=\"twitter:label1\" content=\"Escrito por\" \/>\n\t<meta name=\"twitter:data1\" content=\"admintpt\" \/>\n\t<meta name=\"twitter:label2\" content=\"Tiempo de lectura\" \/>\n\t<meta name=\"twitter:data2\" content=\"1 minuto\" \/>\n<script type=\"application\/ld+json\" class=\"yoast-schema-graph\">{\"@context\":\"https:\/\/schema.org\",\"@graph\":[{\"@type\":\"WebPage\",\"@id\":\"https:\/\/thepueblatimes.mx\/index.php\/2023\/12\/18\/en-puebla-buscan-capacitar-a-familias-en-educacion-sexual-y-prevencion-de-adicciones\/\",\"url\":\"https:\/\/thepueblatimes.mx\/index.php\/2023\/12\/18\/en-puebla-buscan-capacitar-a-familias-en-educacion-sexual-y-prevencion-de-adicciones\/\",\"name\":\"En Puebla, buscan capacitar a familias en educaci\u00f3n sexual y prevenci\u00f3n de adicciones - The Puebla Times\",\"isPartOf\":{\"@id\":\"https:\/\/thepueblatimes.mx\/#website\"},\"datePublished\":\"2023-12-19T00:29:55+00:00\",\"dateModified\":\"2023-12-19T00:29:55+00:00\",\"author\":{\"@id\":\"https:\/\/thepueblatimes.mx\/#\/schema\/person\/c90a455f48a80821b6a99d3d73d1a71f\"},\"breadcrumb\":{\"@id\":\"https:\/\/thepueblatimes.mx\/index.php\/2023\/12\/18\/en-puebla-buscan-capacitar-a-familias-en-educacion-sexual-y-prevencion-de-adicciones\/#breadcrumb\"},\"inLanguage\":\"es\",\"potentialAction\":[{\"@type\":\"ReadAction\",\"target\":[\"https:\/\/thepueblatimes.mx\/index.php\/2023\/12\/18\/en-puebla-buscan-capacitar-a-familias-en-educacion-sexual-y-prevencion-de-adicciones\/\"]}]},{\"@type\":\"BreadcrumbList\",\"@id\":\"https:\/\/thepueblatimes.mx\/index.php\/2023\/12\/18\/en-puebla-buscan-capacitar-a-familias-en-educacion-sexual-y-prevencion-de-adicciones\/#breadcrumb\",\"itemListElement\":[{\"@type\":\"ListItem\",\"position\":1,\"name\":\"Portada\",\"item\":\"https:\/\/thepueblatimes.mx\/\"},{\"@type\":\"ListItem\",\"position\":2,\"name\":\"En Puebla, buscan capacitar a familias en educaci\u00f3n sexual y prevenci\u00f3n de adicciones\"}]},{\"@type\":\"WebSite\",\"@id\":\"https:\/\/thepueblatimes.mx\/#website\",\"url\":\"https:\/\/thepueblatimes.mx\/\",\"name\":\"The Puebla Times\",\"description\":\"Noticias del Estado de Puebla\",\"potentialAction\":[{\"@type\":\"SearchAction\",\"target\":{\"@type\":\"EntryPoint\",\"urlTemplate\":\"https:\/\/thepueblatimes.mx\/?s={search_term_string}\"},\"query-input\":\"required name=search_term_string\"}],\"inLanguage\":\"es\"},{\"@type\":\"Person\",\"@id\":\"https:\/\/thepueblatimes.mx\/#\/schema\/person\/c90a455f48a80821b6a99d3d73d1a71f\",\"name\":\"admintpt\",\"image\":{\"@type\":\"ImageObject\",\"inLanguage\":\"es\",\"@id\":\"https:\/\/thepueblatimes.mx\/#\/schema\/person\/image\/\",\"url\":\"https:\/\/secure.gravatar.com\/avatar\/13f0a494cc76bfb992f9768b1d51109d?s=96&d=mm&r=g\",\"contentUrl\":\"https:\/\/secure.gravatar.com\/avatar\/13f0a494cc76bfb992f9768b1d51109d?s=96&d=mm&r=g\",\"caption\":\"admintpt\"},\"url\":\"https:\/\/thepueblatimes.mx\/index.php\/author\/admintpt\/\"}]}<\/script>\n<!-- \/ Yoast SEO plugin. -->","yoast_head_json":{"title":"En Puebla, buscan capacitar a familias en educaci\u00f3n sexual y prevenci\u00f3n de adicciones - The Puebla Times","robots":{"index":"index","follow":"follow","max-snippet":"max-snippet:-1","max-image-preview":"max-image-preview:large","max-video-preview":"max-video-preview:-1"},"canonical":"https:\/\/thepueblatimes.mx\/index.php\/2023\/12\/18\/en-puebla-buscan-capacitar-a-familias-en-educacion-sexual-y-prevencion-de-adicciones\/","og_locale":"es_ES","og_type":"article","og_title":"En Puebla, buscan capacitar a familias en educaci\u00f3n sexual y prevenci\u00f3n de adicciones - The Puebla Times","og_description":"*Tambi\u00e9n se busca capacitar temas en embarazo adolescente, pr\u00e1ctica del deporte y la prevenci\u00f3n del consumo de alcohol, tabaco, drogas, estupefacientes, psicotr\u00f3picos, y la discriminaci\u00f3n. &nbsp; PUEBLA, PUE. \u2013 La diputada Patricia Valencia \u00c1vila present\u00f3 una iniciativa de reforma al art\u00edculo 78 de la Ley de Educaci\u00f3n, con el objetivo de establecer que la dependencia...","og_url":"https:\/\/thepueblatimes.mx\/index.php\/2023\/12\/18\/en-puebla-buscan-capacitar-a-familias-en-educacion-sexual-y-prevencion-de-adicciones\/","og_site_name":"The Puebla Times","article_published_time":"2023-12-19T00:29:55+00:00","og_image":[{"width":1600,"height":1066,"url":"https:\/\/thepueblatimes.mx\/wp-content\/uploads\/2023\/12\/CONGRESO1.jpg","type":"image\/jpeg"}],"author":"admintpt","twitter_card":"summary_large_image","twitter_misc":{"Escrito por":"admintpt","Tiempo de lectura":"1 minuto"},"schema":{"@context":"https:\/\/schema.org","@graph":[{"@type":"WebPage","@id":"https:\/\/thepueblatimes.mx\/index.php\/2023\/12\/18\/en-puebla-buscan-capacitar-a-familias-en-educacion-sexual-y-prevencion-de-adicciones\/","url":"https:\/\/thepueblatimes.mx\/index.php\/2023\/12\/18\/en-puebla-buscan-capacitar-a-familias-en-educacion-sexual-y-prevencion-de-adicciones\/","name":"En Puebla, buscan capacitar a familias en educaci\u00f3n sexual y prevenci\u00f3n de adicciones - The Puebla Times","isPartOf":{"@id":"https:\/\/thepueblatimes.mx\/#website"},"datePublished":"2023-12-19T00:29:55+00:00","dateModified":"2023-12-19T00:29:55+00:00","author":{"@id":"https:\/\/thepueblatimes.mx\/#\/schema\/person\/c90a455f48a80821b6a99d3d73d1a71f"},"breadcrumb":{"@id":"https:\/\/thepueblatimes.mx\/index.php\/2023\/12\/18\/en-puebla-buscan-capacitar-a-familias-en-educacion-sexual-y-prevencion-de-adicciones\/#breadcrumb"},"inLanguage":"es","potentialAction":[{"@type":"ReadAction","target":["https:\/\/thepueblatimes.mx\/index.php\/2023\/12\/18\/en-puebla-buscan-capacitar-a-familias-en-educacion-sexual-y-prevencion-de-adicciones\/"]}]},{"@type":"BreadcrumbList","@id":"https:\/\/thepueblatimes.mx\/index.php\/2023\/12\/18\/en-puebla-buscan-capacitar-a-familias-en-educacion-sexual-y-prevencion-de-adicciones\/#breadcrumb","itemListElement":[{"@type":"ListItem","position":1,"name":"Portada","item":"https:\/\/thepueblatimes.mx\/"},{"@type":"ListItem","position":2,"name":"En Puebla, buscan capacitar a familias en educaci\u00f3n sexual y prevenci\u00f3n de adicciones"}]},{"@type":"WebSite","@id":"https:\/\/thepueblatimes.mx\/#website","url":"https:\/\/thepueblatimes.mx\/","name":"The Puebla Times","description":"Noticias del Estado de Puebla","potentialAction":[{"@type":"SearchAction","target":{"@type":"EntryPoint","urlTemplate":"https:\/\/thepueblatimes.mx\/?s={search_term_string}"},"query-input":"required name=search_term_string"}],"inLanguage":"es"},{"@type":"Person","@id":"https:\/\/thepueblatimes.mx\/#\/schema\/person\/c90a455f48a80821b6a99d3d73d1a71f","name":"admintpt","image":{"@type":"ImageObject","inLanguage":"es","@id":"https:\/\/thepueblatimes.mx\/#\/schema\/person\/image\/","url":"https:\/\/secure.gravatar.com\/avatar\/13f0a494cc76bfb992f9768b1d51109d?s=96&d=mm&r=g","contentUrl":"https:\/\/secure.gravatar.com\/avatar\/13f0a494cc76bfb992f9768b1d51109d?s=96&d=mm&r=g","caption":"admintpt"},"url":"https:\/\/thepueblatimes.mx\/index.php\/author\/admintpt\/"}]}},"jetpack_featured_media_url":"https:\/\/thepueblatimes.mx\/wp-content\/uploads\/2023\/12\/CONGRESO1.jpg","_links":{"self":[{"href":"https:\/\/thepueblatimes.mx\/index.php\/wp-json\/wp\/v2\/posts\/20512"}],"collection":[{"href":"https:\/\/thepueblatimes.mx\/index.php\/wp-json\/wp\/v2\/posts"}],"about":[{"href":"https:\/\/thepueblatimes.mx\/index.php\/wp-json\/wp\/v2\/types\/post"}],"author":[{"embeddable":true,"href":"https:\/\/thepueblatimes.mx\/index.php\/wp-json\/wp\/v2\/users\/2"}],"replies":[{"embeddable":true,"href":"https:\/\/thepueblatimes.mx\/index.php\/wp-json\/wp\/v2\/comments?post=20512"}],"version-history":[{"count":1,"href":"https:\/\/thepueblatimes.mx\/index.php\/wp-json\/wp\/v2\/posts\/20512\/revisions"}],"predecessor-version":[{"id":20514,"href":"https:\/\/thepueblatimes.mx\/index.php\/wp-json\/wp\/v2\/posts\/20512\/revisions\/20514"}],"wp:featuredmedia":[{"embeddable":true,"href":"https:\/\/thepueblatimes.mx\/index.php\/wp-json\/wp\/v2\/media\/20513"}],"wp:attachment":[{"href":"https:\/\/thepueblatimes.mx\/index.php\/wp-json\/wp\/v2\/media?parent=20512"}],"wp:term":[{"taxonomy":"category","embeddable":true,"href":"https:\/\/thepueblatimes.mx\/index.php\/wp-json\/wp\/v2\/categories?post=20512"},{"taxonomy":"post_tag","embeddable":true,"href":"https:\/\/thepueblatimes.mx\/index.php\/wp-json\/wp\/v2\/tags?post=20512"}],"curies":[{"name":"wp","href":"https:\/\/api.w.org\/{rel}","templated":true}]}}