{"id":20458,"date":"2023-12-14T18:13:14","date_gmt":"2023-12-15T00:13:14","guid":{"rendered":"https:\/\/thepueblatimes.mx\/?p=20458"},"modified":"2023-12-14T18:13:14","modified_gmt":"2023-12-15T00:13:14","slug":"augusta-diaz-de-rivera-habla-del-reparto-de-candidaturas-en-el-frente-amplio-por-puebla","status":"publish","type":"post","link":"https:\/\/thepueblatimes.mx\/index.php\/2023\/12\/14\/augusta-diaz-de-rivera-habla-del-reparto-de-candidaturas-en-el-frente-amplio-por-puebla\/","title":{"rendered":"Augusta D\u00edaz de Rivera habla del reparto de candidaturas en el Frente Amplio por Puebla"},"content":{"rendered":"<p>La dirigente del PAN, Augusta D\u00edaz de Rivera Hern\u00e1ndez, manifest\u00f3 que se acordaron candidaturas en com\u00fan con el PSI.<\/p>\n<p>Agreg\u00f3 que en los 217 municipios los partidos aliados PAN, PRI, PRD y PSI pueden participar con candidaturas en com\u00fan entre ellos partidos rumbo a las elecciones de 2024.<\/p>\n<p>Esto a condici\u00f3n de que no apoyen candidaturas de Morena, PT o PVEM.<\/p>\n<p>Explic\u00f3 \u201cnosotros tenemos el pacto con los partidos de que vamos a lanzar las candidaturas para las alcald\u00edas en candidatura com\u00fan, es decir que podemos ir juntos o separados en algunos municipios, dos partidos, o uno solo, dos o tres o los cuatro, siempre y cuando no se hagan coaliciones con los partidos de enfrente, es decir el mismo PSI podr\u00e1 ir solo siempre y cuando no sea con los partidos de enfrente\u201d.<\/p>\n<p>Y con ello, aclar\u00f3 las dudas surgidas, luego de que el l\u00edder del PSI, Carlos Navarro Corro, declar\u00f3 que en algunos municipios se analizar\u00edan acuerdos con Morena.<\/p>\n<p>La l\u00edder estatal del PAN coment\u00f3 que la coalici\u00f3n Frente Amplio por Puebla esta firme, por lo que \u201cla manzana de la discordia es el gobierno del estado\u201d, es decir, los cuatro partidos aliados se enfrentar\u00e1n a los aliados de Morena en el proceso electoral 2024.<\/p>\n","protected":false},"excerpt":{"rendered":"<p>La dirigente del PAN, Augusta D\u00edaz de Rivera Hern\u00e1ndez, manifest\u00f3 que se acordaron candidaturas en com\u00fan con el PSI. Agreg\u00f3 que en los 217 municipios los partidos aliados PAN, PRI, PRD y PSI pueden participar con candidaturas en com\u00fan entre ellos partidos rumbo a las elecciones de 2024. Esto a condici\u00f3n de que no apoyen&#8230;<\/p>\n","protected":false},"author":2,"featured_media":20459,"comment_status":"closed","ping_status":"closed","sticky":false,"template":"","format":"standard","meta":[],"categories":[10,8],"tags":[1302,1615,161,49],"yoast_head":"<!-- This site is optimized with the Yoast SEO plugin v20.8 - https:\/\/yoast.com\/wordpress\/plugins\/seo\/ -->\n<title>Augusta D\u00edaz de Rivera habla del reparto de candidaturas en el Frente Amplio por Puebla - The Puebla Times<\/title>\n<meta name=\"robots\" content=\"index, follow, max-snippet:-1, max-image-preview:large, max-video-preview:-1\" \/>\n<link rel=\"canonical\" href=\"https:\/\/thepueblatimes.mx\/index.php\/2023\/12\/14\/augusta-diaz-de-rivera-habla-del-reparto-de-candidaturas-en-el-frente-amplio-por-puebla\/\" \/>\n<meta property=\"og:locale\" content=\"es_ES\" \/>\n<meta property=\"og:type\" content=\"article\" \/>\n<meta property=\"og:title\" content=\"Augusta D\u00edaz de Rivera habla del reparto de candidaturas en el Frente Amplio por Puebla - The Puebla Times\" \/>\n<meta property=\"og:description\" content=\"La dirigente del PAN, Augusta D\u00edaz de Rivera Hern\u00e1ndez, manifest\u00f3 que se acordaron candidaturas en com\u00fan con el PSI. Agreg\u00f3 que en los 217 municipios los partidos aliados PAN, PRI, PRD y PSI pueden participar con candidaturas en com\u00fan entre ellos partidos rumbo a las elecciones de 2024. Esto a condici\u00f3n de que no apoyen...\" \/>\n<meta property=\"og:url\" content=\"https:\/\/thepueblatimes.mx\/index.php\/2023\/12\/14\/augusta-diaz-de-rivera-habla-del-reparto-de-candidaturas-en-el-frente-amplio-por-puebla\/\" \/>\n<meta property=\"og:site_name\" content=\"The Puebla Times\" \/>\n<meta property=\"article:published_time\" content=\"2023-12-15T00:13:14+00:00\" \/>\n<meta property=\"og:image\" content=\"https:\/\/thepueblatimes.mx\/wp-content\/uploads\/2023\/12\/F8IPVC1XUAAxISC.jpg\" \/>\n\t<meta property=\"og:image:width\" content=\"1280\" \/>\n\t<meta property=\"og:image:height\" content=\"853\" \/>\n\t<meta property=\"og:image:type\" content=\"image\/jpeg\" \/>\n<meta name=\"author\" content=\"admintpt\" \/>\n<meta name=\"twitter:card\" content=\"summary_large_image\" \/>\n<meta name=\"twitter:label1\" content=\"Escrito por\" \/>\n\t<meta name=\"twitter:data1\" content=\"admintpt\" \/>\n\t<meta name=\"twitter:label2\" content=\"Tiempo de lectura\" \/>\n\t<meta name=\"twitter:data2\" content=\"1 minuto\" \/>\n<script type=\"application\/ld+json\" class=\"yoast-schema-graph\">{\"@context\":\"https:\/\/schema.org\",\"@graph\":[{\"@type\":\"WebPage\",\"@id\":\"https:\/\/thepueblatimes.mx\/index.php\/2023\/12\/14\/augusta-diaz-de-rivera-habla-del-reparto-de-candidaturas-en-el-frente-amplio-por-puebla\/\",\"url\":\"https:\/\/thepueblatimes.mx\/index.php\/2023\/12\/14\/augusta-diaz-de-rivera-habla-del-reparto-de-candidaturas-en-el-frente-amplio-por-puebla\/\",\"name\":\"Augusta D\u00edaz de Rivera habla del reparto de candidaturas en el Frente Amplio por Puebla - The Puebla Times\",\"isPartOf\":{\"@id\":\"https:\/\/thepueblatimes.mx\/#website\"},\"datePublished\":\"2023-12-15T00:13:14+00:00\",\"dateModified\":\"2023-12-15T00:13:14+00:00\",\"author\":{\"@id\":\"https:\/\/thepueblatimes.mx\/#\/schema\/person\/c90a455f48a80821b6a99d3d73d1a71f\"},\"breadcrumb\":{\"@id\":\"https:\/\/thepueblatimes.mx\/index.php\/2023\/12\/14\/augusta-diaz-de-rivera-habla-del-reparto-de-candidaturas-en-el-frente-amplio-por-puebla\/#breadcrumb\"},\"inLanguage\":\"es\",\"potentialAction\":[{\"@type\":\"ReadAction\",\"target\":[\"https:\/\/thepueblatimes.mx\/index.php\/2023\/12\/14\/augusta-diaz-de-rivera-habla-del-reparto-de-candidaturas-en-el-frente-amplio-por-puebla\/\"]}]},{\"@type\":\"BreadcrumbList\",\"@id\":\"https:\/\/thepueblatimes.mx\/index.php\/2023\/12\/14\/augusta-diaz-de-rivera-habla-del-reparto-de-candidaturas-en-el-frente-amplio-por-puebla\/#breadcrumb\",\"itemListElement\":[{\"@type\":\"ListItem\",\"position\":1,\"name\":\"Portada\",\"item\":\"https:\/\/thepueblatimes.mx\/\"},{\"@type\":\"ListItem\",\"position\":2,\"name\":\"Augusta D\u00edaz de Rivera habla del reparto de candidaturas en el Frente Amplio por Puebla\"}]},{\"@type\":\"WebSite\",\"@id\":\"https:\/\/thepueblatimes.mx\/#website\",\"url\":\"https:\/\/thepueblatimes.mx\/\",\"name\":\"The Puebla Times\",\"description\":\"Noticias del Estado de Puebla\",\"potentialAction\":[{\"@type\":\"SearchAction\",\"target\":{\"@type\":\"EntryPoint\",\"urlTemplate\":\"https:\/\/thepueblatimes.mx\/?s={search_term_string}\"},\"query-input\":\"required name=search_term_string\"}],\"inLanguage\":\"es\"},{\"@type\":\"Person\",\"@id\":\"https:\/\/thepueblatimes.mx\/#\/schema\/person\/c90a455f48a80821b6a99d3d73d1a71f\",\"name\":\"admintpt\",\"image\":{\"@type\":\"ImageObject\",\"inLanguage\":\"es\",\"@id\":\"https:\/\/thepueblatimes.mx\/#\/schema\/person\/image\/\",\"url\":\"https:\/\/secure.gravatar.com\/avatar\/13f0a494cc76bfb992f9768b1d51109d?s=96&d=mm&r=g\",\"contentUrl\":\"https:\/\/secure.gravatar.com\/avatar\/13f0a494cc76bfb992f9768b1d51109d?s=96&d=mm&r=g\",\"caption\":\"admintpt\"},\"url\":\"https:\/\/thepueblatimes.mx\/index.php\/author\/admintpt\/\"}]}<\/script>\n<!-- \/ Yoast SEO plugin. -->","yoast_head_json":{"title":"Augusta D\u00edaz de Rivera habla del reparto de candidaturas en el Frente Amplio por Puebla - The Puebla Times","robots":{"index":"index","follow":"follow","max-snippet":"max-snippet:-1","max-image-preview":"max-image-preview:large","max-video-preview":"max-video-preview:-1"},"canonical":"https:\/\/thepueblatimes.mx\/index.php\/2023\/12\/14\/augusta-diaz-de-rivera-habla-del-reparto-de-candidaturas-en-el-frente-amplio-por-puebla\/","og_locale":"es_ES","og_type":"article","og_title":"Augusta D\u00edaz de Rivera habla del reparto de candidaturas en el Frente Amplio por Puebla - The Puebla Times","og_description":"La dirigente del PAN, Augusta D\u00edaz de Rivera Hern\u00e1ndez, manifest\u00f3 que se acordaron candidaturas en com\u00fan con el PSI. Agreg\u00f3 que en los 217 municipios los partidos aliados PAN, PRI, PRD y PSI pueden participar con candidaturas en com\u00fan entre ellos partidos rumbo a las elecciones de 2024. Esto a condici\u00f3n de que no apoyen...","og_url":"https:\/\/thepueblatimes.mx\/index.php\/2023\/12\/14\/augusta-diaz-de-rivera-habla-del-reparto-de-candidaturas-en-el-frente-amplio-por-puebla\/","og_site_name":"The Puebla Times","article_published_time":"2023-12-15T00:13:14+00:00","og_image":[{"width":1280,"height":853,"url":"https:\/\/thepueblatimes.mx\/wp-content\/uploads\/2023\/12\/F8IPVC1XUAAxISC.jpg","type":"image\/jpeg"}],"author":"admintpt","twitter_card":"summary_large_image","twitter_misc":{"Escrito por":"admintpt","Tiempo de lectura":"1 minuto"},"schema":{"@context":"https:\/\/schema.org","@graph":[{"@type":"WebPage","@id":"https:\/\/thepueblatimes.mx\/index.php\/2023\/12\/14\/augusta-diaz-de-rivera-habla-del-reparto-de-candidaturas-en-el-frente-amplio-por-puebla\/","url":"https:\/\/thepueblatimes.mx\/index.php\/2023\/12\/14\/augusta-diaz-de-rivera-habla-del-reparto-de-candidaturas-en-el-frente-amplio-por-puebla\/","name":"Augusta D\u00edaz de Rivera habla del reparto de candidaturas en el Frente Amplio por Puebla - The Puebla Times","isPartOf":{"@id":"https:\/\/thepueblatimes.mx\/#website"},"datePublished":"2023-12-15T00:13:14+00:00","dateModified":"2023-12-15T00:13:14+00:00","author":{"@id":"https:\/\/thepueblatimes.mx\/#\/schema\/person\/c90a455f48a80821b6a99d3d73d1a71f"},"breadcrumb":{"@id":"https:\/\/thepueblatimes.mx\/index.php\/2023\/12\/14\/augusta-diaz-de-rivera-habla-del-reparto-de-candidaturas-en-el-frente-amplio-por-puebla\/#breadcrumb"},"inLanguage":"es","potentialAction":[{"@type":"ReadAction","target":["https:\/\/thepueblatimes.mx\/index.php\/2023\/12\/14\/augusta-diaz-de-rivera-habla-del-reparto-de-candidaturas-en-el-frente-amplio-por-puebla\/"]}]},{"@type":"BreadcrumbList","@id":"https:\/\/thepueblatimes.mx\/index.php\/2023\/12\/14\/augusta-diaz-de-rivera-habla-del-reparto-de-candidaturas-en-el-frente-amplio-por-puebla\/#breadcrumb","itemListElement":[{"@type":"ListItem","position":1,"name":"Portada","item":"https:\/\/thepueblatimes.mx\/"},{"@type":"ListItem","position":2,"name":"Augusta D\u00edaz de Rivera habla del reparto de candidaturas en el Frente Amplio por Puebla"}]},{"@type":"WebSite","@id":"https:\/\/thepueblatimes.mx\/#website","url":"https:\/\/thepueblatimes.mx\/","name":"The Puebla Times","description":"Noticias del Estado de Puebla","potentialAction":[{"@type":"SearchAction","target":{"@type":"EntryPoint","urlTemplate":"https:\/\/thepueblatimes.mx\/?s={search_term_string}"},"query-input":"required name=search_term_string"}],"inLanguage":"es"},{"@type":"Person","@id":"https:\/\/thepueblatimes.mx\/#\/schema\/person\/c90a455f48a80821b6a99d3d73d1a71f","name":"admintpt","image":{"@type":"ImageObject","inLanguage":"es","@id":"https:\/\/thepueblatimes.mx\/#\/schema\/person\/image\/","url":"https:\/\/secure.gravatar.com\/avatar\/13f0a494cc76bfb992f9768b1d51109d?s=96&d=mm&r=g","contentUrl":"https:\/\/secure.gravatar.com\/avatar\/13f0a494cc76bfb992f9768b1d51109d?s=96&d=mm&r=g","caption":"admintpt"},"url":"https:\/\/thepueblatimes.mx\/index.php\/author\/admintpt\/"}]}},"jetpack_featured_media_url":"https:\/\/thepueblatimes.mx\/wp-content\/uploads\/2023\/12\/F8IPVC1XUAAxISC.jpg","_links":{"self":[{"href":"https:\/\/thepueblatimes.mx\/index.php\/wp-json\/wp\/v2\/posts\/20458"}],"collection":[{"href":"https:\/\/thepueblatimes.mx\/index.php\/wp-json\/wp\/v2\/posts"}],"about":[{"href":"https:\/\/thepueblatimes.mx\/index.php\/wp-json\/wp\/v2\/types\/post"}],"author":[{"embeddable":true,"href":"https:\/\/thepueblatimes.mx\/index.php\/wp-json\/wp\/v2\/users\/2"}],"replies":[{"embeddable":true,"href":"https:\/\/thepueblatimes.mx\/index.php\/wp-json\/wp\/v2\/comments?post=20458"}],"version-history":[{"count":1,"href":"https:\/\/thepueblatimes.mx\/index.php\/wp-json\/wp\/v2\/posts\/20458\/revisions"}],"predecessor-version":[{"id":20460,"href":"https:\/\/thepueblatimes.mx\/index.php\/wp-json\/wp\/v2\/posts\/20458\/revisions\/20460"}],"wp:featuredmedia":[{"embeddable":true,"href":"https:\/\/thepueblatimes.mx\/index.php\/wp-json\/wp\/v2\/media\/20459"}],"wp:attachment":[{"href":"https:\/\/thepueblatimes.mx\/index.php\/wp-json\/wp\/v2\/media?parent=20458"}],"wp:term":[{"taxonomy":"category","embeddable":true,"href":"https:\/\/thepueblatimes.mx\/index.php\/wp-json\/wp\/v2\/categories?post=20458"},{"taxonomy":"post_tag","embeddable":true,"href":"https:\/\/thepueblatimes.mx\/index.php\/wp-json\/wp\/v2\/tags?post=20458"}],"curies":[{"name":"wp","href":"https:\/\/api.w.org\/{rel}","templated":true}]}}