{"id":20443,"date":"2023-12-13T18:36:09","date_gmt":"2023-12-14T00:36:09","guid":{"rendered":"https:\/\/thepueblatimes.mx\/?p=20443"},"modified":"2023-12-13T18:36:09","modified_gmt":"2023-12-14T00:36:09","slug":"con-61-nuevos-policias-suman-casi-600-los-incorporados-a-ssc-en-puebla-capital","status":"publish","type":"post","link":"https:\/\/thepueblatimes.mx\/index.php\/2023\/12\/13\/con-61-nuevos-policias-suman-casi-600-los-incorporados-a-ssc-en-puebla-capital\/","title":{"rendered":"Con 61 nuevos polic\u00edas, suman casi 600 los incorporados a SSC en Puebla Capital"},"content":{"rendered":"<h3><em>&#8211; Adem\u00e1s 46 elementos de grupos especiales fueron reconocidos por participar en el Curso de Operaciones T\u00e1cticas Urbanas de la Polic\u00eda Nacional de Colombia.<\/em><\/h3>\n<p>El estado de fuerza de Puebla capital contin\u00faa sumando a m\u00e1s y mejores elementos, y tras la graduaci\u00f3n de la Trig\u00e9sima Novena y Cuadrag\u00e9sima generaci\u00f3n del curso de formaci\u00f3n inicial, 61 nuevos polic\u00edas se unen a la tarea de cuidar la integridad y patrimonio de las familias de la angel\u00f3polis.<\/p>\n<p>Momentos antes de la toma de protesta de las y los 61 nuevos guardianes de Puebla, Eduardo Rivera P\u00e9rez, Presidente Municipal, se\u00f1al\u00f3 que el orden y la paz son responsabilidad de los tres \u00f3rdenes de gobierno, y que con este esfuerzo que \u201cse traduce en mayor seguridad para la ciudadan\u00eda al tener m\u00e1s polic\u00edas cercanos, preparados y eficientes\u201d, la administraci\u00f3n municipal lo est\u00e1 logrando.<\/p>\n<p>Sin embargo, para el edil capitalino, no s\u00f3lo se trata de n\u00fameros, pues adem\u00e1s de sumar casi 600 polic\u00edas en lo que va de administraci\u00f3n, destac\u00f3 la calidad de trabajo y servicio de los mismos, por lo que durante el acto tambi\u00e9n se reconocieron a 46 elementos de grupos especiales que participaron en el Curso de Operaciones T\u00e1cticas Urbanas de la Polic\u00eda Nacional de Colombia.<\/p>\n<p>Esta ceremonia cont\u00f3 con la participaci\u00f3n de \u00c1ngel Camacho, en representaci\u00f3n la 25 Zona Militar, de la Secretar\u00eda de la Defensa Nacional; Jos\u00e9 Gonz\u00e1lez, Coordinador del 18 Batall\u00f3n de la Guardia Nacional; Jorge P\u00e9rez, Subsecretario de Centros Penitenciarios de la Secretar\u00eda de Seguridad P\u00fablica del Estado; Fernando Sarur, Regidor Presidente de la Comisi\u00f3n de Seguridad, Justicia y Protecci\u00f3n Civil; Dagoberto Montealegre, Jefe de Instructores del Comando de Operaciones Especiales de la Polic\u00eda Nacional de Colombia; Consuelo Cruz, Secretaria de Seguridad Ciudadana (SSC); y Miguel Mart\u00edn, Coordinador General de Operatividad Policial de la SSC.<\/p>\n<p>Tambi\u00e9n Francisco Rocha, Director del Tecnol\u00f3gico de Monterrey Campus Puebla; Jorge Espina, Vicepresidente y Coordinador de la Mesa de Seguridad del Consejo Coordinador Empresarial de Puebla; Liliana Ortiz, Presidenta del Patronato del Sistema Municipal DIF; Guillermo Almaz\u00e1n, Director de la Academia de Formaci\u00f3n y Profesionalizaci\u00f3n Policial; Mart\u00edn Hern\u00e1ndez, Coordinador General de Operatividad Policial; Alejandro Romero, Coordinador General de Desarrollo Institucional; as\u00ed como, regidores, regidoras e integrantes del gabinete municipal.<\/p>\n","protected":false},"excerpt":{"rendered":"<p>&#8211; Adem\u00e1s 46 elementos de grupos especiales fueron reconocidos por participar en el Curso de Operaciones T\u00e1cticas Urbanas de la Polic\u00eda Nacional de Colombia. El estado de fuerza de Puebla capital contin\u00faa sumando a m\u00e1s y mejores elementos, y tras la graduaci\u00f3n de la Trig\u00e9sima Novena y Cuadrag\u00e9sima generaci\u00f3n del curso de formaci\u00f3n inicial, 61&#8230;<\/p>\n","protected":false},"author":2,"featured_media":20444,"comment_status":"closed","ping_status":"closed","sticky":false,"template":"","format":"standard","meta":[],"categories":[20],"tags":[1287,605,1278],"yoast_head":"<!-- This site is optimized with the Yoast SEO plugin v20.8 - https:\/\/yoast.com\/wordpress\/plugins\/seo\/ -->\n<title>Con 61 nuevos polic\u00edas, suman casi 600 los incorporados a SSC en Puebla Capital - The Puebla Times<\/title>\n<meta name=\"robots\" content=\"index, follow, max-snippet:-1, max-image-preview:large, max-video-preview:-1\" \/>\n<link rel=\"canonical\" href=\"https:\/\/thepueblatimes.mx\/index.php\/2023\/12\/13\/con-61-nuevos-policias-suman-casi-600-los-incorporados-a-ssc-en-puebla-capital\/\" \/>\n<meta property=\"og:locale\" content=\"es_ES\" \/>\n<meta property=\"og:type\" content=\"article\" \/>\n<meta property=\"og:title\" content=\"Con 61 nuevos polic\u00edas, suman casi 600 los incorporados a SSC en Puebla Capital - The Puebla Times\" \/>\n<meta property=\"og:description\" content=\"&#8211; Adem\u00e1s 46 elementos de grupos especiales fueron reconocidos por participar en el Curso de Operaciones T\u00e1cticas Urbanas de la Polic\u00eda Nacional de Colombia. El estado de fuerza de Puebla capital contin\u00faa sumando a m\u00e1s y mejores elementos, y tras la graduaci\u00f3n de la Trig\u00e9sima Novena y Cuadrag\u00e9sima generaci\u00f3n del curso de formaci\u00f3n inicial, 61...\" \/>\n<meta property=\"og:url\" content=\"https:\/\/thepueblatimes.mx\/index.php\/2023\/12\/13\/con-61-nuevos-policias-suman-casi-600-los-incorporados-a-ssc-en-puebla-capital\/\" \/>\n<meta property=\"og:site_name\" content=\"The Puebla Times\" \/>\n<meta property=\"article:published_time\" content=\"2023-12-14T00:36:09+00:00\" \/>\n<meta property=\"og:image\" content=\"https:\/\/thepueblatimes.mx\/wp-content\/uploads\/2023\/12\/WhatsApp-Image-2023-12-13-at-12.35.42.jpeg\" \/>\n\t<meta property=\"og:image:width\" content=\"1280\" \/>\n\t<meta property=\"og:image:height\" content=\"768\" \/>\n\t<meta property=\"og:image:type\" content=\"image\/jpeg\" \/>\n<meta name=\"author\" content=\"admintpt\" \/>\n<meta name=\"twitter:card\" content=\"summary_large_image\" \/>\n<meta name=\"twitter:label1\" content=\"Escrito por\" \/>\n\t<meta name=\"twitter:data1\" content=\"admintpt\" \/>\n\t<meta name=\"twitter:label2\" content=\"Tiempo de lectura\" \/>\n\t<meta name=\"twitter:data2\" content=\"2 minutos\" \/>\n<script type=\"application\/ld+json\" class=\"yoast-schema-graph\">{\"@context\":\"https:\/\/schema.org\",\"@graph\":[{\"@type\":\"WebPage\",\"@id\":\"https:\/\/thepueblatimes.mx\/index.php\/2023\/12\/13\/con-61-nuevos-policias-suman-casi-600-los-incorporados-a-ssc-en-puebla-capital\/\",\"url\":\"https:\/\/thepueblatimes.mx\/index.php\/2023\/12\/13\/con-61-nuevos-policias-suman-casi-600-los-incorporados-a-ssc-en-puebla-capital\/\",\"name\":\"Con 61 nuevos polic\u00edas, suman casi 600 los incorporados a SSC en Puebla Capital - The Puebla Times\",\"isPartOf\":{\"@id\":\"https:\/\/thepueblatimes.mx\/#website\"},\"datePublished\":\"2023-12-14T00:36:09+00:00\",\"dateModified\":\"2023-12-14T00:36:09+00:00\",\"author\":{\"@id\":\"https:\/\/thepueblatimes.mx\/#\/schema\/person\/c90a455f48a80821b6a99d3d73d1a71f\"},\"breadcrumb\":{\"@id\":\"https:\/\/thepueblatimes.mx\/index.php\/2023\/12\/13\/con-61-nuevos-policias-suman-casi-600-los-incorporados-a-ssc-en-puebla-capital\/#breadcrumb\"},\"inLanguage\":\"es\",\"potentialAction\":[{\"@type\":\"ReadAction\",\"target\":[\"https:\/\/thepueblatimes.mx\/index.php\/2023\/12\/13\/con-61-nuevos-policias-suman-casi-600-los-incorporados-a-ssc-en-puebla-capital\/\"]}]},{\"@type\":\"BreadcrumbList\",\"@id\":\"https:\/\/thepueblatimes.mx\/index.php\/2023\/12\/13\/con-61-nuevos-policias-suman-casi-600-los-incorporados-a-ssc-en-puebla-capital\/#breadcrumb\",\"itemListElement\":[{\"@type\":\"ListItem\",\"position\":1,\"name\":\"Portada\",\"item\":\"https:\/\/thepueblatimes.mx\/\"},{\"@type\":\"ListItem\",\"position\":2,\"name\":\"Con 61 nuevos polic\u00edas, suman casi 600 los incorporados a SSC en Puebla Capital\"}]},{\"@type\":\"WebSite\",\"@id\":\"https:\/\/thepueblatimes.mx\/#website\",\"url\":\"https:\/\/thepueblatimes.mx\/\",\"name\":\"The Puebla Times\",\"description\":\"Noticias del Estado de Puebla\",\"potentialAction\":[{\"@type\":\"SearchAction\",\"target\":{\"@type\":\"EntryPoint\",\"urlTemplate\":\"https:\/\/thepueblatimes.mx\/?s={search_term_string}\"},\"query-input\":\"required name=search_term_string\"}],\"inLanguage\":\"es\"},{\"@type\":\"Person\",\"@id\":\"https:\/\/thepueblatimes.mx\/#\/schema\/person\/c90a455f48a80821b6a99d3d73d1a71f\",\"name\":\"admintpt\",\"image\":{\"@type\":\"ImageObject\",\"inLanguage\":\"es\",\"@id\":\"https:\/\/thepueblatimes.mx\/#\/schema\/person\/image\/\",\"url\":\"https:\/\/secure.gravatar.com\/avatar\/13f0a494cc76bfb992f9768b1d51109d?s=96&d=mm&r=g\",\"contentUrl\":\"https:\/\/secure.gravatar.com\/avatar\/13f0a494cc76bfb992f9768b1d51109d?s=96&d=mm&r=g\",\"caption\":\"admintpt\"},\"url\":\"https:\/\/thepueblatimes.mx\/index.php\/author\/admintpt\/\"}]}<\/script>\n<!-- \/ Yoast SEO plugin. -->","yoast_head_json":{"title":"Con 61 nuevos polic\u00edas, suman casi 600 los incorporados a SSC en Puebla Capital - The Puebla Times","robots":{"index":"index","follow":"follow","max-snippet":"max-snippet:-1","max-image-preview":"max-image-preview:large","max-video-preview":"max-video-preview:-1"},"canonical":"https:\/\/thepueblatimes.mx\/index.php\/2023\/12\/13\/con-61-nuevos-policias-suman-casi-600-los-incorporados-a-ssc-en-puebla-capital\/","og_locale":"es_ES","og_type":"article","og_title":"Con 61 nuevos polic\u00edas, suman casi 600 los incorporados a SSC en Puebla Capital - The Puebla Times","og_description":"&#8211; Adem\u00e1s 46 elementos de grupos especiales fueron reconocidos por participar en el Curso de Operaciones T\u00e1cticas Urbanas de la Polic\u00eda Nacional de Colombia. El estado de fuerza de Puebla capital contin\u00faa sumando a m\u00e1s y mejores elementos, y tras la graduaci\u00f3n de la Trig\u00e9sima Novena y Cuadrag\u00e9sima generaci\u00f3n del curso de formaci\u00f3n inicial, 61...","og_url":"https:\/\/thepueblatimes.mx\/index.php\/2023\/12\/13\/con-61-nuevos-policias-suman-casi-600-los-incorporados-a-ssc-en-puebla-capital\/","og_site_name":"The Puebla Times","article_published_time":"2023-12-14T00:36:09+00:00","og_image":[{"width":1280,"height":768,"url":"https:\/\/thepueblatimes.mx\/wp-content\/uploads\/2023\/12\/WhatsApp-Image-2023-12-13-at-12.35.42.jpeg","type":"image\/jpeg"}],"author":"admintpt","twitter_card":"summary_large_image","twitter_misc":{"Escrito por":"admintpt","Tiempo de lectura":"2 minutos"},"schema":{"@context":"https:\/\/schema.org","@graph":[{"@type":"WebPage","@id":"https:\/\/thepueblatimes.mx\/index.php\/2023\/12\/13\/con-61-nuevos-policias-suman-casi-600-los-incorporados-a-ssc-en-puebla-capital\/","url":"https:\/\/thepueblatimes.mx\/index.php\/2023\/12\/13\/con-61-nuevos-policias-suman-casi-600-los-incorporados-a-ssc-en-puebla-capital\/","name":"Con 61 nuevos polic\u00edas, suman casi 600 los incorporados a SSC en Puebla Capital - The Puebla Times","isPartOf":{"@id":"https:\/\/thepueblatimes.mx\/#website"},"datePublished":"2023-12-14T00:36:09+00:00","dateModified":"2023-12-14T00:36:09+00:00","author":{"@id":"https:\/\/thepueblatimes.mx\/#\/schema\/person\/c90a455f48a80821b6a99d3d73d1a71f"},"breadcrumb":{"@id":"https:\/\/thepueblatimes.mx\/index.php\/2023\/12\/13\/con-61-nuevos-policias-suman-casi-600-los-incorporados-a-ssc-en-puebla-capital\/#breadcrumb"},"inLanguage":"es","potentialAction":[{"@type":"ReadAction","target":["https:\/\/thepueblatimes.mx\/index.php\/2023\/12\/13\/con-61-nuevos-policias-suman-casi-600-los-incorporados-a-ssc-en-puebla-capital\/"]}]},{"@type":"BreadcrumbList","@id":"https:\/\/thepueblatimes.mx\/index.php\/2023\/12\/13\/con-61-nuevos-policias-suman-casi-600-los-incorporados-a-ssc-en-puebla-capital\/#breadcrumb","itemListElement":[{"@type":"ListItem","position":1,"name":"Portada","item":"https:\/\/thepueblatimes.mx\/"},{"@type":"ListItem","position":2,"name":"Con 61 nuevos polic\u00edas, suman casi 600 los incorporados a SSC en Puebla Capital"}]},{"@type":"WebSite","@id":"https:\/\/thepueblatimes.mx\/#website","url":"https:\/\/thepueblatimes.mx\/","name":"The Puebla Times","description":"Noticias del Estado de Puebla","potentialAction":[{"@type":"SearchAction","target":{"@type":"EntryPoint","urlTemplate":"https:\/\/thepueblatimes.mx\/?s={search_term_string}"},"query-input":"required name=search_term_string"}],"inLanguage":"es"},{"@type":"Person","@id":"https:\/\/thepueblatimes.mx\/#\/schema\/person\/c90a455f48a80821b6a99d3d73d1a71f","name":"admintpt","image":{"@type":"ImageObject","inLanguage":"es","@id":"https:\/\/thepueblatimes.mx\/#\/schema\/person\/image\/","url":"https:\/\/secure.gravatar.com\/avatar\/13f0a494cc76bfb992f9768b1d51109d?s=96&d=mm&r=g","contentUrl":"https:\/\/secure.gravatar.com\/avatar\/13f0a494cc76bfb992f9768b1d51109d?s=96&d=mm&r=g","caption":"admintpt"},"url":"https:\/\/thepueblatimes.mx\/index.php\/author\/admintpt\/"}]}},"jetpack_featured_media_url":"https:\/\/thepueblatimes.mx\/wp-content\/uploads\/2023\/12\/WhatsApp-Image-2023-12-13-at-12.35.42.jpeg","_links":{"self":[{"href":"https:\/\/thepueblatimes.mx\/index.php\/wp-json\/wp\/v2\/posts\/20443"}],"collection":[{"href":"https:\/\/thepueblatimes.mx\/index.php\/wp-json\/wp\/v2\/posts"}],"about":[{"href":"https:\/\/thepueblatimes.mx\/index.php\/wp-json\/wp\/v2\/types\/post"}],"author":[{"embeddable":true,"href":"https:\/\/thepueblatimes.mx\/index.php\/wp-json\/wp\/v2\/users\/2"}],"replies":[{"embeddable":true,"href":"https:\/\/thepueblatimes.mx\/index.php\/wp-json\/wp\/v2\/comments?post=20443"}],"version-history":[{"count":1,"href":"https:\/\/thepueblatimes.mx\/index.php\/wp-json\/wp\/v2\/posts\/20443\/revisions"}],"predecessor-version":[{"id":20445,"href":"https:\/\/thepueblatimes.mx\/index.php\/wp-json\/wp\/v2\/posts\/20443\/revisions\/20445"}],"wp:featuredmedia":[{"embeddable":true,"href":"https:\/\/thepueblatimes.mx\/index.php\/wp-json\/wp\/v2\/media\/20444"}],"wp:attachment":[{"href":"https:\/\/thepueblatimes.mx\/index.php\/wp-json\/wp\/v2\/media?parent=20443"}],"wp:term":[{"taxonomy":"category","embeddable":true,"href":"https:\/\/thepueblatimes.mx\/index.php\/wp-json\/wp\/v2\/categories?post=20443"},{"taxonomy":"post_tag","embeddable":true,"href":"https:\/\/thepueblatimes.mx\/index.php\/wp-json\/wp\/v2\/tags?post=20443"}],"curies":[{"name":"wp","href":"https:\/\/api.w.org\/{rel}","templated":true}]}}