{"id":20437,"date":"2023-12-13T18:13:42","date_gmt":"2023-12-14T00:13:42","guid":{"rendered":"https:\/\/thepueblatimes.mx\/?p=20437"},"modified":"2023-12-13T18:13:42","modified_gmt":"2023-12-14T00:13:42","slug":"preside-sergio-salomon-ceremonia-por-aniversario-luctuoso-de-miguel-barbosa-huerta","status":"publish","type":"post","link":"https:\/\/thepueblatimes.mx\/index.php\/2023\/12\/13\/preside-sergio-salomon-ceremonia-por-aniversario-luctuoso-de-miguel-barbosa-huerta\/","title":{"rendered":"Preside Sergio Salom\u00f3n ceremonia por aniversario luctuoso de Miguel Barbosa Huerta"},"content":{"rendered":"<h3><em>-El mandatario puntualiz\u00f3 que el Gobierno del Estado reconoce y honra la memoria del exgobernador, quien sent\u00f3 las bases para consolidar la Cuarta Transformaci\u00f3n en Puebla<\/em><\/h3>\n<p><strong>CIUDAD DE PUEBLA, Pue. \u2013<\/strong>\u00a0El gobernador Sergio Salom\u00f3n presidi\u00f3 la ceremonia por el primer aniversario luctuoso del exmandatario poblano, Miguel Barbosa Huerta, de quien destac\u00f3 su compromiso por combatir la desigualdad y buscar el bienestar de la poblaci\u00f3n.<\/p>\n<p>En compa\u00f1\u00eda de secretarias y secretarios estatales, el titular del Ejecutivo manifest\u00f3 que el Gobierno del Estado reconoce y honra la memoria del exmandatario, quien sent\u00f3 las bases para consolidar la Cuarta Transformaci\u00f3n en Puebla a lado del presidente de M\u00e9xico, Andr\u00e9s Manuel L\u00f3pez Obrador.<\/p>\n<p>Sergio Salom\u00f3n agreg\u00f3 que su administraci\u00f3n trabaja con mucha puntualidad para generar mejores condiciones de vida y un futuro a las y los poblanos.<\/p>\n<p>El secretario de Trabajo, Gabriel Biestro Medinilla reconoci\u00f3 que el gobierno que encabeza Sergio Salom\u00f3n ha honrado el legado de Miguel Barbosa Huerta y seguido la ruta que dej\u00f3 de ser una administraci\u00f3n cercana, presente, emp\u00e1tica, sensible y que atiende las necesidades de las y los poblanos.<\/p>\n<p><em>\u00a0<\/em><\/p>\n","protected":false},"excerpt":{"rendered":"<p>-El mandatario puntualiz\u00f3 que el Gobierno del Estado reconoce y honra la memoria del exgobernador, quien sent\u00f3 las bases para consolidar la Cuarta Transformaci\u00f3n en Puebla CIUDAD DE PUEBLA, Pue. \u2013\u00a0El gobernador Sergio Salom\u00f3n presidi\u00f3 la ceremonia por el primer aniversario luctuoso del exmandatario poblano, Miguel Barbosa Huerta, de quien destac\u00f3 su compromiso por combatir&#8230;<\/p>\n","protected":false},"author":2,"featured_media":20438,"comment_status":"closed","ping_status":"closed","sticky":false,"template":"","format":"standard","meta":[],"categories":[3,116],"tags":[1291,1273,135,628],"yoast_head":"<!-- This site is optimized with the Yoast SEO plugin v20.8 - https:\/\/yoast.com\/wordpress\/plugins\/seo\/ -->\n<title>Preside Sergio Salom\u00f3n ceremonia por aniversario luctuoso de Miguel Barbosa Huerta - The Puebla Times<\/title>\n<meta name=\"robots\" content=\"index, follow, max-snippet:-1, max-image-preview:large, max-video-preview:-1\" \/>\n<link rel=\"canonical\" href=\"https:\/\/thepueblatimes.mx\/index.php\/2023\/12\/13\/preside-sergio-salomon-ceremonia-por-aniversario-luctuoso-de-miguel-barbosa-huerta\/\" \/>\n<meta property=\"og:locale\" content=\"es_ES\" \/>\n<meta property=\"og:type\" content=\"article\" \/>\n<meta property=\"og:title\" content=\"Preside Sergio Salom\u00f3n ceremonia por aniversario luctuoso de Miguel Barbosa Huerta - The Puebla Times\" \/>\n<meta property=\"og:description\" content=\"-El mandatario puntualiz\u00f3 que el Gobierno del Estado reconoce y honra la memoria del exgobernador, quien sent\u00f3 las bases para consolidar la Cuarta Transformaci\u00f3n en Puebla CIUDAD DE PUEBLA, Pue. \u2013\u00a0El gobernador Sergio Salom\u00f3n presidi\u00f3 la ceremonia por el primer aniversario luctuoso del exmandatario poblano, Miguel Barbosa Huerta, de quien destac\u00f3 su compromiso por combatir...\" \/>\n<meta property=\"og:url\" content=\"https:\/\/thepueblatimes.mx\/index.php\/2023\/12\/13\/preside-sergio-salomon-ceremonia-por-aniversario-luctuoso-de-miguel-barbosa-huerta\/\" \/>\n<meta property=\"og:site_name\" content=\"The Puebla Times\" \/>\n<meta property=\"article:published_time\" content=\"2023-12-14T00:13:42+00:00\" \/>\n<meta property=\"og:image\" content=\"https:\/\/thepueblatimes.mx\/wp-content\/uploads\/2023\/12\/WhatsApp_Image_2023-12-13_at_10.39.08_AM_1.jpeg\" \/>\n\t<meta property=\"og:image:width\" content=\"2560\" \/>\n\t<meta property=\"og:image:height\" content=\"1703\" \/>\n\t<meta property=\"og:image:type\" content=\"image\/jpeg\" \/>\n<meta name=\"author\" content=\"admintpt\" \/>\n<meta name=\"twitter:card\" content=\"summary_large_image\" \/>\n<meta name=\"twitter:label1\" content=\"Escrito por\" \/>\n\t<meta name=\"twitter:data1\" content=\"admintpt\" \/>\n\t<meta name=\"twitter:label2\" content=\"Tiempo de lectura\" \/>\n\t<meta name=\"twitter:data2\" content=\"1 minuto\" \/>\n<script type=\"application\/ld+json\" class=\"yoast-schema-graph\">{\"@context\":\"https:\/\/schema.org\",\"@graph\":[{\"@type\":\"WebPage\",\"@id\":\"https:\/\/thepueblatimes.mx\/index.php\/2023\/12\/13\/preside-sergio-salomon-ceremonia-por-aniversario-luctuoso-de-miguel-barbosa-huerta\/\",\"url\":\"https:\/\/thepueblatimes.mx\/index.php\/2023\/12\/13\/preside-sergio-salomon-ceremonia-por-aniversario-luctuoso-de-miguel-barbosa-huerta\/\",\"name\":\"Preside Sergio Salom\u00f3n ceremonia por aniversario luctuoso de Miguel Barbosa Huerta - The Puebla Times\",\"isPartOf\":{\"@id\":\"https:\/\/thepueblatimes.mx\/#website\"},\"datePublished\":\"2023-12-14T00:13:42+00:00\",\"dateModified\":\"2023-12-14T00:13:42+00:00\",\"author\":{\"@id\":\"https:\/\/thepueblatimes.mx\/#\/schema\/person\/c90a455f48a80821b6a99d3d73d1a71f\"},\"breadcrumb\":{\"@id\":\"https:\/\/thepueblatimes.mx\/index.php\/2023\/12\/13\/preside-sergio-salomon-ceremonia-por-aniversario-luctuoso-de-miguel-barbosa-huerta\/#breadcrumb\"},\"inLanguage\":\"es\",\"potentialAction\":[{\"@type\":\"ReadAction\",\"target\":[\"https:\/\/thepueblatimes.mx\/index.php\/2023\/12\/13\/preside-sergio-salomon-ceremonia-por-aniversario-luctuoso-de-miguel-barbosa-huerta\/\"]}]},{\"@type\":\"BreadcrumbList\",\"@id\":\"https:\/\/thepueblatimes.mx\/index.php\/2023\/12\/13\/preside-sergio-salomon-ceremonia-por-aniversario-luctuoso-de-miguel-barbosa-huerta\/#breadcrumb\",\"itemListElement\":[{\"@type\":\"ListItem\",\"position\":1,\"name\":\"Portada\",\"item\":\"https:\/\/thepueblatimes.mx\/\"},{\"@type\":\"ListItem\",\"position\":2,\"name\":\"Preside Sergio Salom\u00f3n ceremonia por aniversario luctuoso de Miguel Barbosa Huerta\"}]},{\"@type\":\"WebSite\",\"@id\":\"https:\/\/thepueblatimes.mx\/#website\",\"url\":\"https:\/\/thepueblatimes.mx\/\",\"name\":\"The Puebla Times\",\"description\":\"Noticias del Estado de Puebla\",\"potentialAction\":[{\"@type\":\"SearchAction\",\"target\":{\"@type\":\"EntryPoint\",\"urlTemplate\":\"https:\/\/thepueblatimes.mx\/?s={search_term_string}\"},\"query-input\":\"required name=search_term_string\"}],\"inLanguage\":\"es\"},{\"@type\":\"Person\",\"@id\":\"https:\/\/thepueblatimes.mx\/#\/schema\/person\/c90a455f48a80821b6a99d3d73d1a71f\",\"name\":\"admintpt\",\"image\":{\"@type\":\"ImageObject\",\"inLanguage\":\"es\",\"@id\":\"https:\/\/thepueblatimes.mx\/#\/schema\/person\/image\/\",\"url\":\"https:\/\/secure.gravatar.com\/avatar\/13f0a494cc76bfb992f9768b1d51109d?s=96&d=mm&r=g\",\"contentUrl\":\"https:\/\/secure.gravatar.com\/avatar\/13f0a494cc76bfb992f9768b1d51109d?s=96&d=mm&r=g\",\"caption\":\"admintpt\"},\"url\":\"https:\/\/thepueblatimes.mx\/index.php\/author\/admintpt\/\"}]}<\/script>\n<!-- \/ Yoast SEO plugin. -->","yoast_head_json":{"title":"Preside Sergio Salom\u00f3n ceremonia por aniversario luctuoso de Miguel Barbosa Huerta - The Puebla Times","robots":{"index":"index","follow":"follow","max-snippet":"max-snippet:-1","max-image-preview":"max-image-preview:large","max-video-preview":"max-video-preview:-1"},"canonical":"https:\/\/thepueblatimes.mx\/index.php\/2023\/12\/13\/preside-sergio-salomon-ceremonia-por-aniversario-luctuoso-de-miguel-barbosa-huerta\/","og_locale":"es_ES","og_type":"article","og_title":"Preside Sergio Salom\u00f3n ceremonia por aniversario luctuoso de Miguel Barbosa Huerta - The Puebla Times","og_description":"-El mandatario puntualiz\u00f3 que el Gobierno del Estado reconoce y honra la memoria del exgobernador, quien sent\u00f3 las bases para consolidar la Cuarta Transformaci\u00f3n en Puebla CIUDAD DE PUEBLA, Pue. \u2013\u00a0El gobernador Sergio Salom\u00f3n presidi\u00f3 la ceremonia por el primer aniversario luctuoso del exmandatario poblano, Miguel Barbosa Huerta, de quien destac\u00f3 su compromiso por combatir...","og_url":"https:\/\/thepueblatimes.mx\/index.php\/2023\/12\/13\/preside-sergio-salomon-ceremonia-por-aniversario-luctuoso-de-miguel-barbosa-huerta\/","og_site_name":"The Puebla Times","article_published_time":"2023-12-14T00:13:42+00:00","og_image":[{"width":2560,"height":1703,"url":"https:\/\/thepueblatimes.mx\/wp-content\/uploads\/2023\/12\/WhatsApp_Image_2023-12-13_at_10.39.08_AM_1.jpeg","type":"image\/jpeg"}],"author":"admintpt","twitter_card":"summary_large_image","twitter_misc":{"Escrito por":"admintpt","Tiempo de lectura":"1 minuto"},"schema":{"@context":"https:\/\/schema.org","@graph":[{"@type":"WebPage","@id":"https:\/\/thepueblatimes.mx\/index.php\/2023\/12\/13\/preside-sergio-salomon-ceremonia-por-aniversario-luctuoso-de-miguel-barbosa-huerta\/","url":"https:\/\/thepueblatimes.mx\/index.php\/2023\/12\/13\/preside-sergio-salomon-ceremonia-por-aniversario-luctuoso-de-miguel-barbosa-huerta\/","name":"Preside Sergio Salom\u00f3n ceremonia por aniversario luctuoso de Miguel Barbosa Huerta - The Puebla Times","isPartOf":{"@id":"https:\/\/thepueblatimes.mx\/#website"},"datePublished":"2023-12-14T00:13:42+00:00","dateModified":"2023-12-14T00:13:42+00:00","author":{"@id":"https:\/\/thepueblatimes.mx\/#\/schema\/person\/c90a455f48a80821b6a99d3d73d1a71f"},"breadcrumb":{"@id":"https:\/\/thepueblatimes.mx\/index.php\/2023\/12\/13\/preside-sergio-salomon-ceremonia-por-aniversario-luctuoso-de-miguel-barbosa-huerta\/#breadcrumb"},"inLanguage":"es","potentialAction":[{"@type":"ReadAction","target":["https:\/\/thepueblatimes.mx\/index.php\/2023\/12\/13\/preside-sergio-salomon-ceremonia-por-aniversario-luctuoso-de-miguel-barbosa-huerta\/"]}]},{"@type":"BreadcrumbList","@id":"https:\/\/thepueblatimes.mx\/index.php\/2023\/12\/13\/preside-sergio-salomon-ceremonia-por-aniversario-luctuoso-de-miguel-barbosa-huerta\/#breadcrumb","itemListElement":[{"@type":"ListItem","position":1,"name":"Portada","item":"https:\/\/thepueblatimes.mx\/"},{"@type":"ListItem","position":2,"name":"Preside Sergio Salom\u00f3n ceremonia por aniversario luctuoso de Miguel Barbosa Huerta"}]},{"@type":"WebSite","@id":"https:\/\/thepueblatimes.mx\/#website","url":"https:\/\/thepueblatimes.mx\/","name":"The Puebla Times","description":"Noticias del Estado de Puebla","potentialAction":[{"@type":"SearchAction","target":{"@type":"EntryPoint","urlTemplate":"https:\/\/thepueblatimes.mx\/?s={search_term_string}"},"query-input":"required name=search_term_string"}],"inLanguage":"es"},{"@type":"Person","@id":"https:\/\/thepueblatimes.mx\/#\/schema\/person\/c90a455f48a80821b6a99d3d73d1a71f","name":"admintpt","image":{"@type":"ImageObject","inLanguage":"es","@id":"https:\/\/thepueblatimes.mx\/#\/schema\/person\/image\/","url":"https:\/\/secure.gravatar.com\/avatar\/13f0a494cc76bfb992f9768b1d51109d?s=96&d=mm&r=g","contentUrl":"https:\/\/secure.gravatar.com\/avatar\/13f0a494cc76bfb992f9768b1d51109d?s=96&d=mm&r=g","caption":"admintpt"},"url":"https:\/\/thepueblatimes.mx\/index.php\/author\/admintpt\/"}]}},"jetpack_featured_media_url":"https:\/\/thepueblatimes.mx\/wp-content\/uploads\/2023\/12\/WhatsApp_Image_2023-12-13_at_10.39.08_AM_1.jpeg","_links":{"self":[{"href":"https:\/\/thepueblatimes.mx\/index.php\/wp-json\/wp\/v2\/posts\/20437"}],"collection":[{"href":"https:\/\/thepueblatimes.mx\/index.php\/wp-json\/wp\/v2\/posts"}],"about":[{"href":"https:\/\/thepueblatimes.mx\/index.php\/wp-json\/wp\/v2\/types\/post"}],"author":[{"embeddable":true,"href":"https:\/\/thepueblatimes.mx\/index.php\/wp-json\/wp\/v2\/users\/2"}],"replies":[{"embeddable":true,"href":"https:\/\/thepueblatimes.mx\/index.php\/wp-json\/wp\/v2\/comments?post=20437"}],"version-history":[{"count":1,"href":"https:\/\/thepueblatimes.mx\/index.php\/wp-json\/wp\/v2\/posts\/20437\/revisions"}],"predecessor-version":[{"id":20439,"href":"https:\/\/thepueblatimes.mx\/index.php\/wp-json\/wp\/v2\/posts\/20437\/revisions\/20439"}],"wp:featuredmedia":[{"embeddable":true,"href":"https:\/\/thepueblatimes.mx\/index.php\/wp-json\/wp\/v2\/media\/20438"}],"wp:attachment":[{"href":"https:\/\/thepueblatimes.mx\/index.php\/wp-json\/wp\/v2\/media?parent=20437"}],"wp:term":[{"taxonomy":"category","embeddable":true,"href":"https:\/\/thepueblatimes.mx\/index.php\/wp-json\/wp\/v2\/categories?post=20437"},{"taxonomy":"post_tag","embeddable":true,"href":"https:\/\/thepueblatimes.mx\/index.php\/wp-json\/wp\/v2\/tags?post=20437"}],"curies":[{"name":"wp","href":"https:\/\/api.w.org\/{rel}","templated":true}]}}