{"id":20430,"date":"2023-12-13T17:47:15","date_gmt":"2023-12-13T23:47:15","guid":{"rendered":"https:\/\/thepueblatimes.mx\/?p=20430"},"modified":"2023-12-13T17:47:15","modified_gmt":"2023-12-13T23:47:15","slug":"la-defensa-panista-del-metodo-de-seleccion","status":"publish","type":"post","link":"https:\/\/thepueblatimes.mx\/index.php\/2023\/12\/13\/la-defensa-panista-del-metodo-de-seleccion\/","title":{"rendered":"La defensa panista del m\u00e9todo de selecci\u00f3n"},"content":{"rendered":"<p>POR FRED ESTRADA<\/p>\n<p>Al interior del PAN Puebla, existe una abierta inconformidad por el m\u00e9todo de designaci\u00f3n directa para la asignaci\u00f3n de candidaturas para el proceso electoral 2024.<\/p>\n<p>Ante ello, la presidenta del Comit\u00e9 Directivo Estatal del PAN, Augusta D\u00edaz de Rivera Hern\u00e1ndez defendi\u00f3 la elecci\u00f3n de ese m\u00e9todo y argument\u00f3 que \u201cno es un cheque en blanco\u201d sino una gran responsabilidad para elegir al perfil m\u00e1s competitivo.<\/p>\n<p>Advirti\u00f3 que previo a la designaci\u00f3n se desarrolla un proceso en el que no habr\u00e1 amiguismos para ning\u00fan militante o grupo.<\/p>\n<p>Trat\u00f3 de describir el proceso, que culmina con la aprobaci\u00f3n de la propuesta en la Comisi\u00f3n Permanente del PAN.<\/p>\n<p>Pero todo indica que las voces cr\u00edticas no se acallar\u00e1n con facilidad.<\/p>\n<p>Como partido tienen la libertad de elegir el m\u00e9todo de selecci\u00f3n que consideren m\u00e1s adecuado, dentro de las opciones contempladas en el marco legal.<\/p>\n<p>Sin embargo, en el fondo se aprecia necesario que todos los aspirantes, en principio y se sujeten a las reglas.<\/p>\n<p>Una acci\u00f3n que requiere de un manejo amplio, basado el cabildeo y la negociaci\u00f3n, que evite la proyecci\u00f3n de fisuras y eventuales fracturas.<\/p>\n<p>Esa es una posibilidad que no puede descartarse en todo proceso, pero que por desgracia parecer estar presente de manera permanente.<\/p>\n<p>Una situaci\u00f3n que por desgracia no es ajena de ning\u00fan partido pol\u00edtico, pero cuya soluci\u00f3n m\u00e1s all\u00e1 de encontrarse en la esfera medi\u00e1tica, transita por el adecuado manejo y control del proceso.<\/p>\n<p>El diferendo tiene un origen claro que en todo momento puede atenderse mediante el di\u00e1logo y la concertaci\u00f3n, al interior del partido, pero que de ninguna manera se supera litig\u00e1ndolo en el plano medi\u00e1tico.<\/p>\n","protected":false},"excerpt":{"rendered":"<p>POR FRED ESTRADA Al interior del PAN Puebla, existe una abierta inconformidad por el m\u00e9todo de designaci\u00f3n directa para la asignaci\u00f3n de candidaturas para el proceso electoral 2024. Ante ello, la presidenta del Comit\u00e9 Directivo Estatal del PAN, Augusta D\u00edaz de Rivera Hern\u00e1ndez defendi\u00f3 la elecci\u00f3n de ese m\u00e9todo y argument\u00f3 que \u201cno es un&#8230;<\/p>\n","protected":false},"author":2,"featured_media":20431,"comment_status":"closed","ping_status":"closed","sticky":false,"template":"","format":"standard","meta":[],"categories":[10,8],"tags":[1302,605,1615,161,577],"yoast_head":"<!-- This site is optimized with the Yoast SEO plugin v20.8 - https:\/\/yoast.com\/wordpress\/plugins\/seo\/ -->\n<title>La defensa panista del m\u00e9todo de selecci\u00f3n - The Puebla Times<\/title>\n<meta name=\"robots\" content=\"index, follow, max-snippet:-1, max-image-preview:large, max-video-preview:-1\" \/>\n<link rel=\"canonical\" href=\"https:\/\/thepueblatimes.mx\/index.php\/2023\/12\/13\/la-defensa-panista-del-metodo-de-seleccion\/\" \/>\n<meta property=\"og:locale\" content=\"es_ES\" \/>\n<meta property=\"og:type\" content=\"article\" \/>\n<meta property=\"og:title\" content=\"La defensa panista del m\u00e9todo de selecci\u00f3n - The Puebla Times\" \/>\n<meta property=\"og:description\" content=\"POR FRED ESTRADA Al interior del PAN Puebla, existe una abierta inconformidad por el m\u00e9todo de designaci\u00f3n directa para la asignaci\u00f3n de candidaturas para el proceso electoral 2024. Ante ello, la presidenta del Comit\u00e9 Directivo Estatal del PAN, Augusta D\u00edaz de Rivera Hern\u00e1ndez defendi\u00f3 la elecci\u00f3n de ese m\u00e9todo y argument\u00f3 que \u201cno es un...\" \/>\n<meta property=\"og:url\" content=\"https:\/\/thepueblatimes.mx\/index.php\/2023\/12\/13\/la-defensa-panista-del-metodo-de-seleccion\/\" \/>\n<meta property=\"og:site_name\" content=\"The Puebla Times\" \/>\n<meta property=\"article:published_time\" content=\"2023-12-13T23:47:15+00:00\" \/>\n<meta property=\"og:image\" content=\"https:\/\/thepueblatimes.mx\/wp-content\/uploads\/2023\/12\/Augusta-Diaz-de-Rivera.jpg\" \/>\n\t<meta property=\"og:image:width\" content=\"768\" \/>\n\t<meta property=\"og:image:height\" content=\"549\" \/>\n\t<meta property=\"og:image:type\" content=\"image\/jpeg\" \/>\n<meta name=\"author\" content=\"admintpt\" \/>\n<meta name=\"twitter:card\" content=\"summary_large_image\" \/>\n<meta name=\"twitter:label1\" content=\"Escrito por\" \/>\n\t<meta name=\"twitter:data1\" content=\"admintpt\" \/>\n\t<meta name=\"twitter:label2\" content=\"Tiempo de lectura\" \/>\n\t<meta name=\"twitter:data2\" content=\"2 minutos\" \/>\n<script type=\"application\/ld+json\" class=\"yoast-schema-graph\">{\"@context\":\"https:\/\/schema.org\",\"@graph\":[{\"@type\":\"WebPage\",\"@id\":\"https:\/\/thepueblatimes.mx\/index.php\/2023\/12\/13\/la-defensa-panista-del-metodo-de-seleccion\/\",\"url\":\"https:\/\/thepueblatimes.mx\/index.php\/2023\/12\/13\/la-defensa-panista-del-metodo-de-seleccion\/\",\"name\":\"La defensa panista del m\u00e9todo de selecci\u00f3n - The Puebla Times\",\"isPartOf\":{\"@id\":\"https:\/\/thepueblatimes.mx\/#website\"},\"datePublished\":\"2023-12-13T23:47:15+00:00\",\"dateModified\":\"2023-12-13T23:47:15+00:00\",\"author\":{\"@id\":\"https:\/\/thepueblatimes.mx\/#\/schema\/person\/c90a455f48a80821b6a99d3d73d1a71f\"},\"breadcrumb\":{\"@id\":\"https:\/\/thepueblatimes.mx\/index.php\/2023\/12\/13\/la-defensa-panista-del-metodo-de-seleccion\/#breadcrumb\"},\"inLanguage\":\"es\",\"potentialAction\":[{\"@type\":\"ReadAction\",\"target\":[\"https:\/\/thepueblatimes.mx\/index.php\/2023\/12\/13\/la-defensa-panista-del-metodo-de-seleccion\/\"]}]},{\"@type\":\"BreadcrumbList\",\"@id\":\"https:\/\/thepueblatimes.mx\/index.php\/2023\/12\/13\/la-defensa-panista-del-metodo-de-seleccion\/#breadcrumb\",\"itemListElement\":[{\"@type\":\"ListItem\",\"position\":1,\"name\":\"Portada\",\"item\":\"https:\/\/thepueblatimes.mx\/\"},{\"@type\":\"ListItem\",\"position\":2,\"name\":\"La defensa panista del m\u00e9todo de selecci\u00f3n\"}]},{\"@type\":\"WebSite\",\"@id\":\"https:\/\/thepueblatimes.mx\/#website\",\"url\":\"https:\/\/thepueblatimes.mx\/\",\"name\":\"The Puebla Times\",\"description\":\"Noticias del Estado de Puebla\",\"potentialAction\":[{\"@type\":\"SearchAction\",\"target\":{\"@type\":\"EntryPoint\",\"urlTemplate\":\"https:\/\/thepueblatimes.mx\/?s={search_term_string}\"},\"query-input\":\"required name=search_term_string\"}],\"inLanguage\":\"es\"},{\"@type\":\"Person\",\"@id\":\"https:\/\/thepueblatimes.mx\/#\/schema\/person\/c90a455f48a80821b6a99d3d73d1a71f\",\"name\":\"admintpt\",\"image\":{\"@type\":\"ImageObject\",\"inLanguage\":\"es\",\"@id\":\"https:\/\/thepueblatimes.mx\/#\/schema\/person\/image\/\",\"url\":\"https:\/\/secure.gravatar.com\/avatar\/13f0a494cc76bfb992f9768b1d51109d?s=96&d=mm&r=g\",\"contentUrl\":\"https:\/\/secure.gravatar.com\/avatar\/13f0a494cc76bfb992f9768b1d51109d?s=96&d=mm&r=g\",\"caption\":\"admintpt\"},\"url\":\"https:\/\/thepueblatimes.mx\/index.php\/author\/admintpt\/\"}]}<\/script>\n<!-- \/ Yoast SEO plugin. -->","yoast_head_json":{"title":"La defensa panista del m\u00e9todo de selecci\u00f3n - The Puebla Times","robots":{"index":"index","follow":"follow","max-snippet":"max-snippet:-1","max-image-preview":"max-image-preview:large","max-video-preview":"max-video-preview:-1"},"canonical":"https:\/\/thepueblatimes.mx\/index.php\/2023\/12\/13\/la-defensa-panista-del-metodo-de-seleccion\/","og_locale":"es_ES","og_type":"article","og_title":"La defensa panista del m\u00e9todo de selecci\u00f3n - The Puebla Times","og_description":"POR FRED ESTRADA Al interior del PAN Puebla, existe una abierta inconformidad por el m\u00e9todo de designaci\u00f3n directa para la asignaci\u00f3n de candidaturas para el proceso electoral 2024. Ante ello, la presidenta del Comit\u00e9 Directivo Estatal del PAN, Augusta D\u00edaz de Rivera Hern\u00e1ndez defendi\u00f3 la elecci\u00f3n de ese m\u00e9todo y argument\u00f3 que \u201cno es un...","og_url":"https:\/\/thepueblatimes.mx\/index.php\/2023\/12\/13\/la-defensa-panista-del-metodo-de-seleccion\/","og_site_name":"The Puebla Times","article_published_time":"2023-12-13T23:47:15+00:00","og_image":[{"width":768,"height":549,"url":"https:\/\/thepueblatimes.mx\/wp-content\/uploads\/2023\/12\/Augusta-Diaz-de-Rivera.jpg","type":"image\/jpeg"}],"author":"admintpt","twitter_card":"summary_large_image","twitter_misc":{"Escrito por":"admintpt","Tiempo de lectura":"2 minutos"},"schema":{"@context":"https:\/\/schema.org","@graph":[{"@type":"WebPage","@id":"https:\/\/thepueblatimes.mx\/index.php\/2023\/12\/13\/la-defensa-panista-del-metodo-de-seleccion\/","url":"https:\/\/thepueblatimes.mx\/index.php\/2023\/12\/13\/la-defensa-panista-del-metodo-de-seleccion\/","name":"La defensa panista del m\u00e9todo de selecci\u00f3n - The Puebla Times","isPartOf":{"@id":"https:\/\/thepueblatimes.mx\/#website"},"datePublished":"2023-12-13T23:47:15+00:00","dateModified":"2023-12-13T23:47:15+00:00","author":{"@id":"https:\/\/thepueblatimes.mx\/#\/schema\/person\/c90a455f48a80821b6a99d3d73d1a71f"},"breadcrumb":{"@id":"https:\/\/thepueblatimes.mx\/index.php\/2023\/12\/13\/la-defensa-panista-del-metodo-de-seleccion\/#breadcrumb"},"inLanguage":"es","potentialAction":[{"@type":"ReadAction","target":["https:\/\/thepueblatimes.mx\/index.php\/2023\/12\/13\/la-defensa-panista-del-metodo-de-seleccion\/"]}]},{"@type":"BreadcrumbList","@id":"https:\/\/thepueblatimes.mx\/index.php\/2023\/12\/13\/la-defensa-panista-del-metodo-de-seleccion\/#breadcrumb","itemListElement":[{"@type":"ListItem","position":1,"name":"Portada","item":"https:\/\/thepueblatimes.mx\/"},{"@type":"ListItem","position":2,"name":"La defensa panista del m\u00e9todo de selecci\u00f3n"}]},{"@type":"WebSite","@id":"https:\/\/thepueblatimes.mx\/#website","url":"https:\/\/thepueblatimes.mx\/","name":"The Puebla Times","description":"Noticias del Estado de Puebla","potentialAction":[{"@type":"SearchAction","target":{"@type":"EntryPoint","urlTemplate":"https:\/\/thepueblatimes.mx\/?s={search_term_string}"},"query-input":"required name=search_term_string"}],"inLanguage":"es"},{"@type":"Person","@id":"https:\/\/thepueblatimes.mx\/#\/schema\/person\/c90a455f48a80821b6a99d3d73d1a71f","name":"admintpt","image":{"@type":"ImageObject","inLanguage":"es","@id":"https:\/\/thepueblatimes.mx\/#\/schema\/person\/image\/","url":"https:\/\/secure.gravatar.com\/avatar\/13f0a494cc76bfb992f9768b1d51109d?s=96&d=mm&r=g","contentUrl":"https:\/\/secure.gravatar.com\/avatar\/13f0a494cc76bfb992f9768b1d51109d?s=96&d=mm&r=g","caption":"admintpt"},"url":"https:\/\/thepueblatimes.mx\/index.php\/author\/admintpt\/"}]}},"jetpack_featured_media_url":"https:\/\/thepueblatimes.mx\/wp-content\/uploads\/2023\/12\/Augusta-Diaz-de-Rivera.jpg","_links":{"self":[{"href":"https:\/\/thepueblatimes.mx\/index.php\/wp-json\/wp\/v2\/posts\/20430"}],"collection":[{"href":"https:\/\/thepueblatimes.mx\/index.php\/wp-json\/wp\/v2\/posts"}],"about":[{"href":"https:\/\/thepueblatimes.mx\/index.php\/wp-json\/wp\/v2\/types\/post"}],"author":[{"embeddable":true,"href":"https:\/\/thepueblatimes.mx\/index.php\/wp-json\/wp\/v2\/users\/2"}],"replies":[{"embeddable":true,"href":"https:\/\/thepueblatimes.mx\/index.php\/wp-json\/wp\/v2\/comments?post=20430"}],"version-history":[{"count":1,"href":"https:\/\/thepueblatimes.mx\/index.php\/wp-json\/wp\/v2\/posts\/20430\/revisions"}],"predecessor-version":[{"id":20432,"href":"https:\/\/thepueblatimes.mx\/index.php\/wp-json\/wp\/v2\/posts\/20430\/revisions\/20432"}],"wp:featuredmedia":[{"embeddable":true,"href":"https:\/\/thepueblatimes.mx\/index.php\/wp-json\/wp\/v2\/media\/20431"}],"wp:attachment":[{"href":"https:\/\/thepueblatimes.mx\/index.php\/wp-json\/wp\/v2\/media?parent=20430"}],"wp:term":[{"taxonomy":"category","embeddable":true,"href":"https:\/\/thepueblatimes.mx\/index.php\/wp-json\/wp\/v2\/categories?post=20430"},{"taxonomy":"post_tag","embeddable":true,"href":"https:\/\/thepueblatimes.mx\/index.php\/wp-json\/wp\/v2\/tags?post=20430"}],"curies":[{"name":"wp","href":"https:\/\/api.w.org\/{rel}","templated":true}]}}