{"id":20415,"date":"2023-12-11T18:35:59","date_gmt":"2023-12-12T00:35:59","guid":{"rendered":"https:\/\/thepueblatimes.mx\/?p=20415"},"modified":"2023-12-11T18:35:59","modified_gmt":"2023-12-12T00:35:59","slug":"alejandro-armenta-plantea-que-no-son-cinco-sino-miles-quienes-quieren-integrarse-a-morena","status":"publish","type":"post","link":"https:\/\/thepueblatimes.mx\/index.php\/2023\/12\/11\/alejandro-armenta-plantea-que-no-son-cinco-sino-miles-quienes-quieren-integrarse-a-morena\/","title":{"rendered":"Alejandro Armenta plantea que no son cinco sino miles quienes quieren integrarse a Morena"},"content":{"rendered":"<h3><em>se\u00f1ala desv\u00edo de recursos en el Ayuntamiento de Puebla<\/em><\/h3>\n<p>POR FRED\u00a0 ESTRADA<\/p>\n<p>No son cinco priistas estar\u00edan por adherirse a Morena, expres\u00f3 que no son cinco sino miles de ciudadanos los que buscan incorporarse al movimiento.<\/p>\n<p>As\u00ed respondi\u00f3 Alejandro Armenta Mier a la declaraciones del l\u00edder priista N\u00e9stor Camarillo, quien recientemente expres\u00f3 que Morena trataba de atraer a cinco priistas, a sus filas.<\/p>\n<p>Agreg\u00f3 que la coalici\u00f3n que busca conformar se fortalece y es incluyente.<\/p>\n<p>En relaci\u00f3n a las aspiraciones del Eduardo Rivera y la confianza que hay en el frente opositor en que con los votos de la zona conurbada podr\u00e1n ganar, advirti\u00f3 que de su lado no se conf\u00eda y seguir\u00e1n trabajando.<br \/>\nDijo que en el Ayuntamiento de Puebla que hay un desv\u00edo de recursos brutal.<\/p>\n<p>El 50 por ciento de los recursos del erario municipal, manifest\u00f3, se han destinado a imagen.<\/p>\n<p>Subray\u00f3 que las juntas auxiliares est\u00e1n en el abandono y hay pendientes en la seguridad y en mercados.<br \/>\nResalt\u00f3 que \u00abla verdad los pone en el lugar que merecen\u00bb.<\/p>\n<p>En compa\u00f1\u00eda de dirigentes de Morena, Partido del Trabajo, PVEM, Nueva Alianza y Fuerza por M\u00e9xico, Armenta Mier resalt\u00f3 que a la coalici\u00f3n se incorporar\u00e1n organizaciones sociales y pol\u00edticas.<\/p>\n<p>Afirm\u00f3 que est\u00e1n dando una muestra de inclusi\u00f3n y apertura que no se agota. Y buscan sumar a los talentos de los equipos que tomaron parte en la etapa del proceso de selecci\u00f3n de coordinador estatal.<\/p>\n<p>Sobre el desempe\u00f1o del gobernador Sergio Salom\u00f3n C\u00e9spedes Peregrina, reconoci\u00f3 el dinamismo y el trabajo en pro de la recomposici\u00f3n del tejido social, adem\u00e1s de dinamizar el ritmo de trabajo de la administraci\u00f3n p\u00fablica.<\/p>\n","protected":false},"excerpt":{"rendered":"<p>se\u00f1ala desv\u00edo de recursos en el Ayuntamiento de Puebla POR FRED\u00a0 ESTRADA No son cinco priistas estar\u00edan por adherirse a Morena, expres\u00f3 que no son cinco sino miles de ciudadanos los que buscan incorporarse al movimiento. As\u00ed respondi\u00f3 Alejandro Armenta Mier a la declaraciones del l\u00edder priista N\u00e9stor Camarillo, quien recientemente expres\u00f3 que Morena trataba&#8230;<\/p>\n","protected":false},"author":2,"featured_media":20416,"comment_status":"closed","ping_status":"closed","sticky":false,"template":"","format":"standard","meta":[],"categories":[10,8],"tags":[187,1287,605,66,49],"yoast_head":"<!-- This site is optimized with the Yoast SEO plugin v20.8 - https:\/\/yoast.com\/wordpress\/plugins\/seo\/ -->\n<title>Alejandro Armenta plantea que no son cinco sino miles quienes quieren integrarse a Morena - The Puebla Times<\/title>\n<meta name=\"robots\" content=\"index, follow, max-snippet:-1, max-image-preview:large, max-video-preview:-1\" \/>\n<link rel=\"canonical\" href=\"https:\/\/thepueblatimes.mx\/index.php\/2023\/12\/11\/alejandro-armenta-plantea-que-no-son-cinco-sino-miles-quienes-quieren-integrarse-a-morena\/\" \/>\n<meta property=\"og:locale\" content=\"es_ES\" \/>\n<meta property=\"og:type\" content=\"article\" \/>\n<meta property=\"og:title\" content=\"Alejandro Armenta plantea que no son cinco sino miles quienes quieren integrarse a Morena - The Puebla Times\" \/>\n<meta property=\"og:description\" content=\"se\u00f1ala desv\u00edo de recursos en el Ayuntamiento de Puebla POR FRED\u00a0 ESTRADA No son cinco priistas estar\u00edan por adherirse a Morena, expres\u00f3 que no son cinco sino miles de ciudadanos los que buscan incorporarse al movimiento. As\u00ed respondi\u00f3 Alejandro Armenta Mier a la declaraciones del l\u00edder priista N\u00e9stor Camarillo, quien recientemente expres\u00f3 que Morena trataba...\" \/>\n<meta property=\"og:url\" content=\"https:\/\/thepueblatimes.mx\/index.php\/2023\/12\/11\/alejandro-armenta-plantea-que-no-son-cinco-sino-miles-quienes-quieren-integrarse-a-morena\/\" \/>\n<meta property=\"og:site_name\" content=\"The Puebla Times\" \/>\n<meta property=\"article:published_time\" content=\"2023-12-12T00:35:59+00:00\" \/>\n<meta property=\"og:image\" content=\"https:\/\/thepueblatimes.mx\/wp-content\/uploads\/2023\/12\/IMG_0890-1536x1025-1.jpeg\" \/>\n\t<meta property=\"og:image:width\" content=\"1536\" \/>\n\t<meta property=\"og:image:height\" content=\"1025\" \/>\n\t<meta property=\"og:image:type\" content=\"image\/jpeg\" \/>\n<meta name=\"author\" content=\"admintpt\" \/>\n<meta name=\"twitter:card\" content=\"summary_large_image\" \/>\n<meta name=\"twitter:label1\" content=\"Escrito por\" \/>\n\t<meta name=\"twitter:data1\" content=\"admintpt\" \/>\n\t<meta name=\"twitter:label2\" content=\"Tiempo de lectura\" \/>\n\t<meta name=\"twitter:data2\" content=\"2 minutos\" \/>\n<script type=\"application\/ld+json\" class=\"yoast-schema-graph\">{\"@context\":\"https:\/\/schema.org\",\"@graph\":[{\"@type\":\"WebPage\",\"@id\":\"https:\/\/thepueblatimes.mx\/index.php\/2023\/12\/11\/alejandro-armenta-plantea-que-no-son-cinco-sino-miles-quienes-quieren-integrarse-a-morena\/\",\"url\":\"https:\/\/thepueblatimes.mx\/index.php\/2023\/12\/11\/alejandro-armenta-plantea-que-no-son-cinco-sino-miles-quienes-quieren-integrarse-a-morena\/\",\"name\":\"Alejandro Armenta plantea que no son cinco sino miles quienes quieren integrarse a Morena - The Puebla Times\",\"isPartOf\":{\"@id\":\"https:\/\/thepueblatimes.mx\/#website\"},\"datePublished\":\"2023-12-12T00:35:59+00:00\",\"dateModified\":\"2023-12-12T00:35:59+00:00\",\"author\":{\"@id\":\"https:\/\/thepueblatimes.mx\/#\/schema\/person\/c90a455f48a80821b6a99d3d73d1a71f\"},\"breadcrumb\":{\"@id\":\"https:\/\/thepueblatimes.mx\/index.php\/2023\/12\/11\/alejandro-armenta-plantea-que-no-son-cinco-sino-miles-quienes-quieren-integrarse-a-morena\/#breadcrumb\"},\"inLanguage\":\"es\",\"potentialAction\":[{\"@type\":\"ReadAction\",\"target\":[\"https:\/\/thepueblatimes.mx\/index.php\/2023\/12\/11\/alejandro-armenta-plantea-que-no-son-cinco-sino-miles-quienes-quieren-integrarse-a-morena\/\"]}]},{\"@type\":\"BreadcrumbList\",\"@id\":\"https:\/\/thepueblatimes.mx\/index.php\/2023\/12\/11\/alejandro-armenta-plantea-que-no-son-cinco-sino-miles-quienes-quieren-integrarse-a-morena\/#breadcrumb\",\"itemListElement\":[{\"@type\":\"ListItem\",\"position\":1,\"name\":\"Portada\",\"item\":\"https:\/\/thepueblatimes.mx\/\"},{\"@type\":\"ListItem\",\"position\":2,\"name\":\"Alejandro Armenta plantea que no son cinco sino miles quienes quieren integrarse a Morena\"}]},{\"@type\":\"WebSite\",\"@id\":\"https:\/\/thepueblatimes.mx\/#website\",\"url\":\"https:\/\/thepueblatimes.mx\/\",\"name\":\"The Puebla Times\",\"description\":\"Noticias del Estado de Puebla\",\"potentialAction\":[{\"@type\":\"SearchAction\",\"target\":{\"@type\":\"EntryPoint\",\"urlTemplate\":\"https:\/\/thepueblatimes.mx\/?s={search_term_string}\"},\"query-input\":\"required name=search_term_string\"}],\"inLanguage\":\"es\"},{\"@type\":\"Person\",\"@id\":\"https:\/\/thepueblatimes.mx\/#\/schema\/person\/c90a455f48a80821b6a99d3d73d1a71f\",\"name\":\"admintpt\",\"image\":{\"@type\":\"ImageObject\",\"inLanguage\":\"es\",\"@id\":\"https:\/\/thepueblatimes.mx\/#\/schema\/person\/image\/\",\"url\":\"https:\/\/secure.gravatar.com\/avatar\/13f0a494cc76bfb992f9768b1d51109d?s=96&d=mm&r=g\",\"contentUrl\":\"https:\/\/secure.gravatar.com\/avatar\/13f0a494cc76bfb992f9768b1d51109d?s=96&d=mm&r=g\",\"caption\":\"admintpt\"},\"url\":\"https:\/\/thepueblatimes.mx\/index.php\/author\/admintpt\/\"}]}<\/script>\n<!-- \/ Yoast SEO plugin. -->","yoast_head_json":{"title":"Alejandro Armenta plantea que no son cinco sino miles quienes quieren integrarse a Morena - The Puebla Times","robots":{"index":"index","follow":"follow","max-snippet":"max-snippet:-1","max-image-preview":"max-image-preview:large","max-video-preview":"max-video-preview:-1"},"canonical":"https:\/\/thepueblatimes.mx\/index.php\/2023\/12\/11\/alejandro-armenta-plantea-que-no-son-cinco-sino-miles-quienes-quieren-integrarse-a-morena\/","og_locale":"es_ES","og_type":"article","og_title":"Alejandro Armenta plantea que no son cinco sino miles quienes quieren integrarse a Morena - The Puebla Times","og_description":"se\u00f1ala desv\u00edo de recursos en el Ayuntamiento de Puebla POR FRED\u00a0 ESTRADA No son cinco priistas estar\u00edan por adherirse a Morena, expres\u00f3 que no son cinco sino miles de ciudadanos los que buscan incorporarse al movimiento. As\u00ed respondi\u00f3 Alejandro Armenta Mier a la declaraciones del l\u00edder priista N\u00e9stor Camarillo, quien recientemente expres\u00f3 que Morena trataba...","og_url":"https:\/\/thepueblatimes.mx\/index.php\/2023\/12\/11\/alejandro-armenta-plantea-que-no-son-cinco-sino-miles-quienes-quieren-integrarse-a-morena\/","og_site_name":"The Puebla Times","article_published_time":"2023-12-12T00:35:59+00:00","og_image":[{"width":1536,"height":1025,"url":"https:\/\/thepueblatimes.mx\/wp-content\/uploads\/2023\/12\/IMG_0890-1536x1025-1.jpeg","type":"image\/jpeg"}],"author":"admintpt","twitter_card":"summary_large_image","twitter_misc":{"Escrito por":"admintpt","Tiempo de lectura":"2 minutos"},"schema":{"@context":"https:\/\/schema.org","@graph":[{"@type":"WebPage","@id":"https:\/\/thepueblatimes.mx\/index.php\/2023\/12\/11\/alejandro-armenta-plantea-que-no-son-cinco-sino-miles-quienes-quieren-integrarse-a-morena\/","url":"https:\/\/thepueblatimes.mx\/index.php\/2023\/12\/11\/alejandro-armenta-plantea-que-no-son-cinco-sino-miles-quienes-quieren-integrarse-a-morena\/","name":"Alejandro Armenta plantea que no son cinco sino miles quienes quieren integrarse a Morena - The Puebla Times","isPartOf":{"@id":"https:\/\/thepueblatimes.mx\/#website"},"datePublished":"2023-12-12T00:35:59+00:00","dateModified":"2023-12-12T00:35:59+00:00","author":{"@id":"https:\/\/thepueblatimes.mx\/#\/schema\/person\/c90a455f48a80821b6a99d3d73d1a71f"},"breadcrumb":{"@id":"https:\/\/thepueblatimes.mx\/index.php\/2023\/12\/11\/alejandro-armenta-plantea-que-no-son-cinco-sino-miles-quienes-quieren-integrarse-a-morena\/#breadcrumb"},"inLanguage":"es","potentialAction":[{"@type":"ReadAction","target":["https:\/\/thepueblatimes.mx\/index.php\/2023\/12\/11\/alejandro-armenta-plantea-que-no-son-cinco-sino-miles-quienes-quieren-integrarse-a-morena\/"]}]},{"@type":"BreadcrumbList","@id":"https:\/\/thepueblatimes.mx\/index.php\/2023\/12\/11\/alejandro-armenta-plantea-que-no-son-cinco-sino-miles-quienes-quieren-integrarse-a-morena\/#breadcrumb","itemListElement":[{"@type":"ListItem","position":1,"name":"Portada","item":"https:\/\/thepueblatimes.mx\/"},{"@type":"ListItem","position":2,"name":"Alejandro Armenta plantea que no son cinco sino miles quienes quieren integrarse a Morena"}]},{"@type":"WebSite","@id":"https:\/\/thepueblatimes.mx\/#website","url":"https:\/\/thepueblatimes.mx\/","name":"The Puebla Times","description":"Noticias del Estado de Puebla","potentialAction":[{"@type":"SearchAction","target":{"@type":"EntryPoint","urlTemplate":"https:\/\/thepueblatimes.mx\/?s={search_term_string}"},"query-input":"required name=search_term_string"}],"inLanguage":"es"},{"@type":"Person","@id":"https:\/\/thepueblatimes.mx\/#\/schema\/person\/c90a455f48a80821b6a99d3d73d1a71f","name":"admintpt","image":{"@type":"ImageObject","inLanguage":"es","@id":"https:\/\/thepueblatimes.mx\/#\/schema\/person\/image\/","url":"https:\/\/secure.gravatar.com\/avatar\/13f0a494cc76bfb992f9768b1d51109d?s=96&d=mm&r=g","contentUrl":"https:\/\/secure.gravatar.com\/avatar\/13f0a494cc76bfb992f9768b1d51109d?s=96&d=mm&r=g","caption":"admintpt"},"url":"https:\/\/thepueblatimes.mx\/index.php\/author\/admintpt\/"}]}},"jetpack_featured_media_url":"https:\/\/thepueblatimes.mx\/wp-content\/uploads\/2023\/12\/IMG_0890-1536x1025-1.jpeg","_links":{"self":[{"href":"https:\/\/thepueblatimes.mx\/index.php\/wp-json\/wp\/v2\/posts\/20415"}],"collection":[{"href":"https:\/\/thepueblatimes.mx\/index.php\/wp-json\/wp\/v2\/posts"}],"about":[{"href":"https:\/\/thepueblatimes.mx\/index.php\/wp-json\/wp\/v2\/types\/post"}],"author":[{"embeddable":true,"href":"https:\/\/thepueblatimes.mx\/index.php\/wp-json\/wp\/v2\/users\/2"}],"replies":[{"embeddable":true,"href":"https:\/\/thepueblatimes.mx\/index.php\/wp-json\/wp\/v2\/comments?post=20415"}],"version-history":[{"count":1,"href":"https:\/\/thepueblatimes.mx\/index.php\/wp-json\/wp\/v2\/posts\/20415\/revisions"}],"predecessor-version":[{"id":20417,"href":"https:\/\/thepueblatimes.mx\/index.php\/wp-json\/wp\/v2\/posts\/20415\/revisions\/20417"}],"wp:featuredmedia":[{"embeddable":true,"href":"https:\/\/thepueblatimes.mx\/index.php\/wp-json\/wp\/v2\/media\/20416"}],"wp:attachment":[{"href":"https:\/\/thepueblatimes.mx\/index.php\/wp-json\/wp\/v2\/media?parent=20415"}],"wp:term":[{"taxonomy":"category","embeddable":true,"href":"https:\/\/thepueblatimes.mx\/index.php\/wp-json\/wp\/v2\/categories?post=20415"},{"taxonomy":"post_tag","embeddable":true,"href":"https:\/\/thepueblatimes.mx\/index.php\/wp-json\/wp\/v2\/tags?post=20415"}],"curies":[{"name":"wp","href":"https:\/\/api.w.org\/{rel}","templated":true}]}}