{"id":20356,"date":"2023-12-07T17:51:02","date_gmt":"2023-12-07T23:51:02","guid":{"rendered":"https:\/\/thepueblatimes.mx\/?p=20356"},"modified":"2023-12-07T17:51:02","modified_gmt":"2023-12-07T23:51:02","slug":"recibe-armenta-constancia-como-coordinador-de-defensa-de-la-transformacion-firmada-por-claudia-sheinbaum-y-mario-delgado","status":"publish","type":"post","link":"https:\/\/thepueblatimes.mx\/index.php\/2023\/12\/07\/recibe-armenta-constancia-como-coordinador-de-defensa-de-la-transformacion-firmada-por-claudia-sheinbaum-y-mario-delgado\/","title":{"rendered":"Recibe Armenta constancia como Coordinador de Defensa de la Transformaci\u00f3n, firmada por Claudia Sheinbaum y Mario Delgado"},"content":{"rendered":"<h3><em>\u2022 Vamos a cumplir el compromiso con nuestra precandidata, afirma el coordinador estatal durante gira en la mixteca de la precandidata presidencial.<\/em><\/h3>\n<p>\u201cEn Puebla vamos por todo, somos el 5\u00ba estado en importancia por su padr\u00f3n electoral, el que m\u00e1s diputados federales aporta, con 16 distritos, y aqu\u00ed queremos mucho a la Doctora Claudia Sheinbaum y le decimos que estamos listos para cumplir el gran compromiso que tenemos con ella\u201d, asegur\u00f3 el coordinador estatal de los Comit\u00e9s de la Defensa de la 4T, Alejandro Armenta, en Acatl\u00e1n de Osorio en donde acompa\u00f1\u00f3 a la precandidata presidencial, durante el primer d\u00eda de su recorrido por la entidad que concluir\u00e1 el pr\u00f3ximo viernes.<\/p>\n<p>Cabe hacer menci\u00f3n que en el marco de la gira, la precandidata presidencial hizo entrega a Alejandro Armenta de la constancia firmada por ella y el presidente del Comit\u00e9 Ejecutivo Nacional de Morena, Mario Delgado Carrillo, en donde ratifican que la Comisi\u00f3n Nacional de Elecciones, con fecha del 11 de noviembre de 2023, aprob\u00f3 su registro al proceso interno de ese instituto pol\u00edtico, por lo que se confirma su designaci\u00f3n como Coordinador de Defensa de la Transformaci\u00f3n en el Estado de Puebla.<\/p>\n<p>\u201cLa Doctora es una cient\u00edfica, con una amplia trayectoria en temas del medio ambiente, sabe hacia d\u00f3nde vamos y cuenta con nosotros, en Puebla hay un gran cari\u00f1o por quien ser\u00e1 nuestra pr\u00f3xima presidenta de M\u00e9xico\u201d resalt\u00f3 en su discurso el coordinador Armenta.<\/p>\n<p>Cabe hacer menci\u00f3n que, en esta gira por Puebla, a la precandidata \u00fanica a la presidencia de M\u00e9xico, Claudia Sheinbaum la acompa\u00f1an, adem\u00e1s del coordinador estatal de la Defensa de la 4T, Alejandro Armenta, la dirigente estatal de Morena, Olga Luc\u00eda Romero Garci-Crespo; el l\u00edder estatal del PVEM, Jaime Natale Uranga; el Comisionado Pol\u00edtico Nacional del PT, Ernesto Villareal Cant\u00fa; el dirigente estatal de Nueva Alianza, Emilio Salgado N\u00e9stor; la presidenta nacional de Fuerza por M\u00e9xico, Maiella G\u00f3mez Maldonado y la coordinadora nacional de Giras, Esthela Dami\u00e1n Peralta.<\/p>\n","protected":false},"excerpt":{"rendered":"<p>\u2022 Vamos a cumplir el compromiso con nuestra precandidata, afirma el coordinador estatal durante gira en la mixteca de la precandidata presidencial. \u201cEn Puebla vamos por todo, somos el 5\u00ba estado en importancia por su padr\u00f3n electoral, el que m\u00e1s diputados federales aporta, con 16 distritos, y aqu\u00ed queremos mucho a la Doctora Claudia Sheinbaum&#8230;<\/p>\n","protected":false},"author":2,"featured_media":20357,"comment_status":"closed","ping_status":"closed","sticky":false,"template":"","format":"standard","meta":[],"categories":[17,8],"tags":[496,187,1334,66],"yoast_head":"<!-- This site is optimized with the Yoast SEO plugin v20.8 - https:\/\/yoast.com\/wordpress\/plugins\/seo\/ -->\n<title>Recibe Armenta constancia como Coordinador de Defensa de la Transformaci\u00f3n, firmada por Claudia Sheinbaum y Mario Delgado - The Puebla Times<\/title>\n<meta name=\"robots\" content=\"index, follow, max-snippet:-1, max-image-preview:large, max-video-preview:-1\" \/>\n<link rel=\"canonical\" href=\"https:\/\/thepueblatimes.mx\/index.php\/2023\/12\/07\/recibe-armenta-constancia-como-coordinador-de-defensa-de-la-transformacion-firmada-por-claudia-sheinbaum-y-mario-delgado\/\" \/>\n<meta property=\"og:locale\" content=\"es_ES\" \/>\n<meta property=\"og:type\" content=\"article\" \/>\n<meta property=\"og:title\" content=\"Recibe Armenta constancia como Coordinador de Defensa de la Transformaci\u00f3n, firmada por Claudia Sheinbaum y Mario Delgado - The Puebla Times\" \/>\n<meta property=\"og:description\" content=\"\u2022 Vamos a cumplir el compromiso con nuestra precandidata, afirma el coordinador estatal durante gira en la mixteca de la precandidata presidencial. \u201cEn Puebla vamos por todo, somos el 5\u00ba estado en importancia por su padr\u00f3n electoral, el que m\u00e1s diputados federales aporta, con 16 distritos, y aqu\u00ed queremos mucho a la Doctora Claudia Sheinbaum...\" \/>\n<meta property=\"og:url\" content=\"https:\/\/thepueblatimes.mx\/index.php\/2023\/12\/07\/recibe-armenta-constancia-como-coordinador-de-defensa-de-la-transformacion-firmada-por-claudia-sheinbaum-y-mario-delgado\/\" \/>\n<meta property=\"og:site_name\" content=\"The Puebla Times\" \/>\n<meta property=\"article:published_time\" content=\"2023-12-07T23:51:02+00:00\" \/>\n<meta property=\"og:image\" content=\"https:\/\/thepueblatimes.mx\/wp-content\/uploads\/2023\/12\/WhatsApp-Image-2023-12-06-at-20.35.09-scaled.jpeg\" \/>\n\t<meta property=\"og:image:width\" content=\"2560\" \/>\n\t<meta property=\"og:image:height\" content=\"1707\" \/>\n\t<meta property=\"og:image:type\" content=\"image\/jpeg\" \/>\n<meta name=\"author\" content=\"admintpt\" \/>\n<meta name=\"twitter:card\" content=\"summary_large_image\" \/>\n<meta name=\"twitter:label1\" content=\"Escrito por\" \/>\n\t<meta name=\"twitter:data1\" content=\"admintpt\" \/>\n\t<meta name=\"twitter:label2\" content=\"Tiempo de lectura\" \/>\n\t<meta name=\"twitter:data2\" content=\"2 minutos\" \/>\n<script type=\"application\/ld+json\" class=\"yoast-schema-graph\">{\"@context\":\"https:\/\/schema.org\",\"@graph\":[{\"@type\":\"WebPage\",\"@id\":\"https:\/\/thepueblatimes.mx\/index.php\/2023\/12\/07\/recibe-armenta-constancia-como-coordinador-de-defensa-de-la-transformacion-firmada-por-claudia-sheinbaum-y-mario-delgado\/\",\"url\":\"https:\/\/thepueblatimes.mx\/index.php\/2023\/12\/07\/recibe-armenta-constancia-como-coordinador-de-defensa-de-la-transformacion-firmada-por-claudia-sheinbaum-y-mario-delgado\/\",\"name\":\"Recibe Armenta constancia como Coordinador de Defensa de la Transformaci\u00f3n, firmada por Claudia Sheinbaum y Mario Delgado - The Puebla Times\",\"isPartOf\":{\"@id\":\"https:\/\/thepueblatimes.mx\/#website\"},\"datePublished\":\"2023-12-07T23:51:02+00:00\",\"dateModified\":\"2023-12-07T23:51:02+00:00\",\"author\":{\"@id\":\"https:\/\/thepueblatimes.mx\/#\/schema\/person\/c90a455f48a80821b6a99d3d73d1a71f\"},\"breadcrumb\":{\"@id\":\"https:\/\/thepueblatimes.mx\/index.php\/2023\/12\/07\/recibe-armenta-constancia-como-coordinador-de-defensa-de-la-transformacion-firmada-por-claudia-sheinbaum-y-mario-delgado\/#breadcrumb\"},\"inLanguage\":\"es\",\"potentialAction\":[{\"@type\":\"ReadAction\",\"target\":[\"https:\/\/thepueblatimes.mx\/index.php\/2023\/12\/07\/recibe-armenta-constancia-como-coordinador-de-defensa-de-la-transformacion-firmada-por-claudia-sheinbaum-y-mario-delgado\/\"]}]},{\"@type\":\"BreadcrumbList\",\"@id\":\"https:\/\/thepueblatimes.mx\/index.php\/2023\/12\/07\/recibe-armenta-constancia-como-coordinador-de-defensa-de-la-transformacion-firmada-por-claudia-sheinbaum-y-mario-delgado\/#breadcrumb\",\"itemListElement\":[{\"@type\":\"ListItem\",\"position\":1,\"name\":\"Portada\",\"item\":\"https:\/\/thepueblatimes.mx\/\"},{\"@type\":\"ListItem\",\"position\":2,\"name\":\"Recibe Armenta constancia como Coordinador de Defensa de la Transformaci\u00f3n, firmada por Claudia Sheinbaum y Mario Delgado\"}]},{\"@type\":\"WebSite\",\"@id\":\"https:\/\/thepueblatimes.mx\/#website\",\"url\":\"https:\/\/thepueblatimes.mx\/\",\"name\":\"The Puebla Times\",\"description\":\"Noticias del Estado de Puebla\",\"potentialAction\":[{\"@type\":\"SearchAction\",\"target\":{\"@type\":\"EntryPoint\",\"urlTemplate\":\"https:\/\/thepueblatimes.mx\/?s={search_term_string}\"},\"query-input\":\"required name=search_term_string\"}],\"inLanguage\":\"es\"},{\"@type\":\"Person\",\"@id\":\"https:\/\/thepueblatimes.mx\/#\/schema\/person\/c90a455f48a80821b6a99d3d73d1a71f\",\"name\":\"admintpt\",\"image\":{\"@type\":\"ImageObject\",\"inLanguage\":\"es\",\"@id\":\"https:\/\/thepueblatimes.mx\/#\/schema\/person\/image\/\",\"url\":\"https:\/\/secure.gravatar.com\/avatar\/13f0a494cc76bfb992f9768b1d51109d?s=96&d=mm&r=g\",\"contentUrl\":\"https:\/\/secure.gravatar.com\/avatar\/13f0a494cc76bfb992f9768b1d51109d?s=96&d=mm&r=g\",\"caption\":\"admintpt\"},\"url\":\"https:\/\/thepueblatimes.mx\/index.php\/author\/admintpt\/\"}]}<\/script>\n<!-- \/ Yoast SEO plugin. -->","yoast_head_json":{"title":"Recibe Armenta constancia como Coordinador de Defensa de la Transformaci\u00f3n, firmada por Claudia Sheinbaum y Mario Delgado - The Puebla Times","robots":{"index":"index","follow":"follow","max-snippet":"max-snippet:-1","max-image-preview":"max-image-preview:large","max-video-preview":"max-video-preview:-1"},"canonical":"https:\/\/thepueblatimes.mx\/index.php\/2023\/12\/07\/recibe-armenta-constancia-como-coordinador-de-defensa-de-la-transformacion-firmada-por-claudia-sheinbaum-y-mario-delgado\/","og_locale":"es_ES","og_type":"article","og_title":"Recibe Armenta constancia como Coordinador de Defensa de la Transformaci\u00f3n, firmada por Claudia Sheinbaum y Mario Delgado - The Puebla Times","og_description":"\u2022 Vamos a cumplir el compromiso con nuestra precandidata, afirma el coordinador estatal durante gira en la mixteca de la precandidata presidencial. \u201cEn Puebla vamos por todo, somos el 5\u00ba estado en importancia por su padr\u00f3n electoral, el que m\u00e1s diputados federales aporta, con 16 distritos, y aqu\u00ed queremos mucho a la Doctora Claudia Sheinbaum...","og_url":"https:\/\/thepueblatimes.mx\/index.php\/2023\/12\/07\/recibe-armenta-constancia-como-coordinador-de-defensa-de-la-transformacion-firmada-por-claudia-sheinbaum-y-mario-delgado\/","og_site_name":"The Puebla Times","article_published_time":"2023-12-07T23:51:02+00:00","og_image":[{"width":2560,"height":1707,"url":"https:\/\/thepueblatimes.mx\/wp-content\/uploads\/2023\/12\/WhatsApp-Image-2023-12-06-at-20.35.09-scaled.jpeg","type":"image\/jpeg"}],"author":"admintpt","twitter_card":"summary_large_image","twitter_misc":{"Escrito por":"admintpt","Tiempo de lectura":"2 minutos"},"schema":{"@context":"https:\/\/schema.org","@graph":[{"@type":"WebPage","@id":"https:\/\/thepueblatimes.mx\/index.php\/2023\/12\/07\/recibe-armenta-constancia-como-coordinador-de-defensa-de-la-transformacion-firmada-por-claudia-sheinbaum-y-mario-delgado\/","url":"https:\/\/thepueblatimes.mx\/index.php\/2023\/12\/07\/recibe-armenta-constancia-como-coordinador-de-defensa-de-la-transformacion-firmada-por-claudia-sheinbaum-y-mario-delgado\/","name":"Recibe Armenta constancia como Coordinador de Defensa de la Transformaci\u00f3n, firmada por Claudia Sheinbaum y Mario Delgado - The Puebla Times","isPartOf":{"@id":"https:\/\/thepueblatimes.mx\/#website"},"datePublished":"2023-12-07T23:51:02+00:00","dateModified":"2023-12-07T23:51:02+00:00","author":{"@id":"https:\/\/thepueblatimes.mx\/#\/schema\/person\/c90a455f48a80821b6a99d3d73d1a71f"},"breadcrumb":{"@id":"https:\/\/thepueblatimes.mx\/index.php\/2023\/12\/07\/recibe-armenta-constancia-como-coordinador-de-defensa-de-la-transformacion-firmada-por-claudia-sheinbaum-y-mario-delgado\/#breadcrumb"},"inLanguage":"es","potentialAction":[{"@type":"ReadAction","target":["https:\/\/thepueblatimes.mx\/index.php\/2023\/12\/07\/recibe-armenta-constancia-como-coordinador-de-defensa-de-la-transformacion-firmada-por-claudia-sheinbaum-y-mario-delgado\/"]}]},{"@type":"BreadcrumbList","@id":"https:\/\/thepueblatimes.mx\/index.php\/2023\/12\/07\/recibe-armenta-constancia-como-coordinador-de-defensa-de-la-transformacion-firmada-por-claudia-sheinbaum-y-mario-delgado\/#breadcrumb","itemListElement":[{"@type":"ListItem","position":1,"name":"Portada","item":"https:\/\/thepueblatimes.mx\/"},{"@type":"ListItem","position":2,"name":"Recibe Armenta constancia como Coordinador de Defensa de la Transformaci\u00f3n, firmada por Claudia Sheinbaum y Mario Delgado"}]},{"@type":"WebSite","@id":"https:\/\/thepueblatimes.mx\/#website","url":"https:\/\/thepueblatimes.mx\/","name":"The Puebla Times","description":"Noticias del Estado de Puebla","potentialAction":[{"@type":"SearchAction","target":{"@type":"EntryPoint","urlTemplate":"https:\/\/thepueblatimes.mx\/?s={search_term_string}"},"query-input":"required name=search_term_string"}],"inLanguage":"es"},{"@type":"Person","@id":"https:\/\/thepueblatimes.mx\/#\/schema\/person\/c90a455f48a80821b6a99d3d73d1a71f","name":"admintpt","image":{"@type":"ImageObject","inLanguage":"es","@id":"https:\/\/thepueblatimes.mx\/#\/schema\/person\/image\/","url":"https:\/\/secure.gravatar.com\/avatar\/13f0a494cc76bfb992f9768b1d51109d?s=96&d=mm&r=g","contentUrl":"https:\/\/secure.gravatar.com\/avatar\/13f0a494cc76bfb992f9768b1d51109d?s=96&d=mm&r=g","caption":"admintpt"},"url":"https:\/\/thepueblatimes.mx\/index.php\/author\/admintpt\/"}]}},"jetpack_featured_media_url":"https:\/\/thepueblatimes.mx\/wp-content\/uploads\/2023\/12\/WhatsApp-Image-2023-12-06-at-20.35.09-scaled.jpeg","_links":{"self":[{"href":"https:\/\/thepueblatimes.mx\/index.php\/wp-json\/wp\/v2\/posts\/20356"}],"collection":[{"href":"https:\/\/thepueblatimes.mx\/index.php\/wp-json\/wp\/v2\/posts"}],"about":[{"href":"https:\/\/thepueblatimes.mx\/index.php\/wp-json\/wp\/v2\/types\/post"}],"author":[{"embeddable":true,"href":"https:\/\/thepueblatimes.mx\/index.php\/wp-json\/wp\/v2\/users\/2"}],"replies":[{"embeddable":true,"href":"https:\/\/thepueblatimes.mx\/index.php\/wp-json\/wp\/v2\/comments?post=20356"}],"version-history":[{"count":1,"href":"https:\/\/thepueblatimes.mx\/index.php\/wp-json\/wp\/v2\/posts\/20356\/revisions"}],"predecessor-version":[{"id":20358,"href":"https:\/\/thepueblatimes.mx\/index.php\/wp-json\/wp\/v2\/posts\/20356\/revisions\/20358"}],"wp:featuredmedia":[{"embeddable":true,"href":"https:\/\/thepueblatimes.mx\/index.php\/wp-json\/wp\/v2\/media\/20357"}],"wp:attachment":[{"href":"https:\/\/thepueblatimes.mx\/index.php\/wp-json\/wp\/v2\/media?parent=20356"}],"wp:term":[{"taxonomy":"category","embeddable":true,"href":"https:\/\/thepueblatimes.mx\/index.php\/wp-json\/wp\/v2\/categories?post=20356"},{"taxonomy":"post_tag","embeddable":true,"href":"https:\/\/thepueblatimes.mx\/index.php\/wp-json\/wp\/v2\/tags?post=20356"}],"curies":[{"name":"wp","href":"https:\/\/api.w.org\/{rel}","templated":true}]}}