{"id":20350,"date":"2023-12-07T12:38:54","date_gmt":"2023-12-07T18:38:54","guid":{"rendered":"https:\/\/thepueblatimes.mx\/?p=20350"},"modified":"2023-12-07T12:38:54","modified_gmt":"2023-12-07T18:38:54","slug":"ariadna-ayala-da-banderazo-a-operativo-de-seguridad-de-temporada-decembrina-en-atlixco","status":"publish","type":"post","link":"https:\/\/thepueblatimes.mx\/index.php\/2023\/12\/07\/ariadna-ayala-da-banderazo-a-operativo-de-seguridad-de-temporada-decembrina-en-atlixco\/","title":{"rendered":"Ariadna Ayala da banderazo a operativo de seguridad de temporada decembrina en Atlixco"},"content":{"rendered":"<h3><em>&#8211; La coordinaci\u00f3n de los tres niveles de gobierno tiene como objetivo garantizar la seguridad de familias atlixquenses y visitantes.<\/em><\/h3>\n<p>En el marco de la celebraci\u00f3n de las pr\u00f3ximas fiestas, la presidenta municipal, Ariadna Ayala dio el banderazo de arranque al Operativo de Seguridad de Temporada Decembrina, a trav\u00e9s del cual, la Secretar\u00eda de Seguridad P\u00fablica, Polic\u00eda Estatal y la Guardia Nacional, reforzar\u00e1n la seguridad mediante diferentes acciones para que las y los atlixquenses, as\u00ed como visitantes disfruten de esta temporada en un ambiente de paz.<\/p>\n<p>El despliegue operativo, brindar\u00e1 acompa\u00f1amiento bancario para el dep\u00f3sito o cobro de aguinaldo, adem\u00e1s de reforzar los esquemas de vigilancia y proximidad social en el Centro Hist\u00f3rico, corredor gastron\u00f3mico, Centros Comerciales, sumado a los patrullajes focalizados en colonias, unidades habitacionales y juntas auxiliares, asimismo, se garantizar\u00e1 el acompa\u00f1amiento de peregrinos en su cruce por el municipio.<\/p>\n<p>Por otro lado, derivado de los acuerdos realizados en las Mesas de Seguridad de la regi\u00f3n, Atlixco participar\u00e1 en el Operativo Intermunicipal del Gobierno del Estado de Puebla denominado \u201cMando Coordinado\u201d en conjunto con los municipios de: San Diego la Meza Tochimilzingo, Santa Isabel Cholula, San Juan Tianguismanalco, Atzizihuac\u00e1n, Tepeojuma, Huaquechula, Chietla, Cohuecan Iz\u00facar de Matamoros y Tochimilco con la finalidad de fortalecer la seguridad en las entradas y salidas de cada zona lim\u00edtrofe.<\/p>\n","protected":false},"excerpt":{"rendered":"<p>&#8211; La coordinaci\u00f3n de los tres niveles de gobierno tiene como objetivo garantizar la seguridad de familias atlixquenses y visitantes. En el marco de la celebraci\u00f3n de las pr\u00f3ximas fiestas, la presidenta municipal, Ariadna Ayala dio el banderazo de arranque al Operativo de Seguridad de Temporada Decembrina, a trav\u00e9s del cual, la Secretar\u00eda de Seguridad&#8230;<\/p>\n","protected":false},"author":2,"featured_media":20351,"comment_status":"closed","ping_status":"closed","sticky":false,"template":"","format":"standard","meta":[],"categories":[14,11],"tags":[1265,45,1338],"yoast_head":"<!-- This site is optimized with the Yoast SEO plugin v20.8 - https:\/\/yoast.com\/wordpress\/plugins\/seo\/ -->\n<title>Ariadna Ayala da banderazo a operativo de seguridad de temporada decembrina en Atlixco - The Puebla Times<\/title>\n<meta name=\"robots\" content=\"index, follow, max-snippet:-1, max-image-preview:large, max-video-preview:-1\" \/>\n<link rel=\"canonical\" href=\"https:\/\/thepueblatimes.mx\/index.php\/2023\/12\/07\/ariadna-ayala-da-banderazo-a-operativo-de-seguridad-de-temporada-decembrina-en-atlixco\/\" \/>\n<meta property=\"og:locale\" content=\"es_ES\" \/>\n<meta property=\"og:type\" content=\"article\" \/>\n<meta property=\"og:title\" content=\"Ariadna Ayala da banderazo a operativo de seguridad de temporada decembrina en Atlixco - The Puebla Times\" \/>\n<meta property=\"og:description\" content=\"&#8211; La coordinaci\u00f3n de los tres niveles de gobierno tiene como objetivo garantizar la seguridad de familias atlixquenses y visitantes. En el marco de la celebraci\u00f3n de las pr\u00f3ximas fiestas, la presidenta municipal, Ariadna Ayala dio el banderazo de arranque al Operativo de Seguridad de Temporada Decembrina, a trav\u00e9s del cual, la Secretar\u00eda de Seguridad...\" \/>\n<meta property=\"og:url\" content=\"https:\/\/thepueblatimes.mx\/index.php\/2023\/12\/07\/ariadna-ayala-da-banderazo-a-operativo-de-seguridad-de-temporada-decembrina-en-atlixco\/\" \/>\n<meta property=\"og:site_name\" content=\"The Puebla Times\" \/>\n<meta property=\"article:published_time\" content=\"2023-12-07T18:38:54+00:00\" \/>\n<meta property=\"og:image\" content=\"https:\/\/thepueblatimes.mx\/wp-content\/uploads\/2023\/12\/WhatsApp-Image-2023-12-06-at-12.52.32.jpeg\" \/>\n\t<meta property=\"og:image:width\" content=\"1280\" \/>\n\t<meta property=\"og:image:height\" content=\"960\" \/>\n\t<meta property=\"og:image:type\" content=\"image\/jpeg\" \/>\n<meta name=\"author\" content=\"admintpt\" \/>\n<meta name=\"twitter:card\" content=\"summary_large_image\" \/>\n<meta name=\"twitter:label1\" content=\"Escrito por\" \/>\n\t<meta name=\"twitter:data1\" content=\"admintpt\" \/>\n\t<meta name=\"twitter:label2\" content=\"Tiempo de lectura\" \/>\n\t<meta name=\"twitter:data2\" content=\"1 minuto\" \/>\n<script type=\"application\/ld+json\" class=\"yoast-schema-graph\">{\"@context\":\"https:\/\/schema.org\",\"@graph\":[{\"@type\":\"WebPage\",\"@id\":\"https:\/\/thepueblatimes.mx\/index.php\/2023\/12\/07\/ariadna-ayala-da-banderazo-a-operativo-de-seguridad-de-temporada-decembrina-en-atlixco\/\",\"url\":\"https:\/\/thepueblatimes.mx\/index.php\/2023\/12\/07\/ariadna-ayala-da-banderazo-a-operativo-de-seguridad-de-temporada-decembrina-en-atlixco\/\",\"name\":\"Ariadna Ayala da banderazo a operativo de seguridad de temporada decembrina en Atlixco - The Puebla Times\",\"isPartOf\":{\"@id\":\"https:\/\/thepueblatimes.mx\/#website\"},\"datePublished\":\"2023-12-07T18:38:54+00:00\",\"dateModified\":\"2023-12-07T18:38:54+00:00\",\"author\":{\"@id\":\"https:\/\/thepueblatimes.mx\/#\/schema\/person\/c90a455f48a80821b6a99d3d73d1a71f\"},\"breadcrumb\":{\"@id\":\"https:\/\/thepueblatimes.mx\/index.php\/2023\/12\/07\/ariadna-ayala-da-banderazo-a-operativo-de-seguridad-de-temporada-decembrina-en-atlixco\/#breadcrumb\"},\"inLanguage\":\"es\",\"potentialAction\":[{\"@type\":\"ReadAction\",\"target\":[\"https:\/\/thepueblatimes.mx\/index.php\/2023\/12\/07\/ariadna-ayala-da-banderazo-a-operativo-de-seguridad-de-temporada-decembrina-en-atlixco\/\"]}]},{\"@type\":\"BreadcrumbList\",\"@id\":\"https:\/\/thepueblatimes.mx\/index.php\/2023\/12\/07\/ariadna-ayala-da-banderazo-a-operativo-de-seguridad-de-temporada-decembrina-en-atlixco\/#breadcrumb\",\"itemListElement\":[{\"@type\":\"ListItem\",\"position\":1,\"name\":\"Portada\",\"item\":\"https:\/\/thepueblatimes.mx\/\"},{\"@type\":\"ListItem\",\"position\":2,\"name\":\"Ariadna Ayala da banderazo a operativo de seguridad de temporada decembrina en Atlixco\"}]},{\"@type\":\"WebSite\",\"@id\":\"https:\/\/thepueblatimes.mx\/#website\",\"url\":\"https:\/\/thepueblatimes.mx\/\",\"name\":\"The Puebla Times\",\"description\":\"Noticias del Estado de Puebla\",\"potentialAction\":[{\"@type\":\"SearchAction\",\"target\":{\"@type\":\"EntryPoint\",\"urlTemplate\":\"https:\/\/thepueblatimes.mx\/?s={search_term_string}\"},\"query-input\":\"required name=search_term_string\"}],\"inLanguage\":\"es\"},{\"@type\":\"Person\",\"@id\":\"https:\/\/thepueblatimes.mx\/#\/schema\/person\/c90a455f48a80821b6a99d3d73d1a71f\",\"name\":\"admintpt\",\"image\":{\"@type\":\"ImageObject\",\"inLanguage\":\"es\",\"@id\":\"https:\/\/thepueblatimes.mx\/#\/schema\/person\/image\/\",\"url\":\"https:\/\/secure.gravatar.com\/avatar\/13f0a494cc76bfb992f9768b1d51109d?s=96&d=mm&r=g\",\"contentUrl\":\"https:\/\/secure.gravatar.com\/avatar\/13f0a494cc76bfb992f9768b1d51109d?s=96&d=mm&r=g\",\"caption\":\"admintpt\"},\"url\":\"https:\/\/thepueblatimes.mx\/index.php\/author\/admintpt\/\"}]}<\/script>\n<!-- \/ Yoast SEO plugin. -->","yoast_head_json":{"title":"Ariadna Ayala da banderazo a operativo de seguridad de temporada decembrina en Atlixco - The Puebla Times","robots":{"index":"index","follow":"follow","max-snippet":"max-snippet:-1","max-image-preview":"max-image-preview:large","max-video-preview":"max-video-preview:-1"},"canonical":"https:\/\/thepueblatimes.mx\/index.php\/2023\/12\/07\/ariadna-ayala-da-banderazo-a-operativo-de-seguridad-de-temporada-decembrina-en-atlixco\/","og_locale":"es_ES","og_type":"article","og_title":"Ariadna Ayala da banderazo a operativo de seguridad de temporada decembrina en Atlixco - The Puebla Times","og_description":"&#8211; La coordinaci\u00f3n de los tres niveles de gobierno tiene como objetivo garantizar la seguridad de familias atlixquenses y visitantes. En el marco de la celebraci\u00f3n de las pr\u00f3ximas fiestas, la presidenta municipal, Ariadna Ayala dio el banderazo de arranque al Operativo de Seguridad de Temporada Decembrina, a trav\u00e9s del cual, la Secretar\u00eda de Seguridad...","og_url":"https:\/\/thepueblatimes.mx\/index.php\/2023\/12\/07\/ariadna-ayala-da-banderazo-a-operativo-de-seguridad-de-temporada-decembrina-en-atlixco\/","og_site_name":"The Puebla Times","article_published_time":"2023-12-07T18:38:54+00:00","og_image":[{"width":1280,"height":960,"url":"https:\/\/thepueblatimes.mx\/wp-content\/uploads\/2023\/12\/WhatsApp-Image-2023-12-06-at-12.52.32.jpeg","type":"image\/jpeg"}],"author":"admintpt","twitter_card":"summary_large_image","twitter_misc":{"Escrito por":"admintpt","Tiempo de lectura":"1 minuto"},"schema":{"@context":"https:\/\/schema.org","@graph":[{"@type":"WebPage","@id":"https:\/\/thepueblatimes.mx\/index.php\/2023\/12\/07\/ariadna-ayala-da-banderazo-a-operativo-de-seguridad-de-temporada-decembrina-en-atlixco\/","url":"https:\/\/thepueblatimes.mx\/index.php\/2023\/12\/07\/ariadna-ayala-da-banderazo-a-operativo-de-seguridad-de-temporada-decembrina-en-atlixco\/","name":"Ariadna Ayala da banderazo a operativo de seguridad de temporada decembrina en Atlixco - The Puebla Times","isPartOf":{"@id":"https:\/\/thepueblatimes.mx\/#website"},"datePublished":"2023-12-07T18:38:54+00:00","dateModified":"2023-12-07T18:38:54+00:00","author":{"@id":"https:\/\/thepueblatimes.mx\/#\/schema\/person\/c90a455f48a80821b6a99d3d73d1a71f"},"breadcrumb":{"@id":"https:\/\/thepueblatimes.mx\/index.php\/2023\/12\/07\/ariadna-ayala-da-banderazo-a-operativo-de-seguridad-de-temporada-decembrina-en-atlixco\/#breadcrumb"},"inLanguage":"es","potentialAction":[{"@type":"ReadAction","target":["https:\/\/thepueblatimes.mx\/index.php\/2023\/12\/07\/ariadna-ayala-da-banderazo-a-operativo-de-seguridad-de-temporada-decembrina-en-atlixco\/"]}]},{"@type":"BreadcrumbList","@id":"https:\/\/thepueblatimes.mx\/index.php\/2023\/12\/07\/ariadna-ayala-da-banderazo-a-operativo-de-seguridad-de-temporada-decembrina-en-atlixco\/#breadcrumb","itemListElement":[{"@type":"ListItem","position":1,"name":"Portada","item":"https:\/\/thepueblatimes.mx\/"},{"@type":"ListItem","position":2,"name":"Ariadna Ayala da banderazo a operativo de seguridad de temporada decembrina en Atlixco"}]},{"@type":"WebSite","@id":"https:\/\/thepueblatimes.mx\/#website","url":"https:\/\/thepueblatimes.mx\/","name":"The Puebla Times","description":"Noticias del Estado de Puebla","potentialAction":[{"@type":"SearchAction","target":{"@type":"EntryPoint","urlTemplate":"https:\/\/thepueblatimes.mx\/?s={search_term_string}"},"query-input":"required name=search_term_string"}],"inLanguage":"es"},{"@type":"Person","@id":"https:\/\/thepueblatimes.mx\/#\/schema\/person\/c90a455f48a80821b6a99d3d73d1a71f","name":"admintpt","image":{"@type":"ImageObject","inLanguage":"es","@id":"https:\/\/thepueblatimes.mx\/#\/schema\/person\/image\/","url":"https:\/\/secure.gravatar.com\/avatar\/13f0a494cc76bfb992f9768b1d51109d?s=96&d=mm&r=g","contentUrl":"https:\/\/secure.gravatar.com\/avatar\/13f0a494cc76bfb992f9768b1d51109d?s=96&d=mm&r=g","caption":"admintpt"},"url":"https:\/\/thepueblatimes.mx\/index.php\/author\/admintpt\/"}]}},"jetpack_featured_media_url":"https:\/\/thepueblatimes.mx\/wp-content\/uploads\/2023\/12\/WhatsApp-Image-2023-12-06-at-12.52.32.jpeg","_links":{"self":[{"href":"https:\/\/thepueblatimes.mx\/index.php\/wp-json\/wp\/v2\/posts\/20350"}],"collection":[{"href":"https:\/\/thepueblatimes.mx\/index.php\/wp-json\/wp\/v2\/posts"}],"about":[{"href":"https:\/\/thepueblatimes.mx\/index.php\/wp-json\/wp\/v2\/types\/post"}],"author":[{"embeddable":true,"href":"https:\/\/thepueblatimes.mx\/index.php\/wp-json\/wp\/v2\/users\/2"}],"replies":[{"embeddable":true,"href":"https:\/\/thepueblatimes.mx\/index.php\/wp-json\/wp\/v2\/comments?post=20350"}],"version-history":[{"count":1,"href":"https:\/\/thepueblatimes.mx\/index.php\/wp-json\/wp\/v2\/posts\/20350\/revisions"}],"predecessor-version":[{"id":20352,"href":"https:\/\/thepueblatimes.mx\/index.php\/wp-json\/wp\/v2\/posts\/20350\/revisions\/20352"}],"wp:featuredmedia":[{"embeddable":true,"href":"https:\/\/thepueblatimes.mx\/index.php\/wp-json\/wp\/v2\/media\/20351"}],"wp:attachment":[{"href":"https:\/\/thepueblatimes.mx\/index.php\/wp-json\/wp\/v2\/media?parent=20350"}],"wp:term":[{"taxonomy":"category","embeddable":true,"href":"https:\/\/thepueblatimes.mx\/index.php\/wp-json\/wp\/v2\/categories?post=20350"},{"taxonomy":"post_tag","embeddable":true,"href":"https:\/\/thepueblatimes.mx\/index.php\/wp-json\/wp\/v2\/tags?post=20350"}],"curies":[{"name":"wp","href":"https:\/\/api.w.org\/{rel}","templated":true}]}}