{"id":20319,"date":"2023-12-02T11:57:15","date_gmt":"2023-12-02T17:57:15","guid":{"rendered":"https:\/\/thepueblatimes.mx\/?p=20319"},"modified":"2023-12-02T11:57:15","modified_gmt":"2023-12-02T17:57:15","slug":"la-oposicion-comenzo-a-moverse-en-puebla","status":"publish","type":"post","link":"https:\/\/thepueblatimes.mx\/index.php\/2023\/12\/02\/la-oposicion-comenzo-a-moverse-en-puebla\/","title":{"rendered":"La oposici\u00f3n comenz\u00f3 a moverse en Puebla"},"content":{"rendered":"<p>POR FRED ESTRADA<\/p>\n<p>Todo indica que, por fin, la oposici\u00f3n a trav\u00e9s del PAN comenzar\u00e1 a moverse para elegir a quien ser\u00e1 su candidato en la elecci\u00f3n de gobernador que tendr\u00e1 lugar el 2 de junio de 2024.<\/p>\n<p>En el punto central se analizar\u00e1 y debatir el m\u00e9todo para elegir al candidato a la gubernatura, una acci\u00f3n que sin duda se antoja adecuada ya que Morena y sus aliados les llevan una ventaja considerable.<\/p>\n<p>Adem\u00e1s, la reuni\u00f3n permite apreciar que a partir de que se espera que PAN, PRI y PRD postulen un candidato com\u00fan, al establecer una alianza electoral, el partido blanquiazul ser\u00e1 quien realice la selecci\u00f3n y nominaci\u00f3n correspondiente.<\/p>\n<p>Y posteriormente, PRI y PRD den su aval para que sea su candidato com\u00fan.<\/p>\n<p>A la luz de los acontecimientos que se registraron en el pasado reciente, como el las expresiones favorables en torno a la figura de Eduardo Rivera P\u00e9rez que realiz\u00f3 el l\u00edder nacional del PAN, Marko Cort\u00e9s y el respaldo que hizo p\u00fablico Genoveva Huerta Villegas, pareciera no haber duda sobre quien puede ser el candidato del PAN.<\/p>\n<p>Pero de acuerdo a las normas se debe realizar un proceso de selecci\u00f3n que ser\u00e1 aprobado y se desarrollar\u00e1 para arrojar un resultado que desde ahora se antoja como previsible.<\/p>\n<p>Sin embargo, en el fondo otro punto a definir ser\u00e1 la convocatoria para participar en el proceso interno de selecci\u00f3n de las candidaturas al Senado de la Rep\u00fablica bajo el principio de representaci\u00f3n proporcional.<\/p>\n<p>Evidentemente a\u00fan hay tiempo de acuerdo al calendario electoral, pero es importante que el PAN se haya comenzado a mover, para empezar a ser apreciado como el jugador a vencer en el pr\u00f3ximo proceso electoral, por lo que hace a la renovaci\u00f3n d la gubernatura del estado de Puebla.<\/p>\n","protected":false},"excerpt":{"rendered":"<p>POR FRED ESTRADA Todo indica que, por fin, la oposici\u00f3n a trav\u00e9s del PAN comenzar\u00e1 a moverse para elegir a quien ser\u00e1 su candidato en la elecci\u00f3n de gobernador que tendr\u00e1 lugar el 2 de junio de 2024. En el punto central se analizar\u00e1 y debatir el m\u00e9todo para elegir al candidato a la gubernatura,&#8230;<\/p>\n","protected":false},"author":2,"featured_media":20320,"comment_status":"closed","ping_status":"closed","sticky":false,"template":"","format":"standard","meta":[],"categories":[10,8],"tags":[1433,1615,161,162,137],"yoast_head":"<!-- This site is optimized with the Yoast SEO plugin v20.8 - https:\/\/yoast.com\/wordpress\/plugins\/seo\/ -->\n<title>La oposici\u00f3n comenz\u00f3 a moverse en Puebla - The Puebla Times<\/title>\n<meta name=\"robots\" content=\"index, follow, max-snippet:-1, max-image-preview:large, max-video-preview:-1\" \/>\n<link rel=\"canonical\" href=\"https:\/\/thepueblatimes.mx\/index.php\/2023\/12\/02\/la-oposicion-comenzo-a-moverse-en-puebla\/\" \/>\n<meta property=\"og:locale\" content=\"es_ES\" \/>\n<meta property=\"og:type\" content=\"article\" \/>\n<meta property=\"og:title\" content=\"La oposici\u00f3n comenz\u00f3 a moverse en Puebla - The Puebla Times\" \/>\n<meta property=\"og:description\" content=\"POR FRED ESTRADA Todo indica que, por fin, la oposici\u00f3n a trav\u00e9s del PAN comenzar\u00e1 a moverse para elegir a quien ser\u00e1 su candidato en la elecci\u00f3n de gobernador que tendr\u00e1 lugar el 2 de junio de 2024. En el punto central se analizar\u00e1 y debatir el m\u00e9todo para elegir al candidato a la gubernatura,...\" \/>\n<meta property=\"og:url\" content=\"https:\/\/thepueblatimes.mx\/index.php\/2023\/12\/02\/la-oposicion-comenzo-a-moverse-en-puebla\/\" \/>\n<meta property=\"og:site_name\" content=\"The Puebla Times\" \/>\n<meta property=\"article:published_time\" content=\"2023-12-02T17:57:15+00:00\" \/>\n<meta property=\"og:image\" content=\"https:\/\/thepueblatimes.mx\/wp-content\/uploads\/2023\/12\/5d6efb7661b77dfe15caf5a7c8a02102-1-scaled.jpg\" \/>\n\t<meta property=\"og:image:width\" content=\"2560\" \/>\n\t<meta property=\"og:image:height\" content=\"1708\" \/>\n\t<meta property=\"og:image:type\" content=\"image\/jpeg\" \/>\n<meta name=\"author\" content=\"admintpt\" \/>\n<meta name=\"twitter:card\" content=\"summary_large_image\" \/>\n<meta name=\"twitter:label1\" content=\"Escrito por\" \/>\n\t<meta name=\"twitter:data1\" content=\"admintpt\" \/>\n\t<meta name=\"twitter:label2\" content=\"Tiempo de lectura\" \/>\n\t<meta name=\"twitter:data2\" content=\"2 minutos\" \/>\n<script type=\"application\/ld+json\" class=\"yoast-schema-graph\">{\"@context\":\"https:\/\/schema.org\",\"@graph\":[{\"@type\":\"WebPage\",\"@id\":\"https:\/\/thepueblatimes.mx\/index.php\/2023\/12\/02\/la-oposicion-comenzo-a-moverse-en-puebla\/\",\"url\":\"https:\/\/thepueblatimes.mx\/index.php\/2023\/12\/02\/la-oposicion-comenzo-a-moverse-en-puebla\/\",\"name\":\"La oposici\u00f3n comenz\u00f3 a moverse en Puebla - The Puebla Times\",\"isPartOf\":{\"@id\":\"https:\/\/thepueblatimes.mx\/#website\"},\"datePublished\":\"2023-12-02T17:57:15+00:00\",\"dateModified\":\"2023-12-02T17:57:15+00:00\",\"author\":{\"@id\":\"https:\/\/thepueblatimes.mx\/#\/schema\/person\/c90a455f48a80821b6a99d3d73d1a71f\"},\"breadcrumb\":{\"@id\":\"https:\/\/thepueblatimes.mx\/index.php\/2023\/12\/02\/la-oposicion-comenzo-a-moverse-en-puebla\/#breadcrumb\"},\"inLanguage\":\"es\",\"potentialAction\":[{\"@type\":\"ReadAction\",\"target\":[\"https:\/\/thepueblatimes.mx\/index.php\/2023\/12\/02\/la-oposicion-comenzo-a-moverse-en-puebla\/\"]}]},{\"@type\":\"BreadcrumbList\",\"@id\":\"https:\/\/thepueblatimes.mx\/index.php\/2023\/12\/02\/la-oposicion-comenzo-a-moverse-en-puebla\/#breadcrumb\",\"itemListElement\":[{\"@type\":\"ListItem\",\"position\":1,\"name\":\"Portada\",\"item\":\"https:\/\/thepueblatimes.mx\/\"},{\"@type\":\"ListItem\",\"position\":2,\"name\":\"La oposici\u00f3n comenz\u00f3 a moverse en Puebla\"}]},{\"@type\":\"WebSite\",\"@id\":\"https:\/\/thepueblatimes.mx\/#website\",\"url\":\"https:\/\/thepueblatimes.mx\/\",\"name\":\"The Puebla Times\",\"description\":\"Noticias del Estado de Puebla\",\"potentialAction\":[{\"@type\":\"SearchAction\",\"target\":{\"@type\":\"EntryPoint\",\"urlTemplate\":\"https:\/\/thepueblatimes.mx\/?s={search_term_string}\"},\"query-input\":\"required name=search_term_string\"}],\"inLanguage\":\"es\"},{\"@type\":\"Person\",\"@id\":\"https:\/\/thepueblatimes.mx\/#\/schema\/person\/c90a455f48a80821b6a99d3d73d1a71f\",\"name\":\"admintpt\",\"image\":{\"@type\":\"ImageObject\",\"inLanguage\":\"es\",\"@id\":\"https:\/\/thepueblatimes.mx\/#\/schema\/person\/image\/\",\"url\":\"https:\/\/secure.gravatar.com\/avatar\/13f0a494cc76bfb992f9768b1d51109d?s=96&d=mm&r=g\",\"contentUrl\":\"https:\/\/secure.gravatar.com\/avatar\/13f0a494cc76bfb992f9768b1d51109d?s=96&d=mm&r=g\",\"caption\":\"admintpt\"},\"url\":\"https:\/\/thepueblatimes.mx\/index.php\/author\/admintpt\/\"}]}<\/script>\n<!-- \/ Yoast SEO plugin. -->","yoast_head_json":{"title":"La oposici\u00f3n comenz\u00f3 a moverse en Puebla - The Puebla Times","robots":{"index":"index","follow":"follow","max-snippet":"max-snippet:-1","max-image-preview":"max-image-preview:large","max-video-preview":"max-video-preview:-1"},"canonical":"https:\/\/thepueblatimes.mx\/index.php\/2023\/12\/02\/la-oposicion-comenzo-a-moverse-en-puebla\/","og_locale":"es_ES","og_type":"article","og_title":"La oposici\u00f3n comenz\u00f3 a moverse en Puebla - The Puebla Times","og_description":"POR FRED ESTRADA Todo indica que, por fin, la oposici\u00f3n a trav\u00e9s del PAN comenzar\u00e1 a moverse para elegir a quien ser\u00e1 su candidato en la elecci\u00f3n de gobernador que tendr\u00e1 lugar el 2 de junio de 2024. En el punto central se analizar\u00e1 y debatir el m\u00e9todo para elegir al candidato a la gubernatura,...","og_url":"https:\/\/thepueblatimes.mx\/index.php\/2023\/12\/02\/la-oposicion-comenzo-a-moverse-en-puebla\/","og_site_name":"The Puebla Times","article_published_time":"2023-12-02T17:57:15+00:00","og_image":[{"width":2560,"height":1708,"url":"https:\/\/thepueblatimes.mx\/wp-content\/uploads\/2023\/12\/5d6efb7661b77dfe15caf5a7c8a02102-1-scaled.jpg","type":"image\/jpeg"}],"author":"admintpt","twitter_card":"summary_large_image","twitter_misc":{"Escrito por":"admintpt","Tiempo de lectura":"2 minutos"},"schema":{"@context":"https:\/\/schema.org","@graph":[{"@type":"WebPage","@id":"https:\/\/thepueblatimes.mx\/index.php\/2023\/12\/02\/la-oposicion-comenzo-a-moverse-en-puebla\/","url":"https:\/\/thepueblatimes.mx\/index.php\/2023\/12\/02\/la-oposicion-comenzo-a-moverse-en-puebla\/","name":"La oposici\u00f3n comenz\u00f3 a moverse en Puebla - The Puebla Times","isPartOf":{"@id":"https:\/\/thepueblatimes.mx\/#website"},"datePublished":"2023-12-02T17:57:15+00:00","dateModified":"2023-12-02T17:57:15+00:00","author":{"@id":"https:\/\/thepueblatimes.mx\/#\/schema\/person\/c90a455f48a80821b6a99d3d73d1a71f"},"breadcrumb":{"@id":"https:\/\/thepueblatimes.mx\/index.php\/2023\/12\/02\/la-oposicion-comenzo-a-moverse-en-puebla\/#breadcrumb"},"inLanguage":"es","potentialAction":[{"@type":"ReadAction","target":["https:\/\/thepueblatimes.mx\/index.php\/2023\/12\/02\/la-oposicion-comenzo-a-moverse-en-puebla\/"]}]},{"@type":"BreadcrumbList","@id":"https:\/\/thepueblatimes.mx\/index.php\/2023\/12\/02\/la-oposicion-comenzo-a-moverse-en-puebla\/#breadcrumb","itemListElement":[{"@type":"ListItem","position":1,"name":"Portada","item":"https:\/\/thepueblatimes.mx\/"},{"@type":"ListItem","position":2,"name":"La oposici\u00f3n comenz\u00f3 a moverse en Puebla"}]},{"@type":"WebSite","@id":"https:\/\/thepueblatimes.mx\/#website","url":"https:\/\/thepueblatimes.mx\/","name":"The Puebla Times","description":"Noticias del Estado de Puebla","potentialAction":[{"@type":"SearchAction","target":{"@type":"EntryPoint","urlTemplate":"https:\/\/thepueblatimes.mx\/?s={search_term_string}"},"query-input":"required name=search_term_string"}],"inLanguage":"es"},{"@type":"Person","@id":"https:\/\/thepueblatimes.mx\/#\/schema\/person\/c90a455f48a80821b6a99d3d73d1a71f","name":"admintpt","image":{"@type":"ImageObject","inLanguage":"es","@id":"https:\/\/thepueblatimes.mx\/#\/schema\/person\/image\/","url":"https:\/\/secure.gravatar.com\/avatar\/13f0a494cc76bfb992f9768b1d51109d?s=96&d=mm&r=g","contentUrl":"https:\/\/secure.gravatar.com\/avatar\/13f0a494cc76bfb992f9768b1d51109d?s=96&d=mm&r=g","caption":"admintpt"},"url":"https:\/\/thepueblatimes.mx\/index.php\/author\/admintpt\/"}]}},"jetpack_featured_media_url":"https:\/\/thepueblatimes.mx\/wp-content\/uploads\/2023\/12\/5d6efb7661b77dfe15caf5a7c8a02102-1-scaled.jpg","_links":{"self":[{"href":"https:\/\/thepueblatimes.mx\/index.php\/wp-json\/wp\/v2\/posts\/20319"}],"collection":[{"href":"https:\/\/thepueblatimes.mx\/index.php\/wp-json\/wp\/v2\/posts"}],"about":[{"href":"https:\/\/thepueblatimes.mx\/index.php\/wp-json\/wp\/v2\/types\/post"}],"author":[{"embeddable":true,"href":"https:\/\/thepueblatimes.mx\/index.php\/wp-json\/wp\/v2\/users\/2"}],"replies":[{"embeddable":true,"href":"https:\/\/thepueblatimes.mx\/index.php\/wp-json\/wp\/v2\/comments?post=20319"}],"version-history":[{"count":1,"href":"https:\/\/thepueblatimes.mx\/index.php\/wp-json\/wp\/v2\/posts\/20319\/revisions"}],"predecessor-version":[{"id":20321,"href":"https:\/\/thepueblatimes.mx\/index.php\/wp-json\/wp\/v2\/posts\/20319\/revisions\/20321"}],"wp:featuredmedia":[{"embeddable":true,"href":"https:\/\/thepueblatimes.mx\/index.php\/wp-json\/wp\/v2\/media\/20320"}],"wp:attachment":[{"href":"https:\/\/thepueblatimes.mx\/index.php\/wp-json\/wp\/v2\/media?parent=20319"}],"wp:term":[{"taxonomy":"category","embeddable":true,"href":"https:\/\/thepueblatimes.mx\/index.php\/wp-json\/wp\/v2\/categories?post=20319"},{"taxonomy":"post_tag","embeddable":true,"href":"https:\/\/thepueblatimes.mx\/index.php\/wp-json\/wp\/v2\/tags?post=20319"}],"curies":[{"name":"wp","href":"https:\/\/api.w.org\/{rel}","templated":true}]}}