{"id":20225,"date":"2023-11-27T13:20:56","date_gmt":"2023-11-27T19:20:56","guid":{"rendered":"https:\/\/thepueblatimes.mx\/?p=20225"},"modified":"2023-11-27T13:24:48","modified_gmt":"2023-11-27T19:24:48","slug":"armenta-advierte-que-julio-huerta-no-es-coordinador-de-su-campana","status":"publish","type":"post","link":"https:\/\/thepueblatimes.mx\/index.php\/2023\/11\/27\/armenta-advierte-que-julio-huerta-no-es-coordinador-de-su-campana\/","title":{"rendered":"Armenta advierte que Julio Huerta no es coordinador de su campa\u00f1a"},"content":{"rendered":"<p>Alejandro Armenta Mier se\u00f1al\u00f3 que Julio Huerta G\u00f3mez, no es su vocero o coordinador de campa\u00f1a.<\/p>\n<p>Ello luego de que filtraran y publicaran versiones en ese sentido.<\/p>\n<p>Esa versi\u00f3n, apunt\u00f3 no fue difundida por el equipo de Julio Huerta, sino mediante un \u201cbolet\u00edn\u201d ap\u00f3crifo enviado a los representantes de los medios y redacciones.<\/p>\n<p>Aunque reconoci\u00f3 \u201cS\u00ed, le ech\u00e9 el ojo a Julio, pero me lo ganaron y como \u00e9l fue coordinador de la doctora Claudia Sheinbaum en la fase anterior, ya lo incorpor\u00f3 a la coordinaci\u00f3n de la Cuarta Circunscripci\u00f3n para una tarea espec\u00edfica\u201d.<\/p>\n<p>Armenta Mier coment\u00f3 que Julio Huerta tendr\u00e1 una tarea \u201cmuy importante\u201d de vinculaci\u00f3n en la contienda por la gubernatura de Puebla.<\/p>\n<p>Asever\u00f3 que Horacio Gaspar es su coordinador de campa\u00f1a y no dejar\u00e1 de serlo hasta que decida buscar un cargo de elecci\u00f3n en las pr\u00f3ximas elecciones.<\/p>\n<p>De esta manera, Armenta Mier aclar\u00f3 la situaci\u00f3n, luego de que en algunos medios de manera la versi\u00f3n de que Julio Huerta asumir\u00eda la coordinaci\u00f3n de su campa\u00f1a.<\/p>\n<p>Adem\u00e1s. Armenta Mier advirti\u00f3 que promover\u00e1 denuncias penales a quien se atreva a vender candidaturas utilizando su nombre.<\/p>\n<p>\u201cEs delito federal, es delito que no permite libertad bajo fianza\u201d, as\u00ed que vamos a poner el ejemplo que sirva para todos de manera contundente.<\/p>\n","protected":false},"excerpt":{"rendered":"<p>Alejandro Armenta Mier se\u00f1al\u00f3 que Julio Huerta G\u00f3mez, no es su vocero o coordinador de campa\u00f1a. Ello luego de que filtraran y publicaran versiones en ese sentido. Esa versi\u00f3n, apunt\u00f3 no fue difundida por el equipo de Julio Huerta, sino mediante un \u201cbolet\u00edn\u201d ap\u00f3crifo enviado a los representantes de los medios y redacciones. Aunque reconoci\u00f3&#8230;<\/p>\n","protected":false},"author":2,"featured_media":20226,"comment_status":"closed","ping_status":"closed","sticky":false,"template":"","format":"standard","meta":[],"categories":[10,8],"tags":[187,1259,66],"yoast_head":"<!-- This site is optimized with the Yoast SEO plugin v20.8 - https:\/\/yoast.com\/wordpress\/plugins\/seo\/ -->\n<title>Armenta advierte que Julio Huerta no es coordinador de su campa\u00f1a - The Puebla Times<\/title>\n<meta name=\"robots\" content=\"index, follow, max-snippet:-1, max-image-preview:large, max-video-preview:-1\" \/>\n<link rel=\"canonical\" href=\"https:\/\/thepueblatimes.mx\/index.php\/2023\/11\/27\/armenta-advierte-que-julio-huerta-no-es-coordinador-de-su-campana\/\" \/>\n<meta property=\"og:locale\" content=\"es_ES\" \/>\n<meta property=\"og:type\" content=\"article\" \/>\n<meta property=\"og:title\" content=\"Armenta advierte que Julio Huerta no es coordinador de su campa\u00f1a - The Puebla Times\" \/>\n<meta property=\"og:description\" content=\"Alejandro Armenta Mier se\u00f1al\u00f3 que Julio Huerta G\u00f3mez, no es su vocero o coordinador de campa\u00f1a. Ello luego de que filtraran y publicaran versiones en ese sentido. Esa versi\u00f3n, apunt\u00f3 no fue difundida por el equipo de Julio Huerta, sino mediante un \u201cbolet\u00edn\u201d ap\u00f3crifo enviado a los representantes de los medios y redacciones. Aunque reconoci\u00f3...\" \/>\n<meta property=\"og:url\" content=\"https:\/\/thepueblatimes.mx\/index.php\/2023\/11\/27\/armenta-advierte-que-julio-huerta-no-es-coordinador-de-su-campana\/\" \/>\n<meta property=\"og:site_name\" content=\"The Puebla Times\" \/>\n<meta property=\"article:published_time\" content=\"2023-11-27T19:20:56+00:00\" \/>\n<meta property=\"article:modified_time\" content=\"2023-11-27T19:24:48+00:00\" \/>\n<meta property=\"og:image\" content=\"https:\/\/thepueblatimes.mx\/wp-content\/uploads\/2023\/11\/F_9QyZ6XIAAGx0I.jpg\" \/>\n\t<meta property=\"og:image:width\" content=\"1600\" \/>\n\t<meta property=\"og:image:height\" content=\"1066\" \/>\n\t<meta property=\"og:image:type\" content=\"image\/jpeg\" \/>\n<meta name=\"author\" content=\"admintpt\" \/>\n<meta name=\"twitter:card\" content=\"summary_large_image\" \/>\n<meta name=\"twitter:label1\" content=\"Escrito por\" \/>\n\t<meta name=\"twitter:data1\" content=\"admintpt\" \/>\n\t<meta name=\"twitter:label2\" content=\"Tiempo de lectura\" \/>\n\t<meta name=\"twitter:data2\" content=\"1 minuto\" \/>\n<script type=\"application\/ld+json\" class=\"yoast-schema-graph\">{\"@context\":\"https:\/\/schema.org\",\"@graph\":[{\"@type\":\"WebPage\",\"@id\":\"https:\/\/thepueblatimes.mx\/index.php\/2023\/11\/27\/armenta-advierte-que-julio-huerta-no-es-coordinador-de-su-campana\/\",\"url\":\"https:\/\/thepueblatimes.mx\/index.php\/2023\/11\/27\/armenta-advierte-que-julio-huerta-no-es-coordinador-de-su-campana\/\",\"name\":\"Armenta advierte que Julio Huerta no es coordinador de su campa\u00f1a - The Puebla Times\",\"isPartOf\":{\"@id\":\"https:\/\/thepueblatimes.mx\/#website\"},\"datePublished\":\"2023-11-27T19:20:56+00:00\",\"dateModified\":\"2023-11-27T19:24:48+00:00\",\"author\":{\"@id\":\"https:\/\/thepueblatimes.mx\/#\/schema\/person\/c90a455f48a80821b6a99d3d73d1a71f\"},\"breadcrumb\":{\"@id\":\"https:\/\/thepueblatimes.mx\/index.php\/2023\/11\/27\/armenta-advierte-que-julio-huerta-no-es-coordinador-de-su-campana\/#breadcrumb\"},\"inLanguage\":\"es\",\"potentialAction\":[{\"@type\":\"ReadAction\",\"target\":[\"https:\/\/thepueblatimes.mx\/index.php\/2023\/11\/27\/armenta-advierte-que-julio-huerta-no-es-coordinador-de-su-campana\/\"]}]},{\"@type\":\"BreadcrumbList\",\"@id\":\"https:\/\/thepueblatimes.mx\/index.php\/2023\/11\/27\/armenta-advierte-que-julio-huerta-no-es-coordinador-de-su-campana\/#breadcrumb\",\"itemListElement\":[{\"@type\":\"ListItem\",\"position\":1,\"name\":\"Portada\",\"item\":\"https:\/\/thepueblatimes.mx\/\"},{\"@type\":\"ListItem\",\"position\":2,\"name\":\"Armenta advierte que Julio Huerta no es coordinador de su campa\u00f1a\"}]},{\"@type\":\"WebSite\",\"@id\":\"https:\/\/thepueblatimes.mx\/#website\",\"url\":\"https:\/\/thepueblatimes.mx\/\",\"name\":\"The Puebla Times\",\"description\":\"Noticias del Estado de Puebla\",\"potentialAction\":[{\"@type\":\"SearchAction\",\"target\":{\"@type\":\"EntryPoint\",\"urlTemplate\":\"https:\/\/thepueblatimes.mx\/?s={search_term_string}\"},\"query-input\":\"required name=search_term_string\"}],\"inLanguage\":\"es\"},{\"@type\":\"Person\",\"@id\":\"https:\/\/thepueblatimes.mx\/#\/schema\/person\/c90a455f48a80821b6a99d3d73d1a71f\",\"name\":\"admintpt\",\"image\":{\"@type\":\"ImageObject\",\"inLanguage\":\"es\",\"@id\":\"https:\/\/thepueblatimes.mx\/#\/schema\/person\/image\/\",\"url\":\"https:\/\/secure.gravatar.com\/avatar\/13f0a494cc76bfb992f9768b1d51109d?s=96&d=mm&r=g\",\"contentUrl\":\"https:\/\/secure.gravatar.com\/avatar\/13f0a494cc76bfb992f9768b1d51109d?s=96&d=mm&r=g\",\"caption\":\"admintpt\"},\"url\":\"https:\/\/thepueblatimes.mx\/index.php\/author\/admintpt\/\"}]}<\/script>\n<!-- \/ Yoast SEO plugin. -->","yoast_head_json":{"title":"Armenta advierte que Julio Huerta no es coordinador de su campa\u00f1a - The Puebla Times","robots":{"index":"index","follow":"follow","max-snippet":"max-snippet:-1","max-image-preview":"max-image-preview:large","max-video-preview":"max-video-preview:-1"},"canonical":"https:\/\/thepueblatimes.mx\/index.php\/2023\/11\/27\/armenta-advierte-que-julio-huerta-no-es-coordinador-de-su-campana\/","og_locale":"es_ES","og_type":"article","og_title":"Armenta advierte que Julio Huerta no es coordinador de su campa\u00f1a - The Puebla Times","og_description":"Alejandro Armenta Mier se\u00f1al\u00f3 que Julio Huerta G\u00f3mez, no es su vocero o coordinador de campa\u00f1a. Ello luego de que filtraran y publicaran versiones en ese sentido. Esa versi\u00f3n, apunt\u00f3 no fue difundida por el equipo de Julio Huerta, sino mediante un \u201cbolet\u00edn\u201d ap\u00f3crifo enviado a los representantes de los medios y redacciones. Aunque reconoci\u00f3...","og_url":"https:\/\/thepueblatimes.mx\/index.php\/2023\/11\/27\/armenta-advierte-que-julio-huerta-no-es-coordinador-de-su-campana\/","og_site_name":"The Puebla Times","article_published_time":"2023-11-27T19:20:56+00:00","article_modified_time":"2023-11-27T19:24:48+00:00","og_image":[{"width":1600,"height":1066,"url":"https:\/\/thepueblatimes.mx\/wp-content\/uploads\/2023\/11\/F_9QyZ6XIAAGx0I.jpg","type":"image\/jpeg"}],"author":"admintpt","twitter_card":"summary_large_image","twitter_misc":{"Escrito por":"admintpt","Tiempo de lectura":"1 minuto"},"schema":{"@context":"https:\/\/schema.org","@graph":[{"@type":"WebPage","@id":"https:\/\/thepueblatimes.mx\/index.php\/2023\/11\/27\/armenta-advierte-que-julio-huerta-no-es-coordinador-de-su-campana\/","url":"https:\/\/thepueblatimes.mx\/index.php\/2023\/11\/27\/armenta-advierte-que-julio-huerta-no-es-coordinador-de-su-campana\/","name":"Armenta advierte que Julio Huerta no es coordinador de su campa\u00f1a - The Puebla Times","isPartOf":{"@id":"https:\/\/thepueblatimes.mx\/#website"},"datePublished":"2023-11-27T19:20:56+00:00","dateModified":"2023-11-27T19:24:48+00:00","author":{"@id":"https:\/\/thepueblatimes.mx\/#\/schema\/person\/c90a455f48a80821b6a99d3d73d1a71f"},"breadcrumb":{"@id":"https:\/\/thepueblatimes.mx\/index.php\/2023\/11\/27\/armenta-advierte-que-julio-huerta-no-es-coordinador-de-su-campana\/#breadcrumb"},"inLanguage":"es","potentialAction":[{"@type":"ReadAction","target":["https:\/\/thepueblatimes.mx\/index.php\/2023\/11\/27\/armenta-advierte-que-julio-huerta-no-es-coordinador-de-su-campana\/"]}]},{"@type":"BreadcrumbList","@id":"https:\/\/thepueblatimes.mx\/index.php\/2023\/11\/27\/armenta-advierte-que-julio-huerta-no-es-coordinador-de-su-campana\/#breadcrumb","itemListElement":[{"@type":"ListItem","position":1,"name":"Portada","item":"https:\/\/thepueblatimes.mx\/"},{"@type":"ListItem","position":2,"name":"Armenta advierte que Julio Huerta no es coordinador de su campa\u00f1a"}]},{"@type":"WebSite","@id":"https:\/\/thepueblatimes.mx\/#website","url":"https:\/\/thepueblatimes.mx\/","name":"The Puebla Times","description":"Noticias del Estado de Puebla","potentialAction":[{"@type":"SearchAction","target":{"@type":"EntryPoint","urlTemplate":"https:\/\/thepueblatimes.mx\/?s={search_term_string}"},"query-input":"required name=search_term_string"}],"inLanguage":"es"},{"@type":"Person","@id":"https:\/\/thepueblatimes.mx\/#\/schema\/person\/c90a455f48a80821b6a99d3d73d1a71f","name":"admintpt","image":{"@type":"ImageObject","inLanguage":"es","@id":"https:\/\/thepueblatimes.mx\/#\/schema\/person\/image\/","url":"https:\/\/secure.gravatar.com\/avatar\/13f0a494cc76bfb992f9768b1d51109d?s=96&d=mm&r=g","contentUrl":"https:\/\/secure.gravatar.com\/avatar\/13f0a494cc76bfb992f9768b1d51109d?s=96&d=mm&r=g","caption":"admintpt"},"url":"https:\/\/thepueblatimes.mx\/index.php\/author\/admintpt\/"}]}},"jetpack_featured_media_url":"https:\/\/thepueblatimes.mx\/wp-content\/uploads\/2023\/11\/F_9QyZ6XIAAGx0I.jpg","_links":{"self":[{"href":"https:\/\/thepueblatimes.mx\/index.php\/wp-json\/wp\/v2\/posts\/20225"}],"collection":[{"href":"https:\/\/thepueblatimes.mx\/index.php\/wp-json\/wp\/v2\/posts"}],"about":[{"href":"https:\/\/thepueblatimes.mx\/index.php\/wp-json\/wp\/v2\/types\/post"}],"author":[{"embeddable":true,"href":"https:\/\/thepueblatimes.mx\/index.php\/wp-json\/wp\/v2\/users\/2"}],"replies":[{"embeddable":true,"href":"https:\/\/thepueblatimes.mx\/index.php\/wp-json\/wp\/v2\/comments?post=20225"}],"version-history":[{"count":1,"href":"https:\/\/thepueblatimes.mx\/index.php\/wp-json\/wp\/v2\/posts\/20225\/revisions"}],"predecessor-version":[{"id":20227,"href":"https:\/\/thepueblatimes.mx\/index.php\/wp-json\/wp\/v2\/posts\/20225\/revisions\/20227"}],"wp:featuredmedia":[{"embeddable":true,"href":"https:\/\/thepueblatimes.mx\/index.php\/wp-json\/wp\/v2\/media\/20226"}],"wp:attachment":[{"href":"https:\/\/thepueblatimes.mx\/index.php\/wp-json\/wp\/v2\/media?parent=20225"}],"wp:term":[{"taxonomy":"category","embeddable":true,"href":"https:\/\/thepueblatimes.mx\/index.php\/wp-json\/wp\/v2\/categories?post=20225"},{"taxonomy":"post_tag","embeddable":true,"href":"https:\/\/thepueblatimes.mx\/index.php\/wp-json\/wp\/v2\/tags?post=20225"}],"curies":[{"name":"wp","href":"https:\/\/api.w.org\/{rel}","templated":true}]}}