{"id":19958,"date":"2023-11-08T10:09:02","date_gmt":"2023-11-08T16:09:02","guid":{"rendered":"https:\/\/thepueblatimes.mx\/?p=19958"},"modified":"2023-11-08T10:09:02","modified_gmt":"2023-11-08T16:09:02","slug":"aprueba-comision-del-congreso-reformas-en-favor-de-pueblos-y-comunidades-indigenas","status":"publish","type":"post","link":"https:\/\/thepueblatimes.mx\/index.php\/2023\/11\/08\/aprueba-comision-del-congreso-reformas-en-favor-de-pueblos-y-comunidades-indigenas\/","title":{"rendered":"Aprueba Comisi\u00f3n del Congreso reformas en favor de pueblos y comunidades ind\u00edgenas"},"content":{"rendered":"<h3><em>-Las reformas se realizaron a la Ley de Derechos, Cultura y Desarrollo de los Pueblos y Comunidades Ind\u00edgenas del Estado de Puebla<\/em><\/h3>\n<p>&nbsp;<\/p>\n<p>Tras un proceso de Consulta previa, libre, informada, culturalmente adecuada y de buena fe, la Comisi\u00f3n de Pueblos, Comunidades Ind\u00edgenas y Afromexicanas del Congreso del Estado aprob\u00f3 el Proyecto de Dictamen por virtud del cual se reforman, adicionan y derogan diversas disposiciones de la Ley de Derechos, Cultura y Desarrollo de los Pueblos y Comunidades Ind\u00edgenas del Estado de Puebla.<\/p>\n<p>&nbsp;<\/p>\n<p>El marco normativo tiene el prop\u00f3sito de respetar, promover, reconocer, proteger y garantizar los derechos de pueblos y comunidades ind\u00edgenas, as\u00ed como a sus habitantes el ejercicio de sus formas de organizaci\u00f3n comunitaria y de gobierno propio, el respeto y desarrollo de sus culturas, creencias, conocimientos, lenguas, usos, costumbres, medicina tradicional y recursos.<\/p>\n<p>&nbsp;<\/p>\n<p>La presidenta de la Comisi\u00f3n, Norma Reyes Cabrera se\u00f1al\u00f3 que estas reformas son producto de la labor legislativa, pero tambi\u00e9n de la participaci\u00f3n y voz de los pueblos y comunidades ind\u00edgenas, a trav\u00e9s de un proceso de Consulta, mediante el cual se escucharon las inquietudes, necesidades y aspiraciones de este grupo.<\/p>\n<p>&nbsp;<\/p>\n<p>La legisladora se\u00f1al\u00f3 que las reformas propuestas buscan asegurar la efectiva participaci\u00f3n de las comunidades en el desarrollo estatal y municipal, reconociendo su derecho a la autodeterminaci\u00f3n y a mantener y fortalecer sus instituciones tradicionales; adem\u00e1s, establecer como derecho la consulta previa en todas las medidas legislativas o administrativas que puedan afectarles, respetando su autonom\u00eda y formas de organizaci\u00f3n.<\/p>\n<p>Estas reformas tambi\u00e9n consideran promover la cultura y la lengua de pueblos y comunidades ind\u00edgenas, proteger sus recursos naturales y territorios tradicionales; se enfatiza la necesidad de garantizar la igualdad de oportunidades y acceso a los servicios de salud y educaci\u00f3n, con pertinencia cultural y ling\u00fc\u00edstica, por lo que estas reformas representan un paso contra la discriminaci\u00f3n y la desigualdad.<\/p>\n<p>&nbsp;<\/p>\n<p>Al hacer uso de la palabra, el diputado Edgar Garmendia de los Santos se\u00f1al\u00f3 que la aprobaci\u00f3n de estas reformas representa un paso para reconocer la lucha de los pueblos originarios y que pueden participar en la toma de decisiones. Mientras que la diputada Nancy Jim\u00e9nez Morales destac\u00f3 que con el dictamen se garantizan los derechos de este grupo e impactar\u00e1 en la mejora de su calidad de vida.<\/p>\n<p>&nbsp;<\/p>\n<p>Por su parte, la diputada Guadalupe Yamak Taja destac\u00f3 la participaci\u00f3n de los pueblos y comunidades ind\u00edgenas en la consulta. El diputado Jos\u00e9 Miguel Huerta Rodr\u00edguez enfatiz\u00f3 que, con las reformas, se generan condiciones de desarrollo justo y equilibrado, se indica la necesidad de destinar recursos para este fin, adem\u00e1s, se especifican las atribuciones de los Ayuntamientos.<\/p>\n<p>&nbsp;<\/p>\n<p>Finalmente, la diputada Jocelyn Olivares L\u00f3pez hizo un reconocimiento a los \u00f3rganos legislativos por desarrollar la metodolog\u00eda y llevar a cabo las acciones necesarias para realizar la consulta, pues estas reformas se derivan del trabajo conjunto.<\/p>\n","protected":false},"excerpt":{"rendered":"<p>-Las reformas se realizaron a la Ley de Derechos, Cultura y Desarrollo de los Pueblos y Comunidades Ind\u00edgenas del Estado de Puebla &nbsp; Tras un proceso de Consulta previa, libre, informada, culturalmente adecuada y de buena fe, la Comisi\u00f3n de Pueblos, Comunidades Ind\u00edgenas y Afromexicanas del Congreso del Estado aprob\u00f3 el Proyecto de Dictamen por&#8230;<\/p>\n","protected":false},"author":2,"featured_media":19959,"comment_status":"closed","ping_status":"closed","sticky":false,"template":"","format":"standard","meta":[],"categories":[3],"tags":[1480,1401,1271],"yoast_head":"<!-- This site is optimized with the Yoast SEO plugin v20.8 - https:\/\/yoast.com\/wordpress\/plugins\/seo\/ -->\n<title>Aprueba Comisi\u00f3n del Congreso reformas en favor de pueblos y comunidades ind\u00edgenas - The Puebla Times<\/title>\n<meta name=\"robots\" content=\"index, follow, max-snippet:-1, max-image-preview:large, max-video-preview:-1\" \/>\n<link rel=\"canonical\" href=\"https:\/\/thepueblatimes.mx\/index.php\/2023\/11\/08\/aprueba-comision-del-congreso-reformas-en-favor-de-pueblos-y-comunidades-indigenas\/\" \/>\n<meta property=\"og:locale\" content=\"es_ES\" \/>\n<meta property=\"og:type\" content=\"article\" \/>\n<meta property=\"og:title\" content=\"Aprueba Comisi\u00f3n del Congreso reformas en favor de pueblos y comunidades ind\u00edgenas - The Puebla Times\" \/>\n<meta property=\"og:description\" content=\"-Las reformas se realizaron a la Ley de Derechos, Cultura y Desarrollo de los Pueblos y Comunidades Ind\u00edgenas del Estado de Puebla &nbsp; Tras un proceso de Consulta previa, libre, informada, culturalmente adecuada y de buena fe, la Comisi\u00f3n de Pueblos, Comunidades Ind\u00edgenas y Afromexicanas del Congreso del Estado aprob\u00f3 el Proyecto de Dictamen por...\" \/>\n<meta property=\"og:url\" content=\"https:\/\/thepueblatimes.mx\/index.php\/2023\/11\/08\/aprueba-comision-del-congreso-reformas-en-favor-de-pueblos-y-comunidades-indigenas\/\" \/>\n<meta property=\"og:site_name\" content=\"The Puebla Times\" \/>\n<meta property=\"article:published_time\" content=\"2023-11-08T16:09:02+00:00\" \/>\n<meta property=\"og:image\" content=\"https:\/\/thepueblatimes.mx\/wp-content\/uploads\/2023\/11\/WhatsApp-Image-2023-11-07-at-23.46.43.jpeg\" \/>\n\t<meta property=\"og:image:width\" content=\"1600\" \/>\n\t<meta property=\"og:image:height\" content=\"1066\" \/>\n\t<meta property=\"og:image:type\" content=\"image\/jpeg\" \/>\n<meta name=\"author\" content=\"admintpt\" \/>\n<meta name=\"twitter:card\" content=\"summary_large_image\" \/>\n<meta name=\"twitter:label1\" content=\"Escrito por\" \/>\n\t<meta name=\"twitter:data1\" content=\"admintpt\" \/>\n\t<meta name=\"twitter:label2\" content=\"Tiempo de lectura\" \/>\n\t<meta name=\"twitter:data2\" content=\"3 minutos\" \/>\n<script type=\"application\/ld+json\" class=\"yoast-schema-graph\">{\"@context\":\"https:\/\/schema.org\",\"@graph\":[{\"@type\":\"WebPage\",\"@id\":\"https:\/\/thepueblatimes.mx\/index.php\/2023\/11\/08\/aprueba-comision-del-congreso-reformas-en-favor-de-pueblos-y-comunidades-indigenas\/\",\"url\":\"https:\/\/thepueblatimes.mx\/index.php\/2023\/11\/08\/aprueba-comision-del-congreso-reformas-en-favor-de-pueblos-y-comunidades-indigenas\/\",\"name\":\"Aprueba Comisi\u00f3n del Congreso reformas en favor de pueblos y comunidades ind\u00edgenas - The Puebla Times\",\"isPartOf\":{\"@id\":\"https:\/\/thepueblatimes.mx\/#website\"},\"datePublished\":\"2023-11-08T16:09:02+00:00\",\"dateModified\":\"2023-11-08T16:09:02+00:00\",\"author\":{\"@id\":\"https:\/\/thepueblatimes.mx\/#\/schema\/person\/c90a455f48a80821b6a99d3d73d1a71f\"},\"breadcrumb\":{\"@id\":\"https:\/\/thepueblatimes.mx\/index.php\/2023\/11\/08\/aprueba-comision-del-congreso-reformas-en-favor-de-pueblos-y-comunidades-indigenas\/#breadcrumb\"},\"inLanguage\":\"es\",\"potentialAction\":[{\"@type\":\"ReadAction\",\"target\":[\"https:\/\/thepueblatimes.mx\/index.php\/2023\/11\/08\/aprueba-comision-del-congreso-reformas-en-favor-de-pueblos-y-comunidades-indigenas\/\"]}]},{\"@type\":\"BreadcrumbList\",\"@id\":\"https:\/\/thepueblatimes.mx\/index.php\/2023\/11\/08\/aprueba-comision-del-congreso-reformas-en-favor-de-pueblos-y-comunidades-indigenas\/#breadcrumb\",\"itemListElement\":[{\"@type\":\"ListItem\",\"position\":1,\"name\":\"Portada\",\"item\":\"https:\/\/thepueblatimes.mx\/\"},{\"@type\":\"ListItem\",\"position\":2,\"name\":\"Aprueba Comisi\u00f3n del Congreso reformas en favor de pueblos y comunidades ind\u00edgenas\"}]},{\"@type\":\"WebSite\",\"@id\":\"https:\/\/thepueblatimes.mx\/#website\",\"url\":\"https:\/\/thepueblatimes.mx\/\",\"name\":\"The Puebla Times\",\"description\":\"Noticias del Estado de Puebla\",\"potentialAction\":[{\"@type\":\"SearchAction\",\"target\":{\"@type\":\"EntryPoint\",\"urlTemplate\":\"https:\/\/thepueblatimes.mx\/?s={search_term_string}\"},\"query-input\":\"required name=search_term_string\"}],\"inLanguage\":\"es\"},{\"@type\":\"Person\",\"@id\":\"https:\/\/thepueblatimes.mx\/#\/schema\/person\/c90a455f48a80821b6a99d3d73d1a71f\",\"name\":\"admintpt\",\"image\":{\"@type\":\"ImageObject\",\"inLanguage\":\"es\",\"@id\":\"https:\/\/thepueblatimes.mx\/#\/schema\/person\/image\/\",\"url\":\"https:\/\/secure.gravatar.com\/avatar\/13f0a494cc76bfb992f9768b1d51109d?s=96&d=mm&r=g\",\"contentUrl\":\"https:\/\/secure.gravatar.com\/avatar\/13f0a494cc76bfb992f9768b1d51109d?s=96&d=mm&r=g\",\"caption\":\"admintpt\"},\"url\":\"https:\/\/thepueblatimes.mx\/index.php\/author\/admintpt\/\"}]}<\/script>\n<!-- \/ Yoast SEO plugin. -->","yoast_head_json":{"title":"Aprueba Comisi\u00f3n del Congreso reformas en favor de pueblos y comunidades ind\u00edgenas - The Puebla Times","robots":{"index":"index","follow":"follow","max-snippet":"max-snippet:-1","max-image-preview":"max-image-preview:large","max-video-preview":"max-video-preview:-1"},"canonical":"https:\/\/thepueblatimes.mx\/index.php\/2023\/11\/08\/aprueba-comision-del-congreso-reformas-en-favor-de-pueblos-y-comunidades-indigenas\/","og_locale":"es_ES","og_type":"article","og_title":"Aprueba Comisi\u00f3n del Congreso reformas en favor de pueblos y comunidades ind\u00edgenas - The Puebla Times","og_description":"-Las reformas se realizaron a la Ley de Derechos, Cultura y Desarrollo de los Pueblos y Comunidades Ind\u00edgenas del Estado de Puebla &nbsp; Tras un proceso de Consulta previa, libre, informada, culturalmente adecuada y de buena fe, la Comisi\u00f3n de Pueblos, Comunidades Ind\u00edgenas y Afromexicanas del Congreso del Estado aprob\u00f3 el Proyecto de Dictamen por...","og_url":"https:\/\/thepueblatimes.mx\/index.php\/2023\/11\/08\/aprueba-comision-del-congreso-reformas-en-favor-de-pueblos-y-comunidades-indigenas\/","og_site_name":"The Puebla Times","article_published_time":"2023-11-08T16:09:02+00:00","og_image":[{"width":1600,"height":1066,"url":"https:\/\/thepueblatimes.mx\/wp-content\/uploads\/2023\/11\/WhatsApp-Image-2023-11-07-at-23.46.43.jpeg","type":"image\/jpeg"}],"author":"admintpt","twitter_card":"summary_large_image","twitter_misc":{"Escrito por":"admintpt","Tiempo de lectura":"3 minutos"},"schema":{"@context":"https:\/\/schema.org","@graph":[{"@type":"WebPage","@id":"https:\/\/thepueblatimes.mx\/index.php\/2023\/11\/08\/aprueba-comision-del-congreso-reformas-en-favor-de-pueblos-y-comunidades-indigenas\/","url":"https:\/\/thepueblatimes.mx\/index.php\/2023\/11\/08\/aprueba-comision-del-congreso-reformas-en-favor-de-pueblos-y-comunidades-indigenas\/","name":"Aprueba Comisi\u00f3n del Congreso reformas en favor de pueblos y comunidades ind\u00edgenas - The Puebla Times","isPartOf":{"@id":"https:\/\/thepueblatimes.mx\/#website"},"datePublished":"2023-11-08T16:09:02+00:00","dateModified":"2023-11-08T16:09:02+00:00","author":{"@id":"https:\/\/thepueblatimes.mx\/#\/schema\/person\/c90a455f48a80821b6a99d3d73d1a71f"},"breadcrumb":{"@id":"https:\/\/thepueblatimes.mx\/index.php\/2023\/11\/08\/aprueba-comision-del-congreso-reformas-en-favor-de-pueblos-y-comunidades-indigenas\/#breadcrumb"},"inLanguage":"es","potentialAction":[{"@type":"ReadAction","target":["https:\/\/thepueblatimes.mx\/index.php\/2023\/11\/08\/aprueba-comision-del-congreso-reformas-en-favor-de-pueblos-y-comunidades-indigenas\/"]}]},{"@type":"BreadcrumbList","@id":"https:\/\/thepueblatimes.mx\/index.php\/2023\/11\/08\/aprueba-comision-del-congreso-reformas-en-favor-de-pueblos-y-comunidades-indigenas\/#breadcrumb","itemListElement":[{"@type":"ListItem","position":1,"name":"Portada","item":"https:\/\/thepueblatimes.mx\/"},{"@type":"ListItem","position":2,"name":"Aprueba Comisi\u00f3n del Congreso reformas en favor de pueblos y comunidades ind\u00edgenas"}]},{"@type":"WebSite","@id":"https:\/\/thepueblatimes.mx\/#website","url":"https:\/\/thepueblatimes.mx\/","name":"The Puebla Times","description":"Noticias del Estado de Puebla","potentialAction":[{"@type":"SearchAction","target":{"@type":"EntryPoint","urlTemplate":"https:\/\/thepueblatimes.mx\/?s={search_term_string}"},"query-input":"required name=search_term_string"}],"inLanguage":"es"},{"@type":"Person","@id":"https:\/\/thepueblatimes.mx\/#\/schema\/person\/c90a455f48a80821b6a99d3d73d1a71f","name":"admintpt","image":{"@type":"ImageObject","inLanguage":"es","@id":"https:\/\/thepueblatimes.mx\/#\/schema\/person\/image\/","url":"https:\/\/secure.gravatar.com\/avatar\/13f0a494cc76bfb992f9768b1d51109d?s=96&d=mm&r=g","contentUrl":"https:\/\/secure.gravatar.com\/avatar\/13f0a494cc76bfb992f9768b1d51109d?s=96&d=mm&r=g","caption":"admintpt"},"url":"https:\/\/thepueblatimes.mx\/index.php\/author\/admintpt\/"}]}},"jetpack_featured_media_url":"https:\/\/thepueblatimes.mx\/wp-content\/uploads\/2023\/11\/WhatsApp-Image-2023-11-07-at-23.46.43.jpeg","_links":{"self":[{"href":"https:\/\/thepueblatimes.mx\/index.php\/wp-json\/wp\/v2\/posts\/19958"}],"collection":[{"href":"https:\/\/thepueblatimes.mx\/index.php\/wp-json\/wp\/v2\/posts"}],"about":[{"href":"https:\/\/thepueblatimes.mx\/index.php\/wp-json\/wp\/v2\/types\/post"}],"author":[{"embeddable":true,"href":"https:\/\/thepueblatimes.mx\/index.php\/wp-json\/wp\/v2\/users\/2"}],"replies":[{"embeddable":true,"href":"https:\/\/thepueblatimes.mx\/index.php\/wp-json\/wp\/v2\/comments?post=19958"}],"version-history":[{"count":1,"href":"https:\/\/thepueblatimes.mx\/index.php\/wp-json\/wp\/v2\/posts\/19958\/revisions"}],"predecessor-version":[{"id":19960,"href":"https:\/\/thepueblatimes.mx\/index.php\/wp-json\/wp\/v2\/posts\/19958\/revisions\/19960"}],"wp:featuredmedia":[{"embeddable":true,"href":"https:\/\/thepueblatimes.mx\/index.php\/wp-json\/wp\/v2\/media\/19959"}],"wp:attachment":[{"href":"https:\/\/thepueblatimes.mx\/index.php\/wp-json\/wp\/v2\/media?parent=19958"}],"wp:term":[{"taxonomy":"category","embeddable":true,"href":"https:\/\/thepueblatimes.mx\/index.php\/wp-json\/wp\/v2\/categories?post=19958"},{"taxonomy":"post_tag","embeddable":true,"href":"https:\/\/thepueblatimes.mx\/index.php\/wp-json\/wp\/v2\/tags?post=19958"}],"curies":[{"name":"wp","href":"https:\/\/api.w.org\/{rel}","templated":true}]}}