{"id":19949,"date":"2023-11-07T19:03:17","date_gmt":"2023-11-08T01:03:17","guid":{"rendered":"https:\/\/thepueblatimes.mx\/?p=19949"},"modified":"2023-11-07T19:03:17","modified_gmt":"2023-11-08T01:03:17","slug":"hallan-a-dos-victimas-de-secuestro-virtual-en-atlixco","status":"publish","type":"post","link":"https:\/\/thepueblatimes.mx\/index.php\/2023\/11\/07\/hallan-a-dos-victimas-de-secuestro-virtual-en-atlixco\/","title":{"rendered":"Hallan a dos v\u00edctimas de secuestro virtual en Atlixco"},"content":{"rendered":"<h3><em>*Derivado de acciones operativas, agentes investigadores lograron localizar en \u00f3ptimas condiciones f\u00edsicas a las dos personas en un hotel.<\/em><\/h3>\n<p>POR DANIEL ROMERO<\/p>\n<p>ATLIXCO, PUE. &#8211; Mediante labores de investigaci\u00f3n de campo y gabinete, la Fiscal\u00eda General del Estado de Puebla localiz\u00f3 ilesos a dos ciudadanos v\u00edctimas de extorsi\u00f3n telef\u00f3nica en su modalidad de secuestro virtual en el municipio de Atlixco.<\/p>\n<p>Familiares de los agraviados se\u00f1alaron que el pasado 12 de octubre recibieron llamadas telef\u00f3nicas de una persona que asegur\u00f3 tenerlos secuestrados, exigiendo 150 mil pesos para no hacerles da\u00f1o y liberarlos.<\/p>\n<p>Ante la amenaza, los denunciantes realizaron un dep\u00f3sito de 22 mil pesos en una sucursal bancaria, sin embargo, al seguir incomunicados con las v\u00edctimas, acudieron a la Fiscal\u00eda del Estado para informar lo sucedido.<\/p>\n<p>Derivado de acciones operativas, agentes investigadores lograron localizar en \u00f3ptimas condiciones f\u00edsicas a las dos personas, en un hotel en el municipio de Atlixco, y les trasladaron a la Fiscal\u00eda para darles atenci\u00f3n y asesor\u00eda.<\/p>\n","protected":false},"excerpt":{"rendered":"<p>*Derivado de acciones operativas, agentes investigadores lograron localizar en \u00f3ptimas condiciones f\u00edsicas a las dos personas en un hotel. POR DANIEL ROMERO ATLIXCO, PUE. &#8211; Mediante labores de investigaci\u00f3n de campo y gabinete, la Fiscal\u00eda General del Estado de Puebla localiz\u00f3 ilesos a dos ciudadanos v\u00edctimas de extorsi\u00f3n telef\u00f3nica en su modalidad de secuestro virtual&#8230;<\/p>\n","protected":false},"author":2,"featured_media":19950,"comment_status":"closed","ping_status":"closed","sticky":false,"template":"","format":"standard","meta":[],"categories":[121],"tags":[45,199,1575],"yoast_head":"<!-- This site is optimized with the Yoast SEO plugin v20.8 - https:\/\/yoast.com\/wordpress\/plugins\/seo\/ -->\n<title>Hallan a dos v\u00edctimas de secuestro virtual en Atlixco - The Puebla Times<\/title>\n<meta name=\"robots\" content=\"index, follow, max-snippet:-1, max-image-preview:large, max-video-preview:-1\" \/>\n<link rel=\"canonical\" href=\"https:\/\/thepueblatimes.mx\/index.php\/2023\/11\/07\/hallan-a-dos-victimas-de-secuestro-virtual-en-atlixco\/\" \/>\n<meta property=\"og:locale\" content=\"es_ES\" \/>\n<meta property=\"og:type\" content=\"article\" \/>\n<meta property=\"og:title\" content=\"Hallan a dos v\u00edctimas de secuestro virtual en Atlixco - The Puebla Times\" \/>\n<meta property=\"og:description\" content=\"*Derivado de acciones operativas, agentes investigadores lograron localizar en \u00f3ptimas condiciones f\u00edsicas a las dos personas en un hotel. POR DANIEL ROMERO ATLIXCO, PUE. &#8211; Mediante labores de investigaci\u00f3n de campo y gabinete, la Fiscal\u00eda General del Estado de Puebla localiz\u00f3 ilesos a dos ciudadanos v\u00edctimas de extorsi\u00f3n telef\u00f3nica en su modalidad de secuestro virtual...\" \/>\n<meta property=\"og:url\" content=\"https:\/\/thepueblatimes.mx\/index.php\/2023\/11\/07\/hallan-a-dos-victimas-de-secuestro-virtual-en-atlixco\/\" \/>\n<meta property=\"og:site_name\" content=\"The Puebla Times\" \/>\n<meta property=\"article:published_time\" content=\"2023-11-08T01:03:17+00:00\" \/>\n<meta property=\"og:image\" content=\"https:\/\/thepueblatimes.mx\/wp-content\/uploads\/2023\/11\/photo_5032974962901757393_w.jpg\" \/>\n\t<meta property=\"og:image:width\" content=\"2560\" \/>\n\t<meta property=\"og:image:height\" content=\"1819\" \/>\n\t<meta property=\"og:image:type\" content=\"image\/jpeg\" \/>\n<meta name=\"author\" content=\"admintpt\" \/>\n<meta name=\"twitter:card\" content=\"summary_large_image\" \/>\n<meta name=\"twitter:label1\" content=\"Escrito por\" \/>\n\t<meta name=\"twitter:data1\" content=\"admintpt\" \/>\n\t<meta name=\"twitter:label2\" content=\"Tiempo de lectura\" \/>\n\t<meta name=\"twitter:data2\" content=\"1 minuto\" \/>\n<script type=\"application\/ld+json\" class=\"yoast-schema-graph\">{\"@context\":\"https:\/\/schema.org\",\"@graph\":[{\"@type\":\"WebPage\",\"@id\":\"https:\/\/thepueblatimes.mx\/index.php\/2023\/11\/07\/hallan-a-dos-victimas-de-secuestro-virtual-en-atlixco\/\",\"url\":\"https:\/\/thepueblatimes.mx\/index.php\/2023\/11\/07\/hallan-a-dos-victimas-de-secuestro-virtual-en-atlixco\/\",\"name\":\"Hallan a dos v\u00edctimas de secuestro virtual en Atlixco - The Puebla Times\",\"isPartOf\":{\"@id\":\"https:\/\/thepueblatimes.mx\/#website\"},\"datePublished\":\"2023-11-08T01:03:17+00:00\",\"dateModified\":\"2023-11-08T01:03:17+00:00\",\"author\":{\"@id\":\"https:\/\/thepueblatimes.mx\/#\/schema\/person\/c90a455f48a80821b6a99d3d73d1a71f\"},\"breadcrumb\":{\"@id\":\"https:\/\/thepueblatimes.mx\/index.php\/2023\/11\/07\/hallan-a-dos-victimas-de-secuestro-virtual-en-atlixco\/#breadcrumb\"},\"inLanguage\":\"es\",\"potentialAction\":[{\"@type\":\"ReadAction\",\"target\":[\"https:\/\/thepueblatimes.mx\/index.php\/2023\/11\/07\/hallan-a-dos-victimas-de-secuestro-virtual-en-atlixco\/\"]}]},{\"@type\":\"BreadcrumbList\",\"@id\":\"https:\/\/thepueblatimes.mx\/index.php\/2023\/11\/07\/hallan-a-dos-victimas-de-secuestro-virtual-en-atlixco\/#breadcrumb\",\"itemListElement\":[{\"@type\":\"ListItem\",\"position\":1,\"name\":\"Portada\",\"item\":\"https:\/\/thepueblatimes.mx\/\"},{\"@type\":\"ListItem\",\"position\":2,\"name\":\"Hallan a dos v\u00edctimas de secuestro virtual en Atlixco\"}]},{\"@type\":\"WebSite\",\"@id\":\"https:\/\/thepueblatimes.mx\/#website\",\"url\":\"https:\/\/thepueblatimes.mx\/\",\"name\":\"The Puebla Times\",\"description\":\"Noticias del Estado de Puebla\",\"potentialAction\":[{\"@type\":\"SearchAction\",\"target\":{\"@type\":\"EntryPoint\",\"urlTemplate\":\"https:\/\/thepueblatimes.mx\/?s={search_term_string}\"},\"query-input\":\"required name=search_term_string\"}],\"inLanguage\":\"es\"},{\"@type\":\"Person\",\"@id\":\"https:\/\/thepueblatimes.mx\/#\/schema\/person\/c90a455f48a80821b6a99d3d73d1a71f\",\"name\":\"admintpt\",\"image\":{\"@type\":\"ImageObject\",\"inLanguage\":\"es\",\"@id\":\"https:\/\/thepueblatimes.mx\/#\/schema\/person\/image\/\",\"url\":\"https:\/\/secure.gravatar.com\/avatar\/13f0a494cc76bfb992f9768b1d51109d?s=96&d=mm&r=g\",\"contentUrl\":\"https:\/\/secure.gravatar.com\/avatar\/13f0a494cc76bfb992f9768b1d51109d?s=96&d=mm&r=g\",\"caption\":\"admintpt\"},\"url\":\"https:\/\/thepueblatimes.mx\/index.php\/author\/admintpt\/\"}]}<\/script>\n<!-- \/ Yoast SEO plugin. -->","yoast_head_json":{"title":"Hallan a dos v\u00edctimas de secuestro virtual en Atlixco - The Puebla Times","robots":{"index":"index","follow":"follow","max-snippet":"max-snippet:-1","max-image-preview":"max-image-preview:large","max-video-preview":"max-video-preview:-1"},"canonical":"https:\/\/thepueblatimes.mx\/index.php\/2023\/11\/07\/hallan-a-dos-victimas-de-secuestro-virtual-en-atlixco\/","og_locale":"es_ES","og_type":"article","og_title":"Hallan a dos v\u00edctimas de secuestro virtual en Atlixco - The Puebla Times","og_description":"*Derivado de acciones operativas, agentes investigadores lograron localizar en \u00f3ptimas condiciones f\u00edsicas a las dos personas en un hotel. POR DANIEL ROMERO ATLIXCO, PUE. &#8211; Mediante labores de investigaci\u00f3n de campo y gabinete, la Fiscal\u00eda General del Estado de Puebla localiz\u00f3 ilesos a dos ciudadanos v\u00edctimas de extorsi\u00f3n telef\u00f3nica en su modalidad de secuestro virtual...","og_url":"https:\/\/thepueblatimes.mx\/index.php\/2023\/11\/07\/hallan-a-dos-victimas-de-secuestro-virtual-en-atlixco\/","og_site_name":"The Puebla Times","article_published_time":"2023-11-08T01:03:17+00:00","og_image":[{"width":2560,"height":1819,"url":"https:\/\/thepueblatimes.mx\/wp-content\/uploads\/2023\/11\/photo_5032974962901757393_w.jpg","type":"image\/jpeg"}],"author":"admintpt","twitter_card":"summary_large_image","twitter_misc":{"Escrito por":"admintpt","Tiempo de lectura":"1 minuto"},"schema":{"@context":"https:\/\/schema.org","@graph":[{"@type":"WebPage","@id":"https:\/\/thepueblatimes.mx\/index.php\/2023\/11\/07\/hallan-a-dos-victimas-de-secuestro-virtual-en-atlixco\/","url":"https:\/\/thepueblatimes.mx\/index.php\/2023\/11\/07\/hallan-a-dos-victimas-de-secuestro-virtual-en-atlixco\/","name":"Hallan a dos v\u00edctimas de secuestro virtual en Atlixco - The Puebla Times","isPartOf":{"@id":"https:\/\/thepueblatimes.mx\/#website"},"datePublished":"2023-11-08T01:03:17+00:00","dateModified":"2023-11-08T01:03:17+00:00","author":{"@id":"https:\/\/thepueblatimes.mx\/#\/schema\/person\/c90a455f48a80821b6a99d3d73d1a71f"},"breadcrumb":{"@id":"https:\/\/thepueblatimes.mx\/index.php\/2023\/11\/07\/hallan-a-dos-victimas-de-secuestro-virtual-en-atlixco\/#breadcrumb"},"inLanguage":"es","potentialAction":[{"@type":"ReadAction","target":["https:\/\/thepueblatimes.mx\/index.php\/2023\/11\/07\/hallan-a-dos-victimas-de-secuestro-virtual-en-atlixco\/"]}]},{"@type":"BreadcrumbList","@id":"https:\/\/thepueblatimes.mx\/index.php\/2023\/11\/07\/hallan-a-dos-victimas-de-secuestro-virtual-en-atlixco\/#breadcrumb","itemListElement":[{"@type":"ListItem","position":1,"name":"Portada","item":"https:\/\/thepueblatimes.mx\/"},{"@type":"ListItem","position":2,"name":"Hallan a dos v\u00edctimas de secuestro virtual en Atlixco"}]},{"@type":"WebSite","@id":"https:\/\/thepueblatimes.mx\/#website","url":"https:\/\/thepueblatimes.mx\/","name":"The Puebla Times","description":"Noticias del Estado de Puebla","potentialAction":[{"@type":"SearchAction","target":{"@type":"EntryPoint","urlTemplate":"https:\/\/thepueblatimes.mx\/?s={search_term_string}"},"query-input":"required name=search_term_string"}],"inLanguage":"es"},{"@type":"Person","@id":"https:\/\/thepueblatimes.mx\/#\/schema\/person\/c90a455f48a80821b6a99d3d73d1a71f","name":"admintpt","image":{"@type":"ImageObject","inLanguage":"es","@id":"https:\/\/thepueblatimes.mx\/#\/schema\/person\/image\/","url":"https:\/\/secure.gravatar.com\/avatar\/13f0a494cc76bfb992f9768b1d51109d?s=96&d=mm&r=g","contentUrl":"https:\/\/secure.gravatar.com\/avatar\/13f0a494cc76bfb992f9768b1d51109d?s=96&d=mm&r=g","caption":"admintpt"},"url":"https:\/\/thepueblatimes.mx\/index.php\/author\/admintpt\/"}]}},"jetpack_featured_media_url":"https:\/\/thepueblatimes.mx\/wp-content\/uploads\/2023\/11\/photo_5032974962901757393_w.jpg","_links":{"self":[{"href":"https:\/\/thepueblatimes.mx\/index.php\/wp-json\/wp\/v2\/posts\/19949"}],"collection":[{"href":"https:\/\/thepueblatimes.mx\/index.php\/wp-json\/wp\/v2\/posts"}],"about":[{"href":"https:\/\/thepueblatimes.mx\/index.php\/wp-json\/wp\/v2\/types\/post"}],"author":[{"embeddable":true,"href":"https:\/\/thepueblatimes.mx\/index.php\/wp-json\/wp\/v2\/users\/2"}],"replies":[{"embeddable":true,"href":"https:\/\/thepueblatimes.mx\/index.php\/wp-json\/wp\/v2\/comments?post=19949"}],"version-history":[{"count":1,"href":"https:\/\/thepueblatimes.mx\/index.php\/wp-json\/wp\/v2\/posts\/19949\/revisions"}],"predecessor-version":[{"id":19951,"href":"https:\/\/thepueblatimes.mx\/index.php\/wp-json\/wp\/v2\/posts\/19949\/revisions\/19951"}],"wp:featuredmedia":[{"embeddable":true,"href":"https:\/\/thepueblatimes.mx\/index.php\/wp-json\/wp\/v2\/media\/19950"}],"wp:attachment":[{"href":"https:\/\/thepueblatimes.mx\/index.php\/wp-json\/wp\/v2\/media?parent=19949"}],"wp:term":[{"taxonomy":"category","embeddable":true,"href":"https:\/\/thepueblatimes.mx\/index.php\/wp-json\/wp\/v2\/categories?post=19949"},{"taxonomy":"post_tag","embeddable":true,"href":"https:\/\/thepueblatimes.mx\/index.php\/wp-json\/wp\/v2\/tags?post=19949"}],"curies":[{"name":"wp","href":"https:\/\/api.w.org\/{rel}","templated":true}]}}