{"id":19721,"date":"2023-10-13T18:31:57","date_gmt":"2023-10-14T00:31:57","guid":{"rendered":"https:\/\/thepueblatimes.mx\/?p=19721"},"modified":"2023-10-13T18:31:57","modified_gmt":"2023-10-14T00:31:57","slug":"olivia-salomon-se-inspira-con-el-trabajo-de-mujeres-ladrilleras-de-cholula-si-ustedes-pueden-yo-tambien-puedo","status":"publish","type":"post","link":"https:\/\/thepueblatimes.mx\/index.php\/2023\/10\/13\/olivia-salomon-se-inspira-con-el-trabajo-de-mujeres-ladrilleras-de-cholula-si-ustedes-pueden-yo-tambien-puedo\/","title":{"rendered":"Olivia Salom\u00f3n se inspira con el trabajo de mujeres ladrilleras de Cholula; \u201cSi ustedes pueden, yo tambi\u00e9n puedo\u201d"},"content":{"rendered":"<h3><em>Expres\u00f3 a la familia Colex su admiraci\u00f3n por el oficio que desempe\u00f1an las y los ladrilleros poblanos.<\/em><\/h3>\n<h3><em>Como mujer y ciudadana, considero que podemos trabajar juntos para consolidar este proceso de transformaci\u00f3n.<\/em><\/h3>\n<p>&nbsp;<\/p>\n<p>Olivia Salom\u00f3n, quien busca ocupar la titularidad de la Coordinaci\u00f3n de Defensa de la Transformaci\u00f3n en Puebla, se reuni\u00f3 con mujeres que se dedican a la producci\u00f3n de ladrillos de la Colonia San Diego Cuachayotla, localidad del municipio San Pedro Cholula, con quienes convers\u00f3 sobre el proceso de transformaci\u00f3n que encabezan el presidente Andr\u00e9s Manuel L\u00f3pez Obrador y Claudia Sheinbaum. \u201cLa trasformaci\u00f3n significa que nos vaya bien a todas y a todos\u201d, expres\u00f3.<\/p>\n<p>&nbsp;<\/p>\n<p>Expres\u00f3 a la familia Colex su admiraci\u00f3n por el oficio que desempe\u00f1an las y los ladrilleros poblanos, ya que dijo que, al ser ella una emprendedora cercana al sector de la construcci\u00f3n, sabe que la calidad de los materiales garantiza una vivienda segura para las personas.<\/p>\n<p>&nbsp;<\/p>\n<p>\u201cEs para m\u00ed un gusto conocer de ustedes su proceso y trabajo de cada d\u00eda, me satisface como mujer, porque estamos demostrando que nosotras somos capaces de realizar estas actividades que se podr\u00edan etiquetar a que s\u00f3lo los hombres las podr\u00edan realizar. Sin embargo, ustedes son un ejemplo de que las mujeres podemos conseguir lo que nos proponemos. Si ustedes pueden, yo tambi\u00e9n puedo\u201d, expres\u00f3.<\/p>\n<p>&nbsp;<\/p>\n<p>\u201cComo mujer y ciudadana, considero que podemos trabajar juntas con las y los poblanos para consolidar este proceso de transformaci\u00f3n que inici\u00f3 el presidente Andr\u00e9s Manuel L\u00f3pez Obrador, porque yo comprendo sus necesidades como emprendedores\u201d, dijo.<\/p>\n<p>&nbsp;<\/p>\n<p>Por su parte, las mujeres ladrilleras, como se les conoce popularmente, recordaron que, cuando Olivia Salom\u00f3n era secretaria de Econom\u00eda, les impuls\u00f3 a integrarse como cooperativa para lograr una comercializaci\u00f3n m\u00e1s eficaz, y obtener mejores precios de venta en el mercado.<\/p>\n","protected":false},"excerpt":{"rendered":"<p>Expres\u00f3 a la familia Colex su admiraci\u00f3n por el oficio que desempe\u00f1an las y los ladrilleros poblanos. Como mujer y ciudadana, considero que podemos trabajar juntos para consolidar este proceso de transformaci\u00f3n. &nbsp; Olivia Salom\u00f3n, quien busca ocupar la titularidad de la Coordinaci\u00f3n de Defensa de la Transformaci\u00f3n en Puebla, se reuni\u00f3 con mujeres que&#8230;<\/p>\n","protected":false},"author":2,"featured_media":19722,"comment_status":"closed","ping_status":"closed","sticky":false,"template":"","format":"standard","meta":[],"categories":[3,8],"tags":[237,66,1327,49],"yoast_head":"<!-- This site is optimized with the Yoast SEO plugin v20.8 - https:\/\/yoast.com\/wordpress\/plugins\/seo\/ -->\n<title>Olivia Salom\u00f3n se inspira con el trabajo de mujeres ladrilleras de Cholula; \u201cSi ustedes pueden, yo tambi\u00e9n puedo\u201d - The Puebla Times<\/title>\n<meta name=\"robots\" content=\"index, follow, max-snippet:-1, max-image-preview:large, max-video-preview:-1\" \/>\n<link rel=\"canonical\" href=\"https:\/\/thepueblatimes.mx\/index.php\/2023\/10\/13\/olivia-salomon-se-inspira-con-el-trabajo-de-mujeres-ladrilleras-de-cholula-si-ustedes-pueden-yo-tambien-puedo\/\" \/>\n<meta property=\"og:locale\" content=\"es_ES\" \/>\n<meta property=\"og:type\" content=\"article\" \/>\n<meta property=\"og:title\" content=\"Olivia Salom\u00f3n se inspira con el trabajo de mujeres ladrilleras de Cholula; \u201cSi ustedes pueden, yo tambi\u00e9n puedo\u201d - The Puebla Times\" \/>\n<meta property=\"og:description\" content=\"Expres\u00f3 a la familia Colex su admiraci\u00f3n por el oficio que desempe\u00f1an las y los ladrilleros poblanos. Como mujer y ciudadana, considero que podemos trabajar juntos para consolidar este proceso de transformaci\u00f3n. &nbsp; Olivia Salom\u00f3n, quien busca ocupar la titularidad de la Coordinaci\u00f3n de Defensa de la Transformaci\u00f3n en Puebla, se reuni\u00f3 con mujeres que...\" \/>\n<meta property=\"og:url\" content=\"https:\/\/thepueblatimes.mx\/index.php\/2023\/10\/13\/olivia-salomon-se-inspira-con-el-trabajo-de-mujeres-ladrilleras-de-cholula-si-ustedes-pueden-yo-tambien-puedo\/\" \/>\n<meta property=\"og:site_name\" content=\"The Puebla Times\" \/>\n<meta property=\"article:published_time\" content=\"2023-10-14T00:31:57+00:00\" \/>\n<meta property=\"og:image\" content=\"https:\/\/thepueblatimes.mx\/wp-content\/uploads\/2023\/10\/WhatsApp-Image-2023-10-13-at-15.54.58.jpeg\" \/>\n\t<meta property=\"og:image:width\" content=\"1536\" \/>\n\t<meta property=\"og:image:height\" content=\"1025\" \/>\n\t<meta property=\"og:image:type\" content=\"image\/jpeg\" \/>\n<meta name=\"author\" content=\"admintpt\" \/>\n<meta name=\"twitter:card\" content=\"summary_large_image\" \/>\n<meta name=\"twitter:label1\" content=\"Escrito por\" \/>\n\t<meta name=\"twitter:data1\" content=\"admintpt\" \/>\n\t<meta name=\"twitter:label2\" content=\"Tiempo de lectura\" \/>\n\t<meta name=\"twitter:data2\" content=\"2 minutos\" \/>\n<script type=\"application\/ld+json\" class=\"yoast-schema-graph\">{\"@context\":\"https:\/\/schema.org\",\"@graph\":[{\"@type\":\"WebPage\",\"@id\":\"https:\/\/thepueblatimes.mx\/index.php\/2023\/10\/13\/olivia-salomon-se-inspira-con-el-trabajo-de-mujeres-ladrilleras-de-cholula-si-ustedes-pueden-yo-tambien-puedo\/\",\"url\":\"https:\/\/thepueblatimes.mx\/index.php\/2023\/10\/13\/olivia-salomon-se-inspira-con-el-trabajo-de-mujeres-ladrilleras-de-cholula-si-ustedes-pueden-yo-tambien-puedo\/\",\"name\":\"Olivia Salom\u00f3n se inspira con el trabajo de mujeres ladrilleras de Cholula; \u201cSi ustedes pueden, yo tambi\u00e9n puedo\u201d - The Puebla Times\",\"isPartOf\":{\"@id\":\"https:\/\/thepueblatimes.mx\/#website\"},\"datePublished\":\"2023-10-14T00:31:57+00:00\",\"dateModified\":\"2023-10-14T00:31:57+00:00\",\"author\":{\"@id\":\"https:\/\/thepueblatimes.mx\/#\/schema\/person\/c90a455f48a80821b6a99d3d73d1a71f\"},\"breadcrumb\":{\"@id\":\"https:\/\/thepueblatimes.mx\/index.php\/2023\/10\/13\/olivia-salomon-se-inspira-con-el-trabajo-de-mujeres-ladrilleras-de-cholula-si-ustedes-pueden-yo-tambien-puedo\/#breadcrumb\"},\"inLanguage\":\"es\",\"potentialAction\":[{\"@type\":\"ReadAction\",\"target\":[\"https:\/\/thepueblatimes.mx\/index.php\/2023\/10\/13\/olivia-salomon-se-inspira-con-el-trabajo-de-mujeres-ladrilleras-de-cholula-si-ustedes-pueden-yo-tambien-puedo\/\"]}]},{\"@type\":\"BreadcrumbList\",\"@id\":\"https:\/\/thepueblatimes.mx\/index.php\/2023\/10\/13\/olivia-salomon-se-inspira-con-el-trabajo-de-mujeres-ladrilleras-de-cholula-si-ustedes-pueden-yo-tambien-puedo\/#breadcrumb\",\"itemListElement\":[{\"@type\":\"ListItem\",\"position\":1,\"name\":\"Portada\",\"item\":\"https:\/\/thepueblatimes.mx\/\"},{\"@type\":\"ListItem\",\"position\":2,\"name\":\"Olivia Salom\u00f3n se inspira con el trabajo de mujeres ladrilleras de Cholula; \u201cSi ustedes pueden, yo tambi\u00e9n puedo\u201d\"}]},{\"@type\":\"WebSite\",\"@id\":\"https:\/\/thepueblatimes.mx\/#website\",\"url\":\"https:\/\/thepueblatimes.mx\/\",\"name\":\"The Puebla Times\",\"description\":\"Noticias del Estado de Puebla\",\"potentialAction\":[{\"@type\":\"SearchAction\",\"target\":{\"@type\":\"EntryPoint\",\"urlTemplate\":\"https:\/\/thepueblatimes.mx\/?s={search_term_string}\"},\"query-input\":\"required name=search_term_string\"}],\"inLanguage\":\"es\"},{\"@type\":\"Person\",\"@id\":\"https:\/\/thepueblatimes.mx\/#\/schema\/person\/c90a455f48a80821b6a99d3d73d1a71f\",\"name\":\"admintpt\",\"image\":{\"@type\":\"ImageObject\",\"inLanguage\":\"es\",\"@id\":\"https:\/\/thepueblatimes.mx\/#\/schema\/person\/image\/\",\"url\":\"https:\/\/secure.gravatar.com\/avatar\/13f0a494cc76bfb992f9768b1d51109d?s=96&d=mm&r=g\",\"contentUrl\":\"https:\/\/secure.gravatar.com\/avatar\/13f0a494cc76bfb992f9768b1d51109d?s=96&d=mm&r=g\",\"caption\":\"admintpt\"},\"url\":\"https:\/\/thepueblatimes.mx\/index.php\/author\/admintpt\/\"}]}<\/script>\n<!-- \/ Yoast SEO plugin. -->","yoast_head_json":{"title":"Olivia Salom\u00f3n se inspira con el trabajo de mujeres ladrilleras de Cholula; \u201cSi ustedes pueden, yo tambi\u00e9n puedo\u201d - The Puebla Times","robots":{"index":"index","follow":"follow","max-snippet":"max-snippet:-1","max-image-preview":"max-image-preview:large","max-video-preview":"max-video-preview:-1"},"canonical":"https:\/\/thepueblatimes.mx\/index.php\/2023\/10\/13\/olivia-salomon-se-inspira-con-el-trabajo-de-mujeres-ladrilleras-de-cholula-si-ustedes-pueden-yo-tambien-puedo\/","og_locale":"es_ES","og_type":"article","og_title":"Olivia Salom\u00f3n se inspira con el trabajo de mujeres ladrilleras de Cholula; \u201cSi ustedes pueden, yo tambi\u00e9n puedo\u201d - The Puebla Times","og_description":"Expres\u00f3 a la familia Colex su admiraci\u00f3n por el oficio que desempe\u00f1an las y los ladrilleros poblanos. Como mujer y ciudadana, considero que podemos trabajar juntos para consolidar este proceso de transformaci\u00f3n. &nbsp; Olivia Salom\u00f3n, quien busca ocupar la titularidad de la Coordinaci\u00f3n de Defensa de la Transformaci\u00f3n en Puebla, se reuni\u00f3 con mujeres que...","og_url":"https:\/\/thepueblatimes.mx\/index.php\/2023\/10\/13\/olivia-salomon-se-inspira-con-el-trabajo-de-mujeres-ladrilleras-de-cholula-si-ustedes-pueden-yo-tambien-puedo\/","og_site_name":"The Puebla Times","article_published_time":"2023-10-14T00:31:57+00:00","og_image":[{"width":1536,"height":1025,"url":"https:\/\/thepueblatimes.mx\/wp-content\/uploads\/2023\/10\/WhatsApp-Image-2023-10-13-at-15.54.58.jpeg","type":"image\/jpeg"}],"author":"admintpt","twitter_card":"summary_large_image","twitter_misc":{"Escrito por":"admintpt","Tiempo de lectura":"2 minutos"},"schema":{"@context":"https:\/\/schema.org","@graph":[{"@type":"WebPage","@id":"https:\/\/thepueblatimes.mx\/index.php\/2023\/10\/13\/olivia-salomon-se-inspira-con-el-trabajo-de-mujeres-ladrilleras-de-cholula-si-ustedes-pueden-yo-tambien-puedo\/","url":"https:\/\/thepueblatimes.mx\/index.php\/2023\/10\/13\/olivia-salomon-se-inspira-con-el-trabajo-de-mujeres-ladrilleras-de-cholula-si-ustedes-pueden-yo-tambien-puedo\/","name":"Olivia Salom\u00f3n se inspira con el trabajo de mujeres ladrilleras de Cholula; \u201cSi ustedes pueden, yo tambi\u00e9n puedo\u201d - The Puebla Times","isPartOf":{"@id":"https:\/\/thepueblatimes.mx\/#website"},"datePublished":"2023-10-14T00:31:57+00:00","dateModified":"2023-10-14T00:31:57+00:00","author":{"@id":"https:\/\/thepueblatimes.mx\/#\/schema\/person\/c90a455f48a80821b6a99d3d73d1a71f"},"breadcrumb":{"@id":"https:\/\/thepueblatimes.mx\/index.php\/2023\/10\/13\/olivia-salomon-se-inspira-con-el-trabajo-de-mujeres-ladrilleras-de-cholula-si-ustedes-pueden-yo-tambien-puedo\/#breadcrumb"},"inLanguage":"es","potentialAction":[{"@type":"ReadAction","target":["https:\/\/thepueblatimes.mx\/index.php\/2023\/10\/13\/olivia-salomon-se-inspira-con-el-trabajo-de-mujeres-ladrilleras-de-cholula-si-ustedes-pueden-yo-tambien-puedo\/"]}]},{"@type":"BreadcrumbList","@id":"https:\/\/thepueblatimes.mx\/index.php\/2023\/10\/13\/olivia-salomon-se-inspira-con-el-trabajo-de-mujeres-ladrilleras-de-cholula-si-ustedes-pueden-yo-tambien-puedo\/#breadcrumb","itemListElement":[{"@type":"ListItem","position":1,"name":"Portada","item":"https:\/\/thepueblatimes.mx\/"},{"@type":"ListItem","position":2,"name":"Olivia Salom\u00f3n se inspira con el trabajo de mujeres ladrilleras de Cholula; \u201cSi ustedes pueden, yo tambi\u00e9n puedo\u201d"}]},{"@type":"WebSite","@id":"https:\/\/thepueblatimes.mx\/#website","url":"https:\/\/thepueblatimes.mx\/","name":"The Puebla Times","description":"Noticias del Estado de Puebla","potentialAction":[{"@type":"SearchAction","target":{"@type":"EntryPoint","urlTemplate":"https:\/\/thepueblatimes.mx\/?s={search_term_string}"},"query-input":"required name=search_term_string"}],"inLanguage":"es"},{"@type":"Person","@id":"https:\/\/thepueblatimes.mx\/#\/schema\/person\/c90a455f48a80821b6a99d3d73d1a71f","name":"admintpt","image":{"@type":"ImageObject","inLanguage":"es","@id":"https:\/\/thepueblatimes.mx\/#\/schema\/person\/image\/","url":"https:\/\/secure.gravatar.com\/avatar\/13f0a494cc76bfb992f9768b1d51109d?s=96&d=mm&r=g","contentUrl":"https:\/\/secure.gravatar.com\/avatar\/13f0a494cc76bfb992f9768b1d51109d?s=96&d=mm&r=g","caption":"admintpt"},"url":"https:\/\/thepueblatimes.mx\/index.php\/author\/admintpt\/"}]}},"jetpack_featured_media_url":"https:\/\/thepueblatimes.mx\/wp-content\/uploads\/2023\/10\/WhatsApp-Image-2023-10-13-at-15.54.58.jpeg","_links":{"self":[{"href":"https:\/\/thepueblatimes.mx\/index.php\/wp-json\/wp\/v2\/posts\/19721"}],"collection":[{"href":"https:\/\/thepueblatimes.mx\/index.php\/wp-json\/wp\/v2\/posts"}],"about":[{"href":"https:\/\/thepueblatimes.mx\/index.php\/wp-json\/wp\/v2\/types\/post"}],"author":[{"embeddable":true,"href":"https:\/\/thepueblatimes.mx\/index.php\/wp-json\/wp\/v2\/users\/2"}],"replies":[{"embeddable":true,"href":"https:\/\/thepueblatimes.mx\/index.php\/wp-json\/wp\/v2\/comments?post=19721"}],"version-history":[{"count":1,"href":"https:\/\/thepueblatimes.mx\/index.php\/wp-json\/wp\/v2\/posts\/19721\/revisions"}],"predecessor-version":[{"id":19723,"href":"https:\/\/thepueblatimes.mx\/index.php\/wp-json\/wp\/v2\/posts\/19721\/revisions\/19723"}],"wp:featuredmedia":[{"embeddable":true,"href":"https:\/\/thepueblatimes.mx\/index.php\/wp-json\/wp\/v2\/media\/19722"}],"wp:attachment":[{"href":"https:\/\/thepueblatimes.mx\/index.php\/wp-json\/wp\/v2\/media?parent=19721"}],"wp:term":[{"taxonomy":"category","embeddable":true,"href":"https:\/\/thepueblatimes.mx\/index.php\/wp-json\/wp\/v2\/categories?post=19721"},{"taxonomy":"post_tag","embeddable":true,"href":"https:\/\/thepueblatimes.mx\/index.php\/wp-json\/wp\/v2\/tags?post=19721"}],"curies":[{"name":"wp","href":"https:\/\/api.w.org\/{rel}","templated":true}]}}