{"id":19675,"date":"2023-10-06T12:59:04","date_gmt":"2023-10-06T18:59:04","guid":{"rendered":"https:\/\/thepueblatimes.mx\/?p=19675"},"modified":"2023-10-06T12:59:04","modified_gmt":"2023-10-06T18:59:04","slug":"fallecen-18-migrantes-durante-volcadura-en-tramo-cuacnopalan-oaxaca","status":"publish","type":"post","link":"https:\/\/thepueblatimes.mx\/index.php\/2023\/10\/06\/fallecen-18-migrantes-durante-volcadura-en-tramo-cuacnopalan-oaxaca\/","title":{"rendered":"Fallecen 18 migrantes durante volcadura en tramo Cuacnopalan \u2013 Oaxaca"},"content":{"rendered":"<p>A primera hora de la madrugada de hoy viernes 6 de octubre se registr\u00f3 la volcadura de un autob\u00fas sobre la carretera Cuacnopalan \u2013 Oaxaca cerca de los l\u00edmites con Puebla, donde perdieron la vida 18 migrantes venezolano que viajaban con destino la Ciudad de M\u00e9xico.<\/p>\n<p>&nbsp;<\/p>\n<p>Fue alrededor de la 4:30 AM. cuando se report\u00f3 la volcadura de un autob\u00fas de la l\u00ednea Turismo Xoxo que transportaba migrantes venezolano y Hait\u00ed.<\/p>\n<p>&nbsp;<\/p>\n<div class=\"google-auto-placed ap_container\"><ins class=\"adsbygoogle adsbygoogle-noablate\" data-ad-format=\"auto\" data-ad-client=\"ca-pub-8694055674540522\" data-adsbygoogle-status=\"done\" data-ad-status=\"filled\"><\/p>\n<div id=\"aswift_1_host\" tabindex=\"0\" title=\"Advertisement\" aria-label=\"Advertisement\">En el lugar perdieron la vida 17 migrantes (13 mujeres, 2 hombres y 2 menores de edad.<\/div>\n<div tabindex=\"0\" title=\"Advertisement\" aria-label=\"Advertisement\"><\/div>\n<p><\/ins><\/div>\n<p>Tambien resultaron 27 personas lesionadas que fueron trasladadas por param\u00e9dicos de emergencia a hospitales de Tehuacan para recibir atenci\u00f3n m\u00e9dica.<\/p>\n<p>&nbsp;<\/p>\n<p>Autoridades correspondientes de vialidad, corporaciones policiacas y param\u00e9dicos de emergencia arribaron hasta el lugar para atender la situaci\u00f3n de los hechos ocurridos por el accidente.<\/p>\n","protected":false},"excerpt":{"rendered":"<p>A primera hora de la madrugada de hoy viernes 6 de octubre se registr\u00f3 la volcadura de un autob\u00fas sobre la carretera Cuacnopalan \u2013 Oaxaca cerca de los l\u00edmites con Puebla, donde perdieron la vida 18 migrantes venezolano que viajaban con destino la Ciudad de M\u00e9xico. &nbsp; Fue alrededor de la 4:30 AM. cuando se&#8230;<\/p>\n","protected":false},"author":2,"featured_media":19676,"comment_status":"closed","ping_status":"closed","sticky":false,"template":"","format":"standard","meta":[],"categories":[121],"tags":[236,1547,1546,352,306],"yoast_head":"<!-- This site is optimized with the Yoast SEO plugin v20.8 - https:\/\/yoast.com\/wordpress\/plugins\/seo\/ -->\n<title>Fallecen 18 migrantes durante volcadura en tramo Cuacnopalan \u2013 Oaxaca - The Puebla Times<\/title>\n<meta name=\"robots\" content=\"index, follow, max-snippet:-1, max-image-preview:large, max-video-preview:-1\" \/>\n<link rel=\"canonical\" href=\"https:\/\/thepueblatimes.mx\/index.php\/2023\/10\/06\/fallecen-18-migrantes-durante-volcadura-en-tramo-cuacnopalan-oaxaca\/\" \/>\n<meta property=\"og:locale\" content=\"es_ES\" \/>\n<meta property=\"og:type\" content=\"article\" \/>\n<meta property=\"og:title\" content=\"Fallecen 18 migrantes durante volcadura en tramo Cuacnopalan \u2013 Oaxaca - The Puebla Times\" \/>\n<meta property=\"og:description\" content=\"A primera hora de la madrugada de hoy viernes 6 de octubre se registr\u00f3 la volcadura de un autob\u00fas sobre la carretera Cuacnopalan \u2013 Oaxaca cerca de los l\u00edmites con Puebla, donde perdieron la vida 18 migrantes venezolano que viajaban con destino la Ciudad de M\u00e9xico. &nbsp; Fue alrededor de la 4:30 AM. cuando se...\" \/>\n<meta property=\"og:url\" content=\"https:\/\/thepueblatimes.mx\/index.php\/2023\/10\/06\/fallecen-18-migrantes-durante-volcadura-en-tramo-cuacnopalan-oaxaca\/\" \/>\n<meta property=\"og:site_name\" content=\"The Puebla Times\" \/>\n<meta property=\"article:published_time\" content=\"2023-10-06T18:59:04+00:00\" \/>\n<meta property=\"og:image\" content=\"https:\/\/thepueblatimes.mx\/wp-content\/uploads\/2023\/10\/F7xCrp8XsAA63mo.jpg\" \/>\n\t<meta property=\"og:image:width\" content=\"1024\" \/>\n\t<meta property=\"og:image:height\" content=\"702\" \/>\n\t<meta property=\"og:image:type\" content=\"image\/jpeg\" \/>\n<meta name=\"author\" content=\"admintpt\" \/>\n<meta name=\"twitter:card\" content=\"summary_large_image\" \/>\n<meta name=\"twitter:label1\" content=\"Escrito por\" \/>\n\t<meta name=\"twitter:data1\" content=\"admintpt\" \/>\n\t<meta name=\"twitter:label2\" content=\"Tiempo de lectura\" \/>\n\t<meta name=\"twitter:data2\" content=\"1 minuto\" \/>\n<script type=\"application\/ld+json\" class=\"yoast-schema-graph\">{\"@context\":\"https:\/\/schema.org\",\"@graph\":[{\"@type\":\"WebPage\",\"@id\":\"https:\/\/thepueblatimes.mx\/index.php\/2023\/10\/06\/fallecen-18-migrantes-durante-volcadura-en-tramo-cuacnopalan-oaxaca\/\",\"url\":\"https:\/\/thepueblatimes.mx\/index.php\/2023\/10\/06\/fallecen-18-migrantes-durante-volcadura-en-tramo-cuacnopalan-oaxaca\/\",\"name\":\"Fallecen 18 migrantes durante volcadura en tramo Cuacnopalan \u2013 Oaxaca - The Puebla Times\",\"isPartOf\":{\"@id\":\"https:\/\/thepueblatimes.mx\/#website\"},\"datePublished\":\"2023-10-06T18:59:04+00:00\",\"dateModified\":\"2023-10-06T18:59:04+00:00\",\"author\":{\"@id\":\"https:\/\/thepueblatimes.mx\/#\/schema\/person\/c90a455f48a80821b6a99d3d73d1a71f\"},\"breadcrumb\":{\"@id\":\"https:\/\/thepueblatimes.mx\/index.php\/2023\/10\/06\/fallecen-18-migrantes-durante-volcadura-en-tramo-cuacnopalan-oaxaca\/#breadcrumb\"},\"inLanguage\":\"es\",\"potentialAction\":[{\"@type\":\"ReadAction\",\"target\":[\"https:\/\/thepueblatimes.mx\/index.php\/2023\/10\/06\/fallecen-18-migrantes-durante-volcadura-en-tramo-cuacnopalan-oaxaca\/\"]}]},{\"@type\":\"BreadcrumbList\",\"@id\":\"https:\/\/thepueblatimes.mx\/index.php\/2023\/10\/06\/fallecen-18-migrantes-durante-volcadura-en-tramo-cuacnopalan-oaxaca\/#breadcrumb\",\"itemListElement\":[{\"@type\":\"ListItem\",\"position\":1,\"name\":\"Portada\",\"item\":\"https:\/\/thepueblatimes.mx\/\"},{\"@type\":\"ListItem\",\"position\":2,\"name\":\"Fallecen 18 migrantes durante volcadura en tramo Cuacnopalan \u2013 Oaxaca\"}]},{\"@type\":\"WebSite\",\"@id\":\"https:\/\/thepueblatimes.mx\/#website\",\"url\":\"https:\/\/thepueblatimes.mx\/\",\"name\":\"The Puebla Times\",\"description\":\"Noticias del Estado de Puebla\",\"potentialAction\":[{\"@type\":\"SearchAction\",\"target\":{\"@type\":\"EntryPoint\",\"urlTemplate\":\"https:\/\/thepueblatimes.mx\/?s={search_term_string}\"},\"query-input\":\"required name=search_term_string\"}],\"inLanguage\":\"es\"},{\"@type\":\"Person\",\"@id\":\"https:\/\/thepueblatimes.mx\/#\/schema\/person\/c90a455f48a80821b6a99d3d73d1a71f\",\"name\":\"admintpt\",\"image\":{\"@type\":\"ImageObject\",\"inLanguage\":\"es\",\"@id\":\"https:\/\/thepueblatimes.mx\/#\/schema\/person\/image\/\",\"url\":\"https:\/\/secure.gravatar.com\/avatar\/13f0a494cc76bfb992f9768b1d51109d?s=96&d=mm&r=g\",\"contentUrl\":\"https:\/\/secure.gravatar.com\/avatar\/13f0a494cc76bfb992f9768b1d51109d?s=96&d=mm&r=g\",\"caption\":\"admintpt\"},\"url\":\"https:\/\/thepueblatimes.mx\/index.php\/author\/admintpt\/\"}]}<\/script>\n<!-- \/ Yoast SEO plugin. -->","yoast_head_json":{"title":"Fallecen 18 migrantes durante volcadura en tramo Cuacnopalan \u2013 Oaxaca - The Puebla Times","robots":{"index":"index","follow":"follow","max-snippet":"max-snippet:-1","max-image-preview":"max-image-preview:large","max-video-preview":"max-video-preview:-1"},"canonical":"https:\/\/thepueblatimes.mx\/index.php\/2023\/10\/06\/fallecen-18-migrantes-durante-volcadura-en-tramo-cuacnopalan-oaxaca\/","og_locale":"es_ES","og_type":"article","og_title":"Fallecen 18 migrantes durante volcadura en tramo Cuacnopalan \u2013 Oaxaca - The Puebla Times","og_description":"A primera hora de la madrugada de hoy viernes 6 de octubre se registr\u00f3 la volcadura de un autob\u00fas sobre la carretera Cuacnopalan \u2013 Oaxaca cerca de los l\u00edmites con Puebla, donde perdieron la vida 18 migrantes venezolano que viajaban con destino la Ciudad de M\u00e9xico. &nbsp; Fue alrededor de la 4:30 AM. cuando se...","og_url":"https:\/\/thepueblatimes.mx\/index.php\/2023\/10\/06\/fallecen-18-migrantes-durante-volcadura-en-tramo-cuacnopalan-oaxaca\/","og_site_name":"The Puebla Times","article_published_time":"2023-10-06T18:59:04+00:00","og_image":[{"width":1024,"height":702,"url":"https:\/\/thepueblatimes.mx\/wp-content\/uploads\/2023\/10\/F7xCrp8XsAA63mo.jpg","type":"image\/jpeg"}],"author":"admintpt","twitter_card":"summary_large_image","twitter_misc":{"Escrito por":"admintpt","Tiempo de lectura":"1 minuto"},"schema":{"@context":"https:\/\/schema.org","@graph":[{"@type":"WebPage","@id":"https:\/\/thepueblatimes.mx\/index.php\/2023\/10\/06\/fallecen-18-migrantes-durante-volcadura-en-tramo-cuacnopalan-oaxaca\/","url":"https:\/\/thepueblatimes.mx\/index.php\/2023\/10\/06\/fallecen-18-migrantes-durante-volcadura-en-tramo-cuacnopalan-oaxaca\/","name":"Fallecen 18 migrantes durante volcadura en tramo Cuacnopalan \u2013 Oaxaca - The Puebla Times","isPartOf":{"@id":"https:\/\/thepueblatimes.mx\/#website"},"datePublished":"2023-10-06T18:59:04+00:00","dateModified":"2023-10-06T18:59:04+00:00","author":{"@id":"https:\/\/thepueblatimes.mx\/#\/schema\/person\/c90a455f48a80821b6a99d3d73d1a71f"},"breadcrumb":{"@id":"https:\/\/thepueblatimes.mx\/index.php\/2023\/10\/06\/fallecen-18-migrantes-durante-volcadura-en-tramo-cuacnopalan-oaxaca\/#breadcrumb"},"inLanguage":"es","potentialAction":[{"@type":"ReadAction","target":["https:\/\/thepueblatimes.mx\/index.php\/2023\/10\/06\/fallecen-18-migrantes-durante-volcadura-en-tramo-cuacnopalan-oaxaca\/"]}]},{"@type":"BreadcrumbList","@id":"https:\/\/thepueblatimes.mx\/index.php\/2023\/10\/06\/fallecen-18-migrantes-durante-volcadura-en-tramo-cuacnopalan-oaxaca\/#breadcrumb","itemListElement":[{"@type":"ListItem","position":1,"name":"Portada","item":"https:\/\/thepueblatimes.mx\/"},{"@type":"ListItem","position":2,"name":"Fallecen 18 migrantes durante volcadura en tramo Cuacnopalan \u2013 Oaxaca"}]},{"@type":"WebSite","@id":"https:\/\/thepueblatimes.mx\/#website","url":"https:\/\/thepueblatimes.mx\/","name":"The Puebla Times","description":"Noticias del Estado de Puebla","potentialAction":[{"@type":"SearchAction","target":{"@type":"EntryPoint","urlTemplate":"https:\/\/thepueblatimes.mx\/?s={search_term_string}"},"query-input":"required name=search_term_string"}],"inLanguage":"es"},{"@type":"Person","@id":"https:\/\/thepueblatimes.mx\/#\/schema\/person\/c90a455f48a80821b6a99d3d73d1a71f","name":"admintpt","image":{"@type":"ImageObject","inLanguage":"es","@id":"https:\/\/thepueblatimes.mx\/#\/schema\/person\/image\/","url":"https:\/\/secure.gravatar.com\/avatar\/13f0a494cc76bfb992f9768b1d51109d?s=96&d=mm&r=g","contentUrl":"https:\/\/secure.gravatar.com\/avatar\/13f0a494cc76bfb992f9768b1d51109d?s=96&d=mm&r=g","caption":"admintpt"},"url":"https:\/\/thepueblatimes.mx\/index.php\/author\/admintpt\/"}]}},"jetpack_featured_media_url":"https:\/\/thepueblatimes.mx\/wp-content\/uploads\/2023\/10\/F7xCrp8XsAA63mo.jpg","_links":{"self":[{"href":"https:\/\/thepueblatimes.mx\/index.php\/wp-json\/wp\/v2\/posts\/19675"}],"collection":[{"href":"https:\/\/thepueblatimes.mx\/index.php\/wp-json\/wp\/v2\/posts"}],"about":[{"href":"https:\/\/thepueblatimes.mx\/index.php\/wp-json\/wp\/v2\/types\/post"}],"author":[{"embeddable":true,"href":"https:\/\/thepueblatimes.mx\/index.php\/wp-json\/wp\/v2\/users\/2"}],"replies":[{"embeddable":true,"href":"https:\/\/thepueblatimes.mx\/index.php\/wp-json\/wp\/v2\/comments?post=19675"}],"version-history":[{"count":1,"href":"https:\/\/thepueblatimes.mx\/index.php\/wp-json\/wp\/v2\/posts\/19675\/revisions"}],"predecessor-version":[{"id":19677,"href":"https:\/\/thepueblatimes.mx\/index.php\/wp-json\/wp\/v2\/posts\/19675\/revisions\/19677"}],"wp:featuredmedia":[{"embeddable":true,"href":"https:\/\/thepueblatimes.mx\/index.php\/wp-json\/wp\/v2\/media\/19676"}],"wp:attachment":[{"href":"https:\/\/thepueblatimes.mx\/index.php\/wp-json\/wp\/v2\/media?parent=19675"}],"wp:term":[{"taxonomy":"category","embeddable":true,"href":"https:\/\/thepueblatimes.mx\/index.php\/wp-json\/wp\/v2\/categories?post=19675"},{"taxonomy":"post_tag","embeddable":true,"href":"https:\/\/thepueblatimes.mx\/index.php\/wp-json\/wp\/v2\/tags?post=19675"}],"curies":[{"name":"wp","href":"https:\/\/api.w.org\/{rel}","templated":true}]}}