{"id":19457,"date":"2023-09-22T10:04:39","date_gmt":"2023-09-22T16:04:39","guid":{"rendered":"https:\/\/thepueblatimes.mx\/?p=19457"},"modified":"2023-09-22T10:04:39","modified_gmt":"2023-09-22T16:04:39","slug":"concreta-gobierno-del-estado-convenio-con-fundaciones-de-ee-uu-en-favor-de-la-ninez-poblana","status":"publish","type":"post","link":"https:\/\/thepueblatimes.mx\/index.php\/2023\/09\/22\/concreta-gobierno-del-estado-convenio-con-fundaciones-de-ee-uu-en-favor-de-la-ninez-poblana\/","title":{"rendered":"Concreta gobierno del estado convenio con fundaciones de EE.UU. en favor de la ni\u00f1ez poblana"},"content":{"rendered":"<h3><em>\u2013 La presidenta honoraria del SEDIF, Gaby Bonilla recibi\u00f3 un reconocimiento de parte del Country of Orange<\/em><\/h3>\n<h3><em>\u2013 Previamente Gaby Bonilla sostuvo una reuni\u00f3n con la titular del Consulado de M\u00e9xico en Santa Ana, California, Audrey Rivera G\u00f3mez<\/em><\/h3>\n<p><strong>CALIFORNIA, EE.UU.-<\/strong>\u00a0En favor de la ni\u00f1ez poblana y en representaci\u00f3n del gobernador Sergio Salom\u00f3n, la presidenta honoraria del Sistema Estatal para el Desarrollo Integral de la Familia del Estado de Puebla (SEDIF), Gaby Bonilla fungi\u00f3 como testigo de un convenio de colaboraci\u00f3n con la asociaci\u00f3n civil Centro Latinoamericano de Impulso a las Comunidades y United Across Borders Foundation.<\/p>\n<p>Al respecto, Gaby Bonilla destac\u00f3 que este acuerdo beneficiar\u00e1 a 300 ni\u00f1as, ni\u00f1os y adolescentes que est\u00e1n bajo resguardo del organismo, los cuales son tratados con calidad y dignidad humana por parte del gobierno estatal.<\/p>\n<p>Explic\u00f3 que el convenio consiste en el env\u00edo de apoyos al SEDIF, entre ellos material m\u00e9dico, por lo que agradeci\u00f3 a las fundaciones por su respaldo a las ni\u00f1as y ni\u00f1os del organismo.<\/p>\n<p>Acompa\u00f1ada por la secretaria de Turismo, Marta Ornelas Guerrero, y la directora general del Instituto Poblano de Apoyo a Migrantes (IPAM), Martha Laris Pati\u00f1o, la presidenta del SEDIF tambi\u00e9n recibi\u00f3, en nombre del gobernador Sergio Salom\u00f3n, dos reconocimientos de parte del Country of Orange, por su esfuerzo en favor de la sociedad poblana.<\/p>\n<p>Previamente, Gaby Bonilla sostuvo una reuni\u00f3n con la titular del Consulado de M\u00e9xico en Santa Ana, California, Audrey Rivera G\u00f3mez, encuentro en el que tambi\u00e9n estuvieron presentes Gabriel Ju\u00e1rez, coordinador de Promoci\u00f3n Econ\u00f3mica y Turismo del Consulado y Patricia Lorenzo, c\u00f3nsul de Comunidades, Educaci\u00f3n y Cultura.<\/p>\n","protected":false},"excerpt":{"rendered":"<p>\u2013 La presidenta honoraria del SEDIF, Gaby Bonilla recibi\u00f3 un reconocimiento de parte del Country of Orange \u2013 Previamente Gaby Bonilla sostuvo una reuni\u00f3n con la titular del Consulado de M\u00e9xico en Santa Ana, California, Audrey Rivera G\u00f3mez CALIFORNIA, EE.UU.-\u00a0En favor de la ni\u00f1ez poblana y en representaci\u00f3n del gobernador Sergio Salom\u00f3n, la presidenta honoraria&#8230;<\/p>\n","protected":false},"author":2,"featured_media":19458,"comment_status":"closed","ping_status":"closed","sticky":false,"template":"","format":"standard","meta":[],"categories":[3],"tags":[1498,1340,1273,49,1341],"yoast_head":"<!-- This site is optimized with the Yoast SEO plugin v20.8 - https:\/\/yoast.com\/wordpress\/plugins\/seo\/ -->\n<title>Concreta gobierno del estado convenio con fundaciones de EE.UU. en favor de la ni\u00f1ez poblana - The Puebla Times<\/title>\n<meta name=\"robots\" content=\"index, follow, max-snippet:-1, max-image-preview:large, max-video-preview:-1\" \/>\n<link rel=\"canonical\" href=\"https:\/\/thepueblatimes.mx\/index.php\/2023\/09\/22\/concreta-gobierno-del-estado-convenio-con-fundaciones-de-ee-uu-en-favor-de-la-ninez-poblana\/\" \/>\n<meta property=\"og:locale\" content=\"es_ES\" \/>\n<meta property=\"og:type\" content=\"article\" \/>\n<meta property=\"og:title\" content=\"Concreta gobierno del estado convenio con fundaciones de EE.UU. en favor de la ni\u00f1ez poblana - The Puebla Times\" \/>\n<meta property=\"og:description\" content=\"\u2013 La presidenta honoraria del SEDIF, Gaby Bonilla recibi\u00f3 un reconocimiento de parte del Country of Orange \u2013 Previamente Gaby Bonilla sostuvo una reuni\u00f3n con la titular del Consulado de M\u00e9xico en Santa Ana, California, Audrey Rivera G\u00f3mez CALIFORNIA, EE.UU.-\u00a0En favor de la ni\u00f1ez poblana y en representaci\u00f3n del gobernador Sergio Salom\u00f3n, la presidenta honoraria...\" \/>\n<meta property=\"og:url\" content=\"https:\/\/thepueblatimes.mx\/index.php\/2023\/09\/22\/concreta-gobierno-del-estado-convenio-con-fundaciones-de-ee-uu-en-favor-de-la-ninez-poblana\/\" \/>\n<meta property=\"og:site_name\" content=\"The Puebla Times\" \/>\n<meta property=\"article:published_time\" content=\"2023-09-22T16:04:39+00:00\" \/>\n<meta property=\"og:image\" content=\"https:\/\/thepueblatimes.mx\/wp-content\/uploads\/2023\/09\/b91017f50b1cfb5cf3f8ed2d856dcc31_L.jpg\" \/>\n\t<meta property=\"og:image:width\" content=\"600\" \/>\n\t<meta property=\"og:image:height\" content=\"450\" \/>\n\t<meta property=\"og:image:type\" content=\"image\/jpeg\" \/>\n<meta name=\"author\" content=\"admintpt\" \/>\n<meta name=\"twitter:card\" content=\"summary_large_image\" \/>\n<meta name=\"twitter:label1\" content=\"Escrito por\" \/>\n\t<meta name=\"twitter:data1\" content=\"admintpt\" \/>\n\t<meta name=\"twitter:label2\" content=\"Tiempo de lectura\" \/>\n\t<meta name=\"twitter:data2\" content=\"2 minutos\" \/>\n<script type=\"application\/ld+json\" class=\"yoast-schema-graph\">{\"@context\":\"https:\/\/schema.org\",\"@graph\":[{\"@type\":\"WebPage\",\"@id\":\"https:\/\/thepueblatimes.mx\/index.php\/2023\/09\/22\/concreta-gobierno-del-estado-convenio-con-fundaciones-de-ee-uu-en-favor-de-la-ninez-poblana\/\",\"url\":\"https:\/\/thepueblatimes.mx\/index.php\/2023\/09\/22\/concreta-gobierno-del-estado-convenio-con-fundaciones-de-ee-uu-en-favor-de-la-ninez-poblana\/\",\"name\":\"Concreta gobierno del estado convenio con fundaciones de EE.UU. en favor de la ni\u00f1ez poblana - The Puebla Times\",\"isPartOf\":{\"@id\":\"https:\/\/thepueblatimes.mx\/#website\"},\"datePublished\":\"2023-09-22T16:04:39+00:00\",\"dateModified\":\"2023-09-22T16:04:39+00:00\",\"author\":{\"@id\":\"https:\/\/thepueblatimes.mx\/#\/schema\/person\/c90a455f48a80821b6a99d3d73d1a71f\"},\"breadcrumb\":{\"@id\":\"https:\/\/thepueblatimes.mx\/index.php\/2023\/09\/22\/concreta-gobierno-del-estado-convenio-con-fundaciones-de-ee-uu-en-favor-de-la-ninez-poblana\/#breadcrumb\"},\"inLanguage\":\"es\",\"potentialAction\":[{\"@type\":\"ReadAction\",\"target\":[\"https:\/\/thepueblatimes.mx\/index.php\/2023\/09\/22\/concreta-gobierno-del-estado-convenio-con-fundaciones-de-ee-uu-en-favor-de-la-ninez-poblana\/\"]}]},{\"@type\":\"BreadcrumbList\",\"@id\":\"https:\/\/thepueblatimes.mx\/index.php\/2023\/09\/22\/concreta-gobierno-del-estado-convenio-con-fundaciones-de-ee-uu-en-favor-de-la-ninez-poblana\/#breadcrumb\",\"itemListElement\":[{\"@type\":\"ListItem\",\"position\":1,\"name\":\"Portada\",\"item\":\"https:\/\/thepueblatimes.mx\/\"},{\"@type\":\"ListItem\",\"position\":2,\"name\":\"Concreta gobierno del estado convenio con fundaciones de EE.UU. en favor de la ni\u00f1ez poblana\"}]},{\"@type\":\"WebSite\",\"@id\":\"https:\/\/thepueblatimes.mx\/#website\",\"url\":\"https:\/\/thepueblatimes.mx\/\",\"name\":\"The Puebla Times\",\"description\":\"Noticias del Estado de Puebla\",\"potentialAction\":[{\"@type\":\"SearchAction\",\"target\":{\"@type\":\"EntryPoint\",\"urlTemplate\":\"https:\/\/thepueblatimes.mx\/?s={search_term_string}\"},\"query-input\":\"required name=search_term_string\"}],\"inLanguage\":\"es\"},{\"@type\":\"Person\",\"@id\":\"https:\/\/thepueblatimes.mx\/#\/schema\/person\/c90a455f48a80821b6a99d3d73d1a71f\",\"name\":\"admintpt\",\"image\":{\"@type\":\"ImageObject\",\"inLanguage\":\"es\",\"@id\":\"https:\/\/thepueblatimes.mx\/#\/schema\/person\/image\/\",\"url\":\"https:\/\/secure.gravatar.com\/avatar\/13f0a494cc76bfb992f9768b1d51109d?s=96&d=mm&r=g\",\"contentUrl\":\"https:\/\/secure.gravatar.com\/avatar\/13f0a494cc76bfb992f9768b1d51109d?s=96&d=mm&r=g\",\"caption\":\"admintpt\"},\"url\":\"https:\/\/thepueblatimes.mx\/index.php\/author\/admintpt\/\"}]}<\/script>\n<!-- \/ Yoast SEO plugin. -->","yoast_head_json":{"title":"Concreta gobierno del estado convenio con fundaciones de EE.UU. en favor de la ni\u00f1ez poblana - The Puebla Times","robots":{"index":"index","follow":"follow","max-snippet":"max-snippet:-1","max-image-preview":"max-image-preview:large","max-video-preview":"max-video-preview:-1"},"canonical":"https:\/\/thepueblatimes.mx\/index.php\/2023\/09\/22\/concreta-gobierno-del-estado-convenio-con-fundaciones-de-ee-uu-en-favor-de-la-ninez-poblana\/","og_locale":"es_ES","og_type":"article","og_title":"Concreta gobierno del estado convenio con fundaciones de EE.UU. en favor de la ni\u00f1ez poblana - The Puebla Times","og_description":"\u2013 La presidenta honoraria del SEDIF, Gaby Bonilla recibi\u00f3 un reconocimiento de parte del Country of Orange \u2013 Previamente Gaby Bonilla sostuvo una reuni\u00f3n con la titular del Consulado de M\u00e9xico en Santa Ana, California, Audrey Rivera G\u00f3mez CALIFORNIA, EE.UU.-\u00a0En favor de la ni\u00f1ez poblana y en representaci\u00f3n del gobernador Sergio Salom\u00f3n, la presidenta honoraria...","og_url":"https:\/\/thepueblatimes.mx\/index.php\/2023\/09\/22\/concreta-gobierno-del-estado-convenio-con-fundaciones-de-ee-uu-en-favor-de-la-ninez-poblana\/","og_site_name":"The Puebla Times","article_published_time":"2023-09-22T16:04:39+00:00","og_image":[{"width":600,"height":450,"url":"https:\/\/thepueblatimes.mx\/wp-content\/uploads\/2023\/09\/b91017f50b1cfb5cf3f8ed2d856dcc31_L.jpg","type":"image\/jpeg"}],"author":"admintpt","twitter_card":"summary_large_image","twitter_misc":{"Escrito por":"admintpt","Tiempo de lectura":"2 minutos"},"schema":{"@context":"https:\/\/schema.org","@graph":[{"@type":"WebPage","@id":"https:\/\/thepueblatimes.mx\/index.php\/2023\/09\/22\/concreta-gobierno-del-estado-convenio-con-fundaciones-de-ee-uu-en-favor-de-la-ninez-poblana\/","url":"https:\/\/thepueblatimes.mx\/index.php\/2023\/09\/22\/concreta-gobierno-del-estado-convenio-con-fundaciones-de-ee-uu-en-favor-de-la-ninez-poblana\/","name":"Concreta gobierno del estado convenio con fundaciones de EE.UU. en favor de la ni\u00f1ez poblana - The Puebla Times","isPartOf":{"@id":"https:\/\/thepueblatimes.mx\/#website"},"datePublished":"2023-09-22T16:04:39+00:00","dateModified":"2023-09-22T16:04:39+00:00","author":{"@id":"https:\/\/thepueblatimes.mx\/#\/schema\/person\/c90a455f48a80821b6a99d3d73d1a71f"},"breadcrumb":{"@id":"https:\/\/thepueblatimes.mx\/index.php\/2023\/09\/22\/concreta-gobierno-del-estado-convenio-con-fundaciones-de-ee-uu-en-favor-de-la-ninez-poblana\/#breadcrumb"},"inLanguage":"es","potentialAction":[{"@type":"ReadAction","target":["https:\/\/thepueblatimes.mx\/index.php\/2023\/09\/22\/concreta-gobierno-del-estado-convenio-con-fundaciones-de-ee-uu-en-favor-de-la-ninez-poblana\/"]}]},{"@type":"BreadcrumbList","@id":"https:\/\/thepueblatimes.mx\/index.php\/2023\/09\/22\/concreta-gobierno-del-estado-convenio-con-fundaciones-de-ee-uu-en-favor-de-la-ninez-poblana\/#breadcrumb","itemListElement":[{"@type":"ListItem","position":1,"name":"Portada","item":"https:\/\/thepueblatimes.mx\/"},{"@type":"ListItem","position":2,"name":"Concreta gobierno del estado convenio con fundaciones de EE.UU. en favor de la ni\u00f1ez poblana"}]},{"@type":"WebSite","@id":"https:\/\/thepueblatimes.mx\/#website","url":"https:\/\/thepueblatimes.mx\/","name":"The Puebla Times","description":"Noticias del Estado de Puebla","potentialAction":[{"@type":"SearchAction","target":{"@type":"EntryPoint","urlTemplate":"https:\/\/thepueblatimes.mx\/?s={search_term_string}"},"query-input":"required name=search_term_string"}],"inLanguage":"es"},{"@type":"Person","@id":"https:\/\/thepueblatimes.mx\/#\/schema\/person\/c90a455f48a80821b6a99d3d73d1a71f","name":"admintpt","image":{"@type":"ImageObject","inLanguage":"es","@id":"https:\/\/thepueblatimes.mx\/#\/schema\/person\/image\/","url":"https:\/\/secure.gravatar.com\/avatar\/13f0a494cc76bfb992f9768b1d51109d?s=96&d=mm&r=g","contentUrl":"https:\/\/secure.gravatar.com\/avatar\/13f0a494cc76bfb992f9768b1d51109d?s=96&d=mm&r=g","caption":"admintpt"},"url":"https:\/\/thepueblatimes.mx\/index.php\/author\/admintpt\/"}]}},"jetpack_featured_media_url":"https:\/\/thepueblatimes.mx\/wp-content\/uploads\/2023\/09\/b91017f50b1cfb5cf3f8ed2d856dcc31_L.jpg","_links":{"self":[{"href":"https:\/\/thepueblatimes.mx\/index.php\/wp-json\/wp\/v2\/posts\/19457"}],"collection":[{"href":"https:\/\/thepueblatimes.mx\/index.php\/wp-json\/wp\/v2\/posts"}],"about":[{"href":"https:\/\/thepueblatimes.mx\/index.php\/wp-json\/wp\/v2\/types\/post"}],"author":[{"embeddable":true,"href":"https:\/\/thepueblatimes.mx\/index.php\/wp-json\/wp\/v2\/users\/2"}],"replies":[{"embeddable":true,"href":"https:\/\/thepueblatimes.mx\/index.php\/wp-json\/wp\/v2\/comments?post=19457"}],"version-history":[{"count":1,"href":"https:\/\/thepueblatimes.mx\/index.php\/wp-json\/wp\/v2\/posts\/19457\/revisions"}],"predecessor-version":[{"id":19459,"href":"https:\/\/thepueblatimes.mx\/index.php\/wp-json\/wp\/v2\/posts\/19457\/revisions\/19459"}],"wp:featuredmedia":[{"embeddable":true,"href":"https:\/\/thepueblatimes.mx\/index.php\/wp-json\/wp\/v2\/media\/19458"}],"wp:attachment":[{"href":"https:\/\/thepueblatimes.mx\/index.php\/wp-json\/wp\/v2\/media?parent=19457"}],"wp:term":[{"taxonomy":"category","embeddable":true,"href":"https:\/\/thepueblatimes.mx\/index.php\/wp-json\/wp\/v2\/categories?post=19457"},{"taxonomy":"post_tag","embeddable":true,"href":"https:\/\/thepueblatimes.mx\/index.php\/wp-json\/wp\/v2\/tags?post=19457"}],"curies":[{"name":"wp","href":"https:\/\/api.w.org\/{rel}","templated":true}]}}