{"id":19441,"date":"2023-09-21T19:14:23","date_gmt":"2023-09-22T01:14:23","guid":{"rendered":"https:\/\/thepueblatimes.mx\/?p=19441"},"modified":"2023-09-21T19:14:23","modified_gmt":"2023-09-22T01:14:23","slug":"aprueba-congreso-punto-de-acuerdo-para-promover-modelo-de-naciones-unidas-en-escuelas-publicas","status":"publish","type":"post","link":"https:\/\/thepueblatimes.mx\/index.php\/2023\/09\/21\/aprueba-congreso-punto-de-acuerdo-para-promover-modelo-de-naciones-unidas-en-escuelas-publicas\/","title":{"rendered":"Aprueba Congreso punto de acuerdo para promover Modelo de Naciones Unidas en escuelas p\u00fablicas"},"content":{"rendered":"<h3><em>&#8211; Durante la sesi\u00f3n p\u00fablica ordinaria se presentaron iniciativas en materia educativa y de salud, as\u00ed como a favor de las personas adultas mayores y la ni\u00f1ez poblana<\/em><\/h3>\n<p>Durante la sesi\u00f3n p\u00fablica ordinaria, las y los diputados de la LXI Legislatura aprobaron el acuerdo para exhortar a la Secretar\u00eda de Educaci\u00f3n del Estado a que promueva la realizaci\u00f3n de Modelos de Naciones Unidas en las escuelas p\u00fablicas de nivel medio superior, como una estrategia pedag\u00f3gica que contribuya al desarrollo integral de las y los estudiantes.<\/p>\n<p>En este sentido, la diputada Laura Zapata Mart\u00ednez consider\u00f3 que se debe buscar que las y los estudiantes, sin importar su origen socioecon\u00f3mico, tengan las mismas oportunidades de desarrollo para comprender los desaf\u00edos globales, que los convierta en los l\u00edderes del ma\u00f1ana\u201d.<\/p>\n<p>Durante su posicionamiento, la diputada reconoci\u00f3 la labor del joven Leonardo Morales Hern\u00e1ndez por su destacada participaci\u00f3n como secretario en varios Modelos de Naciones Unidas, y como ejemplo para la socializaci\u00f3n del Punto de Acuerdo.<\/p>\n<p>Por otra parte, la diputada Eliana Ang\u00e9lica Cervantes Gonz\u00e1lez present\u00f3 una iniciativa para reformar la Ley de Educaci\u00f3n del Estado que pretende fomentar la cultura de respeto y bienestar de los animales, dentro de las aulas.<\/p>\n<p>El objetivo, se\u00f1al\u00f3 la legisladora, es fomentar entre las ni\u00f1as, ni\u00f1os y adolescentes de la entidad, el cuidado y el respeto hacia los animales.<\/p>\n<p>Para este fin se pretende reformar la fracci\u00f3n III del art\u00edculo 10, la fracci\u00f3n IV del 11, la fracci\u00f3n V del 14; y adicionar la fracci\u00f3n VIII Bis al art\u00edculo 13 de la Ley de Educaci\u00f3n del Estado de Puebla.<\/p>\n<p>La iniciativa fue turnada a la Comisi\u00f3n de Educaci\u00f3n, para su estudio y resoluci\u00f3n procedente.<\/p>\n<p>En m\u00e1s del orden del d\u00eda, se dio cuenta de la iniciativa del diputado Carlos Alberto Evangelista Aniceto para reformar la Ley de Protecci\u00f3n a las Personas Adultas Mayores para el Estado de Puebla, con el objetivo de que sus familiares garanticen su independencia en la medida de las posibilidades de salud, as\u00ed como el denunciar ante la autoridad competente los casos de violencia, discriminaci\u00f3n o abandono.<\/p>\n<p>La iniciativa, que propone reformar la fracci\u00f3n VI y adicionar la VII al art\u00edculo 33 de la Ley de Protecci\u00f3n a las Personas Adultas Mayores para el Estado de Puebla, fue turnada a la Comisi\u00f3n de Grupos Vulnerables, para su an\u00e1lisis y dictaminaci\u00f3n correspondiente.<\/p>\n<p>Asimismo, la diputada Yolanda G\u00e1mez Mendoza present\u00f3 una iniciativa para reformar la Ley Estatal de Salud con el prop\u00f3sito de promover el desarrollo de actividades educativas, socioculturales y recreativas con car\u00e1cter permanente que contribuyan a la salud mental y a la prevenci\u00f3n de adicciones, preferentemente de la infancia, de la juventud y dem\u00e1s grupos en situaci\u00f3n de vulnerabilidad.<\/p>\n<p>La legisladora propone reformar la fracci\u00f3n I, el p\u00e1rrafo segundo de la II, las fracciones III y IV, y adicionar las fracciones V a XII al art\u00edculo 67 de la Ley Estatal de Salud.<\/p>\n<p>La iniciativa fue dirigida a la Comisi\u00f3n de Salud para su estudio y resoluci\u00f3n procedente.<\/p>\n<p>Finalmente, la diputada Daniela Mier Ba\u00f1uelos present\u00f3 una iniciativa para reformar y adicionar la Ley de los Derechos de las Ni\u00f1as, Ni\u00f1os y Adolescentes del Estado de Puebla, con la finalidad de establecer en la Ley, una periodicidad en las inspecciones para detectar a los infantes en situaci\u00f3n de trabajo infantil en calles, y tomar las medidas adecuadas para su protecci\u00f3n y restituci\u00f3n de derechos.<\/p>\n<p>La legisladora propone reformar el art\u00edculo 30 Bis; la fracci\u00f3n X y adicionar un p\u00e1rrafo a la fracci\u00f3n IX al art\u00edculo 62 y el inciso c) de la fracci\u00f3n VI del 116 de la Ley de los Derechos de las Ni\u00f1as, Ni\u00f1os y Adolescentes del Estado de Puebla.<\/p>\n<p>La iniciativa fue turnada a la Comisi\u00f3n de la Familia y los Derechos de la Ni\u00f1ez, para su an\u00e1lisis y dictaminaci\u00f3n procedente.<\/p>\n","protected":false},"excerpt":{"rendered":"<p>&#8211; Durante la sesi\u00f3n p\u00fablica ordinaria se presentaron iniciativas en materia educativa y de salud, as\u00ed como a favor de las personas adultas mayores y la ni\u00f1ez poblana Durante la sesi\u00f3n p\u00fablica ordinaria, las y los diputados de la LXI Legislatura aprobaron el acuerdo para exhortar a la Secretar\u00eda de Educaci\u00f3n del Estado a que&#8230;<\/p>\n","protected":false},"author":2,"featured_media":19442,"comment_status":"closed","ping_status":"closed","sticky":false,"template":"","format":"standard","meta":[],"categories":[3],"tags":[1480,1401,1271],"yoast_head":"<!-- This site is optimized with the Yoast SEO plugin v20.8 - https:\/\/yoast.com\/wordpress\/plugins\/seo\/ -->\n<title>Aprueba Congreso punto de acuerdo para promover Modelo de Naciones Unidas en escuelas p\u00fablicas - The Puebla Times<\/title>\n<meta name=\"robots\" content=\"index, follow, max-snippet:-1, max-image-preview:large, max-video-preview:-1\" \/>\n<link rel=\"canonical\" href=\"https:\/\/thepueblatimes.mx\/index.php\/2023\/09\/21\/aprueba-congreso-punto-de-acuerdo-para-promover-modelo-de-naciones-unidas-en-escuelas-publicas\/\" \/>\n<meta property=\"og:locale\" content=\"es_ES\" \/>\n<meta property=\"og:type\" content=\"article\" \/>\n<meta property=\"og:title\" content=\"Aprueba Congreso punto de acuerdo para promover Modelo de Naciones Unidas en escuelas p\u00fablicas - The Puebla Times\" \/>\n<meta property=\"og:description\" content=\"&#8211; Durante la sesi\u00f3n p\u00fablica ordinaria se presentaron iniciativas en materia educativa y de salud, as\u00ed como a favor de las personas adultas mayores y la ni\u00f1ez poblana Durante la sesi\u00f3n p\u00fablica ordinaria, las y los diputados de la LXI Legislatura aprobaron el acuerdo para exhortar a la Secretar\u00eda de Educaci\u00f3n del Estado a que...\" \/>\n<meta property=\"og:url\" content=\"https:\/\/thepueblatimes.mx\/index.php\/2023\/09\/21\/aprueba-congreso-punto-de-acuerdo-para-promover-modelo-de-naciones-unidas-en-escuelas-publicas\/\" \/>\n<meta property=\"og:site_name\" content=\"The Puebla Times\" \/>\n<meta property=\"article:published_time\" content=\"2023-09-22T01:14:23+00:00\" \/>\n<meta property=\"og:image\" content=\"https:\/\/thepueblatimes.mx\/wp-content\/uploads\/2023\/09\/WhatsApp-Image-2023-09-21-at-18.41.26.jpeg\" \/>\n\t<meta property=\"og:image:width\" content=\"1600\" \/>\n\t<meta property=\"og:image:height\" content=\"1066\" \/>\n\t<meta property=\"og:image:type\" content=\"image\/jpeg\" \/>\n<meta name=\"author\" content=\"admintpt\" \/>\n<meta name=\"twitter:card\" content=\"summary_large_image\" \/>\n<meta name=\"twitter:label1\" content=\"Escrito por\" \/>\n\t<meta name=\"twitter:data1\" content=\"admintpt\" \/>\n\t<meta name=\"twitter:label2\" content=\"Tiempo de lectura\" \/>\n\t<meta name=\"twitter:data2\" content=\"3 minutos\" \/>\n<script type=\"application\/ld+json\" class=\"yoast-schema-graph\">{\"@context\":\"https:\/\/schema.org\",\"@graph\":[{\"@type\":\"WebPage\",\"@id\":\"https:\/\/thepueblatimes.mx\/index.php\/2023\/09\/21\/aprueba-congreso-punto-de-acuerdo-para-promover-modelo-de-naciones-unidas-en-escuelas-publicas\/\",\"url\":\"https:\/\/thepueblatimes.mx\/index.php\/2023\/09\/21\/aprueba-congreso-punto-de-acuerdo-para-promover-modelo-de-naciones-unidas-en-escuelas-publicas\/\",\"name\":\"Aprueba Congreso punto de acuerdo para promover Modelo de Naciones Unidas en escuelas p\u00fablicas - The Puebla Times\",\"isPartOf\":{\"@id\":\"https:\/\/thepueblatimes.mx\/#website\"},\"datePublished\":\"2023-09-22T01:14:23+00:00\",\"dateModified\":\"2023-09-22T01:14:23+00:00\",\"author\":{\"@id\":\"https:\/\/thepueblatimes.mx\/#\/schema\/person\/c90a455f48a80821b6a99d3d73d1a71f\"},\"breadcrumb\":{\"@id\":\"https:\/\/thepueblatimes.mx\/index.php\/2023\/09\/21\/aprueba-congreso-punto-de-acuerdo-para-promover-modelo-de-naciones-unidas-en-escuelas-publicas\/#breadcrumb\"},\"inLanguage\":\"es\",\"potentialAction\":[{\"@type\":\"ReadAction\",\"target\":[\"https:\/\/thepueblatimes.mx\/index.php\/2023\/09\/21\/aprueba-congreso-punto-de-acuerdo-para-promover-modelo-de-naciones-unidas-en-escuelas-publicas\/\"]}]},{\"@type\":\"BreadcrumbList\",\"@id\":\"https:\/\/thepueblatimes.mx\/index.php\/2023\/09\/21\/aprueba-congreso-punto-de-acuerdo-para-promover-modelo-de-naciones-unidas-en-escuelas-publicas\/#breadcrumb\",\"itemListElement\":[{\"@type\":\"ListItem\",\"position\":1,\"name\":\"Portada\",\"item\":\"https:\/\/thepueblatimes.mx\/\"},{\"@type\":\"ListItem\",\"position\":2,\"name\":\"Aprueba Congreso punto de acuerdo para promover Modelo de Naciones Unidas en escuelas p\u00fablicas\"}]},{\"@type\":\"WebSite\",\"@id\":\"https:\/\/thepueblatimes.mx\/#website\",\"url\":\"https:\/\/thepueblatimes.mx\/\",\"name\":\"The Puebla Times\",\"description\":\"Noticias del Estado de Puebla\",\"potentialAction\":[{\"@type\":\"SearchAction\",\"target\":{\"@type\":\"EntryPoint\",\"urlTemplate\":\"https:\/\/thepueblatimes.mx\/?s={search_term_string}\"},\"query-input\":\"required name=search_term_string\"}],\"inLanguage\":\"es\"},{\"@type\":\"Person\",\"@id\":\"https:\/\/thepueblatimes.mx\/#\/schema\/person\/c90a455f48a80821b6a99d3d73d1a71f\",\"name\":\"admintpt\",\"image\":{\"@type\":\"ImageObject\",\"inLanguage\":\"es\",\"@id\":\"https:\/\/thepueblatimes.mx\/#\/schema\/person\/image\/\",\"url\":\"https:\/\/secure.gravatar.com\/avatar\/13f0a494cc76bfb992f9768b1d51109d?s=96&d=mm&r=g\",\"contentUrl\":\"https:\/\/secure.gravatar.com\/avatar\/13f0a494cc76bfb992f9768b1d51109d?s=96&d=mm&r=g\",\"caption\":\"admintpt\"},\"url\":\"https:\/\/thepueblatimes.mx\/index.php\/author\/admintpt\/\"}]}<\/script>\n<!-- \/ Yoast SEO plugin. -->","yoast_head_json":{"title":"Aprueba Congreso punto de acuerdo para promover Modelo de Naciones Unidas en escuelas p\u00fablicas - The Puebla Times","robots":{"index":"index","follow":"follow","max-snippet":"max-snippet:-1","max-image-preview":"max-image-preview:large","max-video-preview":"max-video-preview:-1"},"canonical":"https:\/\/thepueblatimes.mx\/index.php\/2023\/09\/21\/aprueba-congreso-punto-de-acuerdo-para-promover-modelo-de-naciones-unidas-en-escuelas-publicas\/","og_locale":"es_ES","og_type":"article","og_title":"Aprueba Congreso punto de acuerdo para promover Modelo de Naciones Unidas en escuelas p\u00fablicas - The Puebla Times","og_description":"&#8211; Durante la sesi\u00f3n p\u00fablica ordinaria se presentaron iniciativas en materia educativa y de salud, as\u00ed como a favor de las personas adultas mayores y la ni\u00f1ez poblana Durante la sesi\u00f3n p\u00fablica ordinaria, las y los diputados de la LXI Legislatura aprobaron el acuerdo para exhortar a la Secretar\u00eda de Educaci\u00f3n del Estado a que...","og_url":"https:\/\/thepueblatimes.mx\/index.php\/2023\/09\/21\/aprueba-congreso-punto-de-acuerdo-para-promover-modelo-de-naciones-unidas-en-escuelas-publicas\/","og_site_name":"The Puebla Times","article_published_time":"2023-09-22T01:14:23+00:00","og_image":[{"width":1600,"height":1066,"url":"https:\/\/thepueblatimes.mx\/wp-content\/uploads\/2023\/09\/WhatsApp-Image-2023-09-21-at-18.41.26.jpeg","type":"image\/jpeg"}],"author":"admintpt","twitter_card":"summary_large_image","twitter_misc":{"Escrito por":"admintpt","Tiempo de lectura":"3 minutos"},"schema":{"@context":"https:\/\/schema.org","@graph":[{"@type":"WebPage","@id":"https:\/\/thepueblatimes.mx\/index.php\/2023\/09\/21\/aprueba-congreso-punto-de-acuerdo-para-promover-modelo-de-naciones-unidas-en-escuelas-publicas\/","url":"https:\/\/thepueblatimes.mx\/index.php\/2023\/09\/21\/aprueba-congreso-punto-de-acuerdo-para-promover-modelo-de-naciones-unidas-en-escuelas-publicas\/","name":"Aprueba Congreso punto de acuerdo para promover Modelo de Naciones Unidas en escuelas p\u00fablicas - The Puebla Times","isPartOf":{"@id":"https:\/\/thepueblatimes.mx\/#website"},"datePublished":"2023-09-22T01:14:23+00:00","dateModified":"2023-09-22T01:14:23+00:00","author":{"@id":"https:\/\/thepueblatimes.mx\/#\/schema\/person\/c90a455f48a80821b6a99d3d73d1a71f"},"breadcrumb":{"@id":"https:\/\/thepueblatimes.mx\/index.php\/2023\/09\/21\/aprueba-congreso-punto-de-acuerdo-para-promover-modelo-de-naciones-unidas-en-escuelas-publicas\/#breadcrumb"},"inLanguage":"es","potentialAction":[{"@type":"ReadAction","target":["https:\/\/thepueblatimes.mx\/index.php\/2023\/09\/21\/aprueba-congreso-punto-de-acuerdo-para-promover-modelo-de-naciones-unidas-en-escuelas-publicas\/"]}]},{"@type":"BreadcrumbList","@id":"https:\/\/thepueblatimes.mx\/index.php\/2023\/09\/21\/aprueba-congreso-punto-de-acuerdo-para-promover-modelo-de-naciones-unidas-en-escuelas-publicas\/#breadcrumb","itemListElement":[{"@type":"ListItem","position":1,"name":"Portada","item":"https:\/\/thepueblatimes.mx\/"},{"@type":"ListItem","position":2,"name":"Aprueba Congreso punto de acuerdo para promover Modelo de Naciones Unidas en escuelas p\u00fablicas"}]},{"@type":"WebSite","@id":"https:\/\/thepueblatimes.mx\/#website","url":"https:\/\/thepueblatimes.mx\/","name":"The Puebla Times","description":"Noticias del Estado de Puebla","potentialAction":[{"@type":"SearchAction","target":{"@type":"EntryPoint","urlTemplate":"https:\/\/thepueblatimes.mx\/?s={search_term_string}"},"query-input":"required name=search_term_string"}],"inLanguage":"es"},{"@type":"Person","@id":"https:\/\/thepueblatimes.mx\/#\/schema\/person\/c90a455f48a80821b6a99d3d73d1a71f","name":"admintpt","image":{"@type":"ImageObject","inLanguage":"es","@id":"https:\/\/thepueblatimes.mx\/#\/schema\/person\/image\/","url":"https:\/\/secure.gravatar.com\/avatar\/13f0a494cc76bfb992f9768b1d51109d?s=96&d=mm&r=g","contentUrl":"https:\/\/secure.gravatar.com\/avatar\/13f0a494cc76bfb992f9768b1d51109d?s=96&d=mm&r=g","caption":"admintpt"},"url":"https:\/\/thepueblatimes.mx\/index.php\/author\/admintpt\/"}]}},"jetpack_featured_media_url":"https:\/\/thepueblatimes.mx\/wp-content\/uploads\/2023\/09\/WhatsApp-Image-2023-09-21-at-18.41.26.jpeg","_links":{"self":[{"href":"https:\/\/thepueblatimes.mx\/index.php\/wp-json\/wp\/v2\/posts\/19441"}],"collection":[{"href":"https:\/\/thepueblatimes.mx\/index.php\/wp-json\/wp\/v2\/posts"}],"about":[{"href":"https:\/\/thepueblatimes.mx\/index.php\/wp-json\/wp\/v2\/types\/post"}],"author":[{"embeddable":true,"href":"https:\/\/thepueblatimes.mx\/index.php\/wp-json\/wp\/v2\/users\/2"}],"replies":[{"embeddable":true,"href":"https:\/\/thepueblatimes.mx\/index.php\/wp-json\/wp\/v2\/comments?post=19441"}],"version-history":[{"count":1,"href":"https:\/\/thepueblatimes.mx\/index.php\/wp-json\/wp\/v2\/posts\/19441\/revisions"}],"predecessor-version":[{"id":19443,"href":"https:\/\/thepueblatimes.mx\/index.php\/wp-json\/wp\/v2\/posts\/19441\/revisions\/19443"}],"wp:featuredmedia":[{"embeddable":true,"href":"https:\/\/thepueblatimes.mx\/index.php\/wp-json\/wp\/v2\/media\/19442"}],"wp:attachment":[{"href":"https:\/\/thepueblatimes.mx\/index.php\/wp-json\/wp\/v2\/media?parent=19441"}],"wp:term":[{"taxonomy":"category","embeddable":true,"href":"https:\/\/thepueblatimes.mx\/index.php\/wp-json\/wp\/v2\/categories?post=19441"},{"taxonomy":"post_tag","embeddable":true,"href":"https:\/\/thepueblatimes.mx\/index.php\/wp-json\/wp\/v2\/tags?post=19441"}],"curies":[{"name":"wp","href":"https:\/\/api.w.org\/{rel}","templated":true}]}}