{"id":19421,"date":"2023-09-20T17:55:45","date_gmt":"2023-09-20T23:55:45","guid":{"rendered":"https:\/\/thepueblatimes.mx\/?p=19421"},"modified":"2023-09-20T17:55:45","modified_gmt":"2023-09-20T23:55:45","slug":"atlixco-participara-en-el-foro-de-resiliencia-global-en-dubai-organizado-por-la-onu","status":"publish","type":"post","link":"https:\/\/thepueblatimes.mx\/index.php\/2023\/09\/20\/atlixco-participara-en-el-foro-de-resiliencia-global-en-dubai-organizado-por-la-onu\/","title":{"rendered":"Atlixco participar\u00e1 en el foro de Resiliencia Global en Dub\u00e1i organizado por la ONU"},"content":{"rendered":"<h3><em>\u2022 S\u00f3lo dos ciudades de M\u00e9xico han sido invitados a intercambiar experiencias<\/em><\/h3>\n<p>El Gobierno de Atlixco que preside Ariadna Ayala, es invitado a participar en el Foro Internacional de Resiliencia Urbana: \u201cFortalecimiento de la Resiliencia por un Clima Cambiante\u201d, organizado por la Oficina de las Naciones Unidas para la Reducci\u00f3n de Riesgos de Desastres (UNDRR), en el marco del Programa de Desarrollo de Ciudades Resilientes 2030, derivado de las pol\u00edticas p\u00fablicas y acciones en contingencias presentadas en el municipio, as\u00ed como ser el primer municipio a nivel nacional en cumplir la primera fase del programa Puebla Resiliente ante desastres y destinar presupuesto para la segunda fase.<\/p>\n<p>El evento se llevar\u00e1 a cabo los d\u00edas 5 y 6 de octubre en Dub\u00e1i, donde se abordar\u00e1n temas como: Gobernanza del Riesgo y enfoque de toda la sociedad con el objetivo de reducir el riesgo, cooperaci\u00f3n con el sector privado y proveedores de tecnolog\u00eda, inversi\u00f3n en soluciones urbanas innovadoras, utilizaci\u00f3n de datos e informaci\u00f3n para mejorar la resiliencia de las ciudades, inversi\u00f3n en reducci\u00f3n de riesgos coherente y acci\u00f3n clim\u00e1tica en contextos locales, desplazamiento poblaci\u00f3n y v\u00ednculos con cambio clim\u00e1tico, sistemas urbanos resilientes, acceso a infraestructura urbana b\u00e1sica.<\/p>\n<p>El objetivo es compartir experiencias y fortalecer las estrategias para la prevenci\u00f3n de riesgos y la implementaci\u00f3n de pol\u00edticas p\u00fablicas con enfoque de responsabilidad, tomando en cuenta el cambio clim\u00e1tico y la participaci\u00f3n ciudadana, el representante del Gobierno de Atlixco acudir\u00e1 a este foro de forma gratuita, sin cargo para el erario p\u00fablico derivado a que los gastos ser\u00e1n absorbidos por los organizadores de la Oficina de las Naciones Unidas para la Reducci\u00f3n de Riesgos de Desastres.<\/p>\n","protected":false},"excerpt":{"rendered":"<p>\u2022 S\u00f3lo dos ciudades de M\u00e9xico han sido invitados a intercambiar experiencias El Gobierno de Atlixco que preside Ariadna Ayala, es invitado a participar en el Foro Internacional de Resiliencia Urbana: \u201cFortalecimiento de la Resiliencia por un Clima Cambiante\u201d, organizado por la Oficina de las Naciones Unidas para la Reducci\u00f3n de Riesgos de Desastres (UNDRR),&#8230;<\/p>\n","protected":false},"author":2,"featured_media":19422,"comment_status":"closed","ping_status":"closed","sticky":false,"template":"","format":"standard","meta":[],"categories":[14,11],"tags":[1265,45,1338,1513,24,49],"yoast_head":"<!-- This site is optimized with the Yoast SEO plugin v20.8 - https:\/\/yoast.com\/wordpress\/plugins\/seo\/ -->\n<title>Atlixco participar\u00e1 en el foro de Resiliencia Global en Dub\u00e1i organizado por la ONU - The Puebla Times<\/title>\n<meta name=\"robots\" content=\"index, follow, max-snippet:-1, max-image-preview:large, max-video-preview:-1\" \/>\n<link rel=\"canonical\" href=\"https:\/\/thepueblatimes.mx\/index.php\/2023\/09\/20\/atlixco-participara-en-el-foro-de-resiliencia-global-en-dubai-organizado-por-la-onu\/\" \/>\n<meta property=\"og:locale\" content=\"es_ES\" \/>\n<meta property=\"og:type\" content=\"article\" \/>\n<meta property=\"og:title\" content=\"Atlixco participar\u00e1 en el foro de Resiliencia Global en Dub\u00e1i organizado por la ONU - The Puebla Times\" \/>\n<meta property=\"og:description\" content=\"\u2022 S\u00f3lo dos ciudades de M\u00e9xico han sido invitados a intercambiar experiencias El Gobierno de Atlixco que preside Ariadna Ayala, es invitado a participar en el Foro Internacional de Resiliencia Urbana: \u201cFortalecimiento de la Resiliencia por un Clima Cambiante\u201d, organizado por la Oficina de las Naciones Unidas para la Reducci\u00f3n de Riesgos de Desastres (UNDRR),...\" \/>\n<meta property=\"og:url\" content=\"https:\/\/thepueblatimes.mx\/index.php\/2023\/09\/20\/atlixco-participara-en-el-foro-de-resiliencia-global-en-dubai-organizado-por-la-onu\/\" \/>\n<meta property=\"og:site_name\" content=\"The Puebla Times\" \/>\n<meta property=\"article:published_time\" content=\"2023-09-20T23:55:45+00:00\" \/>\n<meta property=\"og:image\" content=\"https:\/\/thepueblatimes.mx\/wp-content\/uploads\/2023\/09\/WhatsApp-Image-2023-09-20-at-15.55.12.jpeg\" \/>\n\t<meta property=\"og:image:width\" content=\"1024\" \/>\n\t<meta property=\"og:image:height\" content=\"574\" \/>\n\t<meta property=\"og:image:type\" content=\"image\/jpeg\" \/>\n<meta name=\"author\" content=\"admintpt\" \/>\n<meta name=\"twitter:card\" content=\"summary_large_image\" \/>\n<meta name=\"twitter:label1\" content=\"Escrito por\" \/>\n\t<meta name=\"twitter:data1\" content=\"admintpt\" \/>\n\t<meta name=\"twitter:label2\" content=\"Tiempo de lectura\" \/>\n\t<meta name=\"twitter:data2\" content=\"2 minutos\" \/>\n<script type=\"application\/ld+json\" class=\"yoast-schema-graph\">{\"@context\":\"https:\/\/schema.org\",\"@graph\":[{\"@type\":\"WebPage\",\"@id\":\"https:\/\/thepueblatimes.mx\/index.php\/2023\/09\/20\/atlixco-participara-en-el-foro-de-resiliencia-global-en-dubai-organizado-por-la-onu\/\",\"url\":\"https:\/\/thepueblatimes.mx\/index.php\/2023\/09\/20\/atlixco-participara-en-el-foro-de-resiliencia-global-en-dubai-organizado-por-la-onu\/\",\"name\":\"Atlixco participar\u00e1 en el foro de Resiliencia Global en Dub\u00e1i organizado por la ONU - The Puebla Times\",\"isPartOf\":{\"@id\":\"https:\/\/thepueblatimes.mx\/#website\"},\"datePublished\":\"2023-09-20T23:55:45+00:00\",\"dateModified\":\"2023-09-20T23:55:45+00:00\",\"author\":{\"@id\":\"https:\/\/thepueblatimes.mx\/#\/schema\/person\/c90a455f48a80821b6a99d3d73d1a71f\"},\"breadcrumb\":{\"@id\":\"https:\/\/thepueblatimes.mx\/index.php\/2023\/09\/20\/atlixco-participara-en-el-foro-de-resiliencia-global-en-dubai-organizado-por-la-onu\/#breadcrumb\"},\"inLanguage\":\"es\",\"potentialAction\":[{\"@type\":\"ReadAction\",\"target\":[\"https:\/\/thepueblatimes.mx\/index.php\/2023\/09\/20\/atlixco-participara-en-el-foro-de-resiliencia-global-en-dubai-organizado-por-la-onu\/\"]}]},{\"@type\":\"BreadcrumbList\",\"@id\":\"https:\/\/thepueblatimes.mx\/index.php\/2023\/09\/20\/atlixco-participara-en-el-foro-de-resiliencia-global-en-dubai-organizado-por-la-onu\/#breadcrumb\",\"itemListElement\":[{\"@type\":\"ListItem\",\"position\":1,\"name\":\"Portada\",\"item\":\"https:\/\/thepueblatimes.mx\/\"},{\"@type\":\"ListItem\",\"position\":2,\"name\":\"Atlixco participar\u00e1 en el foro de Resiliencia Global en Dub\u00e1i organizado por la ONU\"}]},{\"@type\":\"WebSite\",\"@id\":\"https:\/\/thepueblatimes.mx\/#website\",\"url\":\"https:\/\/thepueblatimes.mx\/\",\"name\":\"The Puebla Times\",\"description\":\"Noticias del Estado de Puebla\",\"potentialAction\":[{\"@type\":\"SearchAction\",\"target\":{\"@type\":\"EntryPoint\",\"urlTemplate\":\"https:\/\/thepueblatimes.mx\/?s={search_term_string}\"},\"query-input\":\"required name=search_term_string\"}],\"inLanguage\":\"es\"},{\"@type\":\"Person\",\"@id\":\"https:\/\/thepueblatimes.mx\/#\/schema\/person\/c90a455f48a80821b6a99d3d73d1a71f\",\"name\":\"admintpt\",\"image\":{\"@type\":\"ImageObject\",\"inLanguage\":\"es\",\"@id\":\"https:\/\/thepueblatimes.mx\/#\/schema\/person\/image\/\",\"url\":\"https:\/\/secure.gravatar.com\/avatar\/13f0a494cc76bfb992f9768b1d51109d?s=96&d=mm&r=g\",\"contentUrl\":\"https:\/\/secure.gravatar.com\/avatar\/13f0a494cc76bfb992f9768b1d51109d?s=96&d=mm&r=g\",\"caption\":\"admintpt\"},\"url\":\"https:\/\/thepueblatimes.mx\/index.php\/author\/admintpt\/\"}]}<\/script>\n<!-- \/ Yoast SEO plugin. -->","yoast_head_json":{"title":"Atlixco participar\u00e1 en el foro de Resiliencia Global en Dub\u00e1i organizado por la ONU - The Puebla Times","robots":{"index":"index","follow":"follow","max-snippet":"max-snippet:-1","max-image-preview":"max-image-preview:large","max-video-preview":"max-video-preview:-1"},"canonical":"https:\/\/thepueblatimes.mx\/index.php\/2023\/09\/20\/atlixco-participara-en-el-foro-de-resiliencia-global-en-dubai-organizado-por-la-onu\/","og_locale":"es_ES","og_type":"article","og_title":"Atlixco participar\u00e1 en el foro de Resiliencia Global en Dub\u00e1i organizado por la ONU - The Puebla Times","og_description":"\u2022 S\u00f3lo dos ciudades de M\u00e9xico han sido invitados a intercambiar experiencias El Gobierno de Atlixco que preside Ariadna Ayala, es invitado a participar en el Foro Internacional de Resiliencia Urbana: \u201cFortalecimiento de la Resiliencia por un Clima Cambiante\u201d, organizado por la Oficina de las Naciones Unidas para la Reducci\u00f3n de Riesgos de Desastres (UNDRR),...","og_url":"https:\/\/thepueblatimes.mx\/index.php\/2023\/09\/20\/atlixco-participara-en-el-foro-de-resiliencia-global-en-dubai-organizado-por-la-onu\/","og_site_name":"The Puebla Times","article_published_time":"2023-09-20T23:55:45+00:00","og_image":[{"width":1024,"height":574,"url":"https:\/\/thepueblatimes.mx\/wp-content\/uploads\/2023\/09\/WhatsApp-Image-2023-09-20-at-15.55.12.jpeg","type":"image\/jpeg"}],"author":"admintpt","twitter_card":"summary_large_image","twitter_misc":{"Escrito por":"admintpt","Tiempo de lectura":"2 minutos"},"schema":{"@context":"https:\/\/schema.org","@graph":[{"@type":"WebPage","@id":"https:\/\/thepueblatimes.mx\/index.php\/2023\/09\/20\/atlixco-participara-en-el-foro-de-resiliencia-global-en-dubai-organizado-por-la-onu\/","url":"https:\/\/thepueblatimes.mx\/index.php\/2023\/09\/20\/atlixco-participara-en-el-foro-de-resiliencia-global-en-dubai-organizado-por-la-onu\/","name":"Atlixco participar\u00e1 en el foro de Resiliencia Global en Dub\u00e1i organizado por la ONU - The Puebla Times","isPartOf":{"@id":"https:\/\/thepueblatimes.mx\/#website"},"datePublished":"2023-09-20T23:55:45+00:00","dateModified":"2023-09-20T23:55:45+00:00","author":{"@id":"https:\/\/thepueblatimes.mx\/#\/schema\/person\/c90a455f48a80821b6a99d3d73d1a71f"},"breadcrumb":{"@id":"https:\/\/thepueblatimes.mx\/index.php\/2023\/09\/20\/atlixco-participara-en-el-foro-de-resiliencia-global-en-dubai-organizado-por-la-onu\/#breadcrumb"},"inLanguage":"es","potentialAction":[{"@type":"ReadAction","target":["https:\/\/thepueblatimes.mx\/index.php\/2023\/09\/20\/atlixco-participara-en-el-foro-de-resiliencia-global-en-dubai-organizado-por-la-onu\/"]}]},{"@type":"BreadcrumbList","@id":"https:\/\/thepueblatimes.mx\/index.php\/2023\/09\/20\/atlixco-participara-en-el-foro-de-resiliencia-global-en-dubai-organizado-por-la-onu\/#breadcrumb","itemListElement":[{"@type":"ListItem","position":1,"name":"Portada","item":"https:\/\/thepueblatimes.mx\/"},{"@type":"ListItem","position":2,"name":"Atlixco participar\u00e1 en el foro de Resiliencia Global en Dub\u00e1i organizado por la ONU"}]},{"@type":"WebSite","@id":"https:\/\/thepueblatimes.mx\/#website","url":"https:\/\/thepueblatimes.mx\/","name":"The Puebla Times","description":"Noticias del Estado de Puebla","potentialAction":[{"@type":"SearchAction","target":{"@type":"EntryPoint","urlTemplate":"https:\/\/thepueblatimes.mx\/?s={search_term_string}"},"query-input":"required name=search_term_string"}],"inLanguage":"es"},{"@type":"Person","@id":"https:\/\/thepueblatimes.mx\/#\/schema\/person\/c90a455f48a80821b6a99d3d73d1a71f","name":"admintpt","image":{"@type":"ImageObject","inLanguage":"es","@id":"https:\/\/thepueblatimes.mx\/#\/schema\/person\/image\/","url":"https:\/\/secure.gravatar.com\/avatar\/13f0a494cc76bfb992f9768b1d51109d?s=96&d=mm&r=g","contentUrl":"https:\/\/secure.gravatar.com\/avatar\/13f0a494cc76bfb992f9768b1d51109d?s=96&d=mm&r=g","caption":"admintpt"},"url":"https:\/\/thepueblatimes.mx\/index.php\/author\/admintpt\/"}]}},"jetpack_featured_media_url":"https:\/\/thepueblatimes.mx\/wp-content\/uploads\/2023\/09\/WhatsApp-Image-2023-09-20-at-15.55.12.jpeg","_links":{"self":[{"href":"https:\/\/thepueblatimes.mx\/index.php\/wp-json\/wp\/v2\/posts\/19421"}],"collection":[{"href":"https:\/\/thepueblatimes.mx\/index.php\/wp-json\/wp\/v2\/posts"}],"about":[{"href":"https:\/\/thepueblatimes.mx\/index.php\/wp-json\/wp\/v2\/types\/post"}],"author":[{"embeddable":true,"href":"https:\/\/thepueblatimes.mx\/index.php\/wp-json\/wp\/v2\/users\/2"}],"replies":[{"embeddable":true,"href":"https:\/\/thepueblatimes.mx\/index.php\/wp-json\/wp\/v2\/comments?post=19421"}],"version-history":[{"count":1,"href":"https:\/\/thepueblatimes.mx\/index.php\/wp-json\/wp\/v2\/posts\/19421\/revisions"}],"predecessor-version":[{"id":19423,"href":"https:\/\/thepueblatimes.mx\/index.php\/wp-json\/wp\/v2\/posts\/19421\/revisions\/19423"}],"wp:featuredmedia":[{"embeddable":true,"href":"https:\/\/thepueblatimes.mx\/index.php\/wp-json\/wp\/v2\/media\/19422"}],"wp:attachment":[{"href":"https:\/\/thepueblatimes.mx\/index.php\/wp-json\/wp\/v2\/media?parent=19421"}],"wp:term":[{"taxonomy":"category","embeddable":true,"href":"https:\/\/thepueblatimes.mx\/index.php\/wp-json\/wp\/v2\/categories?post=19421"},{"taxonomy":"post_tag","embeddable":true,"href":"https:\/\/thepueblatimes.mx\/index.php\/wp-json\/wp\/v2\/tags?post=19421"}],"curies":[{"name":"wp","href":"https:\/\/api.w.org\/{rel}","templated":true}]}}