{"id":19417,"date":"2023-09-20T17:49:53","date_gmt":"2023-09-20T23:49:53","guid":{"rendered":"https:\/\/thepueblatimes.mx\/?p=19417"},"modified":"2023-09-20T17:50:11","modified_gmt":"2023-09-20T23:50:11","slug":"determinan-en-comision-de-ciencia-y-tecnologia-a-ganadores-de-la-presea-luis-rivera-terrazas","status":"publish","type":"post","link":"https:\/\/thepueblatimes.mx\/index.php\/2023\/09\/20\/determinan-en-comision-de-ciencia-y-tecnologia-a-ganadores-de-la-presea-luis-rivera-terrazas\/","title":{"rendered":"Determinan en Comisi\u00f3n de Ciencia y Tecnolog\u00eda a ganadores de la Presea \u201cLuis Rivera Terrazas\u201d"},"content":{"rendered":"<h3><em>-Tras la convocatoria que emiti\u00f3 el Congreso del Estado y el Concytep se inscribieron 66 participantes, 28 mujeres y 38 hombres<\/em><\/h3>\n<p>&nbsp;<\/p>\n<p>En sesi\u00f3n de la Comisi\u00f3n de Ciencia y Tecnolog\u00eda del Congreso del Estado se aprob\u00f3 el acuerdo mediante el cual se determina a las y los ganadores de la Presea \u201cLuis Rivera Terrazas\u201d 2023; el prop\u00f3sito del galard\u00f3n es estimular el desarrollo cient\u00edfico, tecnol\u00f3gico y human\u00edstico en la entidad, as\u00ed como reconocer la trayectoria de quienes han contribuido a su fortalecimiento.<\/p>\n<p>&nbsp;<\/p>\n<p>Durante la Comisi\u00f3n que presidi\u00f3 la diputada Patricia Valencia \u00c1vila, se dieron a conocer las categor\u00edas, as\u00ed como los nombres de quienes obtuvieron los puntajes m\u00e1s altos entre las y los participantes en la convocatoria que emiti\u00f3 el Congreso en conjunto con el Consejo de Ciencia y Tecnolog\u00eda del Estado de Puebla (Concytep).<\/p>\n<p>&nbsp;<\/p>\n<p>Al hacer uso de la palabra, el director del Concytep, Victoriano Covarrubias Salvatori expuso que en total se inscribieron 66 participantes, 28 mujeres y 38 hombres. Con base en la convocatoria se design\u00f3 a tres evaluadores por \u00e1rea para determinar a los puntajes m\u00e1s altos y con ello a las personas ganadoras.<\/p>\n<p>&nbsp;<\/p>\n<p>La Comisi\u00f3n de Ciencia y Tecnolog\u00eda, en conjunto con el Concytep dio a conocer que las y los ganadores por categor\u00eda son:<\/p>\n<p>En el \u00e1rea de Investigaci\u00f3n en Ciencias B\u00e1sicas y Humanidades:<\/p>\n<p>-F\u00edsico-Matem\u00e1ticas, Ciencias de la Tierra e Ingenier\u00edas: Dra. Itziar M\u00e9ndez Aretxaga.<\/p>\n<p>&nbsp;<\/p>\n<p>-Biolog\u00eda, Qu\u00edmica, Ciencias de la Vida, Biotecnolog\u00eda, Ciencias Agropecuarias, Medicina y Ciencias de la Salud: Dr. Jes\u00fas Sandoval Ram\u00edrez.<\/p>\n<p>&nbsp;<\/p>\n<p>-Ciencias Sociales, Humanidades y Ciencias de la Conducta: Dra. Gloria Arminda Tirado Villegas.<\/p>\n<p>&nbsp;<\/p>\n<p>En el \u00e1rea de Investigaci\u00f3n Aplicada y Desarrollo Tecnol\u00f3gico:<\/p>\n<p>-Innovaci\u00f3n, Dise\u00f1o, Desarrollo Tecnol\u00f3gico, Ingenier\u00edas, Ambiente, Desarrollo Sustentable, Energ\u00edas Renovables, Humanidades, Alimentos y Agroindustria: Dra. Irma Fabiola Dom\u00ednguez Avil\u00e9s.<\/p>\n<p>&nbsp;<\/p>\n<p>En el \u00e1rea de Divulgaci\u00f3n de la Ciencia y la Tecnolog\u00eda:<\/p>\n<p>-Ciencias Exactas, Tecnolog\u00eda, Naturales, Sociales, Arte y Humanidades: Mtro. H\u00e9ctor Alejandro Osorio Romero<\/p>\n<p>&nbsp;<\/p>\n<p>Como parte del acuerdo aprobado, se solicita a la Junta de Gobierno y Coordinaci\u00f3n Pol\u00edtica, y a la presidencia de la Mesa Directiva determinen la fecha y hora para la celebraci\u00f3n de la Ceremonia Solemne, donde se entregar\u00e1 la Presea Estatal de Ciencia y Tecnolog\u00eda \u201cLuis Rivera Terrazas\u201d.<\/p>\n<p>&nbsp;<\/p>\n<p>A la sesi\u00f3n acudieron las diputadas Patricia Valencia \u00c1vila y Norma Reyes Cabrera, as\u00ed como los diputados Carlos Navarro Corro, Roberto Bautista Lozano y Carlos Evangelista Aniceto.<\/p>\n","protected":false},"excerpt":{"rendered":"<p>-Tras la convocatoria que emiti\u00f3 el Congreso del Estado y el Concytep se inscribieron 66 participantes, 28 mujeres y 38 hombres &nbsp; En sesi\u00f3n de la Comisi\u00f3n de Ciencia y Tecnolog\u00eda del Congreso del Estado se aprob\u00f3 el acuerdo mediante el cual se determina a las y los ganadores de la Presea \u201cLuis Rivera Terrazas\u201d&#8230;<\/p>\n","protected":false},"author":2,"featured_media":19418,"comment_status":"closed","ping_status":"closed","sticky":false,"template":"","format":"standard","meta":[],"categories":[3],"tags":[1480,1401,1271,49],"yoast_head":"<!-- This site is optimized with the Yoast SEO plugin v20.8 - https:\/\/yoast.com\/wordpress\/plugins\/seo\/ -->\n<title>Determinan en Comisi\u00f3n de Ciencia y Tecnolog\u00eda a ganadores de la Presea \u201cLuis Rivera Terrazas\u201d - The Puebla Times<\/title>\n<meta name=\"robots\" content=\"index, follow, max-snippet:-1, max-image-preview:large, max-video-preview:-1\" \/>\n<link rel=\"canonical\" href=\"https:\/\/thepueblatimes.mx\/index.php\/2023\/09\/20\/determinan-en-comision-de-ciencia-y-tecnologia-a-ganadores-de-la-presea-luis-rivera-terrazas\/\" \/>\n<meta property=\"og:locale\" content=\"es_ES\" \/>\n<meta property=\"og:type\" content=\"article\" \/>\n<meta property=\"og:title\" content=\"Determinan en Comisi\u00f3n de Ciencia y Tecnolog\u00eda a ganadores de la Presea \u201cLuis Rivera Terrazas\u201d - The Puebla Times\" \/>\n<meta property=\"og:description\" content=\"-Tras la convocatoria que emiti\u00f3 el Congreso del Estado y el Concytep se inscribieron 66 participantes, 28 mujeres y 38 hombres &nbsp; En sesi\u00f3n de la Comisi\u00f3n de Ciencia y Tecnolog\u00eda del Congreso del Estado se aprob\u00f3 el acuerdo mediante el cual se determina a las y los ganadores de la Presea \u201cLuis Rivera Terrazas\u201d...\" \/>\n<meta property=\"og:url\" content=\"https:\/\/thepueblatimes.mx\/index.php\/2023\/09\/20\/determinan-en-comision-de-ciencia-y-tecnologia-a-ganadores-de-la-presea-luis-rivera-terrazas\/\" \/>\n<meta property=\"og:site_name\" content=\"The Puebla Times\" \/>\n<meta property=\"article:published_time\" content=\"2023-09-20T23:49:53+00:00\" \/>\n<meta property=\"article:modified_time\" content=\"2023-09-20T23:50:11+00:00\" \/>\n<meta property=\"og:image\" content=\"https:\/\/thepueblatimes.mx\/wp-content\/uploads\/2023\/09\/WhatsApp-Image-2023-09-20-at-13.59.40.jpeg\" \/>\n\t<meta property=\"og:image:width\" content=\"1600\" \/>\n\t<meta property=\"og:image:height\" content=\"1066\" \/>\n\t<meta property=\"og:image:type\" content=\"image\/jpeg\" \/>\n<meta name=\"author\" content=\"admintpt\" \/>\n<meta name=\"twitter:card\" content=\"summary_large_image\" \/>\n<meta name=\"twitter:label1\" content=\"Escrito por\" \/>\n\t<meta name=\"twitter:data1\" content=\"admintpt\" \/>\n\t<meta name=\"twitter:label2\" content=\"Tiempo de lectura\" \/>\n\t<meta name=\"twitter:data2\" content=\"2 minutos\" \/>\n<script type=\"application\/ld+json\" class=\"yoast-schema-graph\">{\"@context\":\"https:\/\/schema.org\",\"@graph\":[{\"@type\":\"WebPage\",\"@id\":\"https:\/\/thepueblatimes.mx\/index.php\/2023\/09\/20\/determinan-en-comision-de-ciencia-y-tecnologia-a-ganadores-de-la-presea-luis-rivera-terrazas\/\",\"url\":\"https:\/\/thepueblatimes.mx\/index.php\/2023\/09\/20\/determinan-en-comision-de-ciencia-y-tecnologia-a-ganadores-de-la-presea-luis-rivera-terrazas\/\",\"name\":\"Determinan en Comisi\u00f3n de Ciencia y Tecnolog\u00eda a ganadores de la Presea \u201cLuis Rivera Terrazas\u201d - The Puebla Times\",\"isPartOf\":{\"@id\":\"https:\/\/thepueblatimes.mx\/#website\"},\"datePublished\":\"2023-09-20T23:49:53+00:00\",\"dateModified\":\"2023-09-20T23:50:11+00:00\",\"author\":{\"@id\":\"https:\/\/thepueblatimes.mx\/#\/schema\/person\/c90a455f48a80821b6a99d3d73d1a71f\"},\"breadcrumb\":{\"@id\":\"https:\/\/thepueblatimes.mx\/index.php\/2023\/09\/20\/determinan-en-comision-de-ciencia-y-tecnologia-a-ganadores-de-la-presea-luis-rivera-terrazas\/#breadcrumb\"},\"inLanguage\":\"es\",\"potentialAction\":[{\"@type\":\"ReadAction\",\"target\":[\"https:\/\/thepueblatimes.mx\/index.php\/2023\/09\/20\/determinan-en-comision-de-ciencia-y-tecnologia-a-ganadores-de-la-presea-luis-rivera-terrazas\/\"]}]},{\"@type\":\"BreadcrumbList\",\"@id\":\"https:\/\/thepueblatimes.mx\/index.php\/2023\/09\/20\/determinan-en-comision-de-ciencia-y-tecnologia-a-ganadores-de-la-presea-luis-rivera-terrazas\/#breadcrumb\",\"itemListElement\":[{\"@type\":\"ListItem\",\"position\":1,\"name\":\"Portada\",\"item\":\"https:\/\/thepueblatimes.mx\/\"},{\"@type\":\"ListItem\",\"position\":2,\"name\":\"Determinan en Comisi\u00f3n de Ciencia y Tecnolog\u00eda a ganadores de la Presea \u201cLuis Rivera Terrazas\u201d\"}]},{\"@type\":\"WebSite\",\"@id\":\"https:\/\/thepueblatimes.mx\/#website\",\"url\":\"https:\/\/thepueblatimes.mx\/\",\"name\":\"The Puebla Times\",\"description\":\"Noticias del Estado de Puebla\",\"potentialAction\":[{\"@type\":\"SearchAction\",\"target\":{\"@type\":\"EntryPoint\",\"urlTemplate\":\"https:\/\/thepueblatimes.mx\/?s={search_term_string}\"},\"query-input\":\"required name=search_term_string\"}],\"inLanguage\":\"es\"},{\"@type\":\"Person\",\"@id\":\"https:\/\/thepueblatimes.mx\/#\/schema\/person\/c90a455f48a80821b6a99d3d73d1a71f\",\"name\":\"admintpt\",\"image\":{\"@type\":\"ImageObject\",\"inLanguage\":\"es\",\"@id\":\"https:\/\/thepueblatimes.mx\/#\/schema\/person\/image\/\",\"url\":\"https:\/\/secure.gravatar.com\/avatar\/13f0a494cc76bfb992f9768b1d51109d?s=96&d=mm&r=g\",\"contentUrl\":\"https:\/\/secure.gravatar.com\/avatar\/13f0a494cc76bfb992f9768b1d51109d?s=96&d=mm&r=g\",\"caption\":\"admintpt\"},\"url\":\"https:\/\/thepueblatimes.mx\/index.php\/author\/admintpt\/\"}]}<\/script>\n<!-- \/ Yoast SEO plugin. -->","yoast_head_json":{"title":"Determinan en Comisi\u00f3n de Ciencia y Tecnolog\u00eda a ganadores de la Presea \u201cLuis Rivera Terrazas\u201d - The Puebla Times","robots":{"index":"index","follow":"follow","max-snippet":"max-snippet:-1","max-image-preview":"max-image-preview:large","max-video-preview":"max-video-preview:-1"},"canonical":"https:\/\/thepueblatimes.mx\/index.php\/2023\/09\/20\/determinan-en-comision-de-ciencia-y-tecnologia-a-ganadores-de-la-presea-luis-rivera-terrazas\/","og_locale":"es_ES","og_type":"article","og_title":"Determinan en Comisi\u00f3n de Ciencia y Tecnolog\u00eda a ganadores de la Presea \u201cLuis Rivera Terrazas\u201d - The Puebla Times","og_description":"-Tras la convocatoria que emiti\u00f3 el Congreso del Estado y el Concytep se inscribieron 66 participantes, 28 mujeres y 38 hombres &nbsp; En sesi\u00f3n de la Comisi\u00f3n de Ciencia y Tecnolog\u00eda del Congreso del Estado se aprob\u00f3 el acuerdo mediante el cual se determina a las y los ganadores de la Presea \u201cLuis Rivera Terrazas\u201d...","og_url":"https:\/\/thepueblatimes.mx\/index.php\/2023\/09\/20\/determinan-en-comision-de-ciencia-y-tecnologia-a-ganadores-de-la-presea-luis-rivera-terrazas\/","og_site_name":"The Puebla Times","article_published_time":"2023-09-20T23:49:53+00:00","article_modified_time":"2023-09-20T23:50:11+00:00","og_image":[{"width":1600,"height":1066,"url":"https:\/\/thepueblatimes.mx\/wp-content\/uploads\/2023\/09\/WhatsApp-Image-2023-09-20-at-13.59.40.jpeg","type":"image\/jpeg"}],"author":"admintpt","twitter_card":"summary_large_image","twitter_misc":{"Escrito por":"admintpt","Tiempo de lectura":"2 minutos"},"schema":{"@context":"https:\/\/schema.org","@graph":[{"@type":"WebPage","@id":"https:\/\/thepueblatimes.mx\/index.php\/2023\/09\/20\/determinan-en-comision-de-ciencia-y-tecnologia-a-ganadores-de-la-presea-luis-rivera-terrazas\/","url":"https:\/\/thepueblatimes.mx\/index.php\/2023\/09\/20\/determinan-en-comision-de-ciencia-y-tecnologia-a-ganadores-de-la-presea-luis-rivera-terrazas\/","name":"Determinan en Comisi\u00f3n de Ciencia y Tecnolog\u00eda a ganadores de la Presea \u201cLuis Rivera Terrazas\u201d - The Puebla Times","isPartOf":{"@id":"https:\/\/thepueblatimes.mx\/#website"},"datePublished":"2023-09-20T23:49:53+00:00","dateModified":"2023-09-20T23:50:11+00:00","author":{"@id":"https:\/\/thepueblatimes.mx\/#\/schema\/person\/c90a455f48a80821b6a99d3d73d1a71f"},"breadcrumb":{"@id":"https:\/\/thepueblatimes.mx\/index.php\/2023\/09\/20\/determinan-en-comision-de-ciencia-y-tecnologia-a-ganadores-de-la-presea-luis-rivera-terrazas\/#breadcrumb"},"inLanguage":"es","potentialAction":[{"@type":"ReadAction","target":["https:\/\/thepueblatimes.mx\/index.php\/2023\/09\/20\/determinan-en-comision-de-ciencia-y-tecnologia-a-ganadores-de-la-presea-luis-rivera-terrazas\/"]}]},{"@type":"BreadcrumbList","@id":"https:\/\/thepueblatimes.mx\/index.php\/2023\/09\/20\/determinan-en-comision-de-ciencia-y-tecnologia-a-ganadores-de-la-presea-luis-rivera-terrazas\/#breadcrumb","itemListElement":[{"@type":"ListItem","position":1,"name":"Portada","item":"https:\/\/thepueblatimes.mx\/"},{"@type":"ListItem","position":2,"name":"Determinan en Comisi\u00f3n de Ciencia y Tecnolog\u00eda a ganadores de la Presea \u201cLuis Rivera Terrazas\u201d"}]},{"@type":"WebSite","@id":"https:\/\/thepueblatimes.mx\/#website","url":"https:\/\/thepueblatimes.mx\/","name":"The Puebla Times","description":"Noticias del Estado de Puebla","potentialAction":[{"@type":"SearchAction","target":{"@type":"EntryPoint","urlTemplate":"https:\/\/thepueblatimes.mx\/?s={search_term_string}"},"query-input":"required name=search_term_string"}],"inLanguage":"es"},{"@type":"Person","@id":"https:\/\/thepueblatimes.mx\/#\/schema\/person\/c90a455f48a80821b6a99d3d73d1a71f","name":"admintpt","image":{"@type":"ImageObject","inLanguage":"es","@id":"https:\/\/thepueblatimes.mx\/#\/schema\/person\/image\/","url":"https:\/\/secure.gravatar.com\/avatar\/13f0a494cc76bfb992f9768b1d51109d?s=96&d=mm&r=g","contentUrl":"https:\/\/secure.gravatar.com\/avatar\/13f0a494cc76bfb992f9768b1d51109d?s=96&d=mm&r=g","caption":"admintpt"},"url":"https:\/\/thepueblatimes.mx\/index.php\/author\/admintpt\/"}]}},"jetpack_featured_media_url":"https:\/\/thepueblatimes.mx\/wp-content\/uploads\/2023\/09\/WhatsApp-Image-2023-09-20-at-13.59.40.jpeg","_links":{"self":[{"href":"https:\/\/thepueblatimes.mx\/index.php\/wp-json\/wp\/v2\/posts\/19417"}],"collection":[{"href":"https:\/\/thepueblatimes.mx\/index.php\/wp-json\/wp\/v2\/posts"}],"about":[{"href":"https:\/\/thepueblatimes.mx\/index.php\/wp-json\/wp\/v2\/types\/post"}],"author":[{"embeddable":true,"href":"https:\/\/thepueblatimes.mx\/index.php\/wp-json\/wp\/v2\/users\/2"}],"replies":[{"embeddable":true,"href":"https:\/\/thepueblatimes.mx\/index.php\/wp-json\/wp\/v2\/comments?post=19417"}],"version-history":[{"count":2,"href":"https:\/\/thepueblatimes.mx\/index.php\/wp-json\/wp\/v2\/posts\/19417\/revisions"}],"predecessor-version":[{"id":19420,"href":"https:\/\/thepueblatimes.mx\/index.php\/wp-json\/wp\/v2\/posts\/19417\/revisions\/19420"}],"wp:featuredmedia":[{"embeddable":true,"href":"https:\/\/thepueblatimes.mx\/index.php\/wp-json\/wp\/v2\/media\/19418"}],"wp:attachment":[{"href":"https:\/\/thepueblatimes.mx\/index.php\/wp-json\/wp\/v2\/media?parent=19417"}],"wp:term":[{"taxonomy":"category","embeddable":true,"href":"https:\/\/thepueblatimes.mx\/index.php\/wp-json\/wp\/v2\/categories?post=19417"},{"taxonomy":"post_tag","embeddable":true,"href":"https:\/\/thepueblatimes.mx\/index.php\/wp-json\/wp\/v2\/tags?post=19417"}],"curies":[{"name":"wp","href":"https:\/\/api.w.org\/{rel}","templated":true}]}}