{"id":19414,"date":"2023-09-20T17:39:04","date_gmt":"2023-09-20T23:39:04","guid":{"rendered":"https:\/\/thepueblatimes.mx\/?p=19414"},"modified":"2023-09-20T17:39:04","modified_gmt":"2023-09-20T23:39:04","slug":"supera-ayuntamiento-de-puebla-meta-de-impulso-a-la-vivienda","status":"publish","type":"post","link":"https:\/\/thepueblatimes.mx\/index.php\/2023\/09\/20\/supera-ayuntamiento-de-puebla-meta-de-impulso-a-la-vivienda\/","title":{"rendered":"Supera Ayuntamiento de Puebla meta de Impulso a la Vivienda"},"content":{"rendered":"<h3><em>\u2013 Con cuatro mil 647 viviendas se supera la meta de cuatro mil 107 acordada entre el Gobierno Municipal y CANADEVI; todas con licencias de construcci\u00f3n y en proceso de obra.<\/em><\/h3>\n<p>En Puebla capital, el crecimiento habitacional va por buen rumbo para que las familias que m\u00e1s lo necesitan tengan acceso a vivienda social, por ello se coloc\u00f3 la primera piedra del \u2018Desarrollo Benevento\u2019, donde se construir\u00e1n mil 320 casas en San Bartolo Coatepec.<\/p>\n<p>Esto, traer\u00e1 una inversi\u00f3n privada de 897 millones de pesos a la ciudad y es resultado del convenio que sostuvo el Ayuntamiento de Puebla -presidido por Eduardo Rivera P\u00e9rez- con CANADEVI, lo que permite que la ciudadan\u00eda tenga la oportunidad de adquirir vivienda popular promedio de 689 mil pesos.<\/p>\n<p>Fue un compromiso de la administraci\u00f3n de Eduardo Rivera el construir cuatro mil 107 hogares, \u201cy no s\u00f3lo hemos cumplido la meta, sino que la hemos superado antes de que se cumplan los dos a\u00f1os de mi gobierno\u201d, resalt\u00f3 el Alcalde, luego de revelar que Puebla contar\u00e1 con un desarrollo habitacional de m\u00e1s de siete mil casas nuevas, pues continuar\u00e1 el impulso de esta pol\u00edtica de vivienda social, ya que hay varias en tr\u00e1mite.<\/p>\n<p>Es as\u00ed como la colocaci\u00f3n de la primera piedra del \u2018Desarrollo Benevento\u2019 tambi\u00e9n estuvo encabezada por Jes\u00fas Sandoval, Director General de Grupo RUBA -empresa encargada de este conjunto habitacional-; Felipe Mojarro, Asesor de Vivienda del Ayuntamiento de Puebla; Ariosto Goytort\u00faa, Presidente de CANADEVI Puebla; y Felipe Vel\u00e1zquez, Secretario de Gesti\u00f3n y Desarrollo Urbano.<\/p>\n<p>Asimismo, particip\u00f3 Ricardo Grau, Regidor Presidente de la Comisi\u00f3n de Juventud y Deporte; Patricia D\u00edaz, de Grupo Advance; Gilberto M\u00e9ndez, de Nova Ceramic; Eduardo Murillo, de Grupo Sadasi; y Jos\u00e9 Rosas C\u00e1rcamo, Jefe de la Polic\u00eda Zona 8.<\/p>\n","protected":false},"excerpt":{"rendered":"<p>\u2013 Con cuatro mil 647 viviendas se supera la meta de cuatro mil 107 acordada entre el Gobierno Municipal y CANADEVI; todas con licencias de construcci\u00f3n y en proceso de obra. En Puebla capital, el crecimiento habitacional va por buen rumbo para que las familias que m\u00e1s lo necesitan tengan acceso a vivienda social, por&#8230;<\/p>\n","protected":false},"author":2,"featured_media":19415,"comment_status":"closed","ping_status":"closed","sticky":false,"template":"","format":"standard","meta":[],"categories":[20],"tags":[1287,605,1280,1301],"yoast_head":"<!-- This site is optimized with the Yoast SEO plugin v20.8 - https:\/\/yoast.com\/wordpress\/plugins\/seo\/ -->\n<title>Supera Ayuntamiento de Puebla meta de Impulso a la Vivienda - The Puebla Times<\/title>\n<meta name=\"robots\" content=\"index, follow, max-snippet:-1, max-image-preview:large, max-video-preview:-1\" \/>\n<link rel=\"canonical\" href=\"https:\/\/thepueblatimes.mx\/index.php\/2023\/09\/20\/supera-ayuntamiento-de-puebla-meta-de-impulso-a-la-vivienda\/\" \/>\n<meta property=\"og:locale\" content=\"es_ES\" \/>\n<meta property=\"og:type\" content=\"article\" \/>\n<meta property=\"og:title\" content=\"Supera Ayuntamiento de Puebla meta de Impulso a la Vivienda - The Puebla Times\" \/>\n<meta property=\"og:description\" content=\"\u2013 Con cuatro mil 647 viviendas se supera la meta de cuatro mil 107 acordada entre el Gobierno Municipal y CANADEVI; todas con licencias de construcci\u00f3n y en proceso de obra. En Puebla capital, el crecimiento habitacional va por buen rumbo para que las familias que m\u00e1s lo necesitan tengan acceso a vivienda social, por...\" \/>\n<meta property=\"og:url\" content=\"https:\/\/thepueblatimes.mx\/index.php\/2023\/09\/20\/supera-ayuntamiento-de-puebla-meta-de-impulso-a-la-vivienda\/\" \/>\n<meta property=\"og:site_name\" content=\"The Puebla Times\" \/>\n<meta property=\"article:published_time\" content=\"2023-09-20T23:39:04+00:00\" \/>\n<meta property=\"og:image\" content=\"https:\/\/thepueblatimes.mx\/wp-content\/uploads\/2023\/09\/WhatsApp-Image-2023-09-20-at-10.48.44.jpeg\" \/>\n\t<meta property=\"og:image:width\" content=\"1280\" \/>\n\t<meta property=\"og:image:height\" content=\"853\" \/>\n\t<meta property=\"og:image:type\" content=\"image\/jpeg\" \/>\n<meta name=\"author\" content=\"admintpt\" \/>\n<meta name=\"twitter:card\" content=\"summary_large_image\" \/>\n<meta name=\"twitter:label1\" content=\"Escrito por\" \/>\n\t<meta name=\"twitter:data1\" content=\"admintpt\" \/>\n\t<meta name=\"twitter:label2\" content=\"Tiempo de lectura\" \/>\n\t<meta name=\"twitter:data2\" content=\"2 minutos\" \/>\n<script type=\"application\/ld+json\" class=\"yoast-schema-graph\">{\"@context\":\"https:\/\/schema.org\",\"@graph\":[{\"@type\":\"WebPage\",\"@id\":\"https:\/\/thepueblatimes.mx\/index.php\/2023\/09\/20\/supera-ayuntamiento-de-puebla-meta-de-impulso-a-la-vivienda\/\",\"url\":\"https:\/\/thepueblatimes.mx\/index.php\/2023\/09\/20\/supera-ayuntamiento-de-puebla-meta-de-impulso-a-la-vivienda\/\",\"name\":\"Supera Ayuntamiento de Puebla meta de Impulso a la Vivienda - The Puebla Times\",\"isPartOf\":{\"@id\":\"https:\/\/thepueblatimes.mx\/#website\"},\"datePublished\":\"2023-09-20T23:39:04+00:00\",\"dateModified\":\"2023-09-20T23:39:04+00:00\",\"author\":{\"@id\":\"https:\/\/thepueblatimes.mx\/#\/schema\/person\/c90a455f48a80821b6a99d3d73d1a71f\"},\"breadcrumb\":{\"@id\":\"https:\/\/thepueblatimes.mx\/index.php\/2023\/09\/20\/supera-ayuntamiento-de-puebla-meta-de-impulso-a-la-vivienda\/#breadcrumb\"},\"inLanguage\":\"es\",\"potentialAction\":[{\"@type\":\"ReadAction\",\"target\":[\"https:\/\/thepueblatimes.mx\/index.php\/2023\/09\/20\/supera-ayuntamiento-de-puebla-meta-de-impulso-a-la-vivienda\/\"]}]},{\"@type\":\"BreadcrumbList\",\"@id\":\"https:\/\/thepueblatimes.mx\/index.php\/2023\/09\/20\/supera-ayuntamiento-de-puebla-meta-de-impulso-a-la-vivienda\/#breadcrumb\",\"itemListElement\":[{\"@type\":\"ListItem\",\"position\":1,\"name\":\"Portada\",\"item\":\"https:\/\/thepueblatimes.mx\/\"},{\"@type\":\"ListItem\",\"position\":2,\"name\":\"Supera Ayuntamiento de Puebla meta de Impulso a la Vivienda\"}]},{\"@type\":\"WebSite\",\"@id\":\"https:\/\/thepueblatimes.mx\/#website\",\"url\":\"https:\/\/thepueblatimes.mx\/\",\"name\":\"The Puebla Times\",\"description\":\"Noticias del Estado de Puebla\",\"potentialAction\":[{\"@type\":\"SearchAction\",\"target\":{\"@type\":\"EntryPoint\",\"urlTemplate\":\"https:\/\/thepueblatimes.mx\/?s={search_term_string}\"},\"query-input\":\"required name=search_term_string\"}],\"inLanguage\":\"es\"},{\"@type\":\"Person\",\"@id\":\"https:\/\/thepueblatimes.mx\/#\/schema\/person\/c90a455f48a80821b6a99d3d73d1a71f\",\"name\":\"admintpt\",\"image\":{\"@type\":\"ImageObject\",\"inLanguage\":\"es\",\"@id\":\"https:\/\/thepueblatimes.mx\/#\/schema\/person\/image\/\",\"url\":\"https:\/\/secure.gravatar.com\/avatar\/13f0a494cc76bfb992f9768b1d51109d?s=96&d=mm&r=g\",\"contentUrl\":\"https:\/\/secure.gravatar.com\/avatar\/13f0a494cc76bfb992f9768b1d51109d?s=96&d=mm&r=g\",\"caption\":\"admintpt\"},\"url\":\"https:\/\/thepueblatimes.mx\/index.php\/author\/admintpt\/\"}]}<\/script>\n<!-- \/ Yoast SEO plugin. -->","yoast_head_json":{"title":"Supera Ayuntamiento de Puebla meta de Impulso a la Vivienda - The Puebla Times","robots":{"index":"index","follow":"follow","max-snippet":"max-snippet:-1","max-image-preview":"max-image-preview:large","max-video-preview":"max-video-preview:-1"},"canonical":"https:\/\/thepueblatimes.mx\/index.php\/2023\/09\/20\/supera-ayuntamiento-de-puebla-meta-de-impulso-a-la-vivienda\/","og_locale":"es_ES","og_type":"article","og_title":"Supera Ayuntamiento de Puebla meta de Impulso a la Vivienda - The Puebla Times","og_description":"\u2013 Con cuatro mil 647 viviendas se supera la meta de cuatro mil 107 acordada entre el Gobierno Municipal y CANADEVI; todas con licencias de construcci\u00f3n y en proceso de obra. En Puebla capital, el crecimiento habitacional va por buen rumbo para que las familias que m\u00e1s lo necesitan tengan acceso a vivienda social, por...","og_url":"https:\/\/thepueblatimes.mx\/index.php\/2023\/09\/20\/supera-ayuntamiento-de-puebla-meta-de-impulso-a-la-vivienda\/","og_site_name":"The Puebla Times","article_published_time":"2023-09-20T23:39:04+00:00","og_image":[{"width":1280,"height":853,"url":"https:\/\/thepueblatimes.mx\/wp-content\/uploads\/2023\/09\/WhatsApp-Image-2023-09-20-at-10.48.44.jpeg","type":"image\/jpeg"}],"author":"admintpt","twitter_card":"summary_large_image","twitter_misc":{"Escrito por":"admintpt","Tiempo de lectura":"2 minutos"},"schema":{"@context":"https:\/\/schema.org","@graph":[{"@type":"WebPage","@id":"https:\/\/thepueblatimes.mx\/index.php\/2023\/09\/20\/supera-ayuntamiento-de-puebla-meta-de-impulso-a-la-vivienda\/","url":"https:\/\/thepueblatimes.mx\/index.php\/2023\/09\/20\/supera-ayuntamiento-de-puebla-meta-de-impulso-a-la-vivienda\/","name":"Supera Ayuntamiento de Puebla meta de Impulso a la Vivienda - The Puebla Times","isPartOf":{"@id":"https:\/\/thepueblatimes.mx\/#website"},"datePublished":"2023-09-20T23:39:04+00:00","dateModified":"2023-09-20T23:39:04+00:00","author":{"@id":"https:\/\/thepueblatimes.mx\/#\/schema\/person\/c90a455f48a80821b6a99d3d73d1a71f"},"breadcrumb":{"@id":"https:\/\/thepueblatimes.mx\/index.php\/2023\/09\/20\/supera-ayuntamiento-de-puebla-meta-de-impulso-a-la-vivienda\/#breadcrumb"},"inLanguage":"es","potentialAction":[{"@type":"ReadAction","target":["https:\/\/thepueblatimes.mx\/index.php\/2023\/09\/20\/supera-ayuntamiento-de-puebla-meta-de-impulso-a-la-vivienda\/"]}]},{"@type":"BreadcrumbList","@id":"https:\/\/thepueblatimes.mx\/index.php\/2023\/09\/20\/supera-ayuntamiento-de-puebla-meta-de-impulso-a-la-vivienda\/#breadcrumb","itemListElement":[{"@type":"ListItem","position":1,"name":"Portada","item":"https:\/\/thepueblatimes.mx\/"},{"@type":"ListItem","position":2,"name":"Supera Ayuntamiento de Puebla meta de Impulso a la Vivienda"}]},{"@type":"WebSite","@id":"https:\/\/thepueblatimes.mx\/#website","url":"https:\/\/thepueblatimes.mx\/","name":"The Puebla Times","description":"Noticias del Estado de Puebla","potentialAction":[{"@type":"SearchAction","target":{"@type":"EntryPoint","urlTemplate":"https:\/\/thepueblatimes.mx\/?s={search_term_string}"},"query-input":"required name=search_term_string"}],"inLanguage":"es"},{"@type":"Person","@id":"https:\/\/thepueblatimes.mx\/#\/schema\/person\/c90a455f48a80821b6a99d3d73d1a71f","name":"admintpt","image":{"@type":"ImageObject","inLanguage":"es","@id":"https:\/\/thepueblatimes.mx\/#\/schema\/person\/image\/","url":"https:\/\/secure.gravatar.com\/avatar\/13f0a494cc76bfb992f9768b1d51109d?s=96&d=mm&r=g","contentUrl":"https:\/\/secure.gravatar.com\/avatar\/13f0a494cc76bfb992f9768b1d51109d?s=96&d=mm&r=g","caption":"admintpt"},"url":"https:\/\/thepueblatimes.mx\/index.php\/author\/admintpt\/"}]}},"jetpack_featured_media_url":"https:\/\/thepueblatimes.mx\/wp-content\/uploads\/2023\/09\/WhatsApp-Image-2023-09-20-at-10.48.44.jpeg","_links":{"self":[{"href":"https:\/\/thepueblatimes.mx\/index.php\/wp-json\/wp\/v2\/posts\/19414"}],"collection":[{"href":"https:\/\/thepueblatimes.mx\/index.php\/wp-json\/wp\/v2\/posts"}],"about":[{"href":"https:\/\/thepueblatimes.mx\/index.php\/wp-json\/wp\/v2\/types\/post"}],"author":[{"embeddable":true,"href":"https:\/\/thepueblatimes.mx\/index.php\/wp-json\/wp\/v2\/users\/2"}],"replies":[{"embeddable":true,"href":"https:\/\/thepueblatimes.mx\/index.php\/wp-json\/wp\/v2\/comments?post=19414"}],"version-history":[{"count":1,"href":"https:\/\/thepueblatimes.mx\/index.php\/wp-json\/wp\/v2\/posts\/19414\/revisions"}],"predecessor-version":[{"id":19416,"href":"https:\/\/thepueblatimes.mx\/index.php\/wp-json\/wp\/v2\/posts\/19414\/revisions\/19416"}],"wp:featuredmedia":[{"embeddable":true,"href":"https:\/\/thepueblatimes.mx\/index.php\/wp-json\/wp\/v2\/media\/19415"}],"wp:attachment":[{"href":"https:\/\/thepueblatimes.mx\/index.php\/wp-json\/wp\/v2\/media?parent=19414"}],"wp:term":[{"taxonomy":"category","embeddable":true,"href":"https:\/\/thepueblatimes.mx\/index.php\/wp-json\/wp\/v2\/categories?post=19414"},{"taxonomy":"post_tag","embeddable":true,"href":"https:\/\/thepueblatimes.mx\/index.php\/wp-json\/wp\/v2\/tags?post=19414"}],"curies":[{"name":"wp","href":"https:\/\/api.w.org\/{rel}","templated":true}]}}