{"id":19411,"date":"2023-09-18T18:48:31","date_gmt":"2023-09-19T00:48:31","guid":{"rendered":"https:\/\/thepueblatimes.mx\/?p=19411"},"modified":"2023-09-18T18:48:31","modified_gmt":"2023-09-19T00:48:31","slug":"realizan-en-el-congreso-del-estado-encuentro-alianzas-entre-mujeres-empresarias","status":"publish","type":"post","link":"https:\/\/thepueblatimes.mx\/index.php\/2023\/09\/18\/realizan-en-el-congreso-del-estado-encuentro-alianzas-entre-mujeres-empresarias\/","title":{"rendered":"Realizan en el Congreso del Estado encuentro \u00abAlianzas Entre Mujeres Empresarias\u201d"},"content":{"rendered":"<h3><em>-En el evento se analizaron los factores para lograr piso parejo para las mujeres en los espacios empresariales y laborales<\/em><\/h3>\n<p>&nbsp;<\/p>\n<p>Durante el encuentro \u00abAlianzas Entre Mujeres Empresarias, piso parejo para las mujeres empresarias en todos nuestros espacios\u00bb, que se llev\u00f3 a cabo en la sede principal del Congreso del Estado, la diputada M\u00f3nica Silva Ruiz se\u00f1al\u00f3 que m\u00e1s all\u00e1 de luchar por la igualdad salarial, empresarial y acad\u00e9mica de las mujeres es fundamental trabajar en su empoderamiento, a trav\u00e9s dos vertientes fundamentales, que son:\u00a0 la autoestima y el conocimiento de los derechos humanos.<\/p>\n<p>&nbsp;<\/p>\n<p>La invitaci\u00f3n es que las mujeres conozcan sus derechos y tambi\u00e9n sepan que lo importante, y el \u00fanico y verdadero amor, es el amor propio, pues es lo que el d\u00eda de ma\u00f1ana permitir\u00e1 alcanzar cualquier cosa que se propongan, sin romantizarlas, al trabajar en estos factores habr\u00e1 condiciones de empoderamiento, refiri\u00f3 la diputada.<\/p>\n<p>&nbsp;<\/p>\n<p>En este sentido la presidenta del Consejo Nacional de Mujeres Empresarias (CONMUJER), Emilia Vidal pugn\u00f3 por conseguir piso parejo para las mujeres empresarias, visibilizando y evitando la divisi\u00f3n de trabajo y las actividades laborales extra dom\u00e9sticas, que se convierten en un obst\u00e1culo que no permite avanzar en este tema.<\/p>\n<p>&nbsp;<\/p>\n<p>Por su parte, la integrante de CONMUJER, Margarita Palomino reconoci\u00f3 el trabajo de la LXI Legislatura del Congreso del Estado a favor de las mujeres, al aprobar acuerdos importantes, como son las llamadas: Ley Vicaria,\u00a0 Ley 3 de 3, Ley Monz\u00f3n y la Ley \u00c1cida, entre otros ordenamientos legales.<\/p>\n<p>&nbsp;<\/p>\n<p>En este encuentro particip\u00f3 la diputada M\u00f3nica Silva Ruiz, la presidenta del Consejo Nacional de Mujeres Empresarias, Emilia Vidal; las integrantes de CONMUJER, Anabel Le\u00f3n y Margarita Palomino, as\u00ed como la presidenta de Turismo del Consejo Nacional de Mujeres Empresarias, Lourdes Muci\u00f1o.<\/p>\n","protected":false},"excerpt":{"rendered":"<p>-En el evento se analizaron los factores para lograr piso parejo para las mujeres en los espacios empresariales y laborales &nbsp; Durante el encuentro \u00abAlianzas Entre Mujeres Empresarias, piso parejo para las mujeres empresarias en todos nuestros espacios\u00bb, que se llev\u00f3 a cabo en la sede principal del Congreso del Estado, la diputada M\u00f3nica Silva&#8230;<\/p>\n","protected":false},"author":2,"featured_media":19412,"comment_status":"closed","ping_status":"closed","sticky":false,"template":"","format":"standard","meta":[],"categories":[3],"tags":[1480,1401,1271,1383],"yoast_head":"<!-- This site is optimized with the Yoast SEO plugin v20.8 - https:\/\/yoast.com\/wordpress\/plugins\/seo\/ -->\n<title>Realizan en el Congreso del Estado encuentro &quot;Alianzas Entre Mujeres Empresarias\u201d - The Puebla Times<\/title>\n<meta name=\"robots\" content=\"index, follow, max-snippet:-1, max-image-preview:large, max-video-preview:-1\" \/>\n<link rel=\"canonical\" href=\"https:\/\/thepueblatimes.mx\/index.php\/2023\/09\/18\/realizan-en-el-congreso-del-estado-encuentro-alianzas-entre-mujeres-empresarias\/\" \/>\n<meta property=\"og:locale\" content=\"es_ES\" \/>\n<meta property=\"og:type\" content=\"article\" \/>\n<meta property=\"og:title\" content=\"Realizan en el Congreso del Estado encuentro &quot;Alianzas Entre Mujeres Empresarias\u201d - The Puebla Times\" \/>\n<meta property=\"og:description\" content=\"-En el evento se analizaron los factores para lograr piso parejo para las mujeres en los espacios empresariales y laborales &nbsp; Durante el encuentro \u00abAlianzas Entre Mujeres Empresarias, piso parejo para las mujeres empresarias en todos nuestros espacios\u00bb, que se llev\u00f3 a cabo en la sede principal del Congreso del Estado, la diputada M\u00f3nica Silva...\" \/>\n<meta property=\"og:url\" content=\"https:\/\/thepueblatimes.mx\/index.php\/2023\/09\/18\/realizan-en-el-congreso-del-estado-encuentro-alianzas-entre-mujeres-empresarias\/\" \/>\n<meta property=\"og:site_name\" content=\"The Puebla Times\" \/>\n<meta property=\"article:published_time\" content=\"2023-09-19T00:48:31+00:00\" \/>\n<meta property=\"og:image\" content=\"https:\/\/thepueblatimes.mx\/wp-content\/uploads\/2023\/09\/WhatsApp-Image-2023-09-18-at-17.14.05.jpeg\" \/>\n\t<meta property=\"og:image:width\" content=\"1600\" \/>\n\t<meta property=\"og:image:height\" content=\"1197\" \/>\n\t<meta property=\"og:image:type\" content=\"image\/jpeg\" \/>\n<meta name=\"author\" content=\"admintpt\" \/>\n<meta name=\"twitter:card\" content=\"summary_large_image\" \/>\n<meta name=\"twitter:label1\" content=\"Escrito por\" \/>\n\t<meta name=\"twitter:data1\" content=\"admintpt\" \/>\n\t<meta name=\"twitter:label2\" content=\"Tiempo de lectura\" \/>\n\t<meta name=\"twitter:data2\" content=\"2 minutos\" \/>\n<script type=\"application\/ld+json\" class=\"yoast-schema-graph\">{\"@context\":\"https:\/\/schema.org\",\"@graph\":[{\"@type\":\"WebPage\",\"@id\":\"https:\/\/thepueblatimes.mx\/index.php\/2023\/09\/18\/realizan-en-el-congreso-del-estado-encuentro-alianzas-entre-mujeres-empresarias\/\",\"url\":\"https:\/\/thepueblatimes.mx\/index.php\/2023\/09\/18\/realizan-en-el-congreso-del-estado-encuentro-alianzas-entre-mujeres-empresarias\/\",\"name\":\"Realizan en el Congreso del Estado encuentro \\\"Alianzas Entre Mujeres Empresarias\u201d - The Puebla Times\",\"isPartOf\":{\"@id\":\"https:\/\/thepueblatimes.mx\/#website\"},\"datePublished\":\"2023-09-19T00:48:31+00:00\",\"dateModified\":\"2023-09-19T00:48:31+00:00\",\"author\":{\"@id\":\"https:\/\/thepueblatimes.mx\/#\/schema\/person\/c90a455f48a80821b6a99d3d73d1a71f\"},\"breadcrumb\":{\"@id\":\"https:\/\/thepueblatimes.mx\/index.php\/2023\/09\/18\/realizan-en-el-congreso-del-estado-encuentro-alianzas-entre-mujeres-empresarias\/#breadcrumb\"},\"inLanguage\":\"es\",\"potentialAction\":[{\"@type\":\"ReadAction\",\"target\":[\"https:\/\/thepueblatimes.mx\/index.php\/2023\/09\/18\/realizan-en-el-congreso-del-estado-encuentro-alianzas-entre-mujeres-empresarias\/\"]}]},{\"@type\":\"BreadcrumbList\",\"@id\":\"https:\/\/thepueblatimes.mx\/index.php\/2023\/09\/18\/realizan-en-el-congreso-del-estado-encuentro-alianzas-entre-mujeres-empresarias\/#breadcrumb\",\"itemListElement\":[{\"@type\":\"ListItem\",\"position\":1,\"name\":\"Portada\",\"item\":\"https:\/\/thepueblatimes.mx\/\"},{\"@type\":\"ListItem\",\"position\":2,\"name\":\"Realizan en el Congreso del Estado encuentro \u00abAlianzas Entre Mujeres Empresarias\u201d\"}]},{\"@type\":\"WebSite\",\"@id\":\"https:\/\/thepueblatimes.mx\/#website\",\"url\":\"https:\/\/thepueblatimes.mx\/\",\"name\":\"The Puebla Times\",\"description\":\"Noticias del Estado de Puebla\",\"potentialAction\":[{\"@type\":\"SearchAction\",\"target\":{\"@type\":\"EntryPoint\",\"urlTemplate\":\"https:\/\/thepueblatimes.mx\/?s={search_term_string}\"},\"query-input\":\"required name=search_term_string\"}],\"inLanguage\":\"es\"},{\"@type\":\"Person\",\"@id\":\"https:\/\/thepueblatimes.mx\/#\/schema\/person\/c90a455f48a80821b6a99d3d73d1a71f\",\"name\":\"admintpt\",\"image\":{\"@type\":\"ImageObject\",\"inLanguage\":\"es\",\"@id\":\"https:\/\/thepueblatimes.mx\/#\/schema\/person\/image\/\",\"url\":\"https:\/\/secure.gravatar.com\/avatar\/13f0a494cc76bfb992f9768b1d51109d?s=96&d=mm&r=g\",\"contentUrl\":\"https:\/\/secure.gravatar.com\/avatar\/13f0a494cc76bfb992f9768b1d51109d?s=96&d=mm&r=g\",\"caption\":\"admintpt\"},\"url\":\"https:\/\/thepueblatimes.mx\/index.php\/author\/admintpt\/\"}]}<\/script>\n<!-- \/ Yoast SEO plugin. -->","yoast_head_json":{"title":"Realizan en el Congreso del Estado encuentro \"Alianzas Entre Mujeres Empresarias\u201d - The Puebla Times","robots":{"index":"index","follow":"follow","max-snippet":"max-snippet:-1","max-image-preview":"max-image-preview:large","max-video-preview":"max-video-preview:-1"},"canonical":"https:\/\/thepueblatimes.mx\/index.php\/2023\/09\/18\/realizan-en-el-congreso-del-estado-encuentro-alianzas-entre-mujeres-empresarias\/","og_locale":"es_ES","og_type":"article","og_title":"Realizan en el Congreso del Estado encuentro \"Alianzas Entre Mujeres Empresarias\u201d - The Puebla Times","og_description":"-En el evento se analizaron los factores para lograr piso parejo para las mujeres en los espacios empresariales y laborales &nbsp; Durante el encuentro \u00abAlianzas Entre Mujeres Empresarias, piso parejo para las mujeres empresarias en todos nuestros espacios\u00bb, que se llev\u00f3 a cabo en la sede principal del Congreso del Estado, la diputada M\u00f3nica Silva...","og_url":"https:\/\/thepueblatimes.mx\/index.php\/2023\/09\/18\/realizan-en-el-congreso-del-estado-encuentro-alianzas-entre-mujeres-empresarias\/","og_site_name":"The Puebla Times","article_published_time":"2023-09-19T00:48:31+00:00","og_image":[{"width":1600,"height":1197,"url":"https:\/\/thepueblatimes.mx\/wp-content\/uploads\/2023\/09\/WhatsApp-Image-2023-09-18-at-17.14.05.jpeg","type":"image\/jpeg"}],"author":"admintpt","twitter_card":"summary_large_image","twitter_misc":{"Escrito por":"admintpt","Tiempo de lectura":"2 minutos"},"schema":{"@context":"https:\/\/schema.org","@graph":[{"@type":"WebPage","@id":"https:\/\/thepueblatimes.mx\/index.php\/2023\/09\/18\/realizan-en-el-congreso-del-estado-encuentro-alianzas-entre-mujeres-empresarias\/","url":"https:\/\/thepueblatimes.mx\/index.php\/2023\/09\/18\/realizan-en-el-congreso-del-estado-encuentro-alianzas-entre-mujeres-empresarias\/","name":"Realizan en el Congreso del Estado encuentro \"Alianzas Entre Mujeres Empresarias\u201d - The Puebla Times","isPartOf":{"@id":"https:\/\/thepueblatimes.mx\/#website"},"datePublished":"2023-09-19T00:48:31+00:00","dateModified":"2023-09-19T00:48:31+00:00","author":{"@id":"https:\/\/thepueblatimes.mx\/#\/schema\/person\/c90a455f48a80821b6a99d3d73d1a71f"},"breadcrumb":{"@id":"https:\/\/thepueblatimes.mx\/index.php\/2023\/09\/18\/realizan-en-el-congreso-del-estado-encuentro-alianzas-entre-mujeres-empresarias\/#breadcrumb"},"inLanguage":"es","potentialAction":[{"@type":"ReadAction","target":["https:\/\/thepueblatimes.mx\/index.php\/2023\/09\/18\/realizan-en-el-congreso-del-estado-encuentro-alianzas-entre-mujeres-empresarias\/"]}]},{"@type":"BreadcrumbList","@id":"https:\/\/thepueblatimes.mx\/index.php\/2023\/09\/18\/realizan-en-el-congreso-del-estado-encuentro-alianzas-entre-mujeres-empresarias\/#breadcrumb","itemListElement":[{"@type":"ListItem","position":1,"name":"Portada","item":"https:\/\/thepueblatimes.mx\/"},{"@type":"ListItem","position":2,"name":"Realizan en el Congreso del Estado encuentro \u00abAlianzas Entre Mujeres Empresarias\u201d"}]},{"@type":"WebSite","@id":"https:\/\/thepueblatimes.mx\/#website","url":"https:\/\/thepueblatimes.mx\/","name":"The Puebla Times","description":"Noticias del Estado de Puebla","potentialAction":[{"@type":"SearchAction","target":{"@type":"EntryPoint","urlTemplate":"https:\/\/thepueblatimes.mx\/?s={search_term_string}"},"query-input":"required name=search_term_string"}],"inLanguage":"es"},{"@type":"Person","@id":"https:\/\/thepueblatimes.mx\/#\/schema\/person\/c90a455f48a80821b6a99d3d73d1a71f","name":"admintpt","image":{"@type":"ImageObject","inLanguage":"es","@id":"https:\/\/thepueblatimes.mx\/#\/schema\/person\/image\/","url":"https:\/\/secure.gravatar.com\/avatar\/13f0a494cc76bfb992f9768b1d51109d?s=96&d=mm&r=g","contentUrl":"https:\/\/secure.gravatar.com\/avatar\/13f0a494cc76bfb992f9768b1d51109d?s=96&d=mm&r=g","caption":"admintpt"},"url":"https:\/\/thepueblatimes.mx\/index.php\/author\/admintpt\/"}]}},"jetpack_featured_media_url":"https:\/\/thepueblatimes.mx\/wp-content\/uploads\/2023\/09\/WhatsApp-Image-2023-09-18-at-17.14.05.jpeg","_links":{"self":[{"href":"https:\/\/thepueblatimes.mx\/index.php\/wp-json\/wp\/v2\/posts\/19411"}],"collection":[{"href":"https:\/\/thepueblatimes.mx\/index.php\/wp-json\/wp\/v2\/posts"}],"about":[{"href":"https:\/\/thepueblatimes.mx\/index.php\/wp-json\/wp\/v2\/types\/post"}],"author":[{"embeddable":true,"href":"https:\/\/thepueblatimes.mx\/index.php\/wp-json\/wp\/v2\/users\/2"}],"replies":[{"embeddable":true,"href":"https:\/\/thepueblatimes.mx\/index.php\/wp-json\/wp\/v2\/comments?post=19411"}],"version-history":[{"count":1,"href":"https:\/\/thepueblatimes.mx\/index.php\/wp-json\/wp\/v2\/posts\/19411\/revisions"}],"predecessor-version":[{"id":19413,"href":"https:\/\/thepueblatimes.mx\/index.php\/wp-json\/wp\/v2\/posts\/19411\/revisions\/19413"}],"wp:featuredmedia":[{"embeddable":true,"href":"https:\/\/thepueblatimes.mx\/index.php\/wp-json\/wp\/v2\/media\/19412"}],"wp:attachment":[{"href":"https:\/\/thepueblatimes.mx\/index.php\/wp-json\/wp\/v2\/media?parent=19411"}],"wp:term":[{"taxonomy":"category","embeddable":true,"href":"https:\/\/thepueblatimes.mx\/index.php\/wp-json\/wp\/v2\/categories?post=19411"},{"taxonomy":"post_tag","embeddable":true,"href":"https:\/\/thepueblatimes.mx\/index.php\/wp-json\/wp\/v2\/tags?post=19411"}],"curies":[{"name":"wp","href":"https:\/\/api.w.org\/{rel}","templated":true}]}}