{"id":19383,"date":"2023-09-15T18:19:26","date_gmt":"2023-09-16T00:19:26","guid":{"rendered":"https:\/\/thepueblatimes.mx\/?p=19383"},"modified":"2023-09-15T18:19:26","modified_gmt":"2023-09-16T00:19:26","slug":"nestor-camarillo-justifica-presencia-de-ediles-priistas-en-actos-de-morena","status":"publish","type":"post","link":"https:\/\/thepueblatimes.mx\/index.php\/2023\/09\/15\/nestor-camarillo-justifica-presencia-de-ediles-priistas-en-actos-de-morena\/","title":{"rendered":"N\u00e9stor Camarillo justifica presencia de ediles priistas en actos de Morena"},"content":{"rendered":"<p>El dirigente del PRI en Puebla, N\u00e9stor Camarillo Medina se\u00f1al\u00f3 que desde la Secretar\u00eda de Gobernaci\u00f3n estatal se busca amedrentar a los presidentes municipales de oposici\u00f3n, para que se sumen a proyectos pol\u00edticos de la Cuarta Transformaci\u00f3n.<\/p>\n<p>Y con el argumento de que acudieron con enga\u00f1os, justific\u00f3 la presencia de los ediles emanados del PRI en un evento a favor de Claudia Sheinbaum, que se realiz\u00f3 en el Sal\u00f3n Social Zavaleta.<\/p>\n<p>Afirm\u00f3 que los presidente municipales le indicaron que son amedrentados, presuntamente, por personal de Gobernaci\u00f3n.<\/p>\n<p>Indic\u00f3 que de esas forma se condicionan apoyos sociales y realizaci\u00f3n de obras en sus demarcaciones a cambio de su presencia.<\/p>\n<p>Y responsabiliz\u00f3 al \u201cal b\u00fanker\u201d del extitular de la dependencia, Julio Huerta G\u00f3mez.<\/p>\n","protected":false},"excerpt":{"rendered":"<p>El dirigente del PRI en Puebla, N\u00e9stor Camarillo Medina se\u00f1al\u00f3 que desde la Secretar\u00eda de Gobernaci\u00f3n estatal se busca amedrentar a los presidentes municipales de oposici\u00f3n, para que se sumen a proyectos pol\u00edticos de la Cuarta Transformaci\u00f3n. Y con el argumento de que acudieron con enga\u00f1os, justific\u00f3 la presencia de los ediles emanados del PRI&#8230;<\/p>\n","protected":false},"author":2,"featured_media":19384,"comment_status":"closed","ping_status":"closed","sticky":false,"template":"","format":"standard","meta":[],"categories":[3,8],"tags":[1259,66,1366,137],"yoast_head":"<!-- This site is optimized with the Yoast SEO plugin v20.8 - https:\/\/yoast.com\/wordpress\/plugins\/seo\/ -->\n<title>N\u00e9stor Camarillo justifica presencia de ediles priistas en actos de Morena - The Puebla Times<\/title>\n<meta name=\"robots\" content=\"index, follow, max-snippet:-1, max-image-preview:large, max-video-preview:-1\" \/>\n<link rel=\"canonical\" href=\"https:\/\/thepueblatimes.mx\/index.php\/2023\/09\/15\/nestor-camarillo-justifica-presencia-de-ediles-priistas-en-actos-de-morena\/\" \/>\n<meta property=\"og:locale\" content=\"es_ES\" \/>\n<meta property=\"og:type\" content=\"article\" \/>\n<meta property=\"og:title\" content=\"N\u00e9stor Camarillo justifica presencia de ediles priistas en actos de Morena - The Puebla Times\" \/>\n<meta property=\"og:description\" content=\"El dirigente del PRI en Puebla, N\u00e9stor Camarillo Medina se\u00f1al\u00f3 que desde la Secretar\u00eda de Gobernaci\u00f3n estatal se busca amedrentar a los presidentes municipales de oposici\u00f3n, para que se sumen a proyectos pol\u00edticos de la Cuarta Transformaci\u00f3n. Y con el argumento de que acudieron con enga\u00f1os, justific\u00f3 la presencia de los ediles emanados del PRI...\" \/>\n<meta property=\"og:url\" content=\"https:\/\/thepueblatimes.mx\/index.php\/2023\/09\/15\/nestor-camarillo-justifica-presencia-de-ediles-priistas-en-actos-de-morena\/\" \/>\n<meta property=\"og:site_name\" content=\"The Puebla Times\" \/>\n<meta property=\"article:published_time\" content=\"2023-09-16T00:19:26+00:00\" \/>\n<meta property=\"og:image\" content=\"https:\/\/thepueblatimes.mx\/wp-content\/uploads\/2023\/09\/IMG-20221106-WA0040.jpg\" \/>\n\t<meta property=\"og:image:width\" content=\"1599\" \/>\n\t<meta property=\"og:image:height\" content=\"1066\" \/>\n\t<meta property=\"og:image:type\" content=\"image\/jpeg\" \/>\n<meta name=\"author\" content=\"admintpt\" \/>\n<meta name=\"twitter:card\" content=\"summary_large_image\" \/>\n<meta name=\"twitter:label1\" content=\"Escrito por\" \/>\n\t<meta name=\"twitter:data1\" content=\"admintpt\" \/>\n\t<meta name=\"twitter:label2\" content=\"Tiempo de lectura\" \/>\n\t<meta name=\"twitter:data2\" content=\"1 minuto\" \/>\n<script type=\"application\/ld+json\" class=\"yoast-schema-graph\">{\"@context\":\"https:\/\/schema.org\",\"@graph\":[{\"@type\":\"WebPage\",\"@id\":\"https:\/\/thepueblatimes.mx\/index.php\/2023\/09\/15\/nestor-camarillo-justifica-presencia-de-ediles-priistas-en-actos-de-morena\/\",\"url\":\"https:\/\/thepueblatimes.mx\/index.php\/2023\/09\/15\/nestor-camarillo-justifica-presencia-de-ediles-priistas-en-actos-de-morena\/\",\"name\":\"N\u00e9stor Camarillo justifica presencia de ediles priistas en actos de Morena - The Puebla Times\",\"isPartOf\":{\"@id\":\"https:\/\/thepueblatimes.mx\/#website\"},\"datePublished\":\"2023-09-16T00:19:26+00:00\",\"dateModified\":\"2023-09-16T00:19:26+00:00\",\"author\":{\"@id\":\"https:\/\/thepueblatimes.mx\/#\/schema\/person\/c90a455f48a80821b6a99d3d73d1a71f\"},\"breadcrumb\":{\"@id\":\"https:\/\/thepueblatimes.mx\/index.php\/2023\/09\/15\/nestor-camarillo-justifica-presencia-de-ediles-priistas-en-actos-de-morena\/#breadcrumb\"},\"inLanguage\":\"es\",\"potentialAction\":[{\"@type\":\"ReadAction\",\"target\":[\"https:\/\/thepueblatimes.mx\/index.php\/2023\/09\/15\/nestor-camarillo-justifica-presencia-de-ediles-priistas-en-actos-de-morena\/\"]}]},{\"@type\":\"BreadcrumbList\",\"@id\":\"https:\/\/thepueblatimes.mx\/index.php\/2023\/09\/15\/nestor-camarillo-justifica-presencia-de-ediles-priistas-en-actos-de-morena\/#breadcrumb\",\"itemListElement\":[{\"@type\":\"ListItem\",\"position\":1,\"name\":\"Portada\",\"item\":\"https:\/\/thepueblatimes.mx\/\"},{\"@type\":\"ListItem\",\"position\":2,\"name\":\"N\u00e9stor Camarillo justifica presencia de ediles priistas en actos de Morena\"}]},{\"@type\":\"WebSite\",\"@id\":\"https:\/\/thepueblatimes.mx\/#website\",\"url\":\"https:\/\/thepueblatimes.mx\/\",\"name\":\"The Puebla Times\",\"description\":\"Noticias del Estado de Puebla\",\"potentialAction\":[{\"@type\":\"SearchAction\",\"target\":{\"@type\":\"EntryPoint\",\"urlTemplate\":\"https:\/\/thepueblatimes.mx\/?s={search_term_string}\"},\"query-input\":\"required name=search_term_string\"}],\"inLanguage\":\"es\"},{\"@type\":\"Person\",\"@id\":\"https:\/\/thepueblatimes.mx\/#\/schema\/person\/c90a455f48a80821b6a99d3d73d1a71f\",\"name\":\"admintpt\",\"image\":{\"@type\":\"ImageObject\",\"inLanguage\":\"es\",\"@id\":\"https:\/\/thepueblatimes.mx\/#\/schema\/person\/image\/\",\"url\":\"https:\/\/secure.gravatar.com\/avatar\/13f0a494cc76bfb992f9768b1d51109d?s=96&d=mm&r=g\",\"contentUrl\":\"https:\/\/secure.gravatar.com\/avatar\/13f0a494cc76bfb992f9768b1d51109d?s=96&d=mm&r=g\",\"caption\":\"admintpt\"},\"url\":\"https:\/\/thepueblatimes.mx\/index.php\/author\/admintpt\/\"}]}<\/script>\n<!-- \/ Yoast SEO plugin. -->","yoast_head_json":{"title":"N\u00e9stor Camarillo justifica presencia de ediles priistas en actos de Morena - The Puebla Times","robots":{"index":"index","follow":"follow","max-snippet":"max-snippet:-1","max-image-preview":"max-image-preview:large","max-video-preview":"max-video-preview:-1"},"canonical":"https:\/\/thepueblatimes.mx\/index.php\/2023\/09\/15\/nestor-camarillo-justifica-presencia-de-ediles-priistas-en-actos-de-morena\/","og_locale":"es_ES","og_type":"article","og_title":"N\u00e9stor Camarillo justifica presencia de ediles priistas en actos de Morena - The Puebla Times","og_description":"El dirigente del PRI en Puebla, N\u00e9stor Camarillo Medina se\u00f1al\u00f3 que desde la Secretar\u00eda de Gobernaci\u00f3n estatal se busca amedrentar a los presidentes municipales de oposici\u00f3n, para que se sumen a proyectos pol\u00edticos de la Cuarta Transformaci\u00f3n. Y con el argumento de que acudieron con enga\u00f1os, justific\u00f3 la presencia de los ediles emanados del PRI...","og_url":"https:\/\/thepueblatimes.mx\/index.php\/2023\/09\/15\/nestor-camarillo-justifica-presencia-de-ediles-priistas-en-actos-de-morena\/","og_site_name":"The Puebla Times","article_published_time":"2023-09-16T00:19:26+00:00","og_image":[{"width":1599,"height":1066,"url":"https:\/\/thepueblatimes.mx\/wp-content\/uploads\/2023\/09\/IMG-20221106-WA0040.jpg","type":"image\/jpeg"}],"author":"admintpt","twitter_card":"summary_large_image","twitter_misc":{"Escrito por":"admintpt","Tiempo de lectura":"1 minuto"},"schema":{"@context":"https:\/\/schema.org","@graph":[{"@type":"WebPage","@id":"https:\/\/thepueblatimes.mx\/index.php\/2023\/09\/15\/nestor-camarillo-justifica-presencia-de-ediles-priistas-en-actos-de-morena\/","url":"https:\/\/thepueblatimes.mx\/index.php\/2023\/09\/15\/nestor-camarillo-justifica-presencia-de-ediles-priistas-en-actos-de-morena\/","name":"N\u00e9stor Camarillo justifica presencia de ediles priistas en actos de Morena - The Puebla Times","isPartOf":{"@id":"https:\/\/thepueblatimes.mx\/#website"},"datePublished":"2023-09-16T00:19:26+00:00","dateModified":"2023-09-16T00:19:26+00:00","author":{"@id":"https:\/\/thepueblatimes.mx\/#\/schema\/person\/c90a455f48a80821b6a99d3d73d1a71f"},"breadcrumb":{"@id":"https:\/\/thepueblatimes.mx\/index.php\/2023\/09\/15\/nestor-camarillo-justifica-presencia-de-ediles-priistas-en-actos-de-morena\/#breadcrumb"},"inLanguage":"es","potentialAction":[{"@type":"ReadAction","target":["https:\/\/thepueblatimes.mx\/index.php\/2023\/09\/15\/nestor-camarillo-justifica-presencia-de-ediles-priistas-en-actos-de-morena\/"]}]},{"@type":"BreadcrumbList","@id":"https:\/\/thepueblatimes.mx\/index.php\/2023\/09\/15\/nestor-camarillo-justifica-presencia-de-ediles-priistas-en-actos-de-morena\/#breadcrumb","itemListElement":[{"@type":"ListItem","position":1,"name":"Portada","item":"https:\/\/thepueblatimes.mx\/"},{"@type":"ListItem","position":2,"name":"N\u00e9stor Camarillo justifica presencia de ediles priistas en actos de Morena"}]},{"@type":"WebSite","@id":"https:\/\/thepueblatimes.mx\/#website","url":"https:\/\/thepueblatimes.mx\/","name":"The Puebla Times","description":"Noticias del Estado de Puebla","potentialAction":[{"@type":"SearchAction","target":{"@type":"EntryPoint","urlTemplate":"https:\/\/thepueblatimes.mx\/?s={search_term_string}"},"query-input":"required name=search_term_string"}],"inLanguage":"es"},{"@type":"Person","@id":"https:\/\/thepueblatimes.mx\/#\/schema\/person\/c90a455f48a80821b6a99d3d73d1a71f","name":"admintpt","image":{"@type":"ImageObject","inLanguage":"es","@id":"https:\/\/thepueblatimes.mx\/#\/schema\/person\/image\/","url":"https:\/\/secure.gravatar.com\/avatar\/13f0a494cc76bfb992f9768b1d51109d?s=96&d=mm&r=g","contentUrl":"https:\/\/secure.gravatar.com\/avatar\/13f0a494cc76bfb992f9768b1d51109d?s=96&d=mm&r=g","caption":"admintpt"},"url":"https:\/\/thepueblatimes.mx\/index.php\/author\/admintpt\/"}]}},"jetpack_featured_media_url":"https:\/\/thepueblatimes.mx\/wp-content\/uploads\/2023\/09\/IMG-20221106-WA0040.jpg","_links":{"self":[{"href":"https:\/\/thepueblatimes.mx\/index.php\/wp-json\/wp\/v2\/posts\/19383"}],"collection":[{"href":"https:\/\/thepueblatimes.mx\/index.php\/wp-json\/wp\/v2\/posts"}],"about":[{"href":"https:\/\/thepueblatimes.mx\/index.php\/wp-json\/wp\/v2\/types\/post"}],"author":[{"embeddable":true,"href":"https:\/\/thepueblatimes.mx\/index.php\/wp-json\/wp\/v2\/users\/2"}],"replies":[{"embeddable":true,"href":"https:\/\/thepueblatimes.mx\/index.php\/wp-json\/wp\/v2\/comments?post=19383"}],"version-history":[{"count":1,"href":"https:\/\/thepueblatimes.mx\/index.php\/wp-json\/wp\/v2\/posts\/19383\/revisions"}],"predecessor-version":[{"id":19385,"href":"https:\/\/thepueblatimes.mx\/index.php\/wp-json\/wp\/v2\/posts\/19383\/revisions\/19385"}],"wp:featuredmedia":[{"embeddable":true,"href":"https:\/\/thepueblatimes.mx\/index.php\/wp-json\/wp\/v2\/media\/19384"}],"wp:attachment":[{"href":"https:\/\/thepueblatimes.mx\/index.php\/wp-json\/wp\/v2\/media?parent=19383"}],"wp:term":[{"taxonomy":"category","embeddable":true,"href":"https:\/\/thepueblatimes.mx\/index.php\/wp-json\/wp\/v2\/categories?post=19383"},{"taxonomy":"post_tag","embeddable":true,"href":"https:\/\/thepueblatimes.mx\/index.php\/wp-json\/wp\/v2\/tags?post=19383"}],"curies":[{"name":"wp","href":"https:\/\/api.w.org\/{rel}","templated":true}]}}