{"id":19376,"date":"2023-09-15T17:35:18","date_gmt":"2023-09-15T23:35:18","guid":{"rendered":"https:\/\/thepueblatimes.mx\/?p=19376"},"modified":"2023-09-15T17:35:18","modified_gmt":"2023-09-15T23:35:18","slug":"puebla-capital-celebro-con-dialogos-y-ponencias-la-semana-de-la-transparencia-2023","status":"publish","type":"post","link":"https:\/\/thepueblatimes.mx\/index.php\/2023\/09\/15\/puebla-capital-celebro-con-dialogos-y-ponencias-la-semana-de-la-transparencia-2023\/","title":{"rendered":"Puebla capital celebr\u00f3 con di\u00e1logos y ponencias la Semana de la Transparencia 2023"},"content":{"rendered":"<p>Puebla capital celebr\u00f3 del 11 al 14 de septiembre la \u2018Semana de la Transparencia 2023\u2019, encuentro que de la mano de expertos y especialistas propici\u00f3 la reflexi\u00f3n sobre las pol\u00edticas anticorrupci\u00f3n, acceso a la informaci\u00f3n, contralor\u00eda ciudadana y justicia abierta.<\/p>\n<p>Fue por iniciativa de la Coordinaci\u00f3n General de Transparencia y Municipio Abierto del Ayuntamiento de Puebla -encabezada por Luz del Carmen Rosillo Mart\u00ednez- que se vivieron cuatro d\u00edas de ponencias magistrales con sede en la Universidad Madero.<\/p>\n<p>Los temas abordados durante la Semana de la Transparencia 2023 fueron: \u00abPol\u00edtica Estatal Anticorrupci\u00f3n: avances y perspectivas de la transparencia y el derecho a la informaci\u00f3n en M\u00e9xico\u00bb, a cargo de Laura Marcela Carca\u00f1o Ruiz, Presidenta del ITAIPue.<\/p>\n<p>Tambi\u00e9n, se realizaron las mesas de di\u00e1logo \u201cPerspectivas sobre la transparencia y el derecho a la informaci\u00f3n en la Pol\u00edtica Estatal Anticorrupci\u00f3n\u201d y \u201cApertura de informaci\u00f3n en materia de cabildeo legislativo y parlamento abierto\u201d, que contaron con la participaci\u00f3n de expertos de la Secretar\u00eda Ejecutiva del Sistema Estatal Anticorrupci\u00f3n y del Observatorio Ciudadano \u2018Con los ojos abiertos\u2019, as\u00ed como de legisladores del Congreso del Estado de Puebla, representantes de la Universidad Iberoamericana de Puebla y de la Asociaci\u00f3n Civil CIUDADAN\u00cdAS.<\/p>\n<p>Otros espacios de discusi\u00f3n y enriquecimiento tambi\u00e9n se tuvieron con \u201cMecanismos de contralor\u00eda ciudadana en procesos de contrataci\u00f3n p\u00fablica\u201d, que sum\u00f3 a las asociaciones Mujeres Empoderadas con causa e Integridad Ciudadana, junto con la Contralor\u00eda Municipal. Adem\u00e1s de la participaci\u00f3n de Pedro Carta con la ponencia \u201cLa M\u00e9trica de Justicia Abierta en M\u00e9xico\u201d, as\u00ed como de los Tribunales de Justicia Administrativa de los Estados de Tlaxcala y Puebla se reflexion\u00f3 sobre \u201cla Pol\u00edtica Estatal Anticorrupci\u00f3n y Derecho de Acceso a la Informaci\u00f3n en el Poder Judicial\u201d.<\/p>\n","protected":false},"excerpt":{"rendered":"<p>Puebla capital celebr\u00f3 del 11 al 14 de septiembre la \u2018Semana de la Transparencia 2023\u2019, encuentro que de la mano de expertos y especialistas propici\u00f3 la reflexi\u00f3n sobre las pol\u00edticas anticorrupci\u00f3n, acceso a la informaci\u00f3n, contralor\u00eda ciudadana y justicia abierta. Fue por iniciativa de la Coordinaci\u00f3n General de Transparencia y Municipio Abierto del Ayuntamiento de&#8230;<\/p>\n","protected":false},"author":2,"featured_media":19377,"comment_status":"closed","ping_status":"closed","sticky":false,"template":"","format":"standard","meta":[],"categories":[20],"tags":[1287,605,1301],"yoast_head":"<!-- This site is optimized with the Yoast SEO plugin v20.8 - https:\/\/yoast.com\/wordpress\/plugins\/seo\/ -->\n<title>Puebla capital celebr\u00f3 con di\u00e1logos y ponencias la Semana de la Transparencia 2023 - The Puebla Times<\/title>\n<meta name=\"robots\" content=\"index, follow, max-snippet:-1, max-image-preview:large, max-video-preview:-1\" \/>\n<link rel=\"canonical\" href=\"https:\/\/thepueblatimes.mx\/index.php\/2023\/09\/15\/puebla-capital-celebro-con-dialogos-y-ponencias-la-semana-de-la-transparencia-2023\/\" \/>\n<meta property=\"og:locale\" content=\"es_ES\" \/>\n<meta property=\"og:type\" content=\"article\" \/>\n<meta property=\"og:title\" content=\"Puebla capital celebr\u00f3 con di\u00e1logos y ponencias la Semana de la Transparencia 2023 - The Puebla Times\" \/>\n<meta property=\"og:description\" content=\"Puebla capital celebr\u00f3 del 11 al 14 de septiembre la \u2018Semana de la Transparencia 2023\u2019, encuentro que de la mano de expertos y especialistas propici\u00f3 la reflexi\u00f3n sobre las pol\u00edticas anticorrupci\u00f3n, acceso a la informaci\u00f3n, contralor\u00eda ciudadana y justicia abierta. Fue por iniciativa de la Coordinaci\u00f3n General de Transparencia y Municipio Abierto del Ayuntamiento de...\" \/>\n<meta property=\"og:url\" content=\"https:\/\/thepueblatimes.mx\/index.php\/2023\/09\/15\/puebla-capital-celebro-con-dialogos-y-ponencias-la-semana-de-la-transparencia-2023\/\" \/>\n<meta property=\"og:site_name\" content=\"The Puebla Times\" \/>\n<meta property=\"article:published_time\" content=\"2023-09-15T23:35:18+00:00\" \/>\n<meta property=\"og:image\" content=\"https:\/\/thepueblatimes.mx\/wp-content\/uploads\/2023\/09\/WhatsApp-Image-2023-09-15-at-10.41.32.jpeg\" \/>\n\t<meta property=\"og:image:width\" content=\"1600\" \/>\n\t<meta property=\"og:image:height\" content=\"1200\" \/>\n\t<meta property=\"og:image:type\" content=\"image\/jpeg\" \/>\n<meta name=\"author\" content=\"admintpt\" \/>\n<meta name=\"twitter:card\" content=\"summary_large_image\" \/>\n<meta name=\"twitter:label1\" content=\"Escrito por\" \/>\n\t<meta name=\"twitter:data1\" content=\"admintpt\" \/>\n\t<meta name=\"twitter:label2\" content=\"Tiempo de lectura\" \/>\n\t<meta name=\"twitter:data2\" content=\"2 minutos\" \/>\n<script type=\"application\/ld+json\" class=\"yoast-schema-graph\">{\"@context\":\"https:\/\/schema.org\",\"@graph\":[{\"@type\":\"WebPage\",\"@id\":\"https:\/\/thepueblatimes.mx\/index.php\/2023\/09\/15\/puebla-capital-celebro-con-dialogos-y-ponencias-la-semana-de-la-transparencia-2023\/\",\"url\":\"https:\/\/thepueblatimes.mx\/index.php\/2023\/09\/15\/puebla-capital-celebro-con-dialogos-y-ponencias-la-semana-de-la-transparencia-2023\/\",\"name\":\"Puebla capital celebr\u00f3 con di\u00e1logos y ponencias la Semana de la Transparencia 2023 - The Puebla Times\",\"isPartOf\":{\"@id\":\"https:\/\/thepueblatimes.mx\/#website\"},\"datePublished\":\"2023-09-15T23:35:18+00:00\",\"dateModified\":\"2023-09-15T23:35:18+00:00\",\"author\":{\"@id\":\"https:\/\/thepueblatimes.mx\/#\/schema\/person\/c90a455f48a80821b6a99d3d73d1a71f\"},\"breadcrumb\":{\"@id\":\"https:\/\/thepueblatimes.mx\/index.php\/2023\/09\/15\/puebla-capital-celebro-con-dialogos-y-ponencias-la-semana-de-la-transparencia-2023\/#breadcrumb\"},\"inLanguage\":\"es\",\"potentialAction\":[{\"@type\":\"ReadAction\",\"target\":[\"https:\/\/thepueblatimes.mx\/index.php\/2023\/09\/15\/puebla-capital-celebro-con-dialogos-y-ponencias-la-semana-de-la-transparencia-2023\/\"]}]},{\"@type\":\"BreadcrumbList\",\"@id\":\"https:\/\/thepueblatimes.mx\/index.php\/2023\/09\/15\/puebla-capital-celebro-con-dialogos-y-ponencias-la-semana-de-la-transparencia-2023\/#breadcrumb\",\"itemListElement\":[{\"@type\":\"ListItem\",\"position\":1,\"name\":\"Portada\",\"item\":\"https:\/\/thepueblatimes.mx\/\"},{\"@type\":\"ListItem\",\"position\":2,\"name\":\"Puebla capital celebr\u00f3 con di\u00e1logos y ponencias la Semana de la Transparencia 2023\"}]},{\"@type\":\"WebSite\",\"@id\":\"https:\/\/thepueblatimes.mx\/#website\",\"url\":\"https:\/\/thepueblatimes.mx\/\",\"name\":\"The Puebla Times\",\"description\":\"Noticias del Estado de Puebla\",\"potentialAction\":[{\"@type\":\"SearchAction\",\"target\":{\"@type\":\"EntryPoint\",\"urlTemplate\":\"https:\/\/thepueblatimes.mx\/?s={search_term_string}\"},\"query-input\":\"required name=search_term_string\"}],\"inLanguage\":\"es\"},{\"@type\":\"Person\",\"@id\":\"https:\/\/thepueblatimes.mx\/#\/schema\/person\/c90a455f48a80821b6a99d3d73d1a71f\",\"name\":\"admintpt\",\"image\":{\"@type\":\"ImageObject\",\"inLanguage\":\"es\",\"@id\":\"https:\/\/thepueblatimes.mx\/#\/schema\/person\/image\/\",\"url\":\"https:\/\/secure.gravatar.com\/avatar\/13f0a494cc76bfb992f9768b1d51109d?s=96&d=mm&r=g\",\"contentUrl\":\"https:\/\/secure.gravatar.com\/avatar\/13f0a494cc76bfb992f9768b1d51109d?s=96&d=mm&r=g\",\"caption\":\"admintpt\"},\"url\":\"https:\/\/thepueblatimes.mx\/index.php\/author\/admintpt\/\"}]}<\/script>\n<!-- \/ Yoast SEO plugin. -->","yoast_head_json":{"title":"Puebla capital celebr\u00f3 con di\u00e1logos y ponencias la Semana de la Transparencia 2023 - The Puebla Times","robots":{"index":"index","follow":"follow","max-snippet":"max-snippet:-1","max-image-preview":"max-image-preview:large","max-video-preview":"max-video-preview:-1"},"canonical":"https:\/\/thepueblatimes.mx\/index.php\/2023\/09\/15\/puebla-capital-celebro-con-dialogos-y-ponencias-la-semana-de-la-transparencia-2023\/","og_locale":"es_ES","og_type":"article","og_title":"Puebla capital celebr\u00f3 con di\u00e1logos y ponencias la Semana de la Transparencia 2023 - The Puebla Times","og_description":"Puebla capital celebr\u00f3 del 11 al 14 de septiembre la \u2018Semana de la Transparencia 2023\u2019, encuentro que de la mano de expertos y especialistas propici\u00f3 la reflexi\u00f3n sobre las pol\u00edticas anticorrupci\u00f3n, acceso a la informaci\u00f3n, contralor\u00eda ciudadana y justicia abierta. Fue por iniciativa de la Coordinaci\u00f3n General de Transparencia y Municipio Abierto del Ayuntamiento de...","og_url":"https:\/\/thepueblatimes.mx\/index.php\/2023\/09\/15\/puebla-capital-celebro-con-dialogos-y-ponencias-la-semana-de-la-transparencia-2023\/","og_site_name":"The Puebla Times","article_published_time":"2023-09-15T23:35:18+00:00","og_image":[{"width":1600,"height":1200,"url":"https:\/\/thepueblatimes.mx\/wp-content\/uploads\/2023\/09\/WhatsApp-Image-2023-09-15-at-10.41.32.jpeg","type":"image\/jpeg"}],"author":"admintpt","twitter_card":"summary_large_image","twitter_misc":{"Escrito por":"admintpt","Tiempo de lectura":"2 minutos"},"schema":{"@context":"https:\/\/schema.org","@graph":[{"@type":"WebPage","@id":"https:\/\/thepueblatimes.mx\/index.php\/2023\/09\/15\/puebla-capital-celebro-con-dialogos-y-ponencias-la-semana-de-la-transparencia-2023\/","url":"https:\/\/thepueblatimes.mx\/index.php\/2023\/09\/15\/puebla-capital-celebro-con-dialogos-y-ponencias-la-semana-de-la-transparencia-2023\/","name":"Puebla capital celebr\u00f3 con di\u00e1logos y ponencias la Semana de la Transparencia 2023 - The Puebla Times","isPartOf":{"@id":"https:\/\/thepueblatimes.mx\/#website"},"datePublished":"2023-09-15T23:35:18+00:00","dateModified":"2023-09-15T23:35:18+00:00","author":{"@id":"https:\/\/thepueblatimes.mx\/#\/schema\/person\/c90a455f48a80821b6a99d3d73d1a71f"},"breadcrumb":{"@id":"https:\/\/thepueblatimes.mx\/index.php\/2023\/09\/15\/puebla-capital-celebro-con-dialogos-y-ponencias-la-semana-de-la-transparencia-2023\/#breadcrumb"},"inLanguage":"es","potentialAction":[{"@type":"ReadAction","target":["https:\/\/thepueblatimes.mx\/index.php\/2023\/09\/15\/puebla-capital-celebro-con-dialogos-y-ponencias-la-semana-de-la-transparencia-2023\/"]}]},{"@type":"BreadcrumbList","@id":"https:\/\/thepueblatimes.mx\/index.php\/2023\/09\/15\/puebla-capital-celebro-con-dialogos-y-ponencias-la-semana-de-la-transparencia-2023\/#breadcrumb","itemListElement":[{"@type":"ListItem","position":1,"name":"Portada","item":"https:\/\/thepueblatimes.mx\/"},{"@type":"ListItem","position":2,"name":"Puebla capital celebr\u00f3 con di\u00e1logos y ponencias la Semana de la Transparencia 2023"}]},{"@type":"WebSite","@id":"https:\/\/thepueblatimes.mx\/#website","url":"https:\/\/thepueblatimes.mx\/","name":"The Puebla Times","description":"Noticias del Estado de Puebla","potentialAction":[{"@type":"SearchAction","target":{"@type":"EntryPoint","urlTemplate":"https:\/\/thepueblatimes.mx\/?s={search_term_string}"},"query-input":"required name=search_term_string"}],"inLanguage":"es"},{"@type":"Person","@id":"https:\/\/thepueblatimes.mx\/#\/schema\/person\/c90a455f48a80821b6a99d3d73d1a71f","name":"admintpt","image":{"@type":"ImageObject","inLanguage":"es","@id":"https:\/\/thepueblatimes.mx\/#\/schema\/person\/image\/","url":"https:\/\/secure.gravatar.com\/avatar\/13f0a494cc76bfb992f9768b1d51109d?s=96&d=mm&r=g","contentUrl":"https:\/\/secure.gravatar.com\/avatar\/13f0a494cc76bfb992f9768b1d51109d?s=96&d=mm&r=g","caption":"admintpt"},"url":"https:\/\/thepueblatimes.mx\/index.php\/author\/admintpt\/"}]}},"jetpack_featured_media_url":"https:\/\/thepueblatimes.mx\/wp-content\/uploads\/2023\/09\/WhatsApp-Image-2023-09-15-at-10.41.32.jpeg","_links":{"self":[{"href":"https:\/\/thepueblatimes.mx\/index.php\/wp-json\/wp\/v2\/posts\/19376"}],"collection":[{"href":"https:\/\/thepueblatimes.mx\/index.php\/wp-json\/wp\/v2\/posts"}],"about":[{"href":"https:\/\/thepueblatimes.mx\/index.php\/wp-json\/wp\/v2\/types\/post"}],"author":[{"embeddable":true,"href":"https:\/\/thepueblatimes.mx\/index.php\/wp-json\/wp\/v2\/users\/2"}],"replies":[{"embeddable":true,"href":"https:\/\/thepueblatimes.mx\/index.php\/wp-json\/wp\/v2\/comments?post=19376"}],"version-history":[{"count":1,"href":"https:\/\/thepueblatimes.mx\/index.php\/wp-json\/wp\/v2\/posts\/19376\/revisions"}],"predecessor-version":[{"id":19378,"href":"https:\/\/thepueblatimes.mx\/index.php\/wp-json\/wp\/v2\/posts\/19376\/revisions\/19378"}],"wp:featuredmedia":[{"embeddable":true,"href":"https:\/\/thepueblatimes.mx\/index.php\/wp-json\/wp\/v2\/media\/19377"}],"wp:attachment":[{"href":"https:\/\/thepueblatimes.mx\/index.php\/wp-json\/wp\/v2\/media?parent=19376"}],"wp:term":[{"taxonomy":"category","embeddable":true,"href":"https:\/\/thepueblatimes.mx\/index.php\/wp-json\/wp\/v2\/categories?post=19376"},{"taxonomy":"post_tag","embeddable":true,"href":"https:\/\/thepueblatimes.mx\/index.php\/wp-json\/wp\/v2\/tags?post=19376"}],"curies":[{"name":"wp","href":"https:\/\/api.w.org\/{rel}","templated":true}]}}