{"id":19368,"date":"2023-09-15T10:55:24","date_gmt":"2023-09-15T16:55:24","guid":{"rendered":"https:\/\/thepueblatimes.mx\/?p=19368"},"modified":"2023-09-15T10:56:45","modified_gmt":"2023-09-15T16:56:45","slug":"tragedia-en-libia-al-menos-11-mil-muertos-por-inundaciones","status":"publish","type":"post","link":"https:\/\/thepueblatimes.mx\/index.php\/2023\/09\/15\/tragedia-en-libia-al-menos-11-mil-muertos-por-inundaciones\/","title":{"rendered":"Tragedia en Libia, al menos 11 mil muertos por inundaciones"},"content":{"rendered":"<div class=\"row\">\n<div class=\"col-sm-xl-12 layout-section wrap-bottom\">\n<p><strong>POR EL FINANCIERO<\/strong><\/p>\n<h3 class=\"primary-font__PrimaryFontStyles-o56yd5-0 heuGTu h4-primary sub-headline\"><em>* Por el momento en la ciudad de Derna, devastada por las inundaciones, solo se permite el acceso de equipos de b\u00fasqueda y rescate.<\/em><\/h3>\n<p class=\"default__StyledText-kkhi2r-0 cGAawy body-paragraph\">Las autoridades libias impidieron el viernes la entrada de civiles a la ciudad oriental de\u00a0<a href=\"https:\/\/www.elfinanciero.com.mx\/mundo\/2023\/09\/14\/tragedia-en-libia-entierran-a-miles-y-continua-la-busqueda-de-9-mil-personas-tras-las-inundaciones\/\" target=\"_blank\" rel=\"noopener\">Derna, <\/a>devastada por las inundaciones, para que los rescatistas puedan buscan entre el lodo y los escombros de los edificios a las\u00a0<b>10 mil 100 personas<\/b>\u00a0que siguen desaparecidas luego de que la\u00a0<b>cifra oficial de v\u00edctimas aumentara a 11 mil 300<\/b>.<\/p>\n<p class=\"default__StyledText-kkhi2r-0 cGAawy body-paragraph\">El desastre provocado por el\u00a0<b>colapso de dos represas durante una potente tormenta<\/b>, que causaron una enorme inundaci\u00f3n en la ciudad mediterr\u00e1nea a primera hora del lunes, puso de manifiesto la intensidad del meteoro, pero tambi\u00e9n la\u00a0<b>vulnerabilidad del pa\u00eds rico en petr\u00f3leo<\/b>. Desde 2014,<a href=\"https:\/\/www.elfinanciero.com.mx\/tags\/libia\/\" target=\"_blank\" rel=\"noopener\">\u00a0Libia<\/a> est\u00e1 dividida en gobiernos rivales asentados en el este y el oeste, que est\u00e1n respaldados por diversas milicias y patrocinadores internacionales.<\/p>\n<p class=\"default__StyledText-kkhi2r-0 cGAawy body-paragraph\">Derna estaba siendo evacuada y\u00a0<b>solo se permit\u00eda el acceso de los equipos de b\u00fasqueda y rescate<\/b>, anunci\u00f3 el jueves en la noche Salam al-Fergany, director general del Servicio de Ambulancias y Emergencias en el este de Libia.<\/p>\n<p class=\"default__StyledText-kkhi2r-0 cGAawy body-paragraph\">El desastre ha generado una inusual unidad con las agencias gubernamentales del dividido pa\u00eds apresur\u00e1ndose para ayudar a las zonas afectadas. Los primeros convoyes con ayuda llegaron a Derna el martes en la noche. El operativo se han ralentizado por la destrucci\u00f3n de varios puentes que conectan con la ciudad.<\/p>\n<p class=\"default__StyledText-kkhi2r-0 cGAawy body-paragraph\">La Media Luna Roja libia dijo que, hasta el jueves, en Derna se hab\u00edan registrado 11 mil 300 fallecidos y\u00a010 mil 100 desaparecidos. La\u00a0<b>tormenta mediterr\u00e1nea Daniel se cobr\u00f3 tambi\u00e9n la vida de unas 170 personas\u00a0<\/b>en otras partes del pa\u00eds.<\/p>\n<p class=\"default__StyledText-kkhi2r-0 cGAawy body-paragraph\">El ministro de Salud del este, Othman Abduljaleel, indic\u00f3 que por el momento los entierros se est\u00e1n llevando a cabo en fosas comunes a la afueras de Derna y en ciudades y localidades pr\u00f3ximas.<\/p>\n<div id=\"arcad-feature-1347\" class=\"default__StyledAdUnit-ijbiyl-0 bWigPu arcad-feature margin-md-bottom \">\n<div id=\"\" class=\"arcad-container\">\n<div id=\"lazy_4\">Abduljaleel se\u00f1al\u00f3 que los equipos de rescate estaban revisando los edificios en ruinas del centro de la ciudad y que hab\u00eda buceadores peinando la costa.<\/div>\n<\/div>\n<\/div>\n<\/div>\n<div><\/div>\n<div class=\"default__StyledDiv-cj38t1-0 gCPfDm share-bar\">Nota Completa:\u00a0<a href=\"https:\/\/www.elfinanciero.com.mx\/mundo\/2023\/09\/15\/inundaciones-en-libia-cifra-de-victimas-sube-a-11-mil-y-continua-la-busqueda-de-10-mil-desaparecidos\/\">https:\/\/www.elfinanciero.com.mx\/mundo\/2023\/09\/15\/inundaciones-en-libia-cifra-de-victimas-sube-a-11-mil-y-continua-la-busqueda-de-10-mil-desaparecidos\/<\/a><\/div>\n<\/div>\n","protected":false},"excerpt":{"rendered":"<p>POR EL FINANCIERO * Por el momento en la ciudad de Derna, devastada por las inundaciones, solo se permite el acceso de equipos de b\u00fasqueda y rescate. Las autoridades libias impidieron el viernes la entrada de civiles a la ciudad oriental de\u00a0Derna, devastada por las inundaciones, para que los rescatistas puedan buscan entre el lodo&#8230;<\/p>\n","protected":false},"author":2,"featured_media":19369,"comment_status":"closed","ping_status":"closed","sticky":false,"template":"","format":"standard","meta":[],"categories":[6,7],"tags":[1509,1508,1380],"yoast_head":"<!-- This site is optimized with the Yoast SEO plugin v20.8 - https:\/\/yoast.com\/wordpress\/plugins\/seo\/ -->\n<title>Tragedia en Libia, al menos 11 mil muertos por inundaciones - The Puebla Times<\/title>\n<meta name=\"robots\" content=\"index, follow, max-snippet:-1, max-image-preview:large, max-video-preview:-1\" \/>\n<link rel=\"canonical\" href=\"https:\/\/thepueblatimes.mx\/index.php\/2023\/09\/15\/tragedia-en-libia-al-menos-11-mil-muertos-por-inundaciones\/\" \/>\n<meta property=\"og:locale\" content=\"es_ES\" \/>\n<meta property=\"og:type\" content=\"article\" \/>\n<meta property=\"og:title\" content=\"Tragedia en Libia, al menos 11 mil muertos por inundaciones - The Puebla Times\" \/>\n<meta property=\"og:description\" content=\"POR EL FINANCIERO * Por el momento en la ciudad de Derna, devastada por las inundaciones, solo se permite el acceso de equipos de b\u00fasqueda y rescate. Las autoridades libias impidieron el viernes la entrada de civiles a la ciudad oriental de\u00a0Derna, devastada por las inundaciones, para que los rescatistas puedan buscan entre el lodo...\" \/>\n<meta property=\"og:url\" content=\"https:\/\/thepueblatimes.mx\/index.php\/2023\/09\/15\/tragedia-en-libia-al-menos-11-mil-muertos-por-inundaciones\/\" \/>\n<meta property=\"og:site_name\" content=\"The Puebla Times\" \/>\n<meta property=\"article:published_time\" content=\"2023-09-15T16:55:24+00:00\" \/>\n<meta property=\"article:modified_time\" content=\"2023-09-15T16:56:45+00:00\" \/>\n<meta property=\"og:image\" content=\"https:\/\/thepueblatimes.mx\/wp-content\/uploads\/2023\/09\/XQCWM5D34BFFPOONMRGEPMAG2Y.jpg\" \/>\n\t<meta property=\"og:image:width\" content=\"800\" \/>\n\t<meta property=\"og:image:height\" content=\"600\" \/>\n\t<meta property=\"og:image:type\" content=\"image\/jpeg\" \/>\n<meta name=\"author\" content=\"admintpt\" \/>\n<meta name=\"twitter:card\" content=\"summary_large_image\" \/>\n<meta name=\"twitter:label1\" content=\"Escrito por\" \/>\n\t<meta name=\"twitter:data1\" content=\"admintpt\" \/>\n\t<meta name=\"twitter:label2\" content=\"Tiempo de lectura\" \/>\n\t<meta name=\"twitter:data2\" content=\"2 minutos\" \/>\n<script type=\"application\/ld+json\" class=\"yoast-schema-graph\">{\"@context\":\"https:\/\/schema.org\",\"@graph\":[{\"@type\":\"WebPage\",\"@id\":\"https:\/\/thepueblatimes.mx\/index.php\/2023\/09\/15\/tragedia-en-libia-al-menos-11-mil-muertos-por-inundaciones\/\",\"url\":\"https:\/\/thepueblatimes.mx\/index.php\/2023\/09\/15\/tragedia-en-libia-al-menos-11-mil-muertos-por-inundaciones\/\",\"name\":\"Tragedia en Libia, al menos 11 mil muertos por inundaciones - The Puebla Times\",\"isPartOf\":{\"@id\":\"https:\/\/thepueblatimes.mx\/#website\"},\"datePublished\":\"2023-09-15T16:55:24+00:00\",\"dateModified\":\"2023-09-15T16:56:45+00:00\",\"author\":{\"@id\":\"https:\/\/thepueblatimes.mx\/#\/schema\/person\/c90a455f48a80821b6a99d3d73d1a71f\"},\"breadcrumb\":{\"@id\":\"https:\/\/thepueblatimes.mx\/index.php\/2023\/09\/15\/tragedia-en-libia-al-menos-11-mil-muertos-por-inundaciones\/#breadcrumb\"},\"inLanguage\":\"es\",\"potentialAction\":[{\"@type\":\"ReadAction\",\"target\":[\"https:\/\/thepueblatimes.mx\/index.php\/2023\/09\/15\/tragedia-en-libia-al-menos-11-mil-muertos-por-inundaciones\/\"]}]},{\"@type\":\"BreadcrumbList\",\"@id\":\"https:\/\/thepueblatimes.mx\/index.php\/2023\/09\/15\/tragedia-en-libia-al-menos-11-mil-muertos-por-inundaciones\/#breadcrumb\",\"itemListElement\":[{\"@type\":\"ListItem\",\"position\":1,\"name\":\"Portada\",\"item\":\"https:\/\/thepueblatimes.mx\/\"},{\"@type\":\"ListItem\",\"position\":2,\"name\":\"Tragedia en Libia, al menos 11 mil muertos por inundaciones\"}]},{\"@type\":\"WebSite\",\"@id\":\"https:\/\/thepueblatimes.mx\/#website\",\"url\":\"https:\/\/thepueblatimes.mx\/\",\"name\":\"The Puebla Times\",\"description\":\"Noticias del Estado de Puebla\",\"potentialAction\":[{\"@type\":\"SearchAction\",\"target\":{\"@type\":\"EntryPoint\",\"urlTemplate\":\"https:\/\/thepueblatimes.mx\/?s={search_term_string}\"},\"query-input\":\"required name=search_term_string\"}],\"inLanguage\":\"es\"},{\"@type\":\"Person\",\"@id\":\"https:\/\/thepueblatimes.mx\/#\/schema\/person\/c90a455f48a80821b6a99d3d73d1a71f\",\"name\":\"admintpt\",\"image\":{\"@type\":\"ImageObject\",\"inLanguage\":\"es\",\"@id\":\"https:\/\/thepueblatimes.mx\/#\/schema\/person\/image\/\",\"url\":\"https:\/\/secure.gravatar.com\/avatar\/13f0a494cc76bfb992f9768b1d51109d?s=96&d=mm&r=g\",\"contentUrl\":\"https:\/\/secure.gravatar.com\/avatar\/13f0a494cc76bfb992f9768b1d51109d?s=96&d=mm&r=g\",\"caption\":\"admintpt\"},\"url\":\"https:\/\/thepueblatimes.mx\/index.php\/author\/admintpt\/\"}]}<\/script>\n<!-- \/ Yoast SEO plugin. -->","yoast_head_json":{"title":"Tragedia en Libia, al menos 11 mil muertos por inundaciones - The Puebla Times","robots":{"index":"index","follow":"follow","max-snippet":"max-snippet:-1","max-image-preview":"max-image-preview:large","max-video-preview":"max-video-preview:-1"},"canonical":"https:\/\/thepueblatimes.mx\/index.php\/2023\/09\/15\/tragedia-en-libia-al-menos-11-mil-muertos-por-inundaciones\/","og_locale":"es_ES","og_type":"article","og_title":"Tragedia en Libia, al menos 11 mil muertos por inundaciones - The Puebla Times","og_description":"POR EL FINANCIERO * Por el momento en la ciudad de Derna, devastada por las inundaciones, solo se permite el acceso de equipos de b\u00fasqueda y rescate. Las autoridades libias impidieron el viernes la entrada de civiles a la ciudad oriental de\u00a0Derna, devastada por las inundaciones, para que los rescatistas puedan buscan entre el lodo...","og_url":"https:\/\/thepueblatimes.mx\/index.php\/2023\/09\/15\/tragedia-en-libia-al-menos-11-mil-muertos-por-inundaciones\/","og_site_name":"The Puebla Times","article_published_time":"2023-09-15T16:55:24+00:00","article_modified_time":"2023-09-15T16:56:45+00:00","og_image":[{"width":800,"height":600,"url":"https:\/\/thepueblatimes.mx\/wp-content\/uploads\/2023\/09\/XQCWM5D34BFFPOONMRGEPMAG2Y.jpg","type":"image\/jpeg"}],"author":"admintpt","twitter_card":"summary_large_image","twitter_misc":{"Escrito por":"admintpt","Tiempo de lectura":"2 minutos"},"schema":{"@context":"https:\/\/schema.org","@graph":[{"@type":"WebPage","@id":"https:\/\/thepueblatimes.mx\/index.php\/2023\/09\/15\/tragedia-en-libia-al-menos-11-mil-muertos-por-inundaciones\/","url":"https:\/\/thepueblatimes.mx\/index.php\/2023\/09\/15\/tragedia-en-libia-al-menos-11-mil-muertos-por-inundaciones\/","name":"Tragedia en Libia, al menos 11 mil muertos por inundaciones - The Puebla Times","isPartOf":{"@id":"https:\/\/thepueblatimes.mx\/#website"},"datePublished":"2023-09-15T16:55:24+00:00","dateModified":"2023-09-15T16:56:45+00:00","author":{"@id":"https:\/\/thepueblatimes.mx\/#\/schema\/person\/c90a455f48a80821b6a99d3d73d1a71f"},"breadcrumb":{"@id":"https:\/\/thepueblatimes.mx\/index.php\/2023\/09\/15\/tragedia-en-libia-al-menos-11-mil-muertos-por-inundaciones\/#breadcrumb"},"inLanguage":"es","potentialAction":[{"@type":"ReadAction","target":["https:\/\/thepueblatimes.mx\/index.php\/2023\/09\/15\/tragedia-en-libia-al-menos-11-mil-muertos-por-inundaciones\/"]}]},{"@type":"BreadcrumbList","@id":"https:\/\/thepueblatimes.mx\/index.php\/2023\/09\/15\/tragedia-en-libia-al-menos-11-mil-muertos-por-inundaciones\/#breadcrumb","itemListElement":[{"@type":"ListItem","position":1,"name":"Portada","item":"https:\/\/thepueblatimes.mx\/"},{"@type":"ListItem","position":2,"name":"Tragedia en Libia, al menos 11 mil muertos por inundaciones"}]},{"@type":"WebSite","@id":"https:\/\/thepueblatimes.mx\/#website","url":"https:\/\/thepueblatimes.mx\/","name":"The Puebla Times","description":"Noticias del Estado de Puebla","potentialAction":[{"@type":"SearchAction","target":{"@type":"EntryPoint","urlTemplate":"https:\/\/thepueblatimes.mx\/?s={search_term_string}"},"query-input":"required name=search_term_string"}],"inLanguage":"es"},{"@type":"Person","@id":"https:\/\/thepueblatimes.mx\/#\/schema\/person\/c90a455f48a80821b6a99d3d73d1a71f","name":"admintpt","image":{"@type":"ImageObject","inLanguage":"es","@id":"https:\/\/thepueblatimes.mx\/#\/schema\/person\/image\/","url":"https:\/\/secure.gravatar.com\/avatar\/13f0a494cc76bfb992f9768b1d51109d?s=96&d=mm&r=g","contentUrl":"https:\/\/secure.gravatar.com\/avatar\/13f0a494cc76bfb992f9768b1d51109d?s=96&d=mm&r=g","caption":"admintpt"},"url":"https:\/\/thepueblatimes.mx\/index.php\/author\/admintpt\/"}]}},"jetpack_featured_media_url":"https:\/\/thepueblatimes.mx\/wp-content\/uploads\/2023\/09\/XQCWM5D34BFFPOONMRGEPMAG2Y.jpg","_links":{"self":[{"href":"https:\/\/thepueblatimes.mx\/index.php\/wp-json\/wp\/v2\/posts\/19368"}],"collection":[{"href":"https:\/\/thepueblatimes.mx\/index.php\/wp-json\/wp\/v2\/posts"}],"about":[{"href":"https:\/\/thepueblatimes.mx\/index.php\/wp-json\/wp\/v2\/types\/post"}],"author":[{"embeddable":true,"href":"https:\/\/thepueblatimes.mx\/index.php\/wp-json\/wp\/v2\/users\/2"}],"replies":[{"embeddable":true,"href":"https:\/\/thepueblatimes.mx\/index.php\/wp-json\/wp\/v2\/comments?post=19368"}],"version-history":[{"count":3,"href":"https:\/\/thepueblatimes.mx\/index.php\/wp-json\/wp\/v2\/posts\/19368\/revisions"}],"predecessor-version":[{"id":19372,"href":"https:\/\/thepueblatimes.mx\/index.php\/wp-json\/wp\/v2\/posts\/19368\/revisions\/19372"}],"wp:featuredmedia":[{"embeddable":true,"href":"https:\/\/thepueblatimes.mx\/index.php\/wp-json\/wp\/v2\/media\/19369"}],"wp:attachment":[{"href":"https:\/\/thepueblatimes.mx\/index.php\/wp-json\/wp\/v2\/media?parent=19368"}],"wp:term":[{"taxonomy":"category","embeddable":true,"href":"https:\/\/thepueblatimes.mx\/index.php\/wp-json\/wp\/v2\/categories?post=19368"},{"taxonomy":"post_tag","embeddable":true,"href":"https:\/\/thepueblatimes.mx\/index.php\/wp-json\/wp\/v2\/tags?post=19368"}],"curies":[{"name":"wp","href":"https:\/\/api.w.org\/{rel}","templated":true}]}}