{"id":19242,"date":"2023-09-05T17:38:51","date_gmt":"2023-09-05T23:38:51","guid":{"rendered":"https:\/\/thepueblatimes.mx\/?p=19242"},"modified":"2023-09-05T17:38:51","modified_gmt":"2023-09-05T23:38:51","slug":"se-abre-tercera-generacion-de-profesionalizacion-para-cooperativas-economia","status":"publish","type":"post","link":"https:\/\/thepueblatimes.mx\/index.php\/2023\/09\/05\/se-abre-tercera-generacion-de-profesionalizacion-para-cooperativas-economia\/","title":{"rendered":"Se abre tercera generaci\u00f3n de profesionalizaci\u00f3n para cooperativas: Econom\u00eda"},"content":{"rendered":"<h3><em>*Las inscripciones se realizar\u00e1n en seis foros regionales, el primero se efectu\u00f3 en Tehuac\u00e1n.<\/em><\/h3>\n<p>TEHUAC\u00c1N, Pue. -Porque el gobierno presente de Sergio Salom\u00f3n crea oportunidades de desarrollo, impulsa las capacidades esenciales, garantiza un nivel de vida digno y un entorno favorable para la econom\u00eda de las regiones del estado, la Secretar\u00eda de Econom\u00eda abri\u00f3 la tercera generaci\u00f3n de profesionalizaci\u00f3n para cooperativas.<\/p>\n<p>Al inaugurar esta edici\u00f3n, la titular de la dependencia, Olivia Salom\u00f3n se\u00f1al\u00f3 que el programa apuesta a conformar el encadenamiento productivo de la gente del campo, artesanas y artesanos, as\u00ed como microindustrias para vincularse sin intermediarios a los grandes mercados, a trav\u00e9s de su profesionalizaci\u00f3n uniendo vocaciones productivas, organiz\u00e1ndolos y eligiendo representantes para la formaci\u00f3n de l\u00edderes listos para servir a los dem\u00e1s.<\/p>\n<p>Adem\u00e1s, brindar\u00e1 asesor\u00eda gratuita en comercializaci\u00f3n, exportaci\u00f3n, dise\u00f1o de marcas, de sus productos, al mismo tiempo de formaci\u00f3n en torno a requisitos fiscales y administrativos para que los emprendedores den el siguiente paso como empresas, dijo.<\/p>\n<p>En el inicio de la tercera generaci\u00f3n participaron quienes tienen una vocaci\u00f3n productiva, agroalimentaria, de servicio de turismo y \/o artesana de municipios como Atepexi, Atexcal, Ca\u00f1ada Morelos, Coxcatl\u00e1n, San Antonio Ca\u00f1ada, San Gabriel Chilac, Juan N. M\u00e9ndez, San Jos\u00e9 Miahuatl\u00e1n, Zinacatepec, Caltepec, Tehuac\u00e1n, Tepanco de L\u00f3pez, Zapotitl\u00e1n Salinas, Chapulco, Nicolas Bravo, Zinacatepec, Aalpan, Coyotepec, Coyomeapan, Eloxochitl\u00e1n, San Sebasti\u00e1n Tlacotepec, Vicente Guerrero, Ixcaquixtla y Zoquitl\u00e1n.<\/p>\n<p>En ese sentido, Olivia Salom\u00f3n record\u00f3 que en las dos anteriores ediciones se benefici\u00f3 a m\u00e1s de 5 mil familias con la capacitaci\u00f3n a 507 productores y productoras de 104 equipos de vocaciones productivas, de 83 municipios de 24 regiones del estado; participaron cooperativistas con productos como amaranto, berries, jengibre, ma\u00edz, mezcal, manzana, sal prehisp\u00e1nica de Zapotitl\u00e1n Salinas, textiles y bordados de Hueyapan, as\u00ed como barro policromado, que hoy son una realidad, gracias al trabajo organizado.<\/p>\n","protected":false},"excerpt":{"rendered":"<p>*Las inscripciones se realizar\u00e1n en seis foros regionales, el primero se efectu\u00f3 en Tehuac\u00e1n. TEHUAC\u00c1N, Pue. -Porque el gobierno presente de Sergio Salom\u00f3n crea oportunidades de desarrollo, impulsa las capacidades esenciales, garantiza un nivel de vida digno y un entorno favorable para la econom\u00eda de las regiones del estado, la Secretar\u00eda de Econom\u00eda abri\u00f3 la&#8230;<\/p>\n","protected":false},"author":2,"featured_media":19243,"comment_status":"closed","ping_status":"closed","sticky":false,"template":"","format":"standard","meta":[],"categories":[3],"tags":[159,1273,1327,1328],"yoast_head":"<!-- This site is optimized with the Yoast SEO plugin v20.8 - https:\/\/yoast.com\/wordpress\/plugins\/seo\/ -->\n<title>Se abre tercera generaci\u00f3n de profesionalizaci\u00f3n para cooperativas: Econom\u00eda - The Puebla Times<\/title>\n<meta name=\"robots\" content=\"index, follow, max-snippet:-1, max-image-preview:large, max-video-preview:-1\" \/>\n<link rel=\"canonical\" href=\"https:\/\/thepueblatimes.mx\/index.php\/2023\/09\/05\/se-abre-tercera-generacion-de-profesionalizacion-para-cooperativas-economia\/\" \/>\n<meta property=\"og:locale\" content=\"es_ES\" \/>\n<meta property=\"og:type\" content=\"article\" \/>\n<meta property=\"og:title\" content=\"Se abre tercera generaci\u00f3n de profesionalizaci\u00f3n para cooperativas: Econom\u00eda - The Puebla Times\" \/>\n<meta property=\"og:description\" content=\"*Las inscripciones se realizar\u00e1n en seis foros regionales, el primero se efectu\u00f3 en Tehuac\u00e1n. TEHUAC\u00c1N, Pue. -Porque el gobierno presente de Sergio Salom\u00f3n crea oportunidades de desarrollo, impulsa las capacidades esenciales, garantiza un nivel de vida digno y un entorno favorable para la econom\u00eda de las regiones del estado, la Secretar\u00eda de Econom\u00eda abri\u00f3 la...\" \/>\n<meta property=\"og:url\" content=\"https:\/\/thepueblatimes.mx\/index.php\/2023\/09\/05\/se-abre-tercera-generacion-de-profesionalizacion-para-cooperativas-economia\/\" \/>\n<meta property=\"og:site_name\" content=\"The Puebla Times\" \/>\n<meta property=\"article:published_time\" content=\"2023-09-05T23:38:51+00:00\" \/>\n<meta property=\"og:image\" content=\"https:\/\/thepueblatimes.mx\/wp-content\/uploads\/2023\/09\/ECONOMIA3.jpg\" \/>\n\t<meta property=\"og:image:width\" content=\"1600\" \/>\n\t<meta property=\"og:image:height\" content=\"1067\" \/>\n\t<meta property=\"og:image:type\" content=\"image\/jpeg\" \/>\n<meta name=\"author\" content=\"admintpt\" \/>\n<meta name=\"twitter:card\" content=\"summary_large_image\" \/>\n<meta name=\"twitter:label1\" content=\"Escrito por\" \/>\n\t<meta name=\"twitter:data1\" content=\"admintpt\" \/>\n\t<meta name=\"twitter:label2\" content=\"Tiempo de lectura\" \/>\n\t<meta name=\"twitter:data2\" content=\"2 minutos\" \/>\n<script type=\"application\/ld+json\" class=\"yoast-schema-graph\">{\"@context\":\"https:\/\/schema.org\",\"@graph\":[{\"@type\":\"WebPage\",\"@id\":\"https:\/\/thepueblatimes.mx\/index.php\/2023\/09\/05\/se-abre-tercera-generacion-de-profesionalizacion-para-cooperativas-economia\/\",\"url\":\"https:\/\/thepueblatimes.mx\/index.php\/2023\/09\/05\/se-abre-tercera-generacion-de-profesionalizacion-para-cooperativas-economia\/\",\"name\":\"Se abre tercera generaci\u00f3n de profesionalizaci\u00f3n para cooperativas: Econom\u00eda - The Puebla Times\",\"isPartOf\":{\"@id\":\"https:\/\/thepueblatimes.mx\/#website\"},\"datePublished\":\"2023-09-05T23:38:51+00:00\",\"dateModified\":\"2023-09-05T23:38:51+00:00\",\"author\":{\"@id\":\"https:\/\/thepueblatimes.mx\/#\/schema\/person\/c90a455f48a80821b6a99d3d73d1a71f\"},\"breadcrumb\":{\"@id\":\"https:\/\/thepueblatimes.mx\/index.php\/2023\/09\/05\/se-abre-tercera-generacion-de-profesionalizacion-para-cooperativas-economia\/#breadcrumb\"},\"inLanguage\":\"es\",\"potentialAction\":[{\"@type\":\"ReadAction\",\"target\":[\"https:\/\/thepueblatimes.mx\/index.php\/2023\/09\/05\/se-abre-tercera-generacion-de-profesionalizacion-para-cooperativas-economia\/\"]}]},{\"@type\":\"BreadcrumbList\",\"@id\":\"https:\/\/thepueblatimes.mx\/index.php\/2023\/09\/05\/se-abre-tercera-generacion-de-profesionalizacion-para-cooperativas-economia\/#breadcrumb\",\"itemListElement\":[{\"@type\":\"ListItem\",\"position\":1,\"name\":\"Portada\",\"item\":\"https:\/\/thepueblatimes.mx\/\"},{\"@type\":\"ListItem\",\"position\":2,\"name\":\"Se abre tercera generaci\u00f3n de profesionalizaci\u00f3n para cooperativas: Econom\u00eda\"}]},{\"@type\":\"WebSite\",\"@id\":\"https:\/\/thepueblatimes.mx\/#website\",\"url\":\"https:\/\/thepueblatimes.mx\/\",\"name\":\"The Puebla Times\",\"description\":\"Noticias del Estado de Puebla\",\"potentialAction\":[{\"@type\":\"SearchAction\",\"target\":{\"@type\":\"EntryPoint\",\"urlTemplate\":\"https:\/\/thepueblatimes.mx\/?s={search_term_string}\"},\"query-input\":\"required name=search_term_string\"}],\"inLanguage\":\"es\"},{\"@type\":\"Person\",\"@id\":\"https:\/\/thepueblatimes.mx\/#\/schema\/person\/c90a455f48a80821b6a99d3d73d1a71f\",\"name\":\"admintpt\",\"image\":{\"@type\":\"ImageObject\",\"inLanguage\":\"es\",\"@id\":\"https:\/\/thepueblatimes.mx\/#\/schema\/person\/image\/\",\"url\":\"https:\/\/secure.gravatar.com\/avatar\/13f0a494cc76bfb992f9768b1d51109d?s=96&d=mm&r=g\",\"contentUrl\":\"https:\/\/secure.gravatar.com\/avatar\/13f0a494cc76bfb992f9768b1d51109d?s=96&d=mm&r=g\",\"caption\":\"admintpt\"},\"url\":\"https:\/\/thepueblatimes.mx\/index.php\/author\/admintpt\/\"}]}<\/script>\n<!-- \/ Yoast SEO plugin. -->","yoast_head_json":{"title":"Se abre tercera generaci\u00f3n de profesionalizaci\u00f3n para cooperativas: Econom\u00eda - The Puebla Times","robots":{"index":"index","follow":"follow","max-snippet":"max-snippet:-1","max-image-preview":"max-image-preview:large","max-video-preview":"max-video-preview:-1"},"canonical":"https:\/\/thepueblatimes.mx\/index.php\/2023\/09\/05\/se-abre-tercera-generacion-de-profesionalizacion-para-cooperativas-economia\/","og_locale":"es_ES","og_type":"article","og_title":"Se abre tercera generaci\u00f3n de profesionalizaci\u00f3n para cooperativas: Econom\u00eda - The Puebla Times","og_description":"*Las inscripciones se realizar\u00e1n en seis foros regionales, el primero se efectu\u00f3 en Tehuac\u00e1n. TEHUAC\u00c1N, Pue. -Porque el gobierno presente de Sergio Salom\u00f3n crea oportunidades de desarrollo, impulsa las capacidades esenciales, garantiza un nivel de vida digno y un entorno favorable para la econom\u00eda de las regiones del estado, la Secretar\u00eda de Econom\u00eda abri\u00f3 la...","og_url":"https:\/\/thepueblatimes.mx\/index.php\/2023\/09\/05\/se-abre-tercera-generacion-de-profesionalizacion-para-cooperativas-economia\/","og_site_name":"The Puebla Times","article_published_time":"2023-09-05T23:38:51+00:00","og_image":[{"width":1600,"height":1067,"url":"https:\/\/thepueblatimes.mx\/wp-content\/uploads\/2023\/09\/ECONOMIA3.jpg","type":"image\/jpeg"}],"author":"admintpt","twitter_card":"summary_large_image","twitter_misc":{"Escrito por":"admintpt","Tiempo de lectura":"2 minutos"},"schema":{"@context":"https:\/\/schema.org","@graph":[{"@type":"WebPage","@id":"https:\/\/thepueblatimes.mx\/index.php\/2023\/09\/05\/se-abre-tercera-generacion-de-profesionalizacion-para-cooperativas-economia\/","url":"https:\/\/thepueblatimes.mx\/index.php\/2023\/09\/05\/se-abre-tercera-generacion-de-profesionalizacion-para-cooperativas-economia\/","name":"Se abre tercera generaci\u00f3n de profesionalizaci\u00f3n para cooperativas: Econom\u00eda - The Puebla Times","isPartOf":{"@id":"https:\/\/thepueblatimes.mx\/#website"},"datePublished":"2023-09-05T23:38:51+00:00","dateModified":"2023-09-05T23:38:51+00:00","author":{"@id":"https:\/\/thepueblatimes.mx\/#\/schema\/person\/c90a455f48a80821b6a99d3d73d1a71f"},"breadcrumb":{"@id":"https:\/\/thepueblatimes.mx\/index.php\/2023\/09\/05\/se-abre-tercera-generacion-de-profesionalizacion-para-cooperativas-economia\/#breadcrumb"},"inLanguage":"es","potentialAction":[{"@type":"ReadAction","target":["https:\/\/thepueblatimes.mx\/index.php\/2023\/09\/05\/se-abre-tercera-generacion-de-profesionalizacion-para-cooperativas-economia\/"]}]},{"@type":"BreadcrumbList","@id":"https:\/\/thepueblatimes.mx\/index.php\/2023\/09\/05\/se-abre-tercera-generacion-de-profesionalizacion-para-cooperativas-economia\/#breadcrumb","itemListElement":[{"@type":"ListItem","position":1,"name":"Portada","item":"https:\/\/thepueblatimes.mx\/"},{"@type":"ListItem","position":2,"name":"Se abre tercera generaci\u00f3n de profesionalizaci\u00f3n para cooperativas: Econom\u00eda"}]},{"@type":"WebSite","@id":"https:\/\/thepueblatimes.mx\/#website","url":"https:\/\/thepueblatimes.mx\/","name":"The Puebla Times","description":"Noticias del Estado de Puebla","potentialAction":[{"@type":"SearchAction","target":{"@type":"EntryPoint","urlTemplate":"https:\/\/thepueblatimes.mx\/?s={search_term_string}"},"query-input":"required name=search_term_string"}],"inLanguage":"es"},{"@type":"Person","@id":"https:\/\/thepueblatimes.mx\/#\/schema\/person\/c90a455f48a80821b6a99d3d73d1a71f","name":"admintpt","image":{"@type":"ImageObject","inLanguage":"es","@id":"https:\/\/thepueblatimes.mx\/#\/schema\/person\/image\/","url":"https:\/\/secure.gravatar.com\/avatar\/13f0a494cc76bfb992f9768b1d51109d?s=96&d=mm&r=g","contentUrl":"https:\/\/secure.gravatar.com\/avatar\/13f0a494cc76bfb992f9768b1d51109d?s=96&d=mm&r=g","caption":"admintpt"},"url":"https:\/\/thepueblatimes.mx\/index.php\/author\/admintpt\/"}]}},"jetpack_featured_media_url":"https:\/\/thepueblatimes.mx\/wp-content\/uploads\/2023\/09\/ECONOMIA3.jpg","_links":{"self":[{"href":"https:\/\/thepueblatimes.mx\/index.php\/wp-json\/wp\/v2\/posts\/19242"}],"collection":[{"href":"https:\/\/thepueblatimes.mx\/index.php\/wp-json\/wp\/v2\/posts"}],"about":[{"href":"https:\/\/thepueblatimes.mx\/index.php\/wp-json\/wp\/v2\/types\/post"}],"author":[{"embeddable":true,"href":"https:\/\/thepueblatimes.mx\/index.php\/wp-json\/wp\/v2\/users\/2"}],"replies":[{"embeddable":true,"href":"https:\/\/thepueblatimes.mx\/index.php\/wp-json\/wp\/v2\/comments?post=19242"}],"version-history":[{"count":1,"href":"https:\/\/thepueblatimes.mx\/index.php\/wp-json\/wp\/v2\/posts\/19242\/revisions"}],"predecessor-version":[{"id":19244,"href":"https:\/\/thepueblatimes.mx\/index.php\/wp-json\/wp\/v2\/posts\/19242\/revisions\/19244"}],"wp:featuredmedia":[{"embeddable":true,"href":"https:\/\/thepueblatimes.mx\/index.php\/wp-json\/wp\/v2\/media\/19243"}],"wp:attachment":[{"href":"https:\/\/thepueblatimes.mx\/index.php\/wp-json\/wp\/v2\/media?parent=19242"}],"wp:term":[{"taxonomy":"category","embeddable":true,"href":"https:\/\/thepueblatimes.mx\/index.php\/wp-json\/wp\/v2\/categories?post=19242"},{"taxonomy":"post_tag","embeddable":true,"href":"https:\/\/thepueblatimes.mx\/index.php\/wp-json\/wp\/v2\/tags?post=19242"}],"curies":[{"name":"wp","href":"https:\/\/api.w.org\/{rel}","templated":true}]}}