{"id":19238,"date":"2023-09-04T19:13:23","date_gmt":"2023-09-05T01:13:23","guid":{"rendered":"https:\/\/thepueblatimes.mx\/?p=19238"},"modified":"2023-09-04T19:13:23","modified_gmt":"2023-09-05T01:13:23","slug":"tormenta-electrica-en-india-deja-12-muertos-y-heridos-por-caida-de-61-mil-rayos-en-dos-horas","status":"publish","type":"post","link":"https:\/\/thepueblatimes.mx\/index.php\/2023\/09\/04\/tormenta-electrica-en-india-deja-12-muertos-y-heridos-por-caida-de-61-mil-rayos-en-dos-horas\/","title":{"rendered":"Tormenta el\u00e9ctrica en India deja 12 muertos y heridos por ca\u00edda de 61 mil rayos en dos horas"},"content":{"rendered":"<p>POR FORBES STAFF<\/p>\n<h3><em>La mayor\u00eda de los fallecidos fueron agricultores de los distritos de Khurda, Bolangir, Angul, Boudh, Jagatsinghpur y Dhenkanal\u00a0que se encontraban trabajando en los campos o personas que se refugiaban bajo los \u00e1rboles cuando se desat\u00f3 la tormenta.<\/em><\/h3>\n<p>Una intensa tormenta el\u00e9ctrica en Odisha, India, que produjo la ca\u00edda de m\u00e1s de 61 mil rayos en dos horas, dej\u00f3 al menos 12 muertos, la mayor\u00eda agricultores y personas refugiadas bajo \u00e1rboles, de acuerdo con medios locales.<\/p>\n<p>M\u00e1s de una docena resultaron heridas, tres en estado cr\u00edtico, por lo que el Gobierno anunci\u00f3 compensaciones para las familias de las v\u00edctimas.<\/p>\n<p>La mayor\u00eda de los fallecidos fueron agricultores de los distritos de Khurda, Bolangir, Angul, Boudh, Jagatsinghpur y Dhenkanal\u00a0que se encontraban trabajando en los campos o personas que se refugiaban bajo los \u00e1rboles cuando se desat\u00f3 la tormenta.<\/p>\n<p>Entre los heridos, tres se encuentran en estado cr\u00edtico y han sido trasladados a hospitales cercanos.<\/p>\n<p>En tanto, de acuerdo con el\u00a0Departamento de Meteorolog\u00eda de la India (IMD)\u00a0advirti\u00f3 que estas condiciones clim\u00e1ticas extremas continuar\u00e1n en Odisha hasta el 7 de septiembre, en donde se prev\u00e9 la ca\u00edda de lluvias y granizo, acompa\u00f1ado de fuertes vientos.<\/p>\n<p>El IMD recomend\u00f3 a la poblaci\u00f3n evitar salir al aire libre durante las tormentas el\u00e9ctricas y que se resguarde en lugares seguros.<\/p>\n<p>En India, las tormentas el\u00e9ctricas son una de las principales causas de muerte por desastres naturales en la India, por lo que el\u00a0Centro Nacional de Desastres (NDC)\u00a0ha llamado al gobierno a implementar medidas preventivas y educativas para reducir el riesgo de este tipo de incidentes.<\/p>\n<p><em>Con informaci\u00f3n de agencias.<\/em><\/p>\n<p>Fuente:\u00a0<a href=\"https:\/\/www.forbes.com.mx\/tormenta-electrica-en-india-deja-12-muertos-y-heridos-por-caida-de-61-mil-rayos-en-dos-horas\/\">https:\/\/www.forbes.com.mx\/tormenta-electrica-en-india-deja-12-muertos-y-heridos-por-caida-de-61-mil-rayos-en-dos-horas\/<\/a><\/p>\n","protected":false},"excerpt":{"rendered":"<p>POR FORBES STAFF La mayor\u00eda de los fallecidos fueron agricultores de los distritos de Khurda, Bolangir, Angul, Boudh, Jagatsinghpur y Dhenkanal\u00a0que se encontraban trabajando en los campos o personas que se refugiaban bajo los \u00e1rboles cuando se desat\u00f3 la tormenta. Una intensa tormenta el\u00e9ctrica en Odisha, India, que produjo la ca\u00edda de m\u00e1s de 61&#8230;<\/p>\n","protected":false},"author":2,"featured_media":19240,"comment_status":"closed","ping_status":"closed","sticky":false,"template":"","format":"standard","meta":[],"categories":[6,7],"tags":[1329,417,1471,1472],"yoast_head":"<!-- This site is optimized with the Yoast SEO plugin v20.8 - https:\/\/yoast.com\/wordpress\/plugins\/seo\/ -->\n<title>Tormenta el\u00e9ctrica en India deja 12 muertos y heridos por ca\u00edda de 61 mil rayos en dos horas - The Puebla Times<\/title>\n<meta name=\"robots\" content=\"index, follow, max-snippet:-1, max-image-preview:large, max-video-preview:-1\" \/>\n<link rel=\"canonical\" href=\"https:\/\/thepueblatimes.mx\/index.php\/2023\/09\/04\/tormenta-electrica-en-india-deja-12-muertos-y-heridos-por-caida-de-61-mil-rayos-en-dos-horas\/\" \/>\n<meta property=\"og:locale\" content=\"es_ES\" \/>\n<meta property=\"og:type\" content=\"article\" \/>\n<meta property=\"og:title\" content=\"Tormenta el\u00e9ctrica en India deja 12 muertos y heridos por ca\u00edda de 61 mil rayos en dos horas - The Puebla Times\" \/>\n<meta property=\"og:description\" content=\"POR FORBES STAFF La mayor\u00eda de los fallecidos fueron agricultores de los distritos de Khurda, Bolangir, Angul, Boudh, Jagatsinghpur y Dhenkanal\u00a0que se encontraban trabajando en los campos o personas que se refugiaban bajo los \u00e1rboles cuando se desat\u00f3 la tormenta. Una intensa tormenta el\u00e9ctrica en Odisha, India, que produjo la ca\u00edda de m\u00e1s de 61...\" \/>\n<meta property=\"og:url\" content=\"https:\/\/thepueblatimes.mx\/index.php\/2023\/09\/04\/tormenta-electrica-en-india-deja-12-muertos-y-heridos-por-caida-de-61-mil-rayos-en-dos-horas\/\" \/>\n<meta property=\"og:site_name\" content=\"The Puebla Times\" \/>\n<meta property=\"article:published_time\" content=\"2023-09-05T01:13:23+00:00\" \/>\n<meta property=\"og:image\" content=\"https:\/\/thepueblatimes.mx\/wp-content\/uploads\/2023\/09\/2-India.webp\" \/>\n\t<meta property=\"og:image:width\" content=\"720\" \/>\n\t<meta property=\"og:image:height\" content=\"440\" \/>\n\t<meta property=\"og:image:type\" content=\"image\/webp\" \/>\n<meta name=\"author\" content=\"admintpt\" \/>\n<meta name=\"twitter:card\" content=\"summary_large_image\" \/>\n<meta name=\"twitter:label1\" content=\"Escrito por\" \/>\n\t<meta name=\"twitter:data1\" content=\"admintpt\" \/>\n\t<meta name=\"twitter:label2\" content=\"Tiempo de lectura\" \/>\n\t<meta name=\"twitter:data2\" content=\"2 minutos\" \/>\n<script type=\"application\/ld+json\" class=\"yoast-schema-graph\">{\"@context\":\"https:\/\/schema.org\",\"@graph\":[{\"@type\":\"WebPage\",\"@id\":\"https:\/\/thepueblatimes.mx\/index.php\/2023\/09\/04\/tormenta-electrica-en-india-deja-12-muertos-y-heridos-por-caida-de-61-mil-rayos-en-dos-horas\/\",\"url\":\"https:\/\/thepueblatimes.mx\/index.php\/2023\/09\/04\/tormenta-electrica-en-india-deja-12-muertos-y-heridos-por-caida-de-61-mil-rayos-en-dos-horas\/\",\"name\":\"Tormenta el\u00e9ctrica en India deja 12 muertos y heridos por ca\u00edda de 61 mil rayos en dos horas - The Puebla Times\",\"isPartOf\":{\"@id\":\"https:\/\/thepueblatimes.mx\/#website\"},\"datePublished\":\"2023-09-05T01:13:23+00:00\",\"dateModified\":\"2023-09-05T01:13:23+00:00\",\"author\":{\"@id\":\"https:\/\/thepueblatimes.mx\/#\/schema\/person\/c90a455f48a80821b6a99d3d73d1a71f\"},\"breadcrumb\":{\"@id\":\"https:\/\/thepueblatimes.mx\/index.php\/2023\/09\/04\/tormenta-electrica-en-india-deja-12-muertos-y-heridos-por-caida-de-61-mil-rayos-en-dos-horas\/#breadcrumb\"},\"inLanguage\":\"es\",\"potentialAction\":[{\"@type\":\"ReadAction\",\"target\":[\"https:\/\/thepueblatimes.mx\/index.php\/2023\/09\/04\/tormenta-electrica-en-india-deja-12-muertos-y-heridos-por-caida-de-61-mil-rayos-en-dos-horas\/\"]}]},{\"@type\":\"BreadcrumbList\",\"@id\":\"https:\/\/thepueblatimes.mx\/index.php\/2023\/09\/04\/tormenta-electrica-en-india-deja-12-muertos-y-heridos-por-caida-de-61-mil-rayos-en-dos-horas\/#breadcrumb\",\"itemListElement\":[{\"@type\":\"ListItem\",\"position\":1,\"name\":\"Portada\",\"item\":\"https:\/\/thepueblatimes.mx\/\"},{\"@type\":\"ListItem\",\"position\":2,\"name\":\"Tormenta el\u00e9ctrica en India deja 12 muertos y heridos por ca\u00edda de 61 mil rayos en dos horas\"}]},{\"@type\":\"WebSite\",\"@id\":\"https:\/\/thepueblatimes.mx\/#website\",\"url\":\"https:\/\/thepueblatimes.mx\/\",\"name\":\"The Puebla Times\",\"description\":\"Noticias del Estado de Puebla\",\"potentialAction\":[{\"@type\":\"SearchAction\",\"target\":{\"@type\":\"EntryPoint\",\"urlTemplate\":\"https:\/\/thepueblatimes.mx\/?s={search_term_string}\"},\"query-input\":\"required name=search_term_string\"}],\"inLanguage\":\"es\"},{\"@type\":\"Person\",\"@id\":\"https:\/\/thepueblatimes.mx\/#\/schema\/person\/c90a455f48a80821b6a99d3d73d1a71f\",\"name\":\"admintpt\",\"image\":{\"@type\":\"ImageObject\",\"inLanguage\":\"es\",\"@id\":\"https:\/\/thepueblatimes.mx\/#\/schema\/person\/image\/\",\"url\":\"https:\/\/secure.gravatar.com\/avatar\/13f0a494cc76bfb992f9768b1d51109d?s=96&d=mm&r=g\",\"contentUrl\":\"https:\/\/secure.gravatar.com\/avatar\/13f0a494cc76bfb992f9768b1d51109d?s=96&d=mm&r=g\",\"caption\":\"admintpt\"},\"url\":\"https:\/\/thepueblatimes.mx\/index.php\/author\/admintpt\/\"}]}<\/script>\n<!-- \/ Yoast SEO plugin. -->","yoast_head_json":{"title":"Tormenta el\u00e9ctrica en India deja 12 muertos y heridos por ca\u00edda de 61 mil rayos en dos horas - The Puebla Times","robots":{"index":"index","follow":"follow","max-snippet":"max-snippet:-1","max-image-preview":"max-image-preview:large","max-video-preview":"max-video-preview:-1"},"canonical":"https:\/\/thepueblatimes.mx\/index.php\/2023\/09\/04\/tormenta-electrica-en-india-deja-12-muertos-y-heridos-por-caida-de-61-mil-rayos-en-dos-horas\/","og_locale":"es_ES","og_type":"article","og_title":"Tormenta el\u00e9ctrica en India deja 12 muertos y heridos por ca\u00edda de 61 mil rayos en dos horas - The Puebla Times","og_description":"POR FORBES STAFF La mayor\u00eda de los fallecidos fueron agricultores de los distritos de Khurda, Bolangir, Angul, Boudh, Jagatsinghpur y Dhenkanal\u00a0que se encontraban trabajando en los campos o personas que se refugiaban bajo los \u00e1rboles cuando se desat\u00f3 la tormenta. Una intensa tormenta el\u00e9ctrica en Odisha, India, que produjo la ca\u00edda de m\u00e1s de 61...","og_url":"https:\/\/thepueblatimes.mx\/index.php\/2023\/09\/04\/tormenta-electrica-en-india-deja-12-muertos-y-heridos-por-caida-de-61-mil-rayos-en-dos-horas\/","og_site_name":"The Puebla Times","article_published_time":"2023-09-05T01:13:23+00:00","og_image":[{"width":720,"height":440,"url":"https:\/\/thepueblatimes.mx\/wp-content\/uploads\/2023\/09\/2-India.webp","type":"image\/webp"}],"author":"admintpt","twitter_card":"summary_large_image","twitter_misc":{"Escrito por":"admintpt","Tiempo de lectura":"2 minutos"},"schema":{"@context":"https:\/\/schema.org","@graph":[{"@type":"WebPage","@id":"https:\/\/thepueblatimes.mx\/index.php\/2023\/09\/04\/tormenta-electrica-en-india-deja-12-muertos-y-heridos-por-caida-de-61-mil-rayos-en-dos-horas\/","url":"https:\/\/thepueblatimes.mx\/index.php\/2023\/09\/04\/tormenta-electrica-en-india-deja-12-muertos-y-heridos-por-caida-de-61-mil-rayos-en-dos-horas\/","name":"Tormenta el\u00e9ctrica en India deja 12 muertos y heridos por ca\u00edda de 61 mil rayos en dos horas - The Puebla Times","isPartOf":{"@id":"https:\/\/thepueblatimes.mx\/#website"},"datePublished":"2023-09-05T01:13:23+00:00","dateModified":"2023-09-05T01:13:23+00:00","author":{"@id":"https:\/\/thepueblatimes.mx\/#\/schema\/person\/c90a455f48a80821b6a99d3d73d1a71f"},"breadcrumb":{"@id":"https:\/\/thepueblatimes.mx\/index.php\/2023\/09\/04\/tormenta-electrica-en-india-deja-12-muertos-y-heridos-por-caida-de-61-mil-rayos-en-dos-horas\/#breadcrumb"},"inLanguage":"es","potentialAction":[{"@type":"ReadAction","target":["https:\/\/thepueblatimes.mx\/index.php\/2023\/09\/04\/tormenta-electrica-en-india-deja-12-muertos-y-heridos-por-caida-de-61-mil-rayos-en-dos-horas\/"]}]},{"@type":"BreadcrumbList","@id":"https:\/\/thepueblatimes.mx\/index.php\/2023\/09\/04\/tormenta-electrica-en-india-deja-12-muertos-y-heridos-por-caida-de-61-mil-rayos-en-dos-horas\/#breadcrumb","itemListElement":[{"@type":"ListItem","position":1,"name":"Portada","item":"https:\/\/thepueblatimes.mx\/"},{"@type":"ListItem","position":2,"name":"Tormenta el\u00e9ctrica en India deja 12 muertos y heridos por ca\u00edda de 61 mil rayos en dos horas"}]},{"@type":"WebSite","@id":"https:\/\/thepueblatimes.mx\/#website","url":"https:\/\/thepueblatimes.mx\/","name":"The Puebla Times","description":"Noticias del Estado de Puebla","potentialAction":[{"@type":"SearchAction","target":{"@type":"EntryPoint","urlTemplate":"https:\/\/thepueblatimes.mx\/?s={search_term_string}"},"query-input":"required name=search_term_string"}],"inLanguage":"es"},{"@type":"Person","@id":"https:\/\/thepueblatimes.mx\/#\/schema\/person\/c90a455f48a80821b6a99d3d73d1a71f","name":"admintpt","image":{"@type":"ImageObject","inLanguage":"es","@id":"https:\/\/thepueblatimes.mx\/#\/schema\/person\/image\/","url":"https:\/\/secure.gravatar.com\/avatar\/13f0a494cc76bfb992f9768b1d51109d?s=96&d=mm&r=g","contentUrl":"https:\/\/secure.gravatar.com\/avatar\/13f0a494cc76bfb992f9768b1d51109d?s=96&d=mm&r=g","caption":"admintpt"},"url":"https:\/\/thepueblatimes.mx\/index.php\/author\/admintpt\/"}]}},"jetpack_featured_media_url":"https:\/\/thepueblatimes.mx\/wp-content\/uploads\/2023\/09\/2-India.webp","_links":{"self":[{"href":"https:\/\/thepueblatimes.mx\/index.php\/wp-json\/wp\/v2\/posts\/19238"}],"collection":[{"href":"https:\/\/thepueblatimes.mx\/index.php\/wp-json\/wp\/v2\/posts"}],"about":[{"href":"https:\/\/thepueblatimes.mx\/index.php\/wp-json\/wp\/v2\/types\/post"}],"author":[{"embeddable":true,"href":"https:\/\/thepueblatimes.mx\/index.php\/wp-json\/wp\/v2\/users\/2"}],"replies":[{"embeddable":true,"href":"https:\/\/thepueblatimes.mx\/index.php\/wp-json\/wp\/v2\/comments?post=19238"}],"version-history":[{"count":1,"href":"https:\/\/thepueblatimes.mx\/index.php\/wp-json\/wp\/v2\/posts\/19238\/revisions"}],"predecessor-version":[{"id":19241,"href":"https:\/\/thepueblatimes.mx\/index.php\/wp-json\/wp\/v2\/posts\/19238\/revisions\/19241"}],"wp:featuredmedia":[{"embeddable":true,"href":"https:\/\/thepueblatimes.mx\/index.php\/wp-json\/wp\/v2\/media\/19240"}],"wp:attachment":[{"href":"https:\/\/thepueblatimes.mx\/index.php\/wp-json\/wp\/v2\/media?parent=19238"}],"wp:term":[{"taxonomy":"category","embeddable":true,"href":"https:\/\/thepueblatimes.mx\/index.php\/wp-json\/wp\/v2\/categories?post=19238"},{"taxonomy":"post_tag","embeddable":true,"href":"https:\/\/thepueblatimes.mx\/index.php\/wp-json\/wp\/v2\/tags?post=19238"}],"curies":[{"name":"wp","href":"https:\/\/api.w.org\/{rel}","templated":true}]}}