{"id":19235,"date":"2023-09-04T18:56:21","date_gmt":"2023-09-05T00:56:21","guid":{"rendered":"https:\/\/thepueblatimes.mx\/?p=19235"},"modified":"2023-09-04T18:56:21","modified_gmt":"2023-09-05T00:56:21","slug":"en-la-unam-culmina-plazo-para-inscripcion-de-aspirantes-a-rectoria","status":"publish","type":"post","link":"https:\/\/thepueblatimes.mx\/index.php\/2023\/09\/04\/en-la-unam-culmina-plazo-para-inscripcion-de-aspirantes-a-rectoria\/","title":{"rendered":"En la UNAM, culmina plazo para inscripci\u00f3n de aspirantes a Rector\u00eda"},"content":{"rendered":"<p>Hoy 4 se septiembre culmina la recepci\u00f3n de documentos de los aspirantes a pr\u00f3ximo rector (a) de la UNAM.<\/p>\n<p>Los interesados deben entregar, a la Junta de Gobierno de la UNAM, curr\u00edculum vitae, semblanza profesional, proyecto de trabajo y s\u00edntesis del mismo<br \/>\nLos documentos estar\u00e1n a disposici\u00f3n de la comunidad en la p\u00e1gina web de la Junta de Gobierno a partir del 6 de septiembre.<\/p>\n<p>El 12 de octubre la Junta de Gobierno dar\u00e1 a conocer p\u00fablicamente los nombres de las personas que habr\u00e1n pasado el proceso de auscultaci\u00f3n, para el 23 de octubre iniciar la serie de entrevistas con ellos.<\/p>\n<p>La convocatoria establece que \u201cuna vez integrada la lista de las personas que ser\u00e1n entrevistadas, se solicitar\u00e1 a las autoridades de esta casa de estudios que los medios de comunicaci\u00f3n de la Universidad les otorguen espacio para presentar sus programas de trabajo. La Junta de Gobierno continuar\u00e1 recibiendo por escrito la opini\u00f3n de la comunidad conforme a lo indicado en el inciso a) precedente\u201d.<\/p>\n<p>\u201cAl concluir las entrevistas y la deliberaci\u00f3n correspondiente, la Junta de Gobierno nombrar\u00e1 a la persona que ser\u00e1 titular de la Rector\u00eda para el periodo 2023-2027\u201d.<\/p>\n","protected":false},"excerpt":{"rendered":"<p>Hoy 4 se septiembre culmina la recepci\u00f3n de documentos de los aspirantes a pr\u00f3ximo rector (a) de la UNAM. Los interesados deben entregar, a la Junta de Gobierno de la UNAM, curr\u00edculum vitae, semblanza profesional, proyecto de trabajo y s\u00edntesis del mismo Los documentos estar\u00e1n a disposici\u00f3n de la comunidad en la p\u00e1gina web de&#8230;<\/p>\n","protected":false},"author":2,"featured_media":19236,"comment_status":"closed","ping_status":"closed","sticky":false,"template":"","format":"standard","meta":[],"categories":[2],"tags":[145,1470,1469],"yoast_head":"<!-- This site is optimized with the Yoast SEO plugin v20.8 - https:\/\/yoast.com\/wordpress\/plugins\/seo\/ -->\n<title>En la UNAM, culmina plazo para inscripci\u00f3n de aspirantes a Rector\u00eda - The Puebla Times<\/title>\n<meta name=\"robots\" content=\"index, follow, max-snippet:-1, max-image-preview:large, max-video-preview:-1\" \/>\n<link rel=\"canonical\" href=\"https:\/\/thepueblatimes.mx\/index.php\/2023\/09\/04\/en-la-unam-culmina-plazo-para-inscripcion-de-aspirantes-a-rectoria\/\" \/>\n<meta property=\"og:locale\" content=\"es_ES\" \/>\n<meta property=\"og:type\" content=\"article\" \/>\n<meta property=\"og:title\" content=\"En la UNAM, culmina plazo para inscripci\u00f3n de aspirantes a Rector\u00eda - The Puebla Times\" \/>\n<meta property=\"og:description\" content=\"Hoy 4 se septiembre culmina la recepci\u00f3n de documentos de los aspirantes a pr\u00f3ximo rector (a) de la UNAM. Los interesados deben entregar, a la Junta de Gobierno de la UNAM, curr\u00edculum vitae, semblanza profesional, proyecto de trabajo y s\u00edntesis del mismo Los documentos estar\u00e1n a disposici\u00f3n de la comunidad en la p\u00e1gina web de...\" \/>\n<meta property=\"og:url\" content=\"https:\/\/thepueblatimes.mx\/index.php\/2023\/09\/04\/en-la-unam-culmina-plazo-para-inscripcion-de-aspirantes-a-rectoria\/\" \/>\n<meta property=\"og:site_name\" content=\"The Puebla Times\" \/>\n<meta property=\"article:published_time\" content=\"2023-09-05T00:56:21+00:00\" \/>\n<meta property=\"og:image\" content=\"https:\/\/thepueblatimes.mx\/wp-content\/uploads\/2023\/09\/curso_unam_gratis_en_linea_nosotros_los_contadores_credito_y_cobranza.jpg\" \/>\n\t<meta property=\"og:image:width\" content=\"1667\" \/>\n\t<meta property=\"og:image:height\" content=\"938\" \/>\n\t<meta property=\"og:image:type\" content=\"image\/jpeg\" \/>\n<meta name=\"author\" content=\"admintpt\" \/>\n<meta name=\"twitter:card\" content=\"summary_large_image\" \/>\n<meta name=\"twitter:label1\" content=\"Escrito por\" \/>\n\t<meta name=\"twitter:data1\" content=\"admintpt\" \/>\n\t<meta name=\"twitter:label2\" content=\"Tiempo de lectura\" \/>\n\t<meta name=\"twitter:data2\" content=\"1 minuto\" \/>\n<script type=\"application\/ld+json\" class=\"yoast-schema-graph\">{\"@context\":\"https:\/\/schema.org\",\"@graph\":[{\"@type\":\"WebPage\",\"@id\":\"https:\/\/thepueblatimes.mx\/index.php\/2023\/09\/04\/en-la-unam-culmina-plazo-para-inscripcion-de-aspirantes-a-rectoria\/\",\"url\":\"https:\/\/thepueblatimes.mx\/index.php\/2023\/09\/04\/en-la-unam-culmina-plazo-para-inscripcion-de-aspirantes-a-rectoria\/\",\"name\":\"En la UNAM, culmina plazo para inscripci\u00f3n de aspirantes a Rector\u00eda - The Puebla Times\",\"isPartOf\":{\"@id\":\"https:\/\/thepueblatimes.mx\/#website\"},\"datePublished\":\"2023-09-05T00:56:21+00:00\",\"dateModified\":\"2023-09-05T00:56:21+00:00\",\"author\":{\"@id\":\"https:\/\/thepueblatimes.mx\/#\/schema\/person\/c90a455f48a80821b6a99d3d73d1a71f\"},\"breadcrumb\":{\"@id\":\"https:\/\/thepueblatimes.mx\/index.php\/2023\/09\/04\/en-la-unam-culmina-plazo-para-inscripcion-de-aspirantes-a-rectoria\/#breadcrumb\"},\"inLanguage\":\"es\",\"potentialAction\":[{\"@type\":\"ReadAction\",\"target\":[\"https:\/\/thepueblatimes.mx\/index.php\/2023\/09\/04\/en-la-unam-culmina-plazo-para-inscripcion-de-aspirantes-a-rectoria\/\"]}]},{\"@type\":\"BreadcrumbList\",\"@id\":\"https:\/\/thepueblatimes.mx\/index.php\/2023\/09\/04\/en-la-unam-culmina-plazo-para-inscripcion-de-aspirantes-a-rectoria\/#breadcrumb\",\"itemListElement\":[{\"@type\":\"ListItem\",\"position\":1,\"name\":\"Portada\",\"item\":\"https:\/\/thepueblatimes.mx\/\"},{\"@type\":\"ListItem\",\"position\":2,\"name\":\"En la UNAM, culmina plazo para inscripci\u00f3n de aspirantes a Rector\u00eda\"}]},{\"@type\":\"WebSite\",\"@id\":\"https:\/\/thepueblatimes.mx\/#website\",\"url\":\"https:\/\/thepueblatimes.mx\/\",\"name\":\"The Puebla Times\",\"description\":\"Noticias del Estado de Puebla\",\"potentialAction\":[{\"@type\":\"SearchAction\",\"target\":{\"@type\":\"EntryPoint\",\"urlTemplate\":\"https:\/\/thepueblatimes.mx\/?s={search_term_string}\"},\"query-input\":\"required name=search_term_string\"}],\"inLanguage\":\"es\"},{\"@type\":\"Person\",\"@id\":\"https:\/\/thepueblatimes.mx\/#\/schema\/person\/c90a455f48a80821b6a99d3d73d1a71f\",\"name\":\"admintpt\",\"image\":{\"@type\":\"ImageObject\",\"inLanguage\":\"es\",\"@id\":\"https:\/\/thepueblatimes.mx\/#\/schema\/person\/image\/\",\"url\":\"https:\/\/secure.gravatar.com\/avatar\/13f0a494cc76bfb992f9768b1d51109d?s=96&d=mm&r=g\",\"contentUrl\":\"https:\/\/secure.gravatar.com\/avatar\/13f0a494cc76bfb992f9768b1d51109d?s=96&d=mm&r=g\",\"caption\":\"admintpt\"},\"url\":\"https:\/\/thepueblatimes.mx\/index.php\/author\/admintpt\/\"}]}<\/script>\n<!-- \/ Yoast SEO plugin. -->","yoast_head_json":{"title":"En la UNAM, culmina plazo para inscripci\u00f3n de aspirantes a Rector\u00eda - The Puebla Times","robots":{"index":"index","follow":"follow","max-snippet":"max-snippet:-1","max-image-preview":"max-image-preview:large","max-video-preview":"max-video-preview:-1"},"canonical":"https:\/\/thepueblatimes.mx\/index.php\/2023\/09\/04\/en-la-unam-culmina-plazo-para-inscripcion-de-aspirantes-a-rectoria\/","og_locale":"es_ES","og_type":"article","og_title":"En la UNAM, culmina plazo para inscripci\u00f3n de aspirantes a Rector\u00eda - The Puebla Times","og_description":"Hoy 4 se septiembre culmina la recepci\u00f3n de documentos de los aspirantes a pr\u00f3ximo rector (a) de la UNAM. Los interesados deben entregar, a la Junta de Gobierno de la UNAM, curr\u00edculum vitae, semblanza profesional, proyecto de trabajo y s\u00edntesis del mismo Los documentos estar\u00e1n a disposici\u00f3n de la comunidad en la p\u00e1gina web de...","og_url":"https:\/\/thepueblatimes.mx\/index.php\/2023\/09\/04\/en-la-unam-culmina-plazo-para-inscripcion-de-aspirantes-a-rectoria\/","og_site_name":"The Puebla Times","article_published_time":"2023-09-05T00:56:21+00:00","og_image":[{"width":1667,"height":938,"url":"https:\/\/thepueblatimes.mx\/wp-content\/uploads\/2023\/09\/curso_unam_gratis_en_linea_nosotros_los_contadores_credito_y_cobranza.jpg","type":"image\/jpeg"}],"author":"admintpt","twitter_card":"summary_large_image","twitter_misc":{"Escrito por":"admintpt","Tiempo de lectura":"1 minuto"},"schema":{"@context":"https:\/\/schema.org","@graph":[{"@type":"WebPage","@id":"https:\/\/thepueblatimes.mx\/index.php\/2023\/09\/04\/en-la-unam-culmina-plazo-para-inscripcion-de-aspirantes-a-rectoria\/","url":"https:\/\/thepueblatimes.mx\/index.php\/2023\/09\/04\/en-la-unam-culmina-plazo-para-inscripcion-de-aspirantes-a-rectoria\/","name":"En la UNAM, culmina plazo para inscripci\u00f3n de aspirantes a Rector\u00eda - The Puebla Times","isPartOf":{"@id":"https:\/\/thepueblatimes.mx\/#website"},"datePublished":"2023-09-05T00:56:21+00:00","dateModified":"2023-09-05T00:56:21+00:00","author":{"@id":"https:\/\/thepueblatimes.mx\/#\/schema\/person\/c90a455f48a80821b6a99d3d73d1a71f"},"breadcrumb":{"@id":"https:\/\/thepueblatimes.mx\/index.php\/2023\/09\/04\/en-la-unam-culmina-plazo-para-inscripcion-de-aspirantes-a-rectoria\/#breadcrumb"},"inLanguage":"es","potentialAction":[{"@type":"ReadAction","target":["https:\/\/thepueblatimes.mx\/index.php\/2023\/09\/04\/en-la-unam-culmina-plazo-para-inscripcion-de-aspirantes-a-rectoria\/"]}]},{"@type":"BreadcrumbList","@id":"https:\/\/thepueblatimes.mx\/index.php\/2023\/09\/04\/en-la-unam-culmina-plazo-para-inscripcion-de-aspirantes-a-rectoria\/#breadcrumb","itemListElement":[{"@type":"ListItem","position":1,"name":"Portada","item":"https:\/\/thepueblatimes.mx\/"},{"@type":"ListItem","position":2,"name":"En la UNAM, culmina plazo para inscripci\u00f3n de aspirantes a Rector\u00eda"}]},{"@type":"WebSite","@id":"https:\/\/thepueblatimes.mx\/#website","url":"https:\/\/thepueblatimes.mx\/","name":"The Puebla Times","description":"Noticias del Estado de Puebla","potentialAction":[{"@type":"SearchAction","target":{"@type":"EntryPoint","urlTemplate":"https:\/\/thepueblatimes.mx\/?s={search_term_string}"},"query-input":"required name=search_term_string"}],"inLanguage":"es"},{"@type":"Person","@id":"https:\/\/thepueblatimes.mx\/#\/schema\/person\/c90a455f48a80821b6a99d3d73d1a71f","name":"admintpt","image":{"@type":"ImageObject","inLanguage":"es","@id":"https:\/\/thepueblatimes.mx\/#\/schema\/person\/image\/","url":"https:\/\/secure.gravatar.com\/avatar\/13f0a494cc76bfb992f9768b1d51109d?s=96&d=mm&r=g","contentUrl":"https:\/\/secure.gravatar.com\/avatar\/13f0a494cc76bfb992f9768b1d51109d?s=96&d=mm&r=g","caption":"admintpt"},"url":"https:\/\/thepueblatimes.mx\/index.php\/author\/admintpt\/"}]}},"jetpack_featured_media_url":"https:\/\/thepueblatimes.mx\/wp-content\/uploads\/2023\/09\/curso_unam_gratis_en_linea_nosotros_los_contadores_credito_y_cobranza.jpg","_links":{"self":[{"href":"https:\/\/thepueblatimes.mx\/index.php\/wp-json\/wp\/v2\/posts\/19235"}],"collection":[{"href":"https:\/\/thepueblatimes.mx\/index.php\/wp-json\/wp\/v2\/posts"}],"about":[{"href":"https:\/\/thepueblatimes.mx\/index.php\/wp-json\/wp\/v2\/types\/post"}],"author":[{"embeddable":true,"href":"https:\/\/thepueblatimes.mx\/index.php\/wp-json\/wp\/v2\/users\/2"}],"replies":[{"embeddable":true,"href":"https:\/\/thepueblatimes.mx\/index.php\/wp-json\/wp\/v2\/comments?post=19235"}],"version-history":[{"count":1,"href":"https:\/\/thepueblatimes.mx\/index.php\/wp-json\/wp\/v2\/posts\/19235\/revisions"}],"predecessor-version":[{"id":19237,"href":"https:\/\/thepueblatimes.mx\/index.php\/wp-json\/wp\/v2\/posts\/19235\/revisions\/19237"}],"wp:featuredmedia":[{"embeddable":true,"href":"https:\/\/thepueblatimes.mx\/index.php\/wp-json\/wp\/v2\/media\/19236"}],"wp:attachment":[{"href":"https:\/\/thepueblatimes.mx\/index.php\/wp-json\/wp\/v2\/media?parent=19235"}],"wp:term":[{"taxonomy":"category","embeddable":true,"href":"https:\/\/thepueblatimes.mx\/index.php\/wp-json\/wp\/v2\/categories?post=19235"},{"taxonomy":"post_tag","embeddable":true,"href":"https:\/\/thepueblatimes.mx\/index.php\/wp-json\/wp\/v2\/tags?post=19235"}],"curies":[{"name":"wp","href":"https:\/\/api.w.org\/{rel}","templated":true}]}}