{"id":19232,"date":"2023-09-04T18:49:11","date_gmt":"2023-09-05T00:49:11","guid":{"rendered":"https:\/\/thepueblatimes.mx\/?p=19232"},"modified":"2023-09-04T18:49:11","modified_gmt":"2023-09-05T00:49:11","slug":"javier-may-buscara-la-candidatura-de-morena-a-la-gubernatura-de-tabasco","status":"publish","type":"post","link":"https:\/\/thepueblatimes.mx\/index.php\/2023\/09\/04\/javier-may-buscara-la-candidatura-de-morena-a-la-gubernatura-de-tabasco\/","title":{"rendered":"Javier May buscar\u00e1 la candidatura de Morena a la gubernatura de Tabasco"},"content":{"rendered":"<p>El presidente Andr\u00e9s Manuel L\u00f3pez Obrador inform\u00f3 que Javier May Rodr\u00edguez dejar\u00e1 el Fondo Nacional de Fomento al Turismo (Fonatur).<\/p>\n<p>\u201cVa a regresar a Tabasco, est\u00e1 pensando y tiene derecho, como otros, igual, porque aqu\u00ed no hay dedazo, eso se acab\u00f3, decide el pueblo. Pero s\u00ed quiero agradecer por todo su apoyo\u201d, a\u00f1adi\u00f3.<br \/>\nLo anterior al se\u00f1alar que Fonatur entregar\u00e1 la operaci\u00f3n de Tren Maya a la Secretar\u00eda de la Defensa Nacional.<\/p>\n<p>Dijo que May \u201csiempre leal al pueblo y tambi\u00e9n a nuestro movimiento\u201d, indic\u00f3.<\/p>\n<p>Coment\u00f3 que May Rodr\u00edguez \u201cya cierra un ciclo\u201d, y que buscar\u00e1 contender por la gubernatura de Tabasco en los pr\u00f3ximos comicios de junio de 2024.<\/p>\n<p>D\u00edas antes Javier May extern\u00f3 \u201chemos platicado con el presidente esta parte y la idea es que despu\u00e9s del informe y que ya empezamos el proceso de entrega a la Defensa, que son los que van a operar el tren de manera integral, los aeropuertos, yo termino esta parte que me encarg\u00f3 el presidente; y me plantea que despu\u00e9s del informe yo me pueda retirar del cargo\u201d.<\/p>\n","protected":false},"excerpt":{"rendered":"<p>El presidente Andr\u00e9s Manuel L\u00f3pez Obrador inform\u00f3 que Javier May Rodr\u00edguez dejar\u00e1 el Fondo Nacional de Fomento al Turismo (Fonatur). \u201cVa a regresar a Tabasco, est\u00e1 pensando y tiene derecho, como otros, igual, porque aqu\u00ed no hay dedazo, eso se acab\u00f3, decide el pueblo. Pero s\u00ed quiero agradecer por todo su apoyo\u201d, a\u00f1adi\u00f3. Lo anterior&#8230;<\/p>\n","protected":false},"author":2,"featured_media":19233,"comment_status":"closed","ping_status":"closed","sticky":false,"template":"","format":"standard","meta":[],"categories":[2,8],"tags":[1359,1468,1467,394],"yoast_head":"<!-- This site is optimized with the Yoast SEO plugin v20.8 - https:\/\/yoast.com\/wordpress\/plugins\/seo\/ -->\n<title>Javier May buscar\u00e1 la candidatura de Morena a la gubernatura de Tabasco - The Puebla Times<\/title>\n<meta name=\"robots\" content=\"index, follow, max-snippet:-1, max-image-preview:large, max-video-preview:-1\" \/>\n<link rel=\"canonical\" href=\"https:\/\/thepueblatimes.mx\/index.php\/2023\/09\/04\/javier-may-buscara-la-candidatura-de-morena-a-la-gubernatura-de-tabasco\/\" \/>\n<meta property=\"og:locale\" content=\"es_ES\" \/>\n<meta property=\"og:type\" content=\"article\" \/>\n<meta property=\"og:title\" content=\"Javier May buscar\u00e1 la candidatura de Morena a la gubernatura de Tabasco - The Puebla Times\" \/>\n<meta property=\"og:description\" content=\"El presidente Andr\u00e9s Manuel L\u00f3pez Obrador inform\u00f3 que Javier May Rodr\u00edguez dejar\u00e1 el Fondo Nacional de Fomento al Turismo (Fonatur). \u201cVa a regresar a Tabasco, est\u00e1 pensando y tiene derecho, como otros, igual, porque aqu\u00ed no hay dedazo, eso se acab\u00f3, decide el pueblo. Pero s\u00ed quiero agradecer por todo su apoyo\u201d, a\u00f1adi\u00f3. Lo anterior...\" \/>\n<meta property=\"og:url\" content=\"https:\/\/thepueblatimes.mx\/index.php\/2023\/09\/04\/javier-may-buscara-la-candidatura-de-morena-a-la-gubernatura-de-tabasco\/\" \/>\n<meta property=\"og:site_name\" content=\"The Puebla Times\" \/>\n<meta property=\"article:published_time\" content=\"2023-09-05T00:49:11+00:00\" \/>\n<meta property=\"og:image\" content=\"https:\/\/thepueblatimes.mx\/wp-content\/uploads\/2023\/09\/descarga.webp\" \/>\n\t<meta property=\"og:image:width\" content=\"1200\" \/>\n\t<meta property=\"og:image:height\" content=\"798\" \/>\n\t<meta property=\"og:image:type\" content=\"image\/webp\" \/>\n<meta name=\"author\" content=\"admintpt\" \/>\n<meta name=\"twitter:card\" content=\"summary_large_image\" \/>\n<meta name=\"twitter:label1\" content=\"Escrito por\" \/>\n\t<meta name=\"twitter:data1\" content=\"admintpt\" \/>\n\t<meta name=\"twitter:label2\" content=\"Tiempo de lectura\" \/>\n\t<meta name=\"twitter:data2\" content=\"1 minuto\" \/>\n<script type=\"application\/ld+json\" class=\"yoast-schema-graph\">{\"@context\":\"https:\/\/schema.org\",\"@graph\":[{\"@type\":\"WebPage\",\"@id\":\"https:\/\/thepueblatimes.mx\/index.php\/2023\/09\/04\/javier-may-buscara-la-candidatura-de-morena-a-la-gubernatura-de-tabasco\/\",\"url\":\"https:\/\/thepueblatimes.mx\/index.php\/2023\/09\/04\/javier-may-buscara-la-candidatura-de-morena-a-la-gubernatura-de-tabasco\/\",\"name\":\"Javier May buscar\u00e1 la candidatura de Morena a la gubernatura de Tabasco - The Puebla Times\",\"isPartOf\":{\"@id\":\"https:\/\/thepueblatimes.mx\/#website\"},\"datePublished\":\"2023-09-05T00:49:11+00:00\",\"dateModified\":\"2023-09-05T00:49:11+00:00\",\"author\":{\"@id\":\"https:\/\/thepueblatimes.mx\/#\/schema\/person\/c90a455f48a80821b6a99d3d73d1a71f\"},\"breadcrumb\":{\"@id\":\"https:\/\/thepueblatimes.mx\/index.php\/2023\/09\/04\/javier-may-buscara-la-candidatura-de-morena-a-la-gubernatura-de-tabasco\/#breadcrumb\"},\"inLanguage\":\"es\",\"potentialAction\":[{\"@type\":\"ReadAction\",\"target\":[\"https:\/\/thepueblatimes.mx\/index.php\/2023\/09\/04\/javier-may-buscara-la-candidatura-de-morena-a-la-gubernatura-de-tabasco\/\"]}]},{\"@type\":\"BreadcrumbList\",\"@id\":\"https:\/\/thepueblatimes.mx\/index.php\/2023\/09\/04\/javier-may-buscara-la-candidatura-de-morena-a-la-gubernatura-de-tabasco\/#breadcrumb\",\"itemListElement\":[{\"@type\":\"ListItem\",\"position\":1,\"name\":\"Portada\",\"item\":\"https:\/\/thepueblatimes.mx\/\"},{\"@type\":\"ListItem\",\"position\":2,\"name\":\"Javier May buscar\u00e1 la candidatura de Morena a la gubernatura de Tabasco\"}]},{\"@type\":\"WebSite\",\"@id\":\"https:\/\/thepueblatimes.mx\/#website\",\"url\":\"https:\/\/thepueblatimes.mx\/\",\"name\":\"The Puebla Times\",\"description\":\"Noticias del Estado de Puebla\",\"potentialAction\":[{\"@type\":\"SearchAction\",\"target\":{\"@type\":\"EntryPoint\",\"urlTemplate\":\"https:\/\/thepueblatimes.mx\/?s={search_term_string}\"},\"query-input\":\"required name=search_term_string\"}],\"inLanguage\":\"es\"},{\"@type\":\"Person\",\"@id\":\"https:\/\/thepueblatimes.mx\/#\/schema\/person\/c90a455f48a80821b6a99d3d73d1a71f\",\"name\":\"admintpt\",\"image\":{\"@type\":\"ImageObject\",\"inLanguage\":\"es\",\"@id\":\"https:\/\/thepueblatimes.mx\/#\/schema\/person\/image\/\",\"url\":\"https:\/\/secure.gravatar.com\/avatar\/13f0a494cc76bfb992f9768b1d51109d?s=96&d=mm&r=g\",\"contentUrl\":\"https:\/\/secure.gravatar.com\/avatar\/13f0a494cc76bfb992f9768b1d51109d?s=96&d=mm&r=g\",\"caption\":\"admintpt\"},\"url\":\"https:\/\/thepueblatimes.mx\/index.php\/author\/admintpt\/\"}]}<\/script>\n<!-- \/ Yoast SEO plugin. -->","yoast_head_json":{"title":"Javier May buscar\u00e1 la candidatura de Morena a la gubernatura de Tabasco - The Puebla Times","robots":{"index":"index","follow":"follow","max-snippet":"max-snippet:-1","max-image-preview":"max-image-preview:large","max-video-preview":"max-video-preview:-1"},"canonical":"https:\/\/thepueblatimes.mx\/index.php\/2023\/09\/04\/javier-may-buscara-la-candidatura-de-morena-a-la-gubernatura-de-tabasco\/","og_locale":"es_ES","og_type":"article","og_title":"Javier May buscar\u00e1 la candidatura de Morena a la gubernatura de Tabasco - The Puebla Times","og_description":"El presidente Andr\u00e9s Manuel L\u00f3pez Obrador inform\u00f3 que Javier May Rodr\u00edguez dejar\u00e1 el Fondo Nacional de Fomento al Turismo (Fonatur). \u201cVa a regresar a Tabasco, est\u00e1 pensando y tiene derecho, como otros, igual, porque aqu\u00ed no hay dedazo, eso se acab\u00f3, decide el pueblo. Pero s\u00ed quiero agradecer por todo su apoyo\u201d, a\u00f1adi\u00f3. Lo anterior...","og_url":"https:\/\/thepueblatimes.mx\/index.php\/2023\/09\/04\/javier-may-buscara-la-candidatura-de-morena-a-la-gubernatura-de-tabasco\/","og_site_name":"The Puebla Times","article_published_time":"2023-09-05T00:49:11+00:00","og_image":[{"width":1200,"height":798,"url":"https:\/\/thepueblatimes.mx\/wp-content\/uploads\/2023\/09\/descarga.webp","type":"image\/webp"}],"author":"admintpt","twitter_card":"summary_large_image","twitter_misc":{"Escrito por":"admintpt","Tiempo de lectura":"1 minuto"},"schema":{"@context":"https:\/\/schema.org","@graph":[{"@type":"WebPage","@id":"https:\/\/thepueblatimes.mx\/index.php\/2023\/09\/04\/javier-may-buscara-la-candidatura-de-morena-a-la-gubernatura-de-tabasco\/","url":"https:\/\/thepueblatimes.mx\/index.php\/2023\/09\/04\/javier-may-buscara-la-candidatura-de-morena-a-la-gubernatura-de-tabasco\/","name":"Javier May buscar\u00e1 la candidatura de Morena a la gubernatura de Tabasco - The Puebla Times","isPartOf":{"@id":"https:\/\/thepueblatimes.mx\/#website"},"datePublished":"2023-09-05T00:49:11+00:00","dateModified":"2023-09-05T00:49:11+00:00","author":{"@id":"https:\/\/thepueblatimes.mx\/#\/schema\/person\/c90a455f48a80821b6a99d3d73d1a71f"},"breadcrumb":{"@id":"https:\/\/thepueblatimes.mx\/index.php\/2023\/09\/04\/javier-may-buscara-la-candidatura-de-morena-a-la-gubernatura-de-tabasco\/#breadcrumb"},"inLanguage":"es","potentialAction":[{"@type":"ReadAction","target":["https:\/\/thepueblatimes.mx\/index.php\/2023\/09\/04\/javier-may-buscara-la-candidatura-de-morena-a-la-gubernatura-de-tabasco\/"]}]},{"@type":"BreadcrumbList","@id":"https:\/\/thepueblatimes.mx\/index.php\/2023\/09\/04\/javier-may-buscara-la-candidatura-de-morena-a-la-gubernatura-de-tabasco\/#breadcrumb","itemListElement":[{"@type":"ListItem","position":1,"name":"Portada","item":"https:\/\/thepueblatimes.mx\/"},{"@type":"ListItem","position":2,"name":"Javier May buscar\u00e1 la candidatura de Morena a la gubernatura de Tabasco"}]},{"@type":"WebSite","@id":"https:\/\/thepueblatimes.mx\/#website","url":"https:\/\/thepueblatimes.mx\/","name":"The Puebla Times","description":"Noticias del Estado de Puebla","potentialAction":[{"@type":"SearchAction","target":{"@type":"EntryPoint","urlTemplate":"https:\/\/thepueblatimes.mx\/?s={search_term_string}"},"query-input":"required name=search_term_string"}],"inLanguage":"es"},{"@type":"Person","@id":"https:\/\/thepueblatimes.mx\/#\/schema\/person\/c90a455f48a80821b6a99d3d73d1a71f","name":"admintpt","image":{"@type":"ImageObject","inLanguage":"es","@id":"https:\/\/thepueblatimes.mx\/#\/schema\/person\/image\/","url":"https:\/\/secure.gravatar.com\/avatar\/13f0a494cc76bfb992f9768b1d51109d?s=96&d=mm&r=g","contentUrl":"https:\/\/secure.gravatar.com\/avatar\/13f0a494cc76bfb992f9768b1d51109d?s=96&d=mm&r=g","caption":"admintpt"},"url":"https:\/\/thepueblatimes.mx\/index.php\/author\/admintpt\/"}]}},"jetpack_featured_media_url":"https:\/\/thepueblatimes.mx\/wp-content\/uploads\/2023\/09\/descarga.webp","_links":{"self":[{"href":"https:\/\/thepueblatimes.mx\/index.php\/wp-json\/wp\/v2\/posts\/19232"}],"collection":[{"href":"https:\/\/thepueblatimes.mx\/index.php\/wp-json\/wp\/v2\/posts"}],"about":[{"href":"https:\/\/thepueblatimes.mx\/index.php\/wp-json\/wp\/v2\/types\/post"}],"author":[{"embeddable":true,"href":"https:\/\/thepueblatimes.mx\/index.php\/wp-json\/wp\/v2\/users\/2"}],"replies":[{"embeddable":true,"href":"https:\/\/thepueblatimes.mx\/index.php\/wp-json\/wp\/v2\/comments?post=19232"}],"version-history":[{"count":1,"href":"https:\/\/thepueblatimes.mx\/index.php\/wp-json\/wp\/v2\/posts\/19232\/revisions"}],"predecessor-version":[{"id":19234,"href":"https:\/\/thepueblatimes.mx\/index.php\/wp-json\/wp\/v2\/posts\/19232\/revisions\/19234"}],"wp:featuredmedia":[{"embeddable":true,"href":"https:\/\/thepueblatimes.mx\/index.php\/wp-json\/wp\/v2\/media\/19233"}],"wp:attachment":[{"href":"https:\/\/thepueblatimes.mx\/index.php\/wp-json\/wp\/v2\/media?parent=19232"}],"wp:term":[{"taxonomy":"category","embeddable":true,"href":"https:\/\/thepueblatimes.mx\/index.php\/wp-json\/wp\/v2\/categories?post=19232"},{"taxonomy":"post_tag","embeddable":true,"href":"https:\/\/thepueblatimes.mx\/index.php\/wp-json\/wp\/v2\/tags?post=19232"}],"curies":[{"name":"wp","href":"https:\/\/api.w.org\/{rel}","templated":true}]}}