{"id":19133,"date":"2023-08-24T17:16:49","date_gmt":"2023-08-24T23:16:49","guid":{"rendered":"https:\/\/thepueblatimes.mx\/?p=19133"},"modified":"2023-08-24T17:16:49","modified_gmt":"2023-08-24T23:16:49","slug":"llega-el-10-festival-de-artes-circenses-a-puebla-capital","status":"publish","type":"post","link":"https:\/\/thepueblatimes.mx\/index.php\/2023\/08\/24\/llega-el-10-festival-de-artes-circenses-a-puebla-capital\/","title":{"rendered":"Llega el 10\u00b0 festival de Artes circenses a Puebla Capital"},"content":{"rendered":"<h3><em>&#8211; Z\u00f3calo, Casa de Cultura, Teatro de la Ciudad y Talleres de Iniciaci\u00f3n Art\u00edstica Pedro \u00c1ngel Palou P\u00e9rez ser\u00e1n los escenarios para el espect\u00e1culo, la fantas\u00eda y el color.<\/em><\/h3>\n<p>Del 25 al 27 de agosto, la acrobacia, los malabares y el equilibrismo llega a Puebla con la 10\u00b0 edici\u00f3n del Festival de Artes Circense (FAC), encuentro cultural que busca potenciar el talento local con talleres, shows y presentaciones diversas en cuatro sedes de la capital.<\/p>\n<p>Z\u00f3calo, Casa de Cultura, Teatro de la Ciudad y Talleres de Iniciaci\u00f3n Art\u00edstica Pedro \u00c1ngel Palou P\u00e9rez ser\u00e1n los escenarios para el espect\u00e1culo, la fantas\u00eda y el color que organizaron conjuntamente el Instituto Municipal de Arte y Cultura (IMACP), la Secretar\u00eda de Cultura Estatal y la Comunidad de Artes Circense del Estado de Puebla, anunci\u00f3 Miguel \u00c1ngel Quintero Cruz, Subdirector de Difusi\u00f3n Cultural de la dependencia del Ayuntamiento.<\/p>\n<p>En esta d\u00e9cima edici\u00f3n, Carlos Alan Ochoa P\u00e9rez, Director Art\u00edstico del Festival, detall\u00f3 que todo comienza con una oferta de cursos gratuitos de zancos, malabares, clown, globoflexia y m\u00e1s en Talleres de Iniciaci\u00f3n Art\u00edstica Pedro \u00c1ngel Palou P\u00e9rez, los cuales se impartir\u00e1n el 25 y 26 de agosto de 11:00 a 15:00 horas.<\/p>\n<p>El espect\u00e1culo sigue el s\u00e1bado 26 y domingo 27 en Casa de Cultura, donde se llevar\u00e1n a cabo diversas presentaciones circenses en un horario de 15:00 a 17:00 horas y de 11:00 a 12:20 horas, respectivamente, gracias al apoyo de la Direcci\u00f3n de Artes Pl\u00e1sticas y Esc\u00e9nicas de la Secretar\u00eda de Cultura, encabezada Adriana Garc\u00eda Gonz\u00e1lez.<\/p>\n<p>El \u00faltimo d\u00eda del FAC, ser\u00e1 el Z\u00f3calo de Puebla y el Teatro de la Ciudad los escenarios para los shows de cierre, siendo en la primera sede el espect\u00e1culo de 13:30 a 15:30 horas y en la segunda, la gala de clausura con m\u00e1s de 15 artistas en escena a las 17:00 horas, concluy\u00f3 Julio C\u00e9sar Pati\u00f1o Ortega, Organizador y Gestor Cultural.<\/p>\n<p>El cupo a los talleres es limitado, por lo que las y los interesados deber\u00e1n inscribirse al correo: faccirco@gmail.com. Toda la programaci\u00f3n tambi\u00e9n podr\u00e1 consultarse a detalle en las redes sociales del Ayuntamiento @PueblaAyto y @IMACP, al igual que en la p\u00e1gina oficial de pueblacapital.gob.mx.<\/p>\n","protected":false},"excerpt":{"rendered":"<p>&#8211; Z\u00f3calo, Casa de Cultura, Teatro de la Ciudad y Talleres de Iniciaci\u00f3n Art\u00edstica Pedro \u00c1ngel Palou P\u00e9rez ser\u00e1n los escenarios para el espect\u00e1culo, la fantas\u00eda y el color. Del 25 al 27 de agosto, la acrobacia, los malabares y el equilibrismo llega a Puebla con la 10\u00b0 edici\u00f3n del Festival de Artes Circense (FAC),&#8230;<\/p>\n","protected":false},"author":2,"featured_media":19134,"comment_status":"closed","ping_status":"closed","sticky":false,"template":"","format":"standard","meta":[],"categories":[3,20],"tags":[1287,605,1280,49,1301],"yoast_head":"<!-- This site is optimized with the Yoast SEO plugin v20.8 - https:\/\/yoast.com\/wordpress\/plugins\/seo\/ -->\n<title>Llega el 10\u00b0 festival de Artes circenses a Puebla Capital - The Puebla Times<\/title>\n<meta name=\"robots\" content=\"index, follow, max-snippet:-1, max-image-preview:large, max-video-preview:-1\" \/>\n<link rel=\"canonical\" href=\"https:\/\/thepueblatimes.mx\/index.php\/2023\/08\/24\/llega-el-10-festival-de-artes-circenses-a-puebla-capital\/\" \/>\n<meta property=\"og:locale\" content=\"es_ES\" \/>\n<meta property=\"og:type\" content=\"article\" \/>\n<meta property=\"og:title\" content=\"Llega el 10\u00b0 festival de Artes circenses a Puebla Capital - The Puebla Times\" \/>\n<meta property=\"og:description\" content=\"&#8211; Z\u00f3calo, Casa de Cultura, Teatro de la Ciudad y Talleres de Iniciaci\u00f3n Art\u00edstica Pedro \u00c1ngel Palou P\u00e9rez ser\u00e1n los escenarios para el espect\u00e1culo, la fantas\u00eda y el color. Del 25 al 27 de agosto, la acrobacia, los malabares y el equilibrismo llega a Puebla con la 10\u00b0 edici\u00f3n del Festival de Artes Circense (FAC),...\" \/>\n<meta property=\"og:url\" content=\"https:\/\/thepueblatimes.mx\/index.php\/2023\/08\/24\/llega-el-10-festival-de-artes-circenses-a-puebla-capital\/\" \/>\n<meta property=\"og:site_name\" content=\"The Puebla Times\" \/>\n<meta property=\"article:published_time\" content=\"2023-08-24T23:16:49+00:00\" \/>\n<meta property=\"og:image\" content=\"https:\/\/thepueblatimes.mx\/wp-content\/uploads\/2023\/08\/WhatsApp-Image-2023-08-24-at-17.11.32.jpeg\" \/>\n\t<meta property=\"og:image:width\" content=\"1280\" \/>\n\t<meta property=\"og:image:height\" content=\"853\" \/>\n\t<meta property=\"og:image:type\" content=\"image\/jpeg\" \/>\n<meta name=\"author\" content=\"admintpt\" \/>\n<meta name=\"twitter:card\" content=\"summary_large_image\" \/>\n<meta name=\"twitter:label1\" content=\"Escrito por\" \/>\n\t<meta name=\"twitter:data1\" content=\"admintpt\" \/>\n\t<meta name=\"twitter:label2\" content=\"Tiempo de lectura\" \/>\n\t<meta name=\"twitter:data2\" content=\"2 minutos\" \/>\n<script type=\"application\/ld+json\" class=\"yoast-schema-graph\">{\"@context\":\"https:\/\/schema.org\",\"@graph\":[{\"@type\":\"WebPage\",\"@id\":\"https:\/\/thepueblatimes.mx\/index.php\/2023\/08\/24\/llega-el-10-festival-de-artes-circenses-a-puebla-capital\/\",\"url\":\"https:\/\/thepueblatimes.mx\/index.php\/2023\/08\/24\/llega-el-10-festival-de-artes-circenses-a-puebla-capital\/\",\"name\":\"Llega el 10\u00b0 festival de Artes circenses a Puebla Capital - The Puebla Times\",\"isPartOf\":{\"@id\":\"https:\/\/thepueblatimes.mx\/#website\"},\"datePublished\":\"2023-08-24T23:16:49+00:00\",\"dateModified\":\"2023-08-24T23:16:49+00:00\",\"author\":{\"@id\":\"https:\/\/thepueblatimes.mx\/#\/schema\/person\/c90a455f48a80821b6a99d3d73d1a71f\"},\"breadcrumb\":{\"@id\":\"https:\/\/thepueblatimes.mx\/index.php\/2023\/08\/24\/llega-el-10-festival-de-artes-circenses-a-puebla-capital\/#breadcrumb\"},\"inLanguage\":\"es\",\"potentialAction\":[{\"@type\":\"ReadAction\",\"target\":[\"https:\/\/thepueblatimes.mx\/index.php\/2023\/08\/24\/llega-el-10-festival-de-artes-circenses-a-puebla-capital\/\"]}]},{\"@type\":\"BreadcrumbList\",\"@id\":\"https:\/\/thepueblatimes.mx\/index.php\/2023\/08\/24\/llega-el-10-festival-de-artes-circenses-a-puebla-capital\/#breadcrumb\",\"itemListElement\":[{\"@type\":\"ListItem\",\"position\":1,\"name\":\"Portada\",\"item\":\"https:\/\/thepueblatimes.mx\/\"},{\"@type\":\"ListItem\",\"position\":2,\"name\":\"Llega el 10\u00b0 festival de Artes circenses a Puebla Capital\"}]},{\"@type\":\"WebSite\",\"@id\":\"https:\/\/thepueblatimes.mx\/#website\",\"url\":\"https:\/\/thepueblatimes.mx\/\",\"name\":\"The Puebla Times\",\"description\":\"Noticias del Estado de Puebla\",\"potentialAction\":[{\"@type\":\"SearchAction\",\"target\":{\"@type\":\"EntryPoint\",\"urlTemplate\":\"https:\/\/thepueblatimes.mx\/?s={search_term_string}\"},\"query-input\":\"required name=search_term_string\"}],\"inLanguage\":\"es\"},{\"@type\":\"Person\",\"@id\":\"https:\/\/thepueblatimes.mx\/#\/schema\/person\/c90a455f48a80821b6a99d3d73d1a71f\",\"name\":\"admintpt\",\"image\":{\"@type\":\"ImageObject\",\"inLanguage\":\"es\",\"@id\":\"https:\/\/thepueblatimes.mx\/#\/schema\/person\/image\/\",\"url\":\"https:\/\/secure.gravatar.com\/avatar\/13f0a494cc76bfb992f9768b1d51109d?s=96&d=mm&r=g\",\"contentUrl\":\"https:\/\/secure.gravatar.com\/avatar\/13f0a494cc76bfb992f9768b1d51109d?s=96&d=mm&r=g\",\"caption\":\"admintpt\"},\"url\":\"https:\/\/thepueblatimes.mx\/index.php\/author\/admintpt\/\"}]}<\/script>\n<!-- \/ Yoast SEO plugin. -->","yoast_head_json":{"title":"Llega el 10\u00b0 festival de Artes circenses a Puebla Capital - The Puebla Times","robots":{"index":"index","follow":"follow","max-snippet":"max-snippet:-1","max-image-preview":"max-image-preview:large","max-video-preview":"max-video-preview:-1"},"canonical":"https:\/\/thepueblatimes.mx\/index.php\/2023\/08\/24\/llega-el-10-festival-de-artes-circenses-a-puebla-capital\/","og_locale":"es_ES","og_type":"article","og_title":"Llega el 10\u00b0 festival de Artes circenses a Puebla Capital - The Puebla Times","og_description":"&#8211; Z\u00f3calo, Casa de Cultura, Teatro de la Ciudad y Talleres de Iniciaci\u00f3n Art\u00edstica Pedro \u00c1ngel Palou P\u00e9rez ser\u00e1n los escenarios para el espect\u00e1culo, la fantas\u00eda y el color. Del 25 al 27 de agosto, la acrobacia, los malabares y el equilibrismo llega a Puebla con la 10\u00b0 edici\u00f3n del Festival de Artes Circense (FAC),...","og_url":"https:\/\/thepueblatimes.mx\/index.php\/2023\/08\/24\/llega-el-10-festival-de-artes-circenses-a-puebla-capital\/","og_site_name":"The Puebla Times","article_published_time":"2023-08-24T23:16:49+00:00","og_image":[{"width":1280,"height":853,"url":"https:\/\/thepueblatimes.mx\/wp-content\/uploads\/2023\/08\/WhatsApp-Image-2023-08-24-at-17.11.32.jpeg","type":"image\/jpeg"}],"author":"admintpt","twitter_card":"summary_large_image","twitter_misc":{"Escrito por":"admintpt","Tiempo de lectura":"2 minutos"},"schema":{"@context":"https:\/\/schema.org","@graph":[{"@type":"WebPage","@id":"https:\/\/thepueblatimes.mx\/index.php\/2023\/08\/24\/llega-el-10-festival-de-artes-circenses-a-puebla-capital\/","url":"https:\/\/thepueblatimes.mx\/index.php\/2023\/08\/24\/llega-el-10-festival-de-artes-circenses-a-puebla-capital\/","name":"Llega el 10\u00b0 festival de Artes circenses a Puebla Capital - The Puebla Times","isPartOf":{"@id":"https:\/\/thepueblatimes.mx\/#website"},"datePublished":"2023-08-24T23:16:49+00:00","dateModified":"2023-08-24T23:16:49+00:00","author":{"@id":"https:\/\/thepueblatimes.mx\/#\/schema\/person\/c90a455f48a80821b6a99d3d73d1a71f"},"breadcrumb":{"@id":"https:\/\/thepueblatimes.mx\/index.php\/2023\/08\/24\/llega-el-10-festival-de-artes-circenses-a-puebla-capital\/#breadcrumb"},"inLanguage":"es","potentialAction":[{"@type":"ReadAction","target":["https:\/\/thepueblatimes.mx\/index.php\/2023\/08\/24\/llega-el-10-festival-de-artes-circenses-a-puebla-capital\/"]}]},{"@type":"BreadcrumbList","@id":"https:\/\/thepueblatimes.mx\/index.php\/2023\/08\/24\/llega-el-10-festival-de-artes-circenses-a-puebla-capital\/#breadcrumb","itemListElement":[{"@type":"ListItem","position":1,"name":"Portada","item":"https:\/\/thepueblatimes.mx\/"},{"@type":"ListItem","position":2,"name":"Llega el 10\u00b0 festival de Artes circenses a Puebla Capital"}]},{"@type":"WebSite","@id":"https:\/\/thepueblatimes.mx\/#website","url":"https:\/\/thepueblatimes.mx\/","name":"The Puebla Times","description":"Noticias del Estado de Puebla","potentialAction":[{"@type":"SearchAction","target":{"@type":"EntryPoint","urlTemplate":"https:\/\/thepueblatimes.mx\/?s={search_term_string}"},"query-input":"required name=search_term_string"}],"inLanguage":"es"},{"@type":"Person","@id":"https:\/\/thepueblatimes.mx\/#\/schema\/person\/c90a455f48a80821b6a99d3d73d1a71f","name":"admintpt","image":{"@type":"ImageObject","inLanguage":"es","@id":"https:\/\/thepueblatimes.mx\/#\/schema\/person\/image\/","url":"https:\/\/secure.gravatar.com\/avatar\/13f0a494cc76bfb992f9768b1d51109d?s=96&d=mm&r=g","contentUrl":"https:\/\/secure.gravatar.com\/avatar\/13f0a494cc76bfb992f9768b1d51109d?s=96&d=mm&r=g","caption":"admintpt"},"url":"https:\/\/thepueblatimes.mx\/index.php\/author\/admintpt\/"}]}},"jetpack_featured_media_url":"https:\/\/thepueblatimes.mx\/wp-content\/uploads\/2023\/08\/WhatsApp-Image-2023-08-24-at-17.11.32.jpeg","_links":{"self":[{"href":"https:\/\/thepueblatimes.mx\/index.php\/wp-json\/wp\/v2\/posts\/19133"}],"collection":[{"href":"https:\/\/thepueblatimes.mx\/index.php\/wp-json\/wp\/v2\/posts"}],"about":[{"href":"https:\/\/thepueblatimes.mx\/index.php\/wp-json\/wp\/v2\/types\/post"}],"author":[{"embeddable":true,"href":"https:\/\/thepueblatimes.mx\/index.php\/wp-json\/wp\/v2\/users\/2"}],"replies":[{"embeddable":true,"href":"https:\/\/thepueblatimes.mx\/index.php\/wp-json\/wp\/v2\/comments?post=19133"}],"version-history":[{"count":1,"href":"https:\/\/thepueblatimes.mx\/index.php\/wp-json\/wp\/v2\/posts\/19133\/revisions"}],"predecessor-version":[{"id":19135,"href":"https:\/\/thepueblatimes.mx\/index.php\/wp-json\/wp\/v2\/posts\/19133\/revisions\/19135"}],"wp:featuredmedia":[{"embeddable":true,"href":"https:\/\/thepueblatimes.mx\/index.php\/wp-json\/wp\/v2\/media\/19134"}],"wp:attachment":[{"href":"https:\/\/thepueblatimes.mx\/index.php\/wp-json\/wp\/v2\/media?parent=19133"}],"wp:term":[{"taxonomy":"category","embeddable":true,"href":"https:\/\/thepueblatimes.mx\/index.php\/wp-json\/wp\/v2\/categories?post=19133"},{"taxonomy":"post_tag","embeddable":true,"href":"https:\/\/thepueblatimes.mx\/index.php\/wp-json\/wp\/v2\/tags?post=19133"}],"curies":[{"name":"wp","href":"https:\/\/api.w.org\/{rel}","templated":true}]}}