{"id":19126,"date":"2023-08-24T13:08:28","date_gmt":"2023-08-24T19:08:28","guid":{"rendered":"https:\/\/thepueblatimes.mx\/?p=19126"},"modified":"2023-08-24T13:08:28","modified_gmt":"2023-08-24T19:08:28","slug":"marcelo-ebrard-asegura-que-entrego-a-alfonso-durazo-pruebas-sobre-desvio-de-recursos-a-favor-de-claudia-sheinbaum","status":"publish","type":"post","link":"https:\/\/thepueblatimes.mx\/index.php\/2023\/08\/24\/marcelo-ebrard-asegura-que-entrego-a-alfonso-durazo-pruebas-sobre-desvio-de-recursos-a-favor-de-claudia-sheinbaum\/","title":{"rendered":"Marcelo Ebrard asegura que entreg\u00f3 a Alfonso Durazo pruebas sobre desv\u00edo de recursos a favor de Claudia Sheinbaum"},"content":{"rendered":"<p>Marcelo Ebrard inform\u00f3 que le entreg\u00f3 al presidente del Consejo Nacional de Morena, Alfonso Durazo, las pruebas sobre el desv\u00edo de recursos p\u00fablicos en favor de Claudia Sheinbaum.<\/p>\n<p>Y en paralelo pidi\u00f3 a la Secretar\u00eda de Bienestar que \u201ccumpla la ley y que respete el proceso\u201d interno de Morena.<\/p>\n<p>Mario Delgado, presidente de Morena, previamente dijo que no hab\u00eda pruebas de esas acusaciones, y ante ello Marcelo Ebrard asever\u00f3 que hoy por la ma\u00f1ana le hizo llegar un comunicado explic\u00e1ndole que se las entregaron al presidente del consejo, \u201cel \u00f3rgano ante el cual se establecieron los acuerdos. Probablemente \u00e9l no est\u00e1 enterado. La recomendaci\u00f3n es que lo vea. Es un problema de comunicaci\u00f3n\u201d.<\/p>\n<p>Dijo que presentaron todas las pruebas que ten\u00edan.<\/p>\n<p>A\u00f1adi\u00f3 que adicionalmente se han presentado \u201cmuchas denuncias ante diferentes instancias\u201d por lo mismo.<\/p>\n<p>Finalmente, anticip\u00f3 que est\u00e1 firme que el domingo cerrar\u00e1 sus recorridos en la Arena Ciudad de M\u00e9xico al mediod\u00eda.<\/p>\n","protected":false},"excerpt":{"rendered":"<p>Marcelo Ebrard inform\u00f3 que le entreg\u00f3 al presidente del Consejo Nacional de Morena, Alfonso Durazo, las pruebas sobre el desv\u00edo de recursos p\u00fablicos en favor de Claudia Sheinbaum. Y en paralelo pidi\u00f3 a la Secretar\u00eda de Bienestar que \u201ccumpla la ley y que respete el proceso\u201d interno de Morena. Mario Delgado, presidente de Morena, previamente&#8230;<\/p>\n","protected":false},"author":2,"featured_media":19127,"comment_status":"closed","ping_status":"closed","sticky":false,"template":"","format":"standard","meta":[],"categories":[2,8],"tags":[1457,1334,1393,66],"yoast_head":"<!-- This site is optimized with the Yoast SEO plugin v20.8 - https:\/\/yoast.com\/wordpress\/plugins\/seo\/ -->\n<title>Marcelo Ebrard asegura que entreg\u00f3 a Alfonso Durazo pruebas sobre desv\u00edo de recursos a favor de Claudia Sheinbaum - The Puebla Times<\/title>\n<meta name=\"robots\" content=\"index, follow, max-snippet:-1, max-image-preview:large, max-video-preview:-1\" \/>\n<link rel=\"canonical\" href=\"https:\/\/thepueblatimes.mx\/index.php\/2023\/08\/24\/marcelo-ebrard-asegura-que-entrego-a-alfonso-durazo-pruebas-sobre-desvio-de-recursos-a-favor-de-claudia-sheinbaum\/\" \/>\n<meta property=\"og:locale\" content=\"es_ES\" \/>\n<meta property=\"og:type\" content=\"article\" \/>\n<meta property=\"og:title\" content=\"Marcelo Ebrard asegura que entreg\u00f3 a Alfonso Durazo pruebas sobre desv\u00edo de recursos a favor de Claudia Sheinbaum - The Puebla Times\" \/>\n<meta property=\"og:description\" content=\"Marcelo Ebrard inform\u00f3 que le entreg\u00f3 al presidente del Consejo Nacional de Morena, Alfonso Durazo, las pruebas sobre el desv\u00edo de recursos p\u00fablicos en favor de Claudia Sheinbaum. Y en paralelo pidi\u00f3 a la Secretar\u00eda de Bienestar que \u201ccumpla la ley y que respete el proceso\u201d interno de Morena. Mario Delgado, presidente de Morena, previamente...\" \/>\n<meta property=\"og:url\" content=\"https:\/\/thepueblatimes.mx\/index.php\/2023\/08\/24\/marcelo-ebrard-asegura-que-entrego-a-alfonso-durazo-pruebas-sobre-desvio-de-recursos-a-favor-de-claudia-sheinbaum\/\" \/>\n<meta property=\"og:site_name\" content=\"The Puebla Times\" \/>\n<meta property=\"article:published_time\" content=\"2023-08-24T19:08:28+00:00\" \/>\n<meta property=\"og:image\" content=\"https:\/\/thepueblatimes.mx\/wp-content\/uploads\/2023\/08\/Marcelo-Ebrard.jpg\" \/>\n\t<meta property=\"og:image:width\" content=\"768\" \/>\n\t<meta property=\"og:image:height\" content=\"479\" \/>\n\t<meta property=\"og:image:type\" content=\"image\/jpeg\" \/>\n<meta name=\"author\" content=\"admintpt\" \/>\n<meta name=\"twitter:card\" content=\"summary_large_image\" \/>\n<meta name=\"twitter:label1\" content=\"Escrito por\" \/>\n\t<meta name=\"twitter:data1\" content=\"admintpt\" \/>\n\t<meta name=\"twitter:label2\" content=\"Tiempo de lectura\" \/>\n\t<meta name=\"twitter:data2\" content=\"1 minuto\" \/>\n<script type=\"application\/ld+json\" class=\"yoast-schema-graph\">{\"@context\":\"https:\/\/schema.org\",\"@graph\":[{\"@type\":\"WebPage\",\"@id\":\"https:\/\/thepueblatimes.mx\/index.php\/2023\/08\/24\/marcelo-ebrard-asegura-que-entrego-a-alfonso-durazo-pruebas-sobre-desvio-de-recursos-a-favor-de-claudia-sheinbaum\/\",\"url\":\"https:\/\/thepueblatimes.mx\/index.php\/2023\/08\/24\/marcelo-ebrard-asegura-que-entrego-a-alfonso-durazo-pruebas-sobre-desvio-de-recursos-a-favor-de-claudia-sheinbaum\/\",\"name\":\"Marcelo Ebrard asegura que entreg\u00f3 a Alfonso Durazo pruebas sobre desv\u00edo de recursos a favor de Claudia Sheinbaum - The Puebla Times\",\"isPartOf\":{\"@id\":\"https:\/\/thepueblatimes.mx\/#website\"},\"datePublished\":\"2023-08-24T19:08:28+00:00\",\"dateModified\":\"2023-08-24T19:08:28+00:00\",\"author\":{\"@id\":\"https:\/\/thepueblatimes.mx\/#\/schema\/person\/c90a455f48a80821b6a99d3d73d1a71f\"},\"breadcrumb\":{\"@id\":\"https:\/\/thepueblatimes.mx\/index.php\/2023\/08\/24\/marcelo-ebrard-asegura-que-entrego-a-alfonso-durazo-pruebas-sobre-desvio-de-recursos-a-favor-de-claudia-sheinbaum\/#breadcrumb\"},\"inLanguage\":\"es\",\"potentialAction\":[{\"@type\":\"ReadAction\",\"target\":[\"https:\/\/thepueblatimes.mx\/index.php\/2023\/08\/24\/marcelo-ebrard-asegura-que-entrego-a-alfonso-durazo-pruebas-sobre-desvio-de-recursos-a-favor-de-claudia-sheinbaum\/\"]}]},{\"@type\":\"BreadcrumbList\",\"@id\":\"https:\/\/thepueblatimes.mx\/index.php\/2023\/08\/24\/marcelo-ebrard-asegura-que-entrego-a-alfonso-durazo-pruebas-sobre-desvio-de-recursos-a-favor-de-claudia-sheinbaum\/#breadcrumb\",\"itemListElement\":[{\"@type\":\"ListItem\",\"position\":1,\"name\":\"Portada\",\"item\":\"https:\/\/thepueblatimes.mx\/\"},{\"@type\":\"ListItem\",\"position\":2,\"name\":\"Marcelo Ebrard asegura que entreg\u00f3 a Alfonso Durazo pruebas sobre desv\u00edo de recursos a favor de Claudia Sheinbaum\"}]},{\"@type\":\"WebSite\",\"@id\":\"https:\/\/thepueblatimes.mx\/#website\",\"url\":\"https:\/\/thepueblatimes.mx\/\",\"name\":\"The Puebla Times\",\"description\":\"Noticias del Estado de Puebla\",\"potentialAction\":[{\"@type\":\"SearchAction\",\"target\":{\"@type\":\"EntryPoint\",\"urlTemplate\":\"https:\/\/thepueblatimes.mx\/?s={search_term_string}\"},\"query-input\":\"required name=search_term_string\"}],\"inLanguage\":\"es\"},{\"@type\":\"Person\",\"@id\":\"https:\/\/thepueblatimes.mx\/#\/schema\/person\/c90a455f48a80821b6a99d3d73d1a71f\",\"name\":\"admintpt\",\"image\":{\"@type\":\"ImageObject\",\"inLanguage\":\"es\",\"@id\":\"https:\/\/thepueblatimes.mx\/#\/schema\/person\/image\/\",\"url\":\"https:\/\/secure.gravatar.com\/avatar\/13f0a494cc76bfb992f9768b1d51109d?s=96&d=mm&r=g\",\"contentUrl\":\"https:\/\/secure.gravatar.com\/avatar\/13f0a494cc76bfb992f9768b1d51109d?s=96&d=mm&r=g\",\"caption\":\"admintpt\"},\"url\":\"https:\/\/thepueblatimes.mx\/index.php\/author\/admintpt\/\"}]}<\/script>\n<!-- \/ Yoast SEO plugin. -->","yoast_head_json":{"title":"Marcelo Ebrard asegura que entreg\u00f3 a Alfonso Durazo pruebas sobre desv\u00edo de recursos a favor de Claudia Sheinbaum - The Puebla Times","robots":{"index":"index","follow":"follow","max-snippet":"max-snippet:-1","max-image-preview":"max-image-preview:large","max-video-preview":"max-video-preview:-1"},"canonical":"https:\/\/thepueblatimes.mx\/index.php\/2023\/08\/24\/marcelo-ebrard-asegura-que-entrego-a-alfonso-durazo-pruebas-sobre-desvio-de-recursos-a-favor-de-claudia-sheinbaum\/","og_locale":"es_ES","og_type":"article","og_title":"Marcelo Ebrard asegura que entreg\u00f3 a Alfonso Durazo pruebas sobre desv\u00edo de recursos a favor de Claudia Sheinbaum - The Puebla Times","og_description":"Marcelo Ebrard inform\u00f3 que le entreg\u00f3 al presidente del Consejo Nacional de Morena, Alfonso Durazo, las pruebas sobre el desv\u00edo de recursos p\u00fablicos en favor de Claudia Sheinbaum. Y en paralelo pidi\u00f3 a la Secretar\u00eda de Bienestar que \u201ccumpla la ley y que respete el proceso\u201d interno de Morena. Mario Delgado, presidente de Morena, previamente...","og_url":"https:\/\/thepueblatimes.mx\/index.php\/2023\/08\/24\/marcelo-ebrard-asegura-que-entrego-a-alfonso-durazo-pruebas-sobre-desvio-de-recursos-a-favor-de-claudia-sheinbaum\/","og_site_name":"The Puebla Times","article_published_time":"2023-08-24T19:08:28+00:00","og_image":[{"width":768,"height":479,"url":"https:\/\/thepueblatimes.mx\/wp-content\/uploads\/2023\/08\/Marcelo-Ebrard.jpg","type":"image\/jpeg"}],"author":"admintpt","twitter_card":"summary_large_image","twitter_misc":{"Escrito por":"admintpt","Tiempo de lectura":"1 minuto"},"schema":{"@context":"https:\/\/schema.org","@graph":[{"@type":"WebPage","@id":"https:\/\/thepueblatimes.mx\/index.php\/2023\/08\/24\/marcelo-ebrard-asegura-que-entrego-a-alfonso-durazo-pruebas-sobre-desvio-de-recursos-a-favor-de-claudia-sheinbaum\/","url":"https:\/\/thepueblatimes.mx\/index.php\/2023\/08\/24\/marcelo-ebrard-asegura-que-entrego-a-alfonso-durazo-pruebas-sobre-desvio-de-recursos-a-favor-de-claudia-sheinbaum\/","name":"Marcelo Ebrard asegura que entreg\u00f3 a Alfonso Durazo pruebas sobre desv\u00edo de recursos a favor de Claudia Sheinbaum - The Puebla Times","isPartOf":{"@id":"https:\/\/thepueblatimes.mx\/#website"},"datePublished":"2023-08-24T19:08:28+00:00","dateModified":"2023-08-24T19:08:28+00:00","author":{"@id":"https:\/\/thepueblatimes.mx\/#\/schema\/person\/c90a455f48a80821b6a99d3d73d1a71f"},"breadcrumb":{"@id":"https:\/\/thepueblatimes.mx\/index.php\/2023\/08\/24\/marcelo-ebrard-asegura-que-entrego-a-alfonso-durazo-pruebas-sobre-desvio-de-recursos-a-favor-de-claudia-sheinbaum\/#breadcrumb"},"inLanguage":"es","potentialAction":[{"@type":"ReadAction","target":["https:\/\/thepueblatimes.mx\/index.php\/2023\/08\/24\/marcelo-ebrard-asegura-que-entrego-a-alfonso-durazo-pruebas-sobre-desvio-de-recursos-a-favor-de-claudia-sheinbaum\/"]}]},{"@type":"BreadcrumbList","@id":"https:\/\/thepueblatimes.mx\/index.php\/2023\/08\/24\/marcelo-ebrard-asegura-que-entrego-a-alfonso-durazo-pruebas-sobre-desvio-de-recursos-a-favor-de-claudia-sheinbaum\/#breadcrumb","itemListElement":[{"@type":"ListItem","position":1,"name":"Portada","item":"https:\/\/thepueblatimes.mx\/"},{"@type":"ListItem","position":2,"name":"Marcelo Ebrard asegura que entreg\u00f3 a Alfonso Durazo pruebas sobre desv\u00edo de recursos a favor de Claudia Sheinbaum"}]},{"@type":"WebSite","@id":"https:\/\/thepueblatimes.mx\/#website","url":"https:\/\/thepueblatimes.mx\/","name":"The Puebla Times","description":"Noticias del Estado de Puebla","potentialAction":[{"@type":"SearchAction","target":{"@type":"EntryPoint","urlTemplate":"https:\/\/thepueblatimes.mx\/?s={search_term_string}"},"query-input":"required name=search_term_string"}],"inLanguage":"es"},{"@type":"Person","@id":"https:\/\/thepueblatimes.mx\/#\/schema\/person\/c90a455f48a80821b6a99d3d73d1a71f","name":"admintpt","image":{"@type":"ImageObject","inLanguage":"es","@id":"https:\/\/thepueblatimes.mx\/#\/schema\/person\/image\/","url":"https:\/\/secure.gravatar.com\/avatar\/13f0a494cc76bfb992f9768b1d51109d?s=96&d=mm&r=g","contentUrl":"https:\/\/secure.gravatar.com\/avatar\/13f0a494cc76bfb992f9768b1d51109d?s=96&d=mm&r=g","caption":"admintpt"},"url":"https:\/\/thepueblatimes.mx\/index.php\/author\/admintpt\/"}]}},"jetpack_featured_media_url":"https:\/\/thepueblatimes.mx\/wp-content\/uploads\/2023\/08\/Marcelo-Ebrard.jpg","_links":{"self":[{"href":"https:\/\/thepueblatimes.mx\/index.php\/wp-json\/wp\/v2\/posts\/19126"}],"collection":[{"href":"https:\/\/thepueblatimes.mx\/index.php\/wp-json\/wp\/v2\/posts"}],"about":[{"href":"https:\/\/thepueblatimes.mx\/index.php\/wp-json\/wp\/v2\/types\/post"}],"author":[{"embeddable":true,"href":"https:\/\/thepueblatimes.mx\/index.php\/wp-json\/wp\/v2\/users\/2"}],"replies":[{"embeddable":true,"href":"https:\/\/thepueblatimes.mx\/index.php\/wp-json\/wp\/v2\/comments?post=19126"}],"version-history":[{"count":1,"href":"https:\/\/thepueblatimes.mx\/index.php\/wp-json\/wp\/v2\/posts\/19126\/revisions"}],"predecessor-version":[{"id":19128,"href":"https:\/\/thepueblatimes.mx\/index.php\/wp-json\/wp\/v2\/posts\/19126\/revisions\/19128"}],"wp:featuredmedia":[{"embeddable":true,"href":"https:\/\/thepueblatimes.mx\/index.php\/wp-json\/wp\/v2\/media\/19127"}],"wp:attachment":[{"href":"https:\/\/thepueblatimes.mx\/index.php\/wp-json\/wp\/v2\/media?parent=19126"}],"wp:term":[{"taxonomy":"category","embeddable":true,"href":"https:\/\/thepueblatimes.mx\/index.php\/wp-json\/wp\/v2\/categories?post=19126"},{"taxonomy":"post_tag","embeddable":true,"href":"https:\/\/thepueblatimes.mx\/index.php\/wp-json\/wp\/v2\/tags?post=19126"}],"curies":[{"name":"wp","href":"https:\/\/api.w.org\/{rel}","templated":true}]}}