{"id":19039,"date":"2023-08-18T13:31:00","date_gmt":"2023-08-18T19:31:00","guid":{"rendered":"https:\/\/thepueblatimes.mx\/?p=19039"},"modified":"2023-08-18T13:31:00","modified_gmt":"2023-08-18T19:31:00","slug":"se-conjura-huelga-en-la-planta-de-vw","status":"publish","type":"post","link":"https:\/\/thepueblatimes.mx\/index.php\/2023\/08\/18\/se-conjura-huelga-en-la-planta-de-vw\/","title":{"rendered":"Se conjura huelga en la planta de VW"},"content":{"rendered":"<p>La automotriz Volkswagen evit\u00f3 una huelga en su planta de Puebla, tras acordar un aumento salarial de 8.1 por ciento con su sindicato.<\/p>\n<p>La compa\u00f1\u00eda inform\u00f3 que negoci\u00f3 con el Sindicato Independiente de Trabajadores de la Industria Automotriz Volkswagen (SITIAVW) un nuevo convenio que entra en vigor este viernes para el incremento directo de 8.1 por ciento al salario m\u00e1s 0.5 por ciento en el fondo de ahorro.<\/p>\n<p>Ricardo Guerrero, vicepresidente de Recursos Humanos en Volkswagen de M\u00e9xico, se\u00f1al\u00f3 \u201cen Volkswagen de M\u00e9xico estamos convencidos de que el di\u00e1logo es el veh\u00edculo para alcanzar acuerdos como este, que protege el poder adquisitivo de nuestro personal en un entorno postpandemia que sigue presentando desaf\u00edos para la econom\u00eda y la industria automotriz\u201d.<\/p>\n<p>Los cerca de 7 mil trabajadores sindicalizados hab\u00edan emplazado a huelga para este viernes tras una demanda inicial, el 9 de agosto, de una subida salarial del 15.7 por ciento.<\/p>\n<p>Las negociaciones se realizaron de forma privada bajo la presencia de autoridades laborales federales.<\/p>\n","protected":false},"excerpt":{"rendered":"<p>La automotriz Volkswagen evit\u00f3 una huelga en su planta de Puebla, tras acordar un aumento salarial de 8.1 por ciento con su sindicato. La compa\u00f1\u00eda inform\u00f3 que negoci\u00f3 con el Sindicato Independiente de Trabajadores de la Industria Automotriz Volkswagen (SITIAVW) un nuevo convenio que entra en vigor este viernes para el incremento directo de 8.1&#8230;<\/p>\n","protected":false},"author":2,"featured_media":19040,"comment_status":"closed","ping_status":"closed","sticky":false,"template":"","format":"standard","meta":[],"categories":[4,3],"tags":[1443,1442,49,1441],"yoast_head":"<!-- This site is optimized with the Yoast SEO plugin v20.8 - https:\/\/yoast.com\/wordpress\/plugins\/seo\/ -->\n<title>Se conjura huelga en la planta de VW - The Puebla Times<\/title>\n<meta name=\"robots\" content=\"index, follow, max-snippet:-1, max-image-preview:large, max-video-preview:-1\" \/>\n<link rel=\"canonical\" href=\"https:\/\/thepueblatimes.mx\/index.php\/2023\/08\/18\/se-conjura-huelga-en-la-planta-de-vw\/\" \/>\n<meta property=\"og:locale\" content=\"es_ES\" \/>\n<meta property=\"og:type\" content=\"article\" \/>\n<meta property=\"og:title\" content=\"Se conjura huelga en la planta de VW - The Puebla Times\" \/>\n<meta property=\"og:description\" content=\"La automotriz Volkswagen evit\u00f3 una huelga en su planta de Puebla, tras acordar un aumento salarial de 8.1 por ciento con su sindicato. La compa\u00f1\u00eda inform\u00f3 que negoci\u00f3 con el Sindicato Independiente de Trabajadores de la Industria Automotriz Volkswagen (SITIAVW) un nuevo convenio que entra en vigor este viernes para el incremento directo de 8.1...\" \/>\n<meta property=\"og:url\" content=\"https:\/\/thepueblatimes.mx\/index.php\/2023\/08\/18\/se-conjura-huelga-en-la-planta-de-vw\/\" \/>\n<meta property=\"og:site_name\" content=\"The Puebla Times\" \/>\n<meta property=\"article:published_time\" content=\"2023-08-18T19:31:00+00:00\" \/>\n<meta property=\"og:image\" content=\"https:\/\/thepueblatimes.mx\/wp-content\/uploads\/2023\/08\/840_560.jpeg\" \/>\n\t<meta property=\"og:image:width\" content=\"840\" \/>\n\t<meta property=\"og:image:height\" content=\"560\" \/>\n\t<meta property=\"og:image:type\" content=\"image\/jpeg\" \/>\n<meta name=\"author\" content=\"admintpt\" \/>\n<meta name=\"twitter:card\" content=\"summary_large_image\" \/>\n<meta name=\"twitter:label1\" content=\"Escrito por\" \/>\n\t<meta name=\"twitter:data1\" content=\"admintpt\" \/>\n\t<meta name=\"twitter:label2\" content=\"Tiempo de lectura\" \/>\n\t<meta name=\"twitter:data2\" content=\"1 minuto\" \/>\n<script type=\"application\/ld+json\" class=\"yoast-schema-graph\">{\"@context\":\"https:\/\/schema.org\",\"@graph\":[{\"@type\":\"WebPage\",\"@id\":\"https:\/\/thepueblatimes.mx\/index.php\/2023\/08\/18\/se-conjura-huelga-en-la-planta-de-vw\/\",\"url\":\"https:\/\/thepueblatimes.mx\/index.php\/2023\/08\/18\/se-conjura-huelga-en-la-planta-de-vw\/\",\"name\":\"Se conjura huelga en la planta de VW - The Puebla Times\",\"isPartOf\":{\"@id\":\"https:\/\/thepueblatimes.mx\/#website\"},\"datePublished\":\"2023-08-18T19:31:00+00:00\",\"dateModified\":\"2023-08-18T19:31:00+00:00\",\"author\":{\"@id\":\"https:\/\/thepueblatimes.mx\/#\/schema\/person\/c90a455f48a80821b6a99d3d73d1a71f\"},\"breadcrumb\":{\"@id\":\"https:\/\/thepueblatimes.mx\/index.php\/2023\/08\/18\/se-conjura-huelga-en-la-planta-de-vw\/#breadcrumb\"},\"inLanguage\":\"es\",\"potentialAction\":[{\"@type\":\"ReadAction\",\"target\":[\"https:\/\/thepueblatimes.mx\/index.php\/2023\/08\/18\/se-conjura-huelga-en-la-planta-de-vw\/\"]}]},{\"@type\":\"BreadcrumbList\",\"@id\":\"https:\/\/thepueblatimes.mx\/index.php\/2023\/08\/18\/se-conjura-huelga-en-la-planta-de-vw\/#breadcrumb\",\"itemListElement\":[{\"@type\":\"ListItem\",\"position\":1,\"name\":\"Portada\",\"item\":\"https:\/\/thepueblatimes.mx\/\"},{\"@type\":\"ListItem\",\"position\":2,\"name\":\"Se conjura huelga en la planta de VW\"}]},{\"@type\":\"WebSite\",\"@id\":\"https:\/\/thepueblatimes.mx\/#website\",\"url\":\"https:\/\/thepueblatimes.mx\/\",\"name\":\"The Puebla Times\",\"description\":\"Noticias del Estado de Puebla\",\"potentialAction\":[{\"@type\":\"SearchAction\",\"target\":{\"@type\":\"EntryPoint\",\"urlTemplate\":\"https:\/\/thepueblatimes.mx\/?s={search_term_string}\"},\"query-input\":\"required name=search_term_string\"}],\"inLanguage\":\"es\"},{\"@type\":\"Person\",\"@id\":\"https:\/\/thepueblatimes.mx\/#\/schema\/person\/c90a455f48a80821b6a99d3d73d1a71f\",\"name\":\"admintpt\",\"image\":{\"@type\":\"ImageObject\",\"inLanguage\":\"es\",\"@id\":\"https:\/\/thepueblatimes.mx\/#\/schema\/person\/image\/\",\"url\":\"https:\/\/secure.gravatar.com\/avatar\/13f0a494cc76bfb992f9768b1d51109d?s=96&d=mm&r=g\",\"contentUrl\":\"https:\/\/secure.gravatar.com\/avatar\/13f0a494cc76bfb992f9768b1d51109d?s=96&d=mm&r=g\",\"caption\":\"admintpt\"},\"url\":\"https:\/\/thepueblatimes.mx\/index.php\/author\/admintpt\/\"}]}<\/script>\n<!-- \/ Yoast SEO plugin. -->","yoast_head_json":{"title":"Se conjura huelga en la planta de VW - The Puebla Times","robots":{"index":"index","follow":"follow","max-snippet":"max-snippet:-1","max-image-preview":"max-image-preview:large","max-video-preview":"max-video-preview:-1"},"canonical":"https:\/\/thepueblatimes.mx\/index.php\/2023\/08\/18\/se-conjura-huelga-en-la-planta-de-vw\/","og_locale":"es_ES","og_type":"article","og_title":"Se conjura huelga en la planta de VW - The Puebla Times","og_description":"La automotriz Volkswagen evit\u00f3 una huelga en su planta de Puebla, tras acordar un aumento salarial de 8.1 por ciento con su sindicato. La compa\u00f1\u00eda inform\u00f3 que negoci\u00f3 con el Sindicato Independiente de Trabajadores de la Industria Automotriz Volkswagen (SITIAVW) un nuevo convenio que entra en vigor este viernes para el incremento directo de 8.1...","og_url":"https:\/\/thepueblatimes.mx\/index.php\/2023\/08\/18\/se-conjura-huelga-en-la-planta-de-vw\/","og_site_name":"The Puebla Times","article_published_time":"2023-08-18T19:31:00+00:00","og_image":[{"width":840,"height":560,"url":"https:\/\/thepueblatimes.mx\/wp-content\/uploads\/2023\/08\/840_560.jpeg","type":"image\/jpeg"}],"author":"admintpt","twitter_card":"summary_large_image","twitter_misc":{"Escrito por":"admintpt","Tiempo de lectura":"1 minuto"},"schema":{"@context":"https:\/\/schema.org","@graph":[{"@type":"WebPage","@id":"https:\/\/thepueblatimes.mx\/index.php\/2023\/08\/18\/se-conjura-huelga-en-la-planta-de-vw\/","url":"https:\/\/thepueblatimes.mx\/index.php\/2023\/08\/18\/se-conjura-huelga-en-la-planta-de-vw\/","name":"Se conjura huelga en la planta de VW - The Puebla Times","isPartOf":{"@id":"https:\/\/thepueblatimes.mx\/#website"},"datePublished":"2023-08-18T19:31:00+00:00","dateModified":"2023-08-18T19:31:00+00:00","author":{"@id":"https:\/\/thepueblatimes.mx\/#\/schema\/person\/c90a455f48a80821b6a99d3d73d1a71f"},"breadcrumb":{"@id":"https:\/\/thepueblatimes.mx\/index.php\/2023\/08\/18\/se-conjura-huelga-en-la-planta-de-vw\/#breadcrumb"},"inLanguage":"es","potentialAction":[{"@type":"ReadAction","target":["https:\/\/thepueblatimes.mx\/index.php\/2023\/08\/18\/se-conjura-huelga-en-la-planta-de-vw\/"]}]},{"@type":"BreadcrumbList","@id":"https:\/\/thepueblatimes.mx\/index.php\/2023\/08\/18\/se-conjura-huelga-en-la-planta-de-vw\/#breadcrumb","itemListElement":[{"@type":"ListItem","position":1,"name":"Portada","item":"https:\/\/thepueblatimes.mx\/"},{"@type":"ListItem","position":2,"name":"Se conjura huelga en la planta de VW"}]},{"@type":"WebSite","@id":"https:\/\/thepueblatimes.mx\/#website","url":"https:\/\/thepueblatimes.mx\/","name":"The Puebla Times","description":"Noticias del Estado de Puebla","potentialAction":[{"@type":"SearchAction","target":{"@type":"EntryPoint","urlTemplate":"https:\/\/thepueblatimes.mx\/?s={search_term_string}"},"query-input":"required name=search_term_string"}],"inLanguage":"es"},{"@type":"Person","@id":"https:\/\/thepueblatimes.mx\/#\/schema\/person\/c90a455f48a80821b6a99d3d73d1a71f","name":"admintpt","image":{"@type":"ImageObject","inLanguage":"es","@id":"https:\/\/thepueblatimes.mx\/#\/schema\/person\/image\/","url":"https:\/\/secure.gravatar.com\/avatar\/13f0a494cc76bfb992f9768b1d51109d?s=96&d=mm&r=g","contentUrl":"https:\/\/secure.gravatar.com\/avatar\/13f0a494cc76bfb992f9768b1d51109d?s=96&d=mm&r=g","caption":"admintpt"},"url":"https:\/\/thepueblatimes.mx\/index.php\/author\/admintpt\/"}]}},"jetpack_featured_media_url":"https:\/\/thepueblatimes.mx\/wp-content\/uploads\/2023\/08\/840_560.jpeg","_links":{"self":[{"href":"https:\/\/thepueblatimes.mx\/index.php\/wp-json\/wp\/v2\/posts\/19039"}],"collection":[{"href":"https:\/\/thepueblatimes.mx\/index.php\/wp-json\/wp\/v2\/posts"}],"about":[{"href":"https:\/\/thepueblatimes.mx\/index.php\/wp-json\/wp\/v2\/types\/post"}],"author":[{"embeddable":true,"href":"https:\/\/thepueblatimes.mx\/index.php\/wp-json\/wp\/v2\/users\/2"}],"replies":[{"embeddable":true,"href":"https:\/\/thepueblatimes.mx\/index.php\/wp-json\/wp\/v2\/comments?post=19039"}],"version-history":[{"count":1,"href":"https:\/\/thepueblatimes.mx\/index.php\/wp-json\/wp\/v2\/posts\/19039\/revisions"}],"predecessor-version":[{"id":19041,"href":"https:\/\/thepueblatimes.mx\/index.php\/wp-json\/wp\/v2\/posts\/19039\/revisions\/19041"}],"wp:featuredmedia":[{"embeddable":true,"href":"https:\/\/thepueblatimes.mx\/index.php\/wp-json\/wp\/v2\/media\/19040"}],"wp:attachment":[{"href":"https:\/\/thepueblatimes.mx\/index.php\/wp-json\/wp\/v2\/media?parent=19039"}],"wp:term":[{"taxonomy":"category","embeddable":true,"href":"https:\/\/thepueblatimes.mx\/index.php\/wp-json\/wp\/v2\/categories?post=19039"},{"taxonomy":"post_tag","embeddable":true,"href":"https:\/\/thepueblatimes.mx\/index.php\/wp-json\/wp\/v2\/tags?post=19039"}],"curies":[{"name":"wp","href":"https:\/\/api.w.org\/{rel}","templated":true}]}}