{"id":18990,"date":"2023-08-14T18:27:14","date_gmt":"2023-08-15T00:27:14","guid":{"rendered":"https:\/\/thepueblatimes.mx\/?p=18990"},"modified":"2023-08-14T18:27:14","modified_gmt":"2023-08-15T00:27:14","slug":"es-de-muy-buena-fuente","status":"publish","type":"post","link":"https:\/\/thepueblatimes.mx\/index.php\/2023\/08\/14\/es-de-muy-buena-fuente\/","title":{"rendered":"Es De muy Buena Fuente"},"content":{"rendered":"<p>Lo veo en el <strong>CERESO<\/strong>, doctor <strong>Mart\u00ednez<\/strong><\/p>\n<p>El doctor <em><strong>Mart\u00ednez<\/strong><\/em>, pasar\u00e1 de:<\/p>\n<p><em><strong>\u201cSanando Puebla\u201d<\/strong> a <strong>\u201cEnfermando tu cuenta p\u00fablica\u201d<\/strong>.<\/em><\/p>\n<p>El mensaje de <strong>Jos\u00e9 Antonio Garc\u00eda Mart\u00ednez<\/strong> es contundente:<\/p>\n<p>Desafiar la autoridad del jefe pol\u00edtico en Puebla, el gobernador <strong>Sergio Salom\u00f3n C\u00e9spedes Peregrina<\/strong>.<\/p>\n<p>La carta de presentaci\u00f3n de <strong>Garc\u00eda Mart\u00ednez<\/strong> es, haber sido Secretario de Salud del peor gobernador en la historia de Puebla: <strong>Luis Miguel Ger\u00f3nimo Barbosa Huerta<\/strong>, <strong><em>\u201cEl MM\u201d<\/em><\/strong>.<\/p>\n<p>En su curriculum est\u00e1, prestarse a la manipulaci\u00f3n de informaci\u00f3n tras la muerte del ni\u00f1o de Chalchihuapan (seg\u00fan versiones period\u00edsticas), que manch\u00f3 de sangre al gobierno del <em><strong>Rafael Moreno Valle.<\/strong><\/em><\/p>\n<p>El doctor era director del Hospital General del Norte.<\/p>\n<p>Pero el tema de fondo es evidente:<\/p>\n<p>Representar a la corriente pol\u00edtica de Barbosa <em><strong>\u201cEl MM\u201d<\/strong><\/em>, de <em><strong>\u201cEl Chal Vengador\u201d<\/strong><\/em>, de <em><strong>\u201cLa Vero Veneno\u201d<\/strong><\/em>, de <em><strong>\u201c#LadyTransas\u201d<\/strong><\/em>, de <em><strong>\u201cLa Burra\u201d<\/strong><\/em>, de <em><strong>\u201cLord Sin-iestro\u201d<\/strong><\/em>, etc.<\/p>\n<p>La respuesta vendr\u00e1 en estos d\u00edas:<\/p>\n<p><em><strong>\u201cDetectan irregularidades en contratos de Salud\u201d<\/strong><\/em>. <em><strong>\u201cFavorece a Laboratorios PAT durante pandemia\u201d<\/strong><\/em>, etc.<\/p>\n<p>El doctor dir\u00e1 que no debe nada.<\/p>\n<p>Claro que si alguien sabe sobre la manera de inventar delitos, esa su patrocinadora y alentadora: <em><strong>\u201cLa Viuda Veneno\u201d.<\/strong><\/em><\/p>\n<p>Bienvenido a la contienda doctor, lo visito en el CERESO.<\/p>\n<p>Punto.<\/p>\n<p>He dicho y he escrito.<\/p>\n<p>\u2026<\/p>\n<p>&nbsp;<\/p>\n<p><strong>Alito da regalado a N\u00e9stor Camarillo<\/strong><\/p>\n<p>Regalazo de cumplea\u00f1os a <strong>N\u00e9stor Camarillo Medina.<\/strong><\/p>\n<p><strong>Alejandro Moreno C\u00e1rdenas<\/strong>, presidente del comit\u00e9 nacional del PRI, vino al Consejo Pol\u00edtico, pero m\u00e1s bien a dar su apoyo al dirigente en Puebla.<\/p>\n<p><em><strong>\u201cAlito\u201d<\/strong><\/em>, encabez\u00f3 la comida del cumplea\u00f1ero, en una fiesta en la que por cierto no se permitieron ni fotos ni videos.<\/p>\n<p>Degustando los platillos del Centro Mexicano Liban\u00e9s, l@s diputad@s federales: <strong>Blanca Alcal\u00e1 Ruiz<\/strong> y <strong>Cristina Ruiz<\/strong> (PRI), <strong>Humberto Aguilar Coronado<\/strong> y <strong>Mario Riestra Pi\u00f1a<\/strong> (PAN).<\/p>\n<p>Del Ayuntamiento de Puebla: <strong>Karina Romero Alcal\u00e1<\/strong>, <strong>Lucero Salda\u00f1a<\/strong>, <strong>Eduardo Rivera P\u00e9rez<\/strong>, y la regidora priista <strong>Christian Guzm\u00e1n<\/strong>.<\/p>\n<p><strong>Silvia Tan\u00fas Osorio<\/strong>, diputada tricolor al Congreso del Estado.<\/p>\n<p>Su coordinador priista <strong>Charbel Jorge Estefan Chidiac<\/strong>.<\/p>\n<p><strong>Karla Rodr\u00edguez<\/strong>, diputada por Ciudad Serd\u00e1n y por Acci\u00f3n Nacional.<\/p>\n<p><strong>Delfina Pozos<\/strong>, secretaria general del comit\u00e9 estatal.\u2028<strong>Jos\u00e9 Chedraui Budib<\/strong>, aspirante a la alcald\u00eda de Puebla.<\/p>\n<p><strong>Juan de Dios Bravo<\/strong>, presidente del PRI en la capital poblana.<\/p>\n<p><strong>Marco Ponce de Le\u00f3n<\/strong> y <strong>Jaime Alc\u00e1ntara Silva<\/strong>.<\/p>\n<p><strong>Jazm\u00edn Tecozautla<\/strong>, presidenta del instituto de Formaci\u00f3n Pol\u00edtica Jes\u00fas Reyes Heroles.<\/p>\n<p>Directores de los medios de comunicaci\u00f3n:<\/p>\n<p><strong>Erika Rivero<\/strong>, de los conjurados.mx<\/p>\n<p><strong>Oscar Tendero<\/strong>, del peri\u00f3dico S\u00edntesis.<\/p>\n<p><strong>Erick Becerra<\/strong>, de El Heraldo de Puebla.<\/p>\n<p><strong>Enrique y Al\u00e1n N\u00fa\u00f1ez<\/strong>, del Grupo Intolerancia.<\/p>\n<p><strong>Jes\u00fas Lemus<\/strong> de farodigital.mx<\/p>\n<p><strong>Mariana Camarillo<\/strong> de En Punto Puebla<\/p>\n<p><strong>Julio C\u00e9sar Morales<\/strong> de arrobanoticias.mx<\/p>\n<p><strong>Maritza Mena<\/strong>, Secretaria de Comunicaci\u00f3n del PRI.<\/p>\n<p>Y muchas personalidades m\u00e1s del priismo poblano, que goza de salud revolucionaria.<\/p>\n<p>Punto.<\/p>\n<p>He dicho y he informado.<\/p>\n<p>\u2026<\/p>\n<p>&nbsp;<\/p>\n<p><strong>Contra la peatonizaci\u00f3n del centro<\/strong><\/p>\n<p>El Grupo Puebla 500 se opone a la peatonizaci\u00f3n de la calle 16 de Septiembre en el centro hist\u00f3rico de la ciudad.<\/p>\n<p>Este equipo est\u00e1 integrado por ciudadanos que quieren mejores condiciones de movilidad y servicios para la ciudad capital.<\/p>\n<p>Estos ciudadanos integrantes del Grupo, tienen aportaciones y recomendaciones con el enfoque a los 500 a\u00f1os de la fundaci\u00f3n de la Ciudad de Puebla.<\/p>\n<p>Punto.<\/p>\n<p>\u2026<\/p>\n<p>&nbsp;<\/p>\n<p><strong>Ni Obama<\/strong><\/p>\n<p>Todav\u00eda a finales de febrero de este a\u00f1o, \u201c<em><strong>Julio Huerta<\/strong><\/em>.. <em><strong>el de la campa\u00f1a Muerta<\/strong><\/em>\u201d invit\u00f3 a su comparecencia a <strong>\u201cLa Viuda Veneno\u201d<\/strong>. \u201cHoy-today en la actualid\u00e1\u201d, ya no los junta, <em><strong>ni Obama<\/strong><\/em>.<\/p>\n<p>\u2026<\/p>\n<p>&nbsp;<\/p>\n<p><strong>El Verdugo<\/strong><\/p>\n<p>Las encuestadas no mienten. Mienten los encuestados. A <strong>Karina P\u00e9rez Popoca<\/strong> su encuestador le daba de 15 a 17 puntos de ventaja para ganar la elecci\u00f3n del Ayuntamiento de San Andr\u00e9s Cholula en el a\u00f1o 2021. Termin\u00f3 ganando el panista <strong>Edmundo Tlatlehui<\/strong>. La gente responde una cosa y vota otra. <strong>El Verdugo dice<\/strong>: La se\u00f1ora <em><strong>Sheinbaum<\/strong><\/em>, \u201cgana\u201d en todas las encuestas.<\/p>\n","protected":false},"excerpt":{"rendered":"<p>Lo veo en el CERESO, doctor Mart\u00ednez El doctor Mart\u00ednez, pasar\u00e1 de: \u201cSanando Puebla\u201d a \u201cEnfermando tu cuenta p\u00fablica\u201d. El mensaje de Jos\u00e9 Antonio Garc\u00eda Mart\u00ednez es contundente: Desafiar la autoridad del jefe pol\u00edtico en Puebla, el gobernador Sergio Salom\u00f3n C\u00e9spedes Peregrina. La carta de presentaci\u00f3n de Garc\u00eda Mart\u00ednez es, haber sido Secretario de Salud&#8230;<\/p>\n","protected":false},"author":2,"featured_media":18991,"comment_status":"closed","ping_status":"closed","sticky":false,"template":"","format":"standard","meta":[],"categories":[10,8],"tags":[1429,171,1260,605,1428,1259,135,1366,137,49,628],"yoast_head":"<!-- This site is optimized with the Yoast SEO plugin v20.8 - https:\/\/yoast.com\/wordpress\/plugins\/seo\/ -->\n<title>Es De muy Buena Fuente - The Puebla Times<\/title>\n<meta name=\"robots\" content=\"index, follow, max-snippet:-1, max-image-preview:large, max-video-preview:-1\" \/>\n<link rel=\"canonical\" href=\"https:\/\/thepueblatimes.mx\/index.php\/2023\/08\/14\/es-de-muy-buena-fuente\/\" \/>\n<meta property=\"og:locale\" content=\"es_ES\" \/>\n<meta property=\"og:type\" content=\"article\" \/>\n<meta property=\"og:title\" content=\"Es De muy Buena Fuente - The Puebla Times\" \/>\n<meta property=\"og:description\" content=\"Lo veo en el CERESO, doctor Mart\u00ednez El doctor Mart\u00ednez, pasar\u00e1 de: \u201cSanando Puebla\u201d a \u201cEnfermando tu cuenta p\u00fablica\u201d. El mensaje de Jos\u00e9 Antonio Garc\u00eda Mart\u00ednez es contundente: Desafiar la autoridad del jefe pol\u00edtico en Puebla, el gobernador Sergio Salom\u00f3n C\u00e9spedes Peregrina. La carta de presentaci\u00f3n de Garc\u00eda Mart\u00ednez es, haber sido Secretario de Salud...\" \/>\n<meta property=\"og:url\" content=\"https:\/\/thepueblatimes.mx\/index.php\/2023\/08\/14\/es-de-muy-buena-fuente\/\" \/>\n<meta property=\"og:site_name\" content=\"The Puebla Times\" \/>\n<meta property=\"article:published_time\" content=\"2023-08-15T00:27:14+00:00\" \/>\n<meta property=\"og:image\" content=\"https:\/\/thepueblatimes.mx\/wp-content\/uploads\/2023\/08\/NOTA-PAUTA-2.png\" \/>\n\t<meta property=\"og:image:width\" content=\"1206\" \/>\n\t<meta property=\"og:image:height\" content=\"610\" \/>\n\t<meta property=\"og:image:type\" content=\"image\/png\" \/>\n<meta name=\"author\" content=\"admintpt\" \/>\n<meta name=\"twitter:card\" content=\"summary_large_image\" \/>\n<meta name=\"twitter:label1\" content=\"Escrito por\" \/>\n\t<meta name=\"twitter:data1\" content=\"admintpt\" \/>\n\t<meta name=\"twitter:label2\" content=\"Tiempo de lectura\" \/>\n\t<meta name=\"twitter:data2\" content=\"3 minutos\" \/>\n<script type=\"application\/ld+json\" class=\"yoast-schema-graph\">{\"@context\":\"https:\/\/schema.org\",\"@graph\":[{\"@type\":\"WebPage\",\"@id\":\"https:\/\/thepueblatimes.mx\/index.php\/2023\/08\/14\/es-de-muy-buena-fuente\/\",\"url\":\"https:\/\/thepueblatimes.mx\/index.php\/2023\/08\/14\/es-de-muy-buena-fuente\/\",\"name\":\"Es De muy Buena Fuente - The Puebla Times\",\"isPartOf\":{\"@id\":\"https:\/\/thepueblatimes.mx\/#website\"},\"datePublished\":\"2023-08-15T00:27:14+00:00\",\"dateModified\":\"2023-08-15T00:27:14+00:00\",\"author\":{\"@id\":\"https:\/\/thepueblatimes.mx\/#\/schema\/person\/c90a455f48a80821b6a99d3d73d1a71f\"},\"breadcrumb\":{\"@id\":\"https:\/\/thepueblatimes.mx\/index.php\/2023\/08\/14\/es-de-muy-buena-fuente\/#breadcrumb\"},\"inLanguage\":\"es\",\"potentialAction\":[{\"@type\":\"ReadAction\",\"target\":[\"https:\/\/thepueblatimes.mx\/index.php\/2023\/08\/14\/es-de-muy-buena-fuente\/\"]}]},{\"@type\":\"BreadcrumbList\",\"@id\":\"https:\/\/thepueblatimes.mx\/index.php\/2023\/08\/14\/es-de-muy-buena-fuente\/#breadcrumb\",\"itemListElement\":[{\"@type\":\"ListItem\",\"position\":1,\"name\":\"Portada\",\"item\":\"https:\/\/thepueblatimes.mx\/\"},{\"@type\":\"ListItem\",\"position\":2,\"name\":\"Es De muy Buena Fuente\"}]},{\"@type\":\"WebSite\",\"@id\":\"https:\/\/thepueblatimes.mx\/#website\",\"url\":\"https:\/\/thepueblatimes.mx\/\",\"name\":\"The Puebla Times\",\"description\":\"Noticias del Estado de Puebla\",\"potentialAction\":[{\"@type\":\"SearchAction\",\"target\":{\"@type\":\"EntryPoint\",\"urlTemplate\":\"https:\/\/thepueblatimes.mx\/?s={search_term_string}\"},\"query-input\":\"required name=search_term_string\"}],\"inLanguage\":\"es\"},{\"@type\":\"Person\",\"@id\":\"https:\/\/thepueblatimes.mx\/#\/schema\/person\/c90a455f48a80821b6a99d3d73d1a71f\",\"name\":\"admintpt\",\"image\":{\"@type\":\"ImageObject\",\"inLanguage\":\"es\",\"@id\":\"https:\/\/thepueblatimes.mx\/#\/schema\/person\/image\/\",\"url\":\"https:\/\/secure.gravatar.com\/avatar\/13f0a494cc76bfb992f9768b1d51109d?s=96&d=mm&r=g\",\"contentUrl\":\"https:\/\/secure.gravatar.com\/avatar\/13f0a494cc76bfb992f9768b1d51109d?s=96&d=mm&r=g\",\"caption\":\"admintpt\"},\"url\":\"https:\/\/thepueblatimes.mx\/index.php\/author\/admintpt\/\"}]}<\/script>\n<!-- \/ Yoast SEO plugin. -->","yoast_head_json":{"title":"Es De muy Buena Fuente - The Puebla Times","robots":{"index":"index","follow":"follow","max-snippet":"max-snippet:-1","max-image-preview":"max-image-preview:large","max-video-preview":"max-video-preview:-1"},"canonical":"https:\/\/thepueblatimes.mx\/index.php\/2023\/08\/14\/es-de-muy-buena-fuente\/","og_locale":"es_ES","og_type":"article","og_title":"Es De muy Buena Fuente - The Puebla Times","og_description":"Lo veo en el CERESO, doctor Mart\u00ednez El doctor Mart\u00ednez, pasar\u00e1 de: \u201cSanando Puebla\u201d a \u201cEnfermando tu cuenta p\u00fablica\u201d. El mensaje de Jos\u00e9 Antonio Garc\u00eda Mart\u00ednez es contundente: Desafiar la autoridad del jefe pol\u00edtico en Puebla, el gobernador Sergio Salom\u00f3n C\u00e9spedes Peregrina. La carta de presentaci\u00f3n de Garc\u00eda Mart\u00ednez es, haber sido Secretario de Salud...","og_url":"https:\/\/thepueblatimes.mx\/index.php\/2023\/08\/14\/es-de-muy-buena-fuente\/","og_site_name":"The Puebla Times","article_published_time":"2023-08-15T00:27:14+00:00","og_image":[{"width":1206,"height":610,"url":"https:\/\/thepueblatimes.mx\/wp-content\/uploads\/2023\/08\/NOTA-PAUTA-2.png","type":"image\/png"}],"author":"admintpt","twitter_card":"summary_large_image","twitter_misc":{"Escrito por":"admintpt","Tiempo de lectura":"3 minutos"},"schema":{"@context":"https:\/\/schema.org","@graph":[{"@type":"WebPage","@id":"https:\/\/thepueblatimes.mx\/index.php\/2023\/08\/14\/es-de-muy-buena-fuente\/","url":"https:\/\/thepueblatimes.mx\/index.php\/2023\/08\/14\/es-de-muy-buena-fuente\/","name":"Es De muy Buena Fuente - The Puebla Times","isPartOf":{"@id":"https:\/\/thepueblatimes.mx\/#website"},"datePublished":"2023-08-15T00:27:14+00:00","dateModified":"2023-08-15T00:27:14+00:00","author":{"@id":"https:\/\/thepueblatimes.mx\/#\/schema\/person\/c90a455f48a80821b6a99d3d73d1a71f"},"breadcrumb":{"@id":"https:\/\/thepueblatimes.mx\/index.php\/2023\/08\/14\/es-de-muy-buena-fuente\/#breadcrumb"},"inLanguage":"es","potentialAction":[{"@type":"ReadAction","target":["https:\/\/thepueblatimes.mx\/index.php\/2023\/08\/14\/es-de-muy-buena-fuente\/"]}]},{"@type":"BreadcrumbList","@id":"https:\/\/thepueblatimes.mx\/index.php\/2023\/08\/14\/es-de-muy-buena-fuente\/#breadcrumb","itemListElement":[{"@type":"ListItem","position":1,"name":"Portada","item":"https:\/\/thepueblatimes.mx\/"},{"@type":"ListItem","position":2,"name":"Es De muy Buena Fuente"}]},{"@type":"WebSite","@id":"https:\/\/thepueblatimes.mx\/#website","url":"https:\/\/thepueblatimes.mx\/","name":"The Puebla Times","description":"Noticias del Estado de Puebla","potentialAction":[{"@type":"SearchAction","target":{"@type":"EntryPoint","urlTemplate":"https:\/\/thepueblatimes.mx\/?s={search_term_string}"},"query-input":"required name=search_term_string"}],"inLanguage":"es"},{"@type":"Person","@id":"https:\/\/thepueblatimes.mx\/#\/schema\/person\/c90a455f48a80821b6a99d3d73d1a71f","name":"admintpt","image":{"@type":"ImageObject","inLanguage":"es","@id":"https:\/\/thepueblatimes.mx\/#\/schema\/person\/image\/","url":"https:\/\/secure.gravatar.com\/avatar\/13f0a494cc76bfb992f9768b1d51109d?s=96&d=mm&r=g","contentUrl":"https:\/\/secure.gravatar.com\/avatar\/13f0a494cc76bfb992f9768b1d51109d?s=96&d=mm&r=g","caption":"admintpt"},"url":"https:\/\/thepueblatimes.mx\/index.php\/author\/admintpt\/"}]}},"jetpack_featured_media_url":"https:\/\/thepueblatimes.mx\/wp-content\/uploads\/2023\/08\/NOTA-PAUTA-2.png","_links":{"self":[{"href":"https:\/\/thepueblatimes.mx\/index.php\/wp-json\/wp\/v2\/posts\/18990"}],"collection":[{"href":"https:\/\/thepueblatimes.mx\/index.php\/wp-json\/wp\/v2\/posts"}],"about":[{"href":"https:\/\/thepueblatimes.mx\/index.php\/wp-json\/wp\/v2\/types\/post"}],"author":[{"embeddable":true,"href":"https:\/\/thepueblatimes.mx\/index.php\/wp-json\/wp\/v2\/users\/2"}],"replies":[{"embeddable":true,"href":"https:\/\/thepueblatimes.mx\/index.php\/wp-json\/wp\/v2\/comments?post=18990"}],"version-history":[{"count":1,"href":"https:\/\/thepueblatimes.mx\/index.php\/wp-json\/wp\/v2\/posts\/18990\/revisions"}],"predecessor-version":[{"id":18992,"href":"https:\/\/thepueblatimes.mx\/index.php\/wp-json\/wp\/v2\/posts\/18990\/revisions\/18992"}],"wp:featuredmedia":[{"embeddable":true,"href":"https:\/\/thepueblatimes.mx\/index.php\/wp-json\/wp\/v2\/media\/18991"}],"wp:attachment":[{"href":"https:\/\/thepueblatimes.mx\/index.php\/wp-json\/wp\/v2\/media?parent=18990"}],"wp:term":[{"taxonomy":"category","embeddable":true,"href":"https:\/\/thepueblatimes.mx\/index.php\/wp-json\/wp\/v2\/categories?post=18990"},{"taxonomy":"post_tag","embeddable":true,"href":"https:\/\/thepueblatimes.mx\/index.php\/wp-json\/wp\/v2\/tags?post=18990"}],"curies":[{"name":"wp","href":"https:\/\/api.w.org\/{rel}","templated":true}]}}