{"id":18896,"date":"2023-08-09T17:45:36","date_gmt":"2023-08-09T23:45:36","guid":{"rendered":"https:\/\/thepueblatimes.mx\/?p=18896"},"modified":"2023-08-09T17:45:36","modified_gmt":"2023-08-09T23:45:36","slug":"acribillan-a-regidor-de-acatlan-y-a-dos-de-sus-hijos","status":"publish","type":"post","link":"https:\/\/thepueblatimes.mx\/index.php\/2023\/08\/09\/acribillan-a-regidor-de-acatlan-y-a-dos-de-sus-hijos\/","title":{"rendered":"Acribillan a regidor de Acatl\u00e1n y a dos de sus hijos"},"content":{"rendered":"<h3><em>*En una emboscada fue asesinado el regidor de Grupos Vulnerables del Ayuntamiento acateco, Marco Antonio Mej\u00eda Mart\u00ednez, muriendo tambi\u00e9n en el ataque uno de sus trabajadores.<\/em><\/h3>\n<p>POR CIRO DEGANTE<\/p>\n<p>ACATL\u00c1N DE OSORIO, PUE. &#8211; La tarde del pasado domingo 6 de agosto, fue asesinado a balazos y en una emboscada, el regidor de Grupos Vulnerables del Ayuntamiento de Acatl\u00e1n de Osorio, Marco Antonio Mej\u00eda Mart\u00ednez, mejor conocido como Marco Mej\u00eda, cuando viajaba en la carretera San Mart\u00edn Atexcal &#8211; San Nicolas Tepoxtitl\u00e1n, del municipio de Atexcal, poblaci\u00f3n que se ubica entre las poblaciones de Totoltepec de Guerrero, San Juan Ixcaquixtla y Tehuac\u00e1n.<\/p>\n<p>En el momento del ataque, el regidor viajaba junto con dos de sus hijos de nombres Alexis y Mois\u00e9s, de entre 26 y 23 a\u00f1os de edad, acompa\u00f1ados tambi\u00e9n de uno de sus caporales, muriendo todos en el ataque armado que ocurri\u00f3 muy cerca del municipio de San Juan Ixcaquixtla.<\/p>\n<p>Marco Mej\u00eda, ganadero y due\u00f1o del rancho La Canela, viajaba con sus hijos y su trabajador la tarde del pasado domingo en una camioneta Liberty de color negro que era de su propiedad, en la que fueron emboscados en la carretera San Mart\u00edn Atexcal &#8211; San Nicol\u00e1s Tepoxtitl\u00e1n con rumbo a Santiago Miahuatl\u00e1n, donde con motivo de la feria patronal, se presentar\u00eda su ganader\u00eda.<\/p>\n<p>Dentro del veh\u00edculo quedaron los cad\u00e1veres ensangrentados hasta el arrib\u00f3 de personal de Servicios Periciales de la Fiscal\u00eda General del Estado para el levantamiento de los cad\u00e1veres y para llevar a cabo las diligencias correspondientes.<\/p>\n<p><strong>COMUNICADO DEL AYUNTAMIENTO DE ACATL\u00c1N DE OSORIO<\/strong><\/p>\n<p>Con profundo pesar, informamos el fallecimiento del compa\u00f1ero Regidor de Igualdad de G\u00e9nero, C. Marco Antonio Mej\u00eda Mart\u00ednez, quien fue ultimado junto a dos de sus hijos y un trabajador.<\/p>\n<p>Este tr\u00e1gico suceso ha conmocionado a quienes conocimos y tuvimos la oportunidad de convivir con nuestro amigo Marco, expresamos nuestras m\u00e1s sinceras condolencias a las familias afectadas.<\/p>\n<p>El Gobierno Municipal de Acatl\u00e1n se une al dolor de los familiares y amigos del C. Marco Antonio Mej\u00eda Mart\u00ednez, rechazamos en\u00e9rgicamente cualquier acto de violencia que atente contra la vida y la integridad de las personas.<\/p>\n<p>Hacemos un llamado a las autoridades federales y estatales para el esclarecimiento de estos hechos, al mismo tiempo solicitamos que se realicen las investigaciones correspondientes para que se haga justicia.<\/p>\n<p>Como comunidad, debemos trabajar juntos para construir un entorno seguro y pac\u00edfico para todos los habitantes de nuestro municipio.<\/p>\n<p>En memoria de nuestro amigo Marco Antonio Mej\u00eda Mart\u00ednez, sus hijos y su trabajador, renovamos nuestro compromiso con la promoci\u00f3n de la igualdad de g\u00e9nero y el respeto a los derechos humanos.<\/p>\n<p><strong>CNC ACATL\u00c1N LAMENTA ASESINATO DEL REGIDOR MARCO ANTONIO MEJ\u00cdA<\/strong><\/p>\n<p>En las \u00faltimas horas, integrantes de la Confederaci\u00f3n Nacional Campesina (CNC), del municipio de Acatl\u00e1n de Osorio, lamentaron el asesinato del Regidor de Acatl\u00e1n de Osorio, Marco Antonio Mej\u00eda Mart\u00ednez, conocido com\u00fanmente como Marco Mej\u00eda, empresario ganadero propietario del Rancho La Canela.<\/p>\n<p>Al respecto desde el sitio oficial de la CNC de Acatl\u00e1n de Osorio, se dijo siguiente: La familia cenecista de Puebla enviamos nuestro sentido p\u00e9same a familiares y amigos de nuestro l\u00edder Marcos Mejia, dese\u00e1ndoles pronta recuperaci\u00f3n emocional. Nuestras oraciones los acompa\u00f1an.<\/p>\n<p>Cabe mencionar que Marco Mej\u00eda era miembro y dirigente de la CNC en Acatl\u00e1n, as\u00ed como Regidor Plurinominal del Partido Revolucionario Institucional (PRI), en el Ayuntamiento de Acatl\u00e1n de Osorio, emanado de la coalici\u00f3n compuesta por el PAN y el PRI.<\/p>\n<p><strong>NO HAY POSTURA POR PARTE DE LA FISCAL\u00cdA<\/strong><\/p>\n<p>Hasta el cierre de esta edici\u00f3n no hab\u00eda trascendido ninguna postura por parte del gobierno del estado de Puebla, ni de la Fiscal\u00eda General del Estado de Puebla.<\/p>\n<p>Solo se hizo menci\u00f3n que los cuerpos estar\u00edan llegando a sus respectivos lugares de origen en el transcurso del d\u00eda lunes 7 de agosto, una vez que se les practicara a cada uno la autopsia que as\u00ed establece la ley.<\/p>\n<p>Ante tales hechos, se confirmo que la autoridad ministerial dio inicio a las carpetas de investigaci\u00f3n correspondientes para esclarecer el m\u00faltiple homicidio, del cual todav\u00eda se desconoce el m\u00f3vil as\u00ed como qui\u00e9nes fueron los que privaron de la vida a estas cuatro personas.<\/p>\n<p>&nbsp;<\/p>\n","protected":false},"excerpt":{"rendered":"<p>*En una emboscada fue asesinado el regidor de Grupos Vulnerables del Ayuntamiento acateco, Marco Antonio Mej\u00eda Mart\u00ednez, muriendo tambi\u00e9n en el ataque uno de sus trabajadores. POR CIRO DEGANTE ACATL\u00c1N DE OSORIO, PUE. &#8211; La tarde del pasado domingo 6 de agosto, fue asesinado a balazos y en una emboscada, el regidor de Grupos Vulnerables&#8230;<\/p>\n","protected":false},"author":2,"featured_media":18897,"comment_status":"closed","ping_status":"closed","sticky":false,"template":"","format":"standard","meta":[],"categories":[17,121],"tags":[173,496,1416],"yoast_head":"<!-- This site is optimized with the Yoast SEO plugin v20.8 - https:\/\/yoast.com\/wordpress\/plugins\/seo\/ -->\n<title>Acribillan a regidor de Acatl\u00e1n y a dos de sus hijos - The Puebla Times<\/title>\n<meta name=\"robots\" content=\"index, follow, max-snippet:-1, max-image-preview:large, max-video-preview:-1\" \/>\n<link rel=\"canonical\" href=\"https:\/\/thepueblatimes.mx\/index.php\/2023\/08\/09\/acribillan-a-regidor-de-acatlan-y-a-dos-de-sus-hijos\/\" \/>\n<meta property=\"og:locale\" content=\"es_ES\" \/>\n<meta property=\"og:type\" content=\"article\" \/>\n<meta property=\"og:title\" content=\"Acribillan a regidor de Acatl\u00e1n y a dos de sus hijos - The Puebla Times\" \/>\n<meta property=\"og:description\" content=\"*En una emboscada fue asesinado el regidor de Grupos Vulnerables del Ayuntamiento acateco, Marco Antonio Mej\u00eda Mart\u00ednez, muriendo tambi\u00e9n en el ataque uno de sus trabajadores. POR CIRO DEGANTE ACATL\u00c1N DE OSORIO, PUE. &#8211; La tarde del pasado domingo 6 de agosto, fue asesinado a balazos y en una emboscada, el regidor de Grupos Vulnerables...\" \/>\n<meta property=\"og:url\" content=\"https:\/\/thepueblatimes.mx\/index.php\/2023\/08\/09\/acribillan-a-regidor-de-acatlan-y-a-dos-de-sus-hijos\/\" \/>\n<meta property=\"og:site_name\" content=\"The Puebla Times\" \/>\n<meta property=\"article:published_time\" content=\"2023-08-09T23:45:36+00:00\" \/>\n<meta property=\"og:image\" content=\"https:\/\/thepueblatimes.mx\/wp-content\/uploads\/2023\/08\/ataque-acatlan4-e1691624701414.jpg\" \/>\n\t<meta property=\"og:image:width\" content=\"707\" \/>\n\t<meta property=\"og:image:height\" content=\"819\" \/>\n\t<meta property=\"og:image:type\" content=\"image\/jpeg\" \/>\n<meta name=\"author\" content=\"admintpt\" \/>\n<meta name=\"twitter:card\" content=\"summary_large_image\" \/>\n<meta name=\"twitter:label1\" content=\"Escrito por\" \/>\n\t<meta name=\"twitter:data1\" content=\"admintpt\" \/>\n\t<meta name=\"twitter:label2\" content=\"Tiempo de lectura\" \/>\n\t<meta name=\"twitter:data2\" content=\"4 minutos\" \/>\n<script type=\"application\/ld+json\" class=\"yoast-schema-graph\">{\"@context\":\"https:\/\/schema.org\",\"@graph\":[{\"@type\":\"WebPage\",\"@id\":\"https:\/\/thepueblatimes.mx\/index.php\/2023\/08\/09\/acribillan-a-regidor-de-acatlan-y-a-dos-de-sus-hijos\/\",\"url\":\"https:\/\/thepueblatimes.mx\/index.php\/2023\/08\/09\/acribillan-a-regidor-de-acatlan-y-a-dos-de-sus-hijos\/\",\"name\":\"Acribillan a regidor de Acatl\u00e1n y a dos de sus hijos - The Puebla Times\",\"isPartOf\":{\"@id\":\"https:\/\/thepueblatimes.mx\/#website\"},\"datePublished\":\"2023-08-09T23:45:36+00:00\",\"dateModified\":\"2023-08-09T23:45:36+00:00\",\"author\":{\"@id\":\"https:\/\/thepueblatimes.mx\/#\/schema\/person\/c90a455f48a80821b6a99d3d73d1a71f\"},\"breadcrumb\":{\"@id\":\"https:\/\/thepueblatimes.mx\/index.php\/2023\/08\/09\/acribillan-a-regidor-de-acatlan-y-a-dos-de-sus-hijos\/#breadcrumb\"},\"inLanguage\":\"es\",\"potentialAction\":[{\"@type\":\"ReadAction\",\"target\":[\"https:\/\/thepueblatimes.mx\/index.php\/2023\/08\/09\/acribillan-a-regidor-de-acatlan-y-a-dos-de-sus-hijos\/\"]}]},{\"@type\":\"BreadcrumbList\",\"@id\":\"https:\/\/thepueblatimes.mx\/index.php\/2023\/08\/09\/acribillan-a-regidor-de-acatlan-y-a-dos-de-sus-hijos\/#breadcrumb\",\"itemListElement\":[{\"@type\":\"ListItem\",\"position\":1,\"name\":\"Portada\",\"item\":\"https:\/\/thepueblatimes.mx\/\"},{\"@type\":\"ListItem\",\"position\":2,\"name\":\"Acribillan a regidor de Acatl\u00e1n y a dos de sus hijos\"}]},{\"@type\":\"WebSite\",\"@id\":\"https:\/\/thepueblatimes.mx\/#website\",\"url\":\"https:\/\/thepueblatimes.mx\/\",\"name\":\"The Puebla Times\",\"description\":\"Noticias del Estado de Puebla\",\"potentialAction\":[{\"@type\":\"SearchAction\",\"target\":{\"@type\":\"EntryPoint\",\"urlTemplate\":\"https:\/\/thepueblatimes.mx\/?s={search_term_string}\"},\"query-input\":\"required name=search_term_string\"}],\"inLanguage\":\"es\"},{\"@type\":\"Person\",\"@id\":\"https:\/\/thepueblatimes.mx\/#\/schema\/person\/c90a455f48a80821b6a99d3d73d1a71f\",\"name\":\"admintpt\",\"image\":{\"@type\":\"ImageObject\",\"inLanguage\":\"es\",\"@id\":\"https:\/\/thepueblatimes.mx\/#\/schema\/person\/image\/\",\"url\":\"https:\/\/secure.gravatar.com\/avatar\/13f0a494cc76bfb992f9768b1d51109d?s=96&d=mm&r=g\",\"contentUrl\":\"https:\/\/secure.gravatar.com\/avatar\/13f0a494cc76bfb992f9768b1d51109d?s=96&d=mm&r=g\",\"caption\":\"admintpt\"},\"url\":\"https:\/\/thepueblatimes.mx\/index.php\/author\/admintpt\/\"}]}<\/script>\n<!-- \/ Yoast SEO plugin. -->","yoast_head_json":{"title":"Acribillan a regidor de Acatl\u00e1n y a dos de sus hijos - The Puebla Times","robots":{"index":"index","follow":"follow","max-snippet":"max-snippet:-1","max-image-preview":"max-image-preview:large","max-video-preview":"max-video-preview:-1"},"canonical":"https:\/\/thepueblatimes.mx\/index.php\/2023\/08\/09\/acribillan-a-regidor-de-acatlan-y-a-dos-de-sus-hijos\/","og_locale":"es_ES","og_type":"article","og_title":"Acribillan a regidor de Acatl\u00e1n y a dos de sus hijos - The Puebla Times","og_description":"*En una emboscada fue asesinado el regidor de Grupos Vulnerables del Ayuntamiento acateco, Marco Antonio Mej\u00eda Mart\u00ednez, muriendo tambi\u00e9n en el ataque uno de sus trabajadores. POR CIRO DEGANTE ACATL\u00c1N DE OSORIO, PUE. &#8211; La tarde del pasado domingo 6 de agosto, fue asesinado a balazos y en una emboscada, el regidor de Grupos Vulnerables...","og_url":"https:\/\/thepueblatimes.mx\/index.php\/2023\/08\/09\/acribillan-a-regidor-de-acatlan-y-a-dos-de-sus-hijos\/","og_site_name":"The Puebla Times","article_published_time":"2023-08-09T23:45:36+00:00","og_image":[{"width":707,"height":819,"url":"https:\/\/thepueblatimes.mx\/wp-content\/uploads\/2023\/08\/ataque-acatlan4-e1691624701414.jpg","type":"image\/jpeg"}],"author":"admintpt","twitter_card":"summary_large_image","twitter_misc":{"Escrito por":"admintpt","Tiempo de lectura":"4 minutos"},"schema":{"@context":"https:\/\/schema.org","@graph":[{"@type":"WebPage","@id":"https:\/\/thepueblatimes.mx\/index.php\/2023\/08\/09\/acribillan-a-regidor-de-acatlan-y-a-dos-de-sus-hijos\/","url":"https:\/\/thepueblatimes.mx\/index.php\/2023\/08\/09\/acribillan-a-regidor-de-acatlan-y-a-dos-de-sus-hijos\/","name":"Acribillan a regidor de Acatl\u00e1n y a dos de sus hijos - The Puebla Times","isPartOf":{"@id":"https:\/\/thepueblatimes.mx\/#website"},"datePublished":"2023-08-09T23:45:36+00:00","dateModified":"2023-08-09T23:45:36+00:00","author":{"@id":"https:\/\/thepueblatimes.mx\/#\/schema\/person\/c90a455f48a80821b6a99d3d73d1a71f"},"breadcrumb":{"@id":"https:\/\/thepueblatimes.mx\/index.php\/2023\/08\/09\/acribillan-a-regidor-de-acatlan-y-a-dos-de-sus-hijos\/#breadcrumb"},"inLanguage":"es","potentialAction":[{"@type":"ReadAction","target":["https:\/\/thepueblatimes.mx\/index.php\/2023\/08\/09\/acribillan-a-regidor-de-acatlan-y-a-dos-de-sus-hijos\/"]}]},{"@type":"BreadcrumbList","@id":"https:\/\/thepueblatimes.mx\/index.php\/2023\/08\/09\/acribillan-a-regidor-de-acatlan-y-a-dos-de-sus-hijos\/#breadcrumb","itemListElement":[{"@type":"ListItem","position":1,"name":"Portada","item":"https:\/\/thepueblatimes.mx\/"},{"@type":"ListItem","position":2,"name":"Acribillan a regidor de Acatl\u00e1n y a dos de sus hijos"}]},{"@type":"WebSite","@id":"https:\/\/thepueblatimes.mx\/#website","url":"https:\/\/thepueblatimes.mx\/","name":"The Puebla Times","description":"Noticias del Estado de Puebla","potentialAction":[{"@type":"SearchAction","target":{"@type":"EntryPoint","urlTemplate":"https:\/\/thepueblatimes.mx\/?s={search_term_string}"},"query-input":"required name=search_term_string"}],"inLanguage":"es"},{"@type":"Person","@id":"https:\/\/thepueblatimes.mx\/#\/schema\/person\/c90a455f48a80821b6a99d3d73d1a71f","name":"admintpt","image":{"@type":"ImageObject","inLanguage":"es","@id":"https:\/\/thepueblatimes.mx\/#\/schema\/person\/image\/","url":"https:\/\/secure.gravatar.com\/avatar\/13f0a494cc76bfb992f9768b1d51109d?s=96&d=mm&r=g","contentUrl":"https:\/\/secure.gravatar.com\/avatar\/13f0a494cc76bfb992f9768b1d51109d?s=96&d=mm&r=g","caption":"admintpt"},"url":"https:\/\/thepueblatimes.mx\/index.php\/author\/admintpt\/"}]}},"jetpack_featured_media_url":"https:\/\/thepueblatimes.mx\/wp-content\/uploads\/2023\/08\/ataque-acatlan4-e1691624701414.jpg","_links":{"self":[{"href":"https:\/\/thepueblatimes.mx\/index.php\/wp-json\/wp\/v2\/posts\/18896"}],"collection":[{"href":"https:\/\/thepueblatimes.mx\/index.php\/wp-json\/wp\/v2\/posts"}],"about":[{"href":"https:\/\/thepueblatimes.mx\/index.php\/wp-json\/wp\/v2\/types\/post"}],"author":[{"embeddable":true,"href":"https:\/\/thepueblatimes.mx\/index.php\/wp-json\/wp\/v2\/users\/2"}],"replies":[{"embeddable":true,"href":"https:\/\/thepueblatimes.mx\/index.php\/wp-json\/wp\/v2\/comments?post=18896"}],"version-history":[{"count":1,"href":"https:\/\/thepueblatimes.mx\/index.php\/wp-json\/wp\/v2\/posts\/18896\/revisions"}],"predecessor-version":[{"id":18898,"href":"https:\/\/thepueblatimes.mx\/index.php\/wp-json\/wp\/v2\/posts\/18896\/revisions\/18898"}],"wp:featuredmedia":[{"embeddable":true,"href":"https:\/\/thepueblatimes.mx\/index.php\/wp-json\/wp\/v2\/media\/18897"}],"wp:attachment":[{"href":"https:\/\/thepueblatimes.mx\/index.php\/wp-json\/wp\/v2\/media?parent=18896"}],"wp:term":[{"taxonomy":"category","embeddable":true,"href":"https:\/\/thepueblatimes.mx\/index.php\/wp-json\/wp\/v2\/categories?post=18896"},{"taxonomy":"post_tag","embeddable":true,"href":"https:\/\/thepueblatimes.mx\/index.php\/wp-json\/wp\/v2\/tags?post=18896"}],"curies":[{"name":"wp","href":"https:\/\/api.w.org\/{rel}","templated":true}]}}