{"id":18795,"date":"2023-08-02T09:22:08","date_gmt":"2023-08-02T15:22:08","guid":{"rendered":"https:\/\/thepueblatimes.mx\/?p=18795"},"modified":"2023-08-02T09:22:08","modified_gmt":"2023-08-02T15:22:08","slug":"todo-listo-para-el-colorido-desfile-de-mojigangas-en-atlixco","status":"publish","type":"post","link":"https:\/\/thepueblatimes.mx\/index.php\/2023\/08\/02\/todo-listo-para-el-colorido-desfile-de-mojigangas-en-atlixco\/","title":{"rendered":"Todo listo para el colorido desfile de Mojigangas en Atlixco"},"content":{"rendered":"<p>Continuando con la ruta de promoci\u00f3n de la agenda tur\u00edstica \u201cApasi\u00f3nate por Atlixco\u201d, el gobierno municipal presidido por Ariadna Ayala, a trav\u00e9s de la Direcci\u00f3n de Turismo y Cultura, inform\u00f3 que ya est\u00e1 todo listo para que cientos de familias disfruten del Segundo Desfile de Mojigangas el pr\u00f3ximo domingo 06 de agosto.<\/p>\n<p>Con la tem\u00e1tica de pasajes de la historia, tradiciones y costumbres locales o nacionales como bailables folcl\u00f3ricos, profesionales u oficios, decenas de mojigangas, recorrer\u00e1n las principales calles de la ciudad a partir de las 10 de la ma\u00f1ana, saliendo del parque del Ahuehuete en un ambiente de fiesta, m\u00fasica y color, con la participaci\u00f3n de la sociedad civil y empresas.<\/p>\n<p>Este desfile, surgi\u00f3 con el objetivo de fortalecer, as\u00ed como preservar las tradiciones del municipio, adem\u00e1s de generar identidad y nuevos atractivos que sumen a la oferta tur\u00edstica; en \u00e9l se pondr\u00e1n admirar a las reconocidas Chinas y Charros atlixquenses, participantes del Festival Huey Atlixcayotl, al igual que en esta fiesta, la gente podr\u00e1 integrarse para bailar al ritmo de la m\u00fasica de banda de viento, caracter\u00edstica de esta temporada.<\/p>\n","protected":false},"excerpt":{"rendered":"<p>Continuando con la ruta de promoci\u00f3n de la agenda tur\u00edstica \u201cApasi\u00f3nate por Atlixco\u201d, el gobierno municipal presidido por Ariadna Ayala, a trav\u00e9s de la Direcci\u00f3n de Turismo y Cultura, inform\u00f3 que ya est\u00e1 todo listo para que cientos de familias disfruten del Segundo Desfile de Mojigangas el pr\u00f3ximo domingo 06 de agosto. Con la tem\u00e1tica&#8230;<\/p>\n","protected":false},"author":2,"featured_media":18796,"comment_status":"closed","ping_status":"closed","sticky":false,"template":"","format":"standard","meta":[],"categories":[14,11],"tags":[1265,45,1338],"yoast_head":"<!-- This site is optimized with the Yoast SEO plugin v20.8 - https:\/\/yoast.com\/wordpress\/plugins\/seo\/ -->\n<title>Todo listo para el colorido desfile de Mojigangas en Atlixco - The Puebla Times<\/title>\n<meta name=\"robots\" content=\"index, follow, max-snippet:-1, max-image-preview:large, max-video-preview:-1\" \/>\n<link rel=\"canonical\" href=\"https:\/\/thepueblatimes.mx\/index.php\/2023\/08\/02\/todo-listo-para-el-colorido-desfile-de-mojigangas-en-atlixco\/\" \/>\n<meta property=\"og:locale\" content=\"es_ES\" \/>\n<meta property=\"og:type\" content=\"article\" \/>\n<meta property=\"og:title\" content=\"Todo listo para el colorido desfile de Mojigangas en Atlixco - The Puebla Times\" \/>\n<meta property=\"og:description\" content=\"Continuando con la ruta de promoci\u00f3n de la agenda tur\u00edstica \u201cApasi\u00f3nate por Atlixco\u201d, el gobierno municipal presidido por Ariadna Ayala, a trav\u00e9s de la Direcci\u00f3n de Turismo y Cultura, inform\u00f3 que ya est\u00e1 todo listo para que cientos de familias disfruten del Segundo Desfile de Mojigangas el pr\u00f3ximo domingo 06 de agosto. Con la tem\u00e1tica...\" \/>\n<meta property=\"og:url\" content=\"https:\/\/thepueblatimes.mx\/index.php\/2023\/08\/02\/todo-listo-para-el-colorido-desfile-de-mojigangas-en-atlixco\/\" \/>\n<meta property=\"og:site_name\" content=\"The Puebla Times\" \/>\n<meta property=\"article:published_time\" content=\"2023-08-02T15:22:08+00:00\" \/>\n<meta property=\"og:image\" content=\"https:\/\/thepueblatimes.mx\/wp-content\/uploads\/2023\/08\/magno-desfile-mojigangas-atlixco-pueblo-magico-1-1024x640-1.jpg\" \/>\n\t<meta property=\"og:image:width\" content=\"1024\" \/>\n\t<meta property=\"og:image:height\" content=\"640\" \/>\n\t<meta property=\"og:image:type\" content=\"image\/jpeg\" \/>\n<meta name=\"author\" content=\"admintpt\" \/>\n<meta name=\"twitter:card\" content=\"summary_large_image\" \/>\n<meta name=\"twitter:label1\" content=\"Escrito por\" \/>\n\t<meta name=\"twitter:data1\" content=\"admintpt\" \/>\n\t<meta name=\"twitter:label2\" content=\"Tiempo de lectura\" \/>\n\t<meta name=\"twitter:data2\" content=\"1 minuto\" \/>\n<script type=\"application\/ld+json\" class=\"yoast-schema-graph\">{\"@context\":\"https:\/\/schema.org\",\"@graph\":[{\"@type\":\"WebPage\",\"@id\":\"https:\/\/thepueblatimes.mx\/index.php\/2023\/08\/02\/todo-listo-para-el-colorido-desfile-de-mojigangas-en-atlixco\/\",\"url\":\"https:\/\/thepueblatimes.mx\/index.php\/2023\/08\/02\/todo-listo-para-el-colorido-desfile-de-mojigangas-en-atlixco\/\",\"name\":\"Todo listo para el colorido desfile de Mojigangas en Atlixco - The Puebla Times\",\"isPartOf\":{\"@id\":\"https:\/\/thepueblatimes.mx\/#website\"},\"datePublished\":\"2023-08-02T15:22:08+00:00\",\"dateModified\":\"2023-08-02T15:22:08+00:00\",\"author\":{\"@id\":\"https:\/\/thepueblatimes.mx\/#\/schema\/person\/c90a455f48a80821b6a99d3d73d1a71f\"},\"breadcrumb\":{\"@id\":\"https:\/\/thepueblatimes.mx\/index.php\/2023\/08\/02\/todo-listo-para-el-colorido-desfile-de-mojigangas-en-atlixco\/#breadcrumb\"},\"inLanguage\":\"es\",\"potentialAction\":[{\"@type\":\"ReadAction\",\"target\":[\"https:\/\/thepueblatimes.mx\/index.php\/2023\/08\/02\/todo-listo-para-el-colorido-desfile-de-mojigangas-en-atlixco\/\"]}]},{\"@type\":\"BreadcrumbList\",\"@id\":\"https:\/\/thepueblatimes.mx\/index.php\/2023\/08\/02\/todo-listo-para-el-colorido-desfile-de-mojigangas-en-atlixco\/#breadcrumb\",\"itemListElement\":[{\"@type\":\"ListItem\",\"position\":1,\"name\":\"Portada\",\"item\":\"https:\/\/thepueblatimes.mx\/\"},{\"@type\":\"ListItem\",\"position\":2,\"name\":\"Todo listo para el colorido desfile de Mojigangas en Atlixco\"}]},{\"@type\":\"WebSite\",\"@id\":\"https:\/\/thepueblatimes.mx\/#website\",\"url\":\"https:\/\/thepueblatimes.mx\/\",\"name\":\"The Puebla Times\",\"description\":\"Noticias del Estado de Puebla\",\"potentialAction\":[{\"@type\":\"SearchAction\",\"target\":{\"@type\":\"EntryPoint\",\"urlTemplate\":\"https:\/\/thepueblatimes.mx\/?s={search_term_string}\"},\"query-input\":\"required name=search_term_string\"}],\"inLanguage\":\"es\"},{\"@type\":\"Person\",\"@id\":\"https:\/\/thepueblatimes.mx\/#\/schema\/person\/c90a455f48a80821b6a99d3d73d1a71f\",\"name\":\"admintpt\",\"image\":{\"@type\":\"ImageObject\",\"inLanguage\":\"es\",\"@id\":\"https:\/\/thepueblatimes.mx\/#\/schema\/person\/image\/\",\"url\":\"https:\/\/secure.gravatar.com\/avatar\/13f0a494cc76bfb992f9768b1d51109d?s=96&d=mm&r=g\",\"contentUrl\":\"https:\/\/secure.gravatar.com\/avatar\/13f0a494cc76bfb992f9768b1d51109d?s=96&d=mm&r=g\",\"caption\":\"admintpt\"},\"url\":\"https:\/\/thepueblatimes.mx\/index.php\/author\/admintpt\/\"}]}<\/script>\n<!-- \/ Yoast SEO plugin. -->","yoast_head_json":{"title":"Todo listo para el colorido desfile de Mojigangas en Atlixco - The Puebla Times","robots":{"index":"index","follow":"follow","max-snippet":"max-snippet:-1","max-image-preview":"max-image-preview:large","max-video-preview":"max-video-preview:-1"},"canonical":"https:\/\/thepueblatimes.mx\/index.php\/2023\/08\/02\/todo-listo-para-el-colorido-desfile-de-mojigangas-en-atlixco\/","og_locale":"es_ES","og_type":"article","og_title":"Todo listo para el colorido desfile de Mojigangas en Atlixco - The Puebla Times","og_description":"Continuando con la ruta de promoci\u00f3n de la agenda tur\u00edstica \u201cApasi\u00f3nate por Atlixco\u201d, el gobierno municipal presidido por Ariadna Ayala, a trav\u00e9s de la Direcci\u00f3n de Turismo y Cultura, inform\u00f3 que ya est\u00e1 todo listo para que cientos de familias disfruten del Segundo Desfile de Mojigangas el pr\u00f3ximo domingo 06 de agosto. Con la tem\u00e1tica...","og_url":"https:\/\/thepueblatimes.mx\/index.php\/2023\/08\/02\/todo-listo-para-el-colorido-desfile-de-mojigangas-en-atlixco\/","og_site_name":"The Puebla Times","article_published_time":"2023-08-02T15:22:08+00:00","og_image":[{"width":1024,"height":640,"url":"https:\/\/thepueblatimes.mx\/wp-content\/uploads\/2023\/08\/magno-desfile-mojigangas-atlixco-pueblo-magico-1-1024x640-1.jpg","type":"image\/jpeg"}],"author":"admintpt","twitter_card":"summary_large_image","twitter_misc":{"Escrito por":"admintpt","Tiempo de lectura":"1 minuto"},"schema":{"@context":"https:\/\/schema.org","@graph":[{"@type":"WebPage","@id":"https:\/\/thepueblatimes.mx\/index.php\/2023\/08\/02\/todo-listo-para-el-colorido-desfile-de-mojigangas-en-atlixco\/","url":"https:\/\/thepueblatimes.mx\/index.php\/2023\/08\/02\/todo-listo-para-el-colorido-desfile-de-mojigangas-en-atlixco\/","name":"Todo listo para el colorido desfile de Mojigangas en Atlixco - The Puebla Times","isPartOf":{"@id":"https:\/\/thepueblatimes.mx\/#website"},"datePublished":"2023-08-02T15:22:08+00:00","dateModified":"2023-08-02T15:22:08+00:00","author":{"@id":"https:\/\/thepueblatimes.mx\/#\/schema\/person\/c90a455f48a80821b6a99d3d73d1a71f"},"breadcrumb":{"@id":"https:\/\/thepueblatimes.mx\/index.php\/2023\/08\/02\/todo-listo-para-el-colorido-desfile-de-mojigangas-en-atlixco\/#breadcrumb"},"inLanguage":"es","potentialAction":[{"@type":"ReadAction","target":["https:\/\/thepueblatimes.mx\/index.php\/2023\/08\/02\/todo-listo-para-el-colorido-desfile-de-mojigangas-en-atlixco\/"]}]},{"@type":"BreadcrumbList","@id":"https:\/\/thepueblatimes.mx\/index.php\/2023\/08\/02\/todo-listo-para-el-colorido-desfile-de-mojigangas-en-atlixco\/#breadcrumb","itemListElement":[{"@type":"ListItem","position":1,"name":"Portada","item":"https:\/\/thepueblatimes.mx\/"},{"@type":"ListItem","position":2,"name":"Todo listo para el colorido desfile de Mojigangas en Atlixco"}]},{"@type":"WebSite","@id":"https:\/\/thepueblatimes.mx\/#website","url":"https:\/\/thepueblatimes.mx\/","name":"The Puebla Times","description":"Noticias del Estado de Puebla","potentialAction":[{"@type":"SearchAction","target":{"@type":"EntryPoint","urlTemplate":"https:\/\/thepueblatimes.mx\/?s={search_term_string}"},"query-input":"required name=search_term_string"}],"inLanguage":"es"},{"@type":"Person","@id":"https:\/\/thepueblatimes.mx\/#\/schema\/person\/c90a455f48a80821b6a99d3d73d1a71f","name":"admintpt","image":{"@type":"ImageObject","inLanguage":"es","@id":"https:\/\/thepueblatimes.mx\/#\/schema\/person\/image\/","url":"https:\/\/secure.gravatar.com\/avatar\/13f0a494cc76bfb992f9768b1d51109d?s=96&d=mm&r=g","contentUrl":"https:\/\/secure.gravatar.com\/avatar\/13f0a494cc76bfb992f9768b1d51109d?s=96&d=mm&r=g","caption":"admintpt"},"url":"https:\/\/thepueblatimes.mx\/index.php\/author\/admintpt\/"}]}},"jetpack_featured_media_url":"https:\/\/thepueblatimes.mx\/wp-content\/uploads\/2023\/08\/magno-desfile-mojigangas-atlixco-pueblo-magico-1-1024x640-1.jpg","_links":{"self":[{"href":"https:\/\/thepueblatimes.mx\/index.php\/wp-json\/wp\/v2\/posts\/18795"}],"collection":[{"href":"https:\/\/thepueblatimes.mx\/index.php\/wp-json\/wp\/v2\/posts"}],"about":[{"href":"https:\/\/thepueblatimes.mx\/index.php\/wp-json\/wp\/v2\/types\/post"}],"author":[{"embeddable":true,"href":"https:\/\/thepueblatimes.mx\/index.php\/wp-json\/wp\/v2\/users\/2"}],"replies":[{"embeddable":true,"href":"https:\/\/thepueblatimes.mx\/index.php\/wp-json\/wp\/v2\/comments?post=18795"}],"version-history":[{"count":1,"href":"https:\/\/thepueblatimes.mx\/index.php\/wp-json\/wp\/v2\/posts\/18795\/revisions"}],"predecessor-version":[{"id":18797,"href":"https:\/\/thepueblatimes.mx\/index.php\/wp-json\/wp\/v2\/posts\/18795\/revisions\/18797"}],"wp:featuredmedia":[{"embeddable":true,"href":"https:\/\/thepueblatimes.mx\/index.php\/wp-json\/wp\/v2\/media\/18796"}],"wp:attachment":[{"href":"https:\/\/thepueblatimes.mx\/index.php\/wp-json\/wp\/v2\/media?parent=18795"}],"wp:term":[{"taxonomy":"category","embeddable":true,"href":"https:\/\/thepueblatimes.mx\/index.php\/wp-json\/wp\/v2\/categories?post=18795"},{"taxonomy":"post_tag","embeddable":true,"href":"https:\/\/thepueblatimes.mx\/index.php\/wp-json\/wp\/v2\/tags?post=18795"}],"curies":[{"name":"wp","href":"https:\/\/api.w.org\/{rel}","templated":true}]}}