{"id":18579,"date":"2023-07-04T09:54:02","date_gmt":"2023-07-04T15:54:02","guid":{"rendered":"https:\/\/thepueblatimes.mx\/?p=18579"},"modified":"2023-07-04T09:54:02","modified_gmt":"2023-07-04T15:54:02","slug":"los-cambios-fallidos-de-lorena-cuellar","status":"publish","type":"post","link":"https:\/\/thepueblatimes.mx\/index.php\/2023\/07\/04\/los-cambios-fallidos-de-lorena-cuellar\/","title":{"rendered":"Los cambios fallidos de Lorena Cu\u00e9llar"},"content":{"rendered":"<p>Los cambios que realiz\u00f3 Lorena Cu\u00e9llar Cisneros en su equipo de colaboradores, dejan en claro que no todo est\u00e1 bien.<\/p>\n<p>Pero sobre todo que no hay tanta planeaci\u00f3n, programaci\u00f3n y evaluaci\u00f3n como lo ha tratado de proyectar.<\/p>\n<p>Recientemente Ram\u00f3n Celaya Gamboa renunci\u00f3 de manera sorpresiva el cargo de secretario de Seguridad P\u00fablica, en lo que se justific\u00f3 con el argumento de que su separaci\u00f3n fue por motivos de salud.<\/p>\n<p>Ahora Humberto Mac\u00edas Romero dej\u00f3 la gerencia general del Fideicomiso de Ciudad Industrial Xicoht\u00e9ncatl (Fidecix), y fue relevado por Gisela Lucero Zepeda, quien se ven\u00eda desempe\u00f1ando como secretar\u00eda t\u00e9cnica de la Secretar\u00eda de Impulso Agropecuario (SIA).<\/p>\n<p>Por otra parte, Marco Castillo Hern\u00e1ndez se separ\u00f3 de la rector\u00eda de la Universidad Polit\u00e9cnica de Tlaxcala.<\/p>\n<p>Esto es apenas cuatro meses despu\u00e9s de que asumi\u00f3 el cargo en marzo de 2023.<\/p>\n<p>Hasta ahora no hay una versi\u00f3n oficial que confirme la salida del funcionario, pero trascendi\u00f3 que ya no seguir\u00e1 al frente de la instituci\u00f3n.<\/p>\n<p>A estos movimientos, se suma la salida de Leonardo Uriarte de la Secretar\u00eda de Desarrollo Territorial y Vivienda, quien fue sustituido por el jalisciense Diego Corona, quien form\u00f3 parte del gabinete de Rafael Moreno Valle, como secretario de Infraestructura.<\/p>\n<p>Pero los problemas de Lorena Cu\u00e9llar no se limitan a los cambios en su equipo de colaboradores, que hablan de inestabilidad.<\/p>\n<p>Un grupo de ciudadanos se manifestaron en las inmediaciones del Palacio de Gobierno, para exigir la cancelaci\u00f3n del Autotren, y con ello evitar la tala de \u00e1rboles ubicados en el bulevar Guillermo Valle.<\/p>\n<p>El panorama se le est\u00e1 complicando a Lorena Cu\u00e9llar, en varios rubros.<\/p>\n<p>Incluso, en el marco de las actividades que realiza Marcelo Ebrard, visit\u00f3 Tlaxcala donde habl\u00f3 del problema de la trata de personas.<\/p>\n<p>Y tambi\u00e9n coment\u00f3 la desigualdad de g\u00e9nero que enfrentan las mujeres en Tlaxcala.<\/p>\n<p>Los datos y expresiones de Marcelo Ebrard se quieran o no, representan un duro rev\u00e9s ante el discurso que, sobre trata de personas e inseguridad, ha tratado de sostener en lo que va de su gesti\u00f3n Lorena Cu\u00e9llar Cisneros.<\/p>\n<p>Es m\u00e1s que evidente que Lorena Cu\u00e9llar Cisneros tiene ante s\u00ed un panorama complicado.<\/p>\n","protected":false},"excerpt":{"rendered":"<p>Los cambios que realiz\u00f3 Lorena Cu\u00e9llar Cisneros en su equipo de colaboradores, dejan en claro que no todo est\u00e1 bien. Pero sobre todo que no hay tanta planeaci\u00f3n, programaci\u00f3n y evaluaci\u00f3n como lo ha tratado de proyectar. Recientemente Ram\u00f3n Celaya Gamboa renunci\u00f3 de manera sorpresiva el cargo de secretario de Seguridad P\u00fablica, en lo que&#8230;<\/p>\n","protected":false},"author":2,"featured_media":18580,"comment_status":"closed","ping_status":"closed","sticky":false,"template":"","format":"standard","meta":[],"categories":[10,8],"tags":[1181,1314,259],"yoast_head":"<!-- This site is optimized with the Yoast SEO plugin v20.8 - https:\/\/yoast.com\/wordpress\/plugins\/seo\/ -->\n<title>Los cambios fallidos de Lorena Cu\u00e9llar - The Puebla Times<\/title>\n<meta name=\"robots\" content=\"index, follow, max-snippet:-1, max-image-preview:large, max-video-preview:-1\" \/>\n<link rel=\"canonical\" href=\"https:\/\/thepueblatimes.mx\/index.php\/2023\/07\/04\/los-cambios-fallidos-de-lorena-cuellar\/\" \/>\n<meta property=\"og:locale\" content=\"es_ES\" \/>\n<meta property=\"og:type\" content=\"article\" \/>\n<meta property=\"og:title\" content=\"Los cambios fallidos de Lorena Cu\u00e9llar - The Puebla Times\" \/>\n<meta property=\"og:description\" content=\"Los cambios que realiz\u00f3 Lorena Cu\u00e9llar Cisneros en su equipo de colaboradores, dejan en claro que no todo est\u00e1 bien. Pero sobre todo que no hay tanta planeaci\u00f3n, programaci\u00f3n y evaluaci\u00f3n como lo ha tratado de proyectar. Recientemente Ram\u00f3n Celaya Gamboa renunci\u00f3 de manera sorpresiva el cargo de secretario de Seguridad P\u00fablica, en lo que...\" \/>\n<meta property=\"og:url\" content=\"https:\/\/thepueblatimes.mx\/index.php\/2023\/07\/04\/los-cambios-fallidos-de-lorena-cuellar\/\" \/>\n<meta property=\"og:site_name\" content=\"The Puebla Times\" \/>\n<meta property=\"article:published_time\" content=\"2023-07-04T15:54:02+00:00\" \/>\n<meta property=\"og:image\" content=\"https:\/\/thepueblatimes.mx\/wp-content\/uploads\/2023\/07\/NOTA-PAUTA-49.png\" \/>\n\t<meta property=\"og:image:width\" content=\"1206\" \/>\n\t<meta property=\"og:image:height\" content=\"610\" \/>\n\t<meta property=\"og:image:type\" content=\"image\/png\" \/>\n<meta name=\"author\" content=\"admintpt\" \/>\n<meta name=\"twitter:card\" content=\"summary_large_image\" \/>\n<meta name=\"twitter:label1\" content=\"Escrito por\" \/>\n\t<meta name=\"twitter:data1\" content=\"admintpt\" \/>\n\t<meta name=\"twitter:label2\" content=\"Tiempo de lectura\" \/>\n\t<meta name=\"twitter:data2\" content=\"2 minutos\" \/>\n<script type=\"application\/ld+json\" class=\"yoast-schema-graph\">{\"@context\":\"https:\/\/schema.org\",\"@graph\":[{\"@type\":\"WebPage\",\"@id\":\"https:\/\/thepueblatimes.mx\/index.php\/2023\/07\/04\/los-cambios-fallidos-de-lorena-cuellar\/\",\"url\":\"https:\/\/thepueblatimes.mx\/index.php\/2023\/07\/04\/los-cambios-fallidos-de-lorena-cuellar\/\",\"name\":\"Los cambios fallidos de Lorena Cu\u00e9llar - The Puebla Times\",\"isPartOf\":{\"@id\":\"https:\/\/thepueblatimes.mx\/#website\"},\"datePublished\":\"2023-07-04T15:54:02+00:00\",\"dateModified\":\"2023-07-04T15:54:02+00:00\",\"author\":{\"@id\":\"https:\/\/thepueblatimes.mx\/#\/schema\/person\/c90a455f48a80821b6a99d3d73d1a71f\"},\"breadcrumb\":{\"@id\":\"https:\/\/thepueblatimes.mx\/index.php\/2023\/07\/04\/los-cambios-fallidos-de-lorena-cuellar\/#breadcrumb\"},\"inLanguage\":\"es\",\"potentialAction\":[{\"@type\":\"ReadAction\",\"target\":[\"https:\/\/thepueblatimes.mx\/index.php\/2023\/07\/04\/los-cambios-fallidos-de-lorena-cuellar\/\"]}]},{\"@type\":\"BreadcrumbList\",\"@id\":\"https:\/\/thepueblatimes.mx\/index.php\/2023\/07\/04\/los-cambios-fallidos-de-lorena-cuellar\/#breadcrumb\",\"itemListElement\":[{\"@type\":\"ListItem\",\"position\":1,\"name\":\"Portada\",\"item\":\"https:\/\/thepueblatimes.mx\/\"},{\"@type\":\"ListItem\",\"position\":2,\"name\":\"Los cambios fallidos de Lorena Cu\u00e9llar\"}]},{\"@type\":\"WebSite\",\"@id\":\"https:\/\/thepueblatimes.mx\/#website\",\"url\":\"https:\/\/thepueblatimes.mx\/\",\"name\":\"The Puebla Times\",\"description\":\"Noticias del Estado de Puebla\",\"potentialAction\":[{\"@type\":\"SearchAction\",\"target\":{\"@type\":\"EntryPoint\",\"urlTemplate\":\"https:\/\/thepueblatimes.mx\/?s={search_term_string}\"},\"query-input\":\"required name=search_term_string\"}],\"inLanguage\":\"es\"},{\"@type\":\"Person\",\"@id\":\"https:\/\/thepueblatimes.mx\/#\/schema\/person\/c90a455f48a80821b6a99d3d73d1a71f\",\"name\":\"admintpt\",\"image\":{\"@type\":\"ImageObject\",\"inLanguage\":\"es\",\"@id\":\"https:\/\/thepueblatimes.mx\/#\/schema\/person\/image\/\",\"url\":\"https:\/\/secure.gravatar.com\/avatar\/13f0a494cc76bfb992f9768b1d51109d?s=96&d=mm&r=g\",\"contentUrl\":\"https:\/\/secure.gravatar.com\/avatar\/13f0a494cc76bfb992f9768b1d51109d?s=96&d=mm&r=g\",\"caption\":\"admintpt\"},\"url\":\"https:\/\/thepueblatimes.mx\/index.php\/author\/admintpt\/\"}]}<\/script>\n<!-- \/ Yoast SEO plugin. -->","yoast_head_json":{"title":"Los cambios fallidos de Lorena Cu\u00e9llar - The Puebla Times","robots":{"index":"index","follow":"follow","max-snippet":"max-snippet:-1","max-image-preview":"max-image-preview:large","max-video-preview":"max-video-preview:-1"},"canonical":"https:\/\/thepueblatimes.mx\/index.php\/2023\/07\/04\/los-cambios-fallidos-de-lorena-cuellar\/","og_locale":"es_ES","og_type":"article","og_title":"Los cambios fallidos de Lorena Cu\u00e9llar - The Puebla Times","og_description":"Los cambios que realiz\u00f3 Lorena Cu\u00e9llar Cisneros en su equipo de colaboradores, dejan en claro que no todo est\u00e1 bien. Pero sobre todo que no hay tanta planeaci\u00f3n, programaci\u00f3n y evaluaci\u00f3n como lo ha tratado de proyectar. Recientemente Ram\u00f3n Celaya Gamboa renunci\u00f3 de manera sorpresiva el cargo de secretario de Seguridad P\u00fablica, en lo que...","og_url":"https:\/\/thepueblatimes.mx\/index.php\/2023\/07\/04\/los-cambios-fallidos-de-lorena-cuellar\/","og_site_name":"The Puebla Times","article_published_time":"2023-07-04T15:54:02+00:00","og_image":[{"width":1206,"height":610,"url":"https:\/\/thepueblatimes.mx\/wp-content\/uploads\/2023\/07\/NOTA-PAUTA-49.png","type":"image\/png"}],"author":"admintpt","twitter_card":"summary_large_image","twitter_misc":{"Escrito por":"admintpt","Tiempo de lectura":"2 minutos"},"schema":{"@context":"https:\/\/schema.org","@graph":[{"@type":"WebPage","@id":"https:\/\/thepueblatimes.mx\/index.php\/2023\/07\/04\/los-cambios-fallidos-de-lorena-cuellar\/","url":"https:\/\/thepueblatimes.mx\/index.php\/2023\/07\/04\/los-cambios-fallidos-de-lorena-cuellar\/","name":"Los cambios fallidos de Lorena Cu\u00e9llar - The Puebla Times","isPartOf":{"@id":"https:\/\/thepueblatimes.mx\/#website"},"datePublished":"2023-07-04T15:54:02+00:00","dateModified":"2023-07-04T15:54:02+00:00","author":{"@id":"https:\/\/thepueblatimes.mx\/#\/schema\/person\/c90a455f48a80821b6a99d3d73d1a71f"},"breadcrumb":{"@id":"https:\/\/thepueblatimes.mx\/index.php\/2023\/07\/04\/los-cambios-fallidos-de-lorena-cuellar\/#breadcrumb"},"inLanguage":"es","potentialAction":[{"@type":"ReadAction","target":["https:\/\/thepueblatimes.mx\/index.php\/2023\/07\/04\/los-cambios-fallidos-de-lorena-cuellar\/"]}]},{"@type":"BreadcrumbList","@id":"https:\/\/thepueblatimes.mx\/index.php\/2023\/07\/04\/los-cambios-fallidos-de-lorena-cuellar\/#breadcrumb","itemListElement":[{"@type":"ListItem","position":1,"name":"Portada","item":"https:\/\/thepueblatimes.mx\/"},{"@type":"ListItem","position":2,"name":"Los cambios fallidos de Lorena Cu\u00e9llar"}]},{"@type":"WebSite","@id":"https:\/\/thepueblatimes.mx\/#website","url":"https:\/\/thepueblatimes.mx\/","name":"The Puebla Times","description":"Noticias del Estado de Puebla","potentialAction":[{"@type":"SearchAction","target":{"@type":"EntryPoint","urlTemplate":"https:\/\/thepueblatimes.mx\/?s={search_term_string}"},"query-input":"required name=search_term_string"}],"inLanguage":"es"},{"@type":"Person","@id":"https:\/\/thepueblatimes.mx\/#\/schema\/person\/c90a455f48a80821b6a99d3d73d1a71f","name":"admintpt","image":{"@type":"ImageObject","inLanguage":"es","@id":"https:\/\/thepueblatimes.mx\/#\/schema\/person\/image\/","url":"https:\/\/secure.gravatar.com\/avatar\/13f0a494cc76bfb992f9768b1d51109d?s=96&d=mm&r=g","contentUrl":"https:\/\/secure.gravatar.com\/avatar\/13f0a494cc76bfb992f9768b1d51109d?s=96&d=mm&r=g","caption":"admintpt"},"url":"https:\/\/thepueblatimes.mx\/index.php\/author\/admintpt\/"}]}},"jetpack_featured_media_url":"https:\/\/thepueblatimes.mx\/wp-content\/uploads\/2023\/07\/NOTA-PAUTA-49.png","_links":{"self":[{"href":"https:\/\/thepueblatimes.mx\/index.php\/wp-json\/wp\/v2\/posts\/18579"}],"collection":[{"href":"https:\/\/thepueblatimes.mx\/index.php\/wp-json\/wp\/v2\/posts"}],"about":[{"href":"https:\/\/thepueblatimes.mx\/index.php\/wp-json\/wp\/v2\/types\/post"}],"author":[{"embeddable":true,"href":"https:\/\/thepueblatimes.mx\/index.php\/wp-json\/wp\/v2\/users\/2"}],"replies":[{"embeddable":true,"href":"https:\/\/thepueblatimes.mx\/index.php\/wp-json\/wp\/v2\/comments?post=18579"}],"version-history":[{"count":1,"href":"https:\/\/thepueblatimes.mx\/index.php\/wp-json\/wp\/v2\/posts\/18579\/revisions"}],"predecessor-version":[{"id":18581,"href":"https:\/\/thepueblatimes.mx\/index.php\/wp-json\/wp\/v2\/posts\/18579\/revisions\/18581"}],"wp:featuredmedia":[{"embeddable":true,"href":"https:\/\/thepueblatimes.mx\/index.php\/wp-json\/wp\/v2\/media\/18580"}],"wp:attachment":[{"href":"https:\/\/thepueblatimes.mx\/index.php\/wp-json\/wp\/v2\/media?parent=18579"}],"wp:term":[{"taxonomy":"category","embeddable":true,"href":"https:\/\/thepueblatimes.mx\/index.php\/wp-json\/wp\/v2\/categories?post=18579"},{"taxonomy":"post_tag","embeddable":true,"href":"https:\/\/thepueblatimes.mx\/index.php\/wp-json\/wp\/v2\/tags?post=18579"}],"curies":[{"name":"wp","href":"https:\/\/api.w.org\/{rel}","templated":true}]}}