{"id":18551,"date":"2023-06-30T18:22:15","date_gmt":"2023-07-01T00:22:15","guid":{"rendered":"https:\/\/thepueblatimes.mx\/?p=18551"},"modified":"2023-06-30T18:22:15","modified_gmt":"2023-07-01T00:22:15","slug":"armenta-entrega-arboles-en-el-centro-historico","status":"publish","type":"post","link":"https:\/\/thepueblatimes.mx\/index.php\/2023\/06\/30\/armenta-entrega-arboles-en-el-centro-historico\/","title":{"rendered":"Armenta entrega \u00e1rboles en el centro hist\u00f3rico"},"content":{"rendered":"<p>Puebla, Puebla. Como parte de su campa\u00f1a \u00abSembremos Esperanza\u00bb, el senador de Morena Alejandro Armenta sum\u00f3 a mil 500 nuevos guardianes del planeta, quienes se comprometieron a cuidar el \u00e1rbol que recibieron de mano del legislador en el Centro Hist\u00f3rico.<\/p>\n<p>Al referir que van por 28 a\u00f1os ininterrumpidos de la jornada de reforestaci\u00f3n, el senador Armenta inform\u00f3 que en el diagn\u00f3stico Por Amor a Puebla se incluye el tema del cuidado del medio ambiente como parte del humanismo mexicano que impulsa el presidente Andr\u00e9s Manuel L\u00f3pez Obrador, tomando en cuenta que el planeta es un ente con derechos.<\/p>\n<p>En esta caminata que realiz\u00f3 el senador Armenta en el primer cuadro de la ciudad, se entregaron limones y nogales, estos \u00faltimos representativos de la temporada que se avecina por la preparaci\u00f3n de los tradicionales chiles en nogada.<\/p>\n","protected":false},"excerpt":{"rendered":"<p>Puebla, Puebla. Como parte de su campa\u00f1a \u00abSembremos Esperanza\u00bb, el senador de Morena Alejandro Armenta sum\u00f3 a mil 500 nuevos guardianes del planeta, quienes se comprometieron a cuidar el \u00e1rbol que recibieron de mano del legislador en el Centro Hist\u00f3rico. Al referir que van por 28 a\u00f1os ininterrumpidos de la jornada de reforestaci\u00f3n, el senador&#8230;<\/p>\n","protected":false},"author":2,"featured_media":18552,"comment_status":"closed","ping_status":"closed","sticky":false,"template":"","format":"standard","meta":[],"categories":[3,8],"tags":[187,49,1301],"yoast_head":"<!-- This site is optimized with the Yoast SEO plugin v20.8 - https:\/\/yoast.com\/wordpress\/plugins\/seo\/ -->\n<title>Armenta entrega \u00e1rboles en el centro hist\u00f3rico - The Puebla Times<\/title>\n<meta name=\"robots\" content=\"index, follow, max-snippet:-1, max-image-preview:large, max-video-preview:-1\" \/>\n<link rel=\"canonical\" href=\"https:\/\/thepueblatimes.mx\/index.php\/2023\/06\/30\/armenta-entrega-arboles-en-el-centro-historico\/\" \/>\n<meta property=\"og:locale\" content=\"es_ES\" \/>\n<meta property=\"og:type\" content=\"article\" \/>\n<meta property=\"og:title\" content=\"Armenta entrega \u00e1rboles en el centro hist\u00f3rico - The Puebla Times\" \/>\n<meta property=\"og:description\" content=\"Puebla, Puebla. Como parte de su campa\u00f1a \u00abSembremos Esperanza\u00bb, el senador de Morena Alejandro Armenta sum\u00f3 a mil 500 nuevos guardianes del planeta, quienes se comprometieron a cuidar el \u00e1rbol que recibieron de mano del legislador en el Centro Hist\u00f3rico. Al referir que van por 28 a\u00f1os ininterrumpidos de la jornada de reforestaci\u00f3n, el senador...\" \/>\n<meta property=\"og:url\" content=\"https:\/\/thepueblatimes.mx\/index.php\/2023\/06\/30\/armenta-entrega-arboles-en-el-centro-historico\/\" \/>\n<meta property=\"og:site_name\" content=\"The Puebla Times\" \/>\n<meta property=\"article:published_time\" content=\"2023-07-01T00:22:15+00:00\" \/>\n<meta property=\"og:image\" content=\"https:\/\/thepueblatimes.mx\/wp-content\/uploads\/2023\/06\/WhatsApp-Image-2023-06-30-at-18.12.50.jpeg\" \/>\n\t<meta property=\"og:image:width\" content=\"1280\" \/>\n\t<meta property=\"og:image:height\" content=\"854\" \/>\n\t<meta property=\"og:image:type\" content=\"image\/jpeg\" \/>\n<meta name=\"author\" content=\"admintpt\" \/>\n<meta name=\"twitter:card\" content=\"summary_large_image\" \/>\n<meta name=\"twitter:label1\" content=\"Escrito por\" \/>\n\t<meta name=\"twitter:data1\" content=\"admintpt\" \/>\n\t<meta name=\"twitter:label2\" content=\"Tiempo de lectura\" \/>\n\t<meta name=\"twitter:data2\" content=\"1 minuto\" \/>\n<script type=\"application\/ld+json\" class=\"yoast-schema-graph\">{\"@context\":\"https:\/\/schema.org\",\"@graph\":[{\"@type\":\"WebPage\",\"@id\":\"https:\/\/thepueblatimes.mx\/index.php\/2023\/06\/30\/armenta-entrega-arboles-en-el-centro-historico\/\",\"url\":\"https:\/\/thepueblatimes.mx\/index.php\/2023\/06\/30\/armenta-entrega-arboles-en-el-centro-historico\/\",\"name\":\"Armenta entrega \u00e1rboles en el centro hist\u00f3rico - The Puebla Times\",\"isPartOf\":{\"@id\":\"https:\/\/thepueblatimes.mx\/#website\"},\"datePublished\":\"2023-07-01T00:22:15+00:00\",\"dateModified\":\"2023-07-01T00:22:15+00:00\",\"author\":{\"@id\":\"https:\/\/thepueblatimes.mx\/#\/schema\/person\/c90a455f48a80821b6a99d3d73d1a71f\"},\"breadcrumb\":{\"@id\":\"https:\/\/thepueblatimes.mx\/index.php\/2023\/06\/30\/armenta-entrega-arboles-en-el-centro-historico\/#breadcrumb\"},\"inLanguage\":\"es\",\"potentialAction\":[{\"@type\":\"ReadAction\",\"target\":[\"https:\/\/thepueblatimes.mx\/index.php\/2023\/06\/30\/armenta-entrega-arboles-en-el-centro-historico\/\"]}]},{\"@type\":\"BreadcrumbList\",\"@id\":\"https:\/\/thepueblatimes.mx\/index.php\/2023\/06\/30\/armenta-entrega-arboles-en-el-centro-historico\/#breadcrumb\",\"itemListElement\":[{\"@type\":\"ListItem\",\"position\":1,\"name\":\"Portada\",\"item\":\"https:\/\/thepueblatimes.mx\/\"},{\"@type\":\"ListItem\",\"position\":2,\"name\":\"Armenta entrega \u00e1rboles en el centro hist\u00f3rico\"}]},{\"@type\":\"WebSite\",\"@id\":\"https:\/\/thepueblatimes.mx\/#website\",\"url\":\"https:\/\/thepueblatimes.mx\/\",\"name\":\"The Puebla Times\",\"description\":\"Noticias del Estado de Puebla\",\"potentialAction\":[{\"@type\":\"SearchAction\",\"target\":{\"@type\":\"EntryPoint\",\"urlTemplate\":\"https:\/\/thepueblatimes.mx\/?s={search_term_string}\"},\"query-input\":\"required name=search_term_string\"}],\"inLanguage\":\"es\"},{\"@type\":\"Person\",\"@id\":\"https:\/\/thepueblatimes.mx\/#\/schema\/person\/c90a455f48a80821b6a99d3d73d1a71f\",\"name\":\"admintpt\",\"image\":{\"@type\":\"ImageObject\",\"inLanguage\":\"es\",\"@id\":\"https:\/\/thepueblatimes.mx\/#\/schema\/person\/image\/\",\"url\":\"https:\/\/secure.gravatar.com\/avatar\/13f0a494cc76bfb992f9768b1d51109d?s=96&d=mm&r=g\",\"contentUrl\":\"https:\/\/secure.gravatar.com\/avatar\/13f0a494cc76bfb992f9768b1d51109d?s=96&d=mm&r=g\",\"caption\":\"admintpt\"},\"url\":\"https:\/\/thepueblatimes.mx\/index.php\/author\/admintpt\/\"}]}<\/script>\n<!-- \/ Yoast SEO plugin. -->","yoast_head_json":{"title":"Armenta entrega \u00e1rboles en el centro hist\u00f3rico - The Puebla Times","robots":{"index":"index","follow":"follow","max-snippet":"max-snippet:-1","max-image-preview":"max-image-preview:large","max-video-preview":"max-video-preview:-1"},"canonical":"https:\/\/thepueblatimes.mx\/index.php\/2023\/06\/30\/armenta-entrega-arboles-en-el-centro-historico\/","og_locale":"es_ES","og_type":"article","og_title":"Armenta entrega \u00e1rboles en el centro hist\u00f3rico - The Puebla Times","og_description":"Puebla, Puebla. Como parte de su campa\u00f1a \u00abSembremos Esperanza\u00bb, el senador de Morena Alejandro Armenta sum\u00f3 a mil 500 nuevos guardianes del planeta, quienes se comprometieron a cuidar el \u00e1rbol que recibieron de mano del legislador en el Centro Hist\u00f3rico. Al referir que van por 28 a\u00f1os ininterrumpidos de la jornada de reforestaci\u00f3n, el senador...","og_url":"https:\/\/thepueblatimes.mx\/index.php\/2023\/06\/30\/armenta-entrega-arboles-en-el-centro-historico\/","og_site_name":"The Puebla Times","article_published_time":"2023-07-01T00:22:15+00:00","og_image":[{"width":1280,"height":854,"url":"https:\/\/thepueblatimes.mx\/wp-content\/uploads\/2023\/06\/WhatsApp-Image-2023-06-30-at-18.12.50.jpeg","type":"image\/jpeg"}],"author":"admintpt","twitter_card":"summary_large_image","twitter_misc":{"Escrito por":"admintpt","Tiempo de lectura":"1 minuto"},"schema":{"@context":"https:\/\/schema.org","@graph":[{"@type":"WebPage","@id":"https:\/\/thepueblatimes.mx\/index.php\/2023\/06\/30\/armenta-entrega-arboles-en-el-centro-historico\/","url":"https:\/\/thepueblatimes.mx\/index.php\/2023\/06\/30\/armenta-entrega-arboles-en-el-centro-historico\/","name":"Armenta entrega \u00e1rboles en el centro hist\u00f3rico - The Puebla Times","isPartOf":{"@id":"https:\/\/thepueblatimes.mx\/#website"},"datePublished":"2023-07-01T00:22:15+00:00","dateModified":"2023-07-01T00:22:15+00:00","author":{"@id":"https:\/\/thepueblatimes.mx\/#\/schema\/person\/c90a455f48a80821b6a99d3d73d1a71f"},"breadcrumb":{"@id":"https:\/\/thepueblatimes.mx\/index.php\/2023\/06\/30\/armenta-entrega-arboles-en-el-centro-historico\/#breadcrumb"},"inLanguage":"es","potentialAction":[{"@type":"ReadAction","target":["https:\/\/thepueblatimes.mx\/index.php\/2023\/06\/30\/armenta-entrega-arboles-en-el-centro-historico\/"]}]},{"@type":"BreadcrumbList","@id":"https:\/\/thepueblatimes.mx\/index.php\/2023\/06\/30\/armenta-entrega-arboles-en-el-centro-historico\/#breadcrumb","itemListElement":[{"@type":"ListItem","position":1,"name":"Portada","item":"https:\/\/thepueblatimes.mx\/"},{"@type":"ListItem","position":2,"name":"Armenta entrega \u00e1rboles en el centro hist\u00f3rico"}]},{"@type":"WebSite","@id":"https:\/\/thepueblatimes.mx\/#website","url":"https:\/\/thepueblatimes.mx\/","name":"The Puebla Times","description":"Noticias del Estado de Puebla","potentialAction":[{"@type":"SearchAction","target":{"@type":"EntryPoint","urlTemplate":"https:\/\/thepueblatimes.mx\/?s={search_term_string}"},"query-input":"required name=search_term_string"}],"inLanguage":"es"},{"@type":"Person","@id":"https:\/\/thepueblatimes.mx\/#\/schema\/person\/c90a455f48a80821b6a99d3d73d1a71f","name":"admintpt","image":{"@type":"ImageObject","inLanguage":"es","@id":"https:\/\/thepueblatimes.mx\/#\/schema\/person\/image\/","url":"https:\/\/secure.gravatar.com\/avatar\/13f0a494cc76bfb992f9768b1d51109d?s=96&d=mm&r=g","contentUrl":"https:\/\/secure.gravatar.com\/avatar\/13f0a494cc76bfb992f9768b1d51109d?s=96&d=mm&r=g","caption":"admintpt"},"url":"https:\/\/thepueblatimes.mx\/index.php\/author\/admintpt\/"}]}},"jetpack_featured_media_url":"https:\/\/thepueblatimes.mx\/wp-content\/uploads\/2023\/06\/WhatsApp-Image-2023-06-30-at-18.12.50.jpeg","_links":{"self":[{"href":"https:\/\/thepueblatimes.mx\/index.php\/wp-json\/wp\/v2\/posts\/18551"}],"collection":[{"href":"https:\/\/thepueblatimes.mx\/index.php\/wp-json\/wp\/v2\/posts"}],"about":[{"href":"https:\/\/thepueblatimes.mx\/index.php\/wp-json\/wp\/v2\/types\/post"}],"author":[{"embeddable":true,"href":"https:\/\/thepueblatimes.mx\/index.php\/wp-json\/wp\/v2\/users\/2"}],"replies":[{"embeddable":true,"href":"https:\/\/thepueblatimes.mx\/index.php\/wp-json\/wp\/v2\/comments?post=18551"}],"version-history":[{"count":1,"href":"https:\/\/thepueblatimes.mx\/index.php\/wp-json\/wp\/v2\/posts\/18551\/revisions"}],"predecessor-version":[{"id":18553,"href":"https:\/\/thepueblatimes.mx\/index.php\/wp-json\/wp\/v2\/posts\/18551\/revisions\/18553"}],"wp:featuredmedia":[{"embeddable":true,"href":"https:\/\/thepueblatimes.mx\/index.php\/wp-json\/wp\/v2\/media\/18552"}],"wp:attachment":[{"href":"https:\/\/thepueblatimes.mx\/index.php\/wp-json\/wp\/v2\/media?parent=18551"}],"wp:term":[{"taxonomy":"category","embeddable":true,"href":"https:\/\/thepueblatimes.mx\/index.php\/wp-json\/wp\/v2\/categories?post=18551"},{"taxonomy":"post_tag","embeddable":true,"href":"https:\/\/thepueblatimes.mx\/index.php\/wp-json\/wp\/v2\/tags?post=18551"}],"curies":[{"name":"wp","href":"https:\/\/api.w.org\/{rel}","templated":true}]}}