{"id":18539,"date":"2023-06-28T18:38:42","date_gmt":"2023-06-29T00:38:42","guid":{"rendered":"https:\/\/thepueblatimes.mx\/?p=18539"},"modified":"2023-06-28T18:38:42","modified_gmt":"2023-06-29T00:38:42","slug":"inicia-sergio-salomon-programa-de-reforestacion-en-parque-estatal-flor-del-bosque","status":"publish","type":"post","link":"https:\/\/thepueblatimes.mx\/index.php\/2023\/06\/28\/inicia-sergio-salomon-programa-de-reforestacion-en-parque-estatal-flor-del-bosque\/","title":{"rendered":"Inicia Sergio Salom\u00f3n programa de reforestaci\u00f3n en Parque Estatal \u201cFlor Del Bosque\u201d"},"content":{"rendered":"<h3><em>-El gobernador destac\u00f3 el compromiso de su gobierno de trabajar por el futuro de las siguientes generaciones<\/em><\/h3>\n<p><strong>AMOZOC, Pue. &#8211;<\/strong>\u00a0Como muestra del compromiso del gobierno estatal con el futuro de las siguientes generaciones y como parte de las acciones para combatir el cambio clim\u00e1tico, el gobernador Sergio Salom\u00f3n inici\u00f3, en el Parque Estatal \u201cFlor del Bosque\u201d, el programa reforestaci\u00f3n estatal, el cual consiste en la siembra de 9 millones de plantas en todo el estado.<\/p>\n<p>El mandatario estatal destac\u00f3 que este programa, as\u00ed como la pr\u00f3xima puesta en marcha de invernaderos, la reconversi\u00f3n de terrenos agropecuarios para uso forestal y la siembra de agave mezcalero en 10 mil hect\u00e1reas de la Mixteca, son reflejo de que su administraci\u00f3n trabaja en favor del medio ambiente.<\/p>\n<p>\u201cQueremos entregarles un mundo mejor, queremos entregarles a todos ustedes un medio ambiente mucho mejor, as\u00ed es que les pedimos que nos ayuden a generar conciencia en toda la ciudadan\u00eda, por qu\u00e9 tenemos que cuidar el medio ambiente, porque si no lo hacemos en conciencia por ley no va a funcionar\u201d, dijo.<\/p>\n<p>En este evento, desarrollado en el marco del D\u00eda Mundial del \u00c1rbol y en el que fueron sembradas 400 plantas, el mandatario estatal aprovech\u00f3 el momento para destacar el trabajo realizado por los brigadistas estatales en el combate del reciente incendio de Zacatl\u00e1n.<\/p>\n<p><strong>DESTACA MEDIO AMBIENTE LA IMPORTANCIA DE \u201cFLOR DEL BOSQUE\u201d PARA LA ZONA METROPOLITANA<\/strong><\/p>\n<p>Por su parte, la secretaria de Medio Ambiente, Desarrollo Sustentable y Ordenamiento Territorial, Beatriz Manrique Guevara destac\u00f3 la importancia que tiene \u201cFlor del Bosque\u201d para la zona metropolitana de Puebla, al se\u00f1alar que es un lugar que vela por las siguientes generaciones, dado que ayuda a producir ox\u00edgeno y agua, as\u00ed como a conservar la biodiversidad.<\/p>\n<p>Por lo anterior, refiri\u00f3 que el gobierno estatal y la sociedad poblana emprenden acciones, como esta reforestaci\u00f3n en un \u00e1rea natural protegida de mil 501 hect\u00e1reas.<\/p>\n<p>En este evento participaron el jefe de la oficina de la Gubernatura, Javier Aquino Lim\u00f3n; la diputada M\u00f3nica Silva Ruiz; el legislador Jaime Natale Uranga; el alcalde Mario de la Rosa; el secretario general de la secci\u00f3n 51 del SNTE, Alfredo G\u00f3mez Palacios; el titular de la Promotor\u00eda de Desarrollo Forestal de la Conafor en Puebla, Rolando Montero Le\u00f3n; el encargado de la Oficina de Representaci\u00f3n de la SEMARNAT en Puebla, Fernando Silva Triste, as\u00ed como funcionarias y funcionarios estatales.<\/p>\n","protected":false},"excerpt":{"rendered":"<p>-El gobernador destac\u00f3 el compromiso de su gobierno de trabajar por el futuro de las siguientes generaciones AMOZOC, Pue. &#8211;\u00a0Como muestra del compromiso del gobierno estatal con el futuro de las siguientes generaciones y como parte de las acciones para combatir el cambio clim\u00e1tico, el gobernador Sergio Salom\u00f3n inici\u00f3, en el Parque Estatal \u201cFlor del&#8230;<\/p>\n","protected":false},"author":2,"featured_media":18540,"comment_status":"closed","ping_status":"closed","sticky":false,"template":"","format":"standard","meta":[],"categories":[3,116],"tags":[1273,1380,1381,628],"yoast_head":"<!-- This site is optimized with the Yoast SEO plugin v20.8 - https:\/\/yoast.com\/wordpress\/plugins\/seo\/ -->\n<title>Inicia Sergio Salom\u00f3n programa de reforestaci\u00f3n en Parque Estatal \u201cFlor Del Bosque\u201d - The Puebla Times<\/title>\n<meta name=\"robots\" content=\"index, follow, max-snippet:-1, max-image-preview:large, max-video-preview:-1\" \/>\n<link rel=\"canonical\" href=\"https:\/\/thepueblatimes.mx\/index.php\/2023\/06\/28\/inicia-sergio-salomon-programa-de-reforestacion-en-parque-estatal-flor-del-bosque\/\" \/>\n<meta property=\"og:locale\" content=\"es_ES\" \/>\n<meta property=\"og:type\" content=\"article\" \/>\n<meta property=\"og:title\" content=\"Inicia Sergio Salom\u00f3n programa de reforestaci\u00f3n en Parque Estatal \u201cFlor Del Bosque\u201d - The Puebla Times\" \/>\n<meta property=\"og:description\" content=\"-El gobernador destac\u00f3 el compromiso de su gobierno de trabajar por el futuro de las siguientes generaciones AMOZOC, Pue. &#8211;\u00a0Como muestra del compromiso del gobierno estatal con el futuro de las siguientes generaciones y como parte de las acciones para combatir el cambio clim\u00e1tico, el gobernador Sergio Salom\u00f3n inici\u00f3, en el Parque Estatal \u201cFlor del...\" \/>\n<meta property=\"og:url\" content=\"https:\/\/thepueblatimes.mx\/index.php\/2023\/06\/28\/inicia-sergio-salomon-programa-de-reforestacion-en-parque-estatal-flor-del-bosque\/\" \/>\n<meta property=\"og:site_name\" content=\"The Puebla Times\" \/>\n<meta property=\"article:published_time\" content=\"2023-06-29T00:38:42+00:00\" \/>\n<meta property=\"og:image\" content=\"https:\/\/thepueblatimes.mx\/wp-content\/uploads\/2023\/06\/1b7de2e31827c8ac8496fb8e0e6b5428_L.jpg\" \/>\n\t<meta property=\"og:image:width\" content=\"600\" \/>\n\t<meta property=\"og:image:height\" content=\"450\" \/>\n\t<meta property=\"og:image:type\" content=\"image\/jpeg\" \/>\n<meta name=\"author\" content=\"admintpt\" \/>\n<meta name=\"twitter:card\" content=\"summary_large_image\" \/>\n<meta name=\"twitter:label1\" content=\"Escrito por\" \/>\n\t<meta name=\"twitter:data1\" content=\"admintpt\" \/>\n\t<meta name=\"twitter:label2\" content=\"Tiempo de lectura\" \/>\n\t<meta name=\"twitter:data2\" content=\"2 minutos\" \/>\n<script type=\"application\/ld+json\" class=\"yoast-schema-graph\">{\"@context\":\"https:\/\/schema.org\",\"@graph\":[{\"@type\":\"WebPage\",\"@id\":\"https:\/\/thepueblatimes.mx\/index.php\/2023\/06\/28\/inicia-sergio-salomon-programa-de-reforestacion-en-parque-estatal-flor-del-bosque\/\",\"url\":\"https:\/\/thepueblatimes.mx\/index.php\/2023\/06\/28\/inicia-sergio-salomon-programa-de-reforestacion-en-parque-estatal-flor-del-bosque\/\",\"name\":\"Inicia Sergio Salom\u00f3n programa de reforestaci\u00f3n en Parque Estatal \u201cFlor Del Bosque\u201d - The Puebla Times\",\"isPartOf\":{\"@id\":\"https:\/\/thepueblatimes.mx\/#website\"},\"datePublished\":\"2023-06-29T00:38:42+00:00\",\"dateModified\":\"2023-06-29T00:38:42+00:00\",\"author\":{\"@id\":\"https:\/\/thepueblatimes.mx\/#\/schema\/person\/c90a455f48a80821b6a99d3d73d1a71f\"},\"breadcrumb\":{\"@id\":\"https:\/\/thepueblatimes.mx\/index.php\/2023\/06\/28\/inicia-sergio-salomon-programa-de-reforestacion-en-parque-estatal-flor-del-bosque\/#breadcrumb\"},\"inLanguage\":\"es\",\"potentialAction\":[{\"@type\":\"ReadAction\",\"target\":[\"https:\/\/thepueblatimes.mx\/index.php\/2023\/06\/28\/inicia-sergio-salomon-programa-de-reforestacion-en-parque-estatal-flor-del-bosque\/\"]}]},{\"@type\":\"BreadcrumbList\",\"@id\":\"https:\/\/thepueblatimes.mx\/index.php\/2023\/06\/28\/inicia-sergio-salomon-programa-de-reforestacion-en-parque-estatal-flor-del-bosque\/#breadcrumb\",\"itemListElement\":[{\"@type\":\"ListItem\",\"position\":1,\"name\":\"Portada\",\"item\":\"https:\/\/thepueblatimes.mx\/\"},{\"@type\":\"ListItem\",\"position\":2,\"name\":\"Inicia Sergio Salom\u00f3n programa de reforestaci\u00f3n en Parque Estatal \u201cFlor Del Bosque\u201d\"}]},{\"@type\":\"WebSite\",\"@id\":\"https:\/\/thepueblatimes.mx\/#website\",\"url\":\"https:\/\/thepueblatimes.mx\/\",\"name\":\"The Puebla Times\",\"description\":\"Noticias del Estado de Puebla\",\"potentialAction\":[{\"@type\":\"SearchAction\",\"target\":{\"@type\":\"EntryPoint\",\"urlTemplate\":\"https:\/\/thepueblatimes.mx\/?s={search_term_string}\"},\"query-input\":\"required name=search_term_string\"}],\"inLanguage\":\"es\"},{\"@type\":\"Person\",\"@id\":\"https:\/\/thepueblatimes.mx\/#\/schema\/person\/c90a455f48a80821b6a99d3d73d1a71f\",\"name\":\"admintpt\",\"image\":{\"@type\":\"ImageObject\",\"inLanguage\":\"es\",\"@id\":\"https:\/\/thepueblatimes.mx\/#\/schema\/person\/image\/\",\"url\":\"https:\/\/secure.gravatar.com\/avatar\/13f0a494cc76bfb992f9768b1d51109d?s=96&d=mm&r=g\",\"contentUrl\":\"https:\/\/secure.gravatar.com\/avatar\/13f0a494cc76bfb992f9768b1d51109d?s=96&d=mm&r=g\",\"caption\":\"admintpt\"},\"url\":\"https:\/\/thepueblatimes.mx\/index.php\/author\/admintpt\/\"}]}<\/script>\n<!-- \/ Yoast SEO plugin. -->","yoast_head_json":{"title":"Inicia Sergio Salom\u00f3n programa de reforestaci\u00f3n en Parque Estatal \u201cFlor Del Bosque\u201d - The Puebla Times","robots":{"index":"index","follow":"follow","max-snippet":"max-snippet:-1","max-image-preview":"max-image-preview:large","max-video-preview":"max-video-preview:-1"},"canonical":"https:\/\/thepueblatimes.mx\/index.php\/2023\/06\/28\/inicia-sergio-salomon-programa-de-reforestacion-en-parque-estatal-flor-del-bosque\/","og_locale":"es_ES","og_type":"article","og_title":"Inicia Sergio Salom\u00f3n programa de reforestaci\u00f3n en Parque Estatal \u201cFlor Del Bosque\u201d - The Puebla Times","og_description":"-El gobernador destac\u00f3 el compromiso de su gobierno de trabajar por el futuro de las siguientes generaciones AMOZOC, Pue. &#8211;\u00a0Como muestra del compromiso del gobierno estatal con el futuro de las siguientes generaciones y como parte de las acciones para combatir el cambio clim\u00e1tico, el gobernador Sergio Salom\u00f3n inici\u00f3, en el Parque Estatal \u201cFlor del...","og_url":"https:\/\/thepueblatimes.mx\/index.php\/2023\/06\/28\/inicia-sergio-salomon-programa-de-reforestacion-en-parque-estatal-flor-del-bosque\/","og_site_name":"The Puebla Times","article_published_time":"2023-06-29T00:38:42+00:00","og_image":[{"width":600,"height":450,"url":"https:\/\/thepueblatimes.mx\/wp-content\/uploads\/2023\/06\/1b7de2e31827c8ac8496fb8e0e6b5428_L.jpg","type":"image\/jpeg"}],"author":"admintpt","twitter_card":"summary_large_image","twitter_misc":{"Escrito por":"admintpt","Tiempo de lectura":"2 minutos"},"schema":{"@context":"https:\/\/schema.org","@graph":[{"@type":"WebPage","@id":"https:\/\/thepueblatimes.mx\/index.php\/2023\/06\/28\/inicia-sergio-salomon-programa-de-reforestacion-en-parque-estatal-flor-del-bosque\/","url":"https:\/\/thepueblatimes.mx\/index.php\/2023\/06\/28\/inicia-sergio-salomon-programa-de-reforestacion-en-parque-estatal-flor-del-bosque\/","name":"Inicia Sergio Salom\u00f3n programa de reforestaci\u00f3n en Parque Estatal \u201cFlor Del Bosque\u201d - The Puebla Times","isPartOf":{"@id":"https:\/\/thepueblatimes.mx\/#website"},"datePublished":"2023-06-29T00:38:42+00:00","dateModified":"2023-06-29T00:38:42+00:00","author":{"@id":"https:\/\/thepueblatimes.mx\/#\/schema\/person\/c90a455f48a80821b6a99d3d73d1a71f"},"breadcrumb":{"@id":"https:\/\/thepueblatimes.mx\/index.php\/2023\/06\/28\/inicia-sergio-salomon-programa-de-reforestacion-en-parque-estatal-flor-del-bosque\/#breadcrumb"},"inLanguage":"es","potentialAction":[{"@type":"ReadAction","target":["https:\/\/thepueblatimes.mx\/index.php\/2023\/06\/28\/inicia-sergio-salomon-programa-de-reforestacion-en-parque-estatal-flor-del-bosque\/"]}]},{"@type":"BreadcrumbList","@id":"https:\/\/thepueblatimes.mx\/index.php\/2023\/06\/28\/inicia-sergio-salomon-programa-de-reforestacion-en-parque-estatal-flor-del-bosque\/#breadcrumb","itemListElement":[{"@type":"ListItem","position":1,"name":"Portada","item":"https:\/\/thepueblatimes.mx\/"},{"@type":"ListItem","position":2,"name":"Inicia Sergio Salom\u00f3n programa de reforestaci\u00f3n en Parque Estatal \u201cFlor Del Bosque\u201d"}]},{"@type":"WebSite","@id":"https:\/\/thepueblatimes.mx\/#website","url":"https:\/\/thepueblatimes.mx\/","name":"The Puebla Times","description":"Noticias del Estado de Puebla","potentialAction":[{"@type":"SearchAction","target":{"@type":"EntryPoint","urlTemplate":"https:\/\/thepueblatimes.mx\/?s={search_term_string}"},"query-input":"required name=search_term_string"}],"inLanguage":"es"},{"@type":"Person","@id":"https:\/\/thepueblatimes.mx\/#\/schema\/person\/c90a455f48a80821b6a99d3d73d1a71f","name":"admintpt","image":{"@type":"ImageObject","inLanguage":"es","@id":"https:\/\/thepueblatimes.mx\/#\/schema\/person\/image\/","url":"https:\/\/secure.gravatar.com\/avatar\/13f0a494cc76bfb992f9768b1d51109d?s=96&d=mm&r=g","contentUrl":"https:\/\/secure.gravatar.com\/avatar\/13f0a494cc76bfb992f9768b1d51109d?s=96&d=mm&r=g","caption":"admintpt"},"url":"https:\/\/thepueblatimes.mx\/index.php\/author\/admintpt\/"}]}},"jetpack_featured_media_url":"https:\/\/thepueblatimes.mx\/wp-content\/uploads\/2023\/06\/1b7de2e31827c8ac8496fb8e0e6b5428_L.jpg","_links":{"self":[{"href":"https:\/\/thepueblatimes.mx\/index.php\/wp-json\/wp\/v2\/posts\/18539"}],"collection":[{"href":"https:\/\/thepueblatimes.mx\/index.php\/wp-json\/wp\/v2\/posts"}],"about":[{"href":"https:\/\/thepueblatimes.mx\/index.php\/wp-json\/wp\/v2\/types\/post"}],"author":[{"embeddable":true,"href":"https:\/\/thepueblatimes.mx\/index.php\/wp-json\/wp\/v2\/users\/2"}],"replies":[{"embeddable":true,"href":"https:\/\/thepueblatimes.mx\/index.php\/wp-json\/wp\/v2\/comments?post=18539"}],"version-history":[{"count":1,"href":"https:\/\/thepueblatimes.mx\/index.php\/wp-json\/wp\/v2\/posts\/18539\/revisions"}],"predecessor-version":[{"id":18541,"href":"https:\/\/thepueblatimes.mx\/index.php\/wp-json\/wp\/v2\/posts\/18539\/revisions\/18541"}],"wp:featuredmedia":[{"embeddable":true,"href":"https:\/\/thepueblatimes.mx\/index.php\/wp-json\/wp\/v2\/media\/18540"}],"wp:attachment":[{"href":"https:\/\/thepueblatimes.mx\/index.php\/wp-json\/wp\/v2\/media?parent=18539"}],"wp:term":[{"taxonomy":"category","embeddable":true,"href":"https:\/\/thepueblatimes.mx\/index.php\/wp-json\/wp\/v2\/categories?post=18539"},{"taxonomy":"post_tag","embeddable":true,"href":"https:\/\/thepueblatimes.mx\/index.php\/wp-json\/wp\/v2\/tags?post=18539"}],"curies":[{"name":"wp","href":"https:\/\/api.w.org\/{rel}","templated":true}]}}