{"id":18536,"date":"2023-06-28T18:16:39","date_gmt":"2023-06-29T00:16:39","guid":{"rendered":"https:\/\/thepueblatimes.mx\/?p=18536"},"modified":"2023-06-28T18:16:39","modified_gmt":"2023-06-29T00:16:39","slug":"en-izucar-de-matamoros-se-fomenta-una-cultura-activa-de-cuidado-ambiental","status":"publish","type":"post","link":"https:\/\/thepueblatimes.mx\/index.php\/2023\/06\/28\/en-izucar-de-matamoros-se-fomenta-una-cultura-activa-de-cuidado-ambiental\/","title":{"rendered":"En Iz\u00facar de Matamoros se fomenta una cultura activa  de cuidado ambiental."},"content":{"rendered":"<p>Este 28 de junio, Irene Olea Torres, presidenta municipal de Iz\u00facar de Matamoros, encabez\u00f3 una jornada de reforestaci\u00f3n en la escuela secundaria Rodolfo S\u00e1nchez Taboada. Durante el evento, se sembraron 120 \u00e1rboles end\u00e9micos provenientes del Vivero Municipal de Iz\u00facar de Matamoros.<\/p>\n<p>La elecci\u00f3n de la escuela secundaria como sitio para llevar a cabo la actividad se debe al inter\u00e9s de involucrar a los j\u00f3venes en acciones concretas como la reforestaci\u00f3n. Adem\u00e1s, el gobierno municipal llev\u00f3 una exposici\u00f3n de \u00abBons\u00e1i Mixteco\u00bb a la instituci\u00f3n, compuesta por \u00e1rboles end\u00e9micos cultivados siguiendo la disciplina del bons\u00e1i japon\u00e9s.<\/p>\n<p>Irene Olea destac\u00f3 la preocupaci\u00f3n de su gobierno por fomentar una cultura de cuidado ambiental activa y trabajar con estrategias definidas para proteger y conservar el entorno, as\u00ed como prevenir el cambio clim\u00e1tico.<\/p>\n<p>Durante el evento, \u00c1ngel Ru\u00edz Ch\u00e1vez, responsable de la Coordinaci\u00f3n Regional de Desarrollo Educativo 07, reconoci\u00f3 el compromiso de la administraci\u00f3n municipal con el sector educativo y el medio ambiente, reflejado en la siembra de los 120 \u00e1rboles.<\/p>\n<p>La jornada de reforestaci\u00f3n y la exposici\u00f3n de Bons\u00e1is fueron organizadas por las direcciones de Medio Ambiente y Proyectos Especiales, junto con la coordinaci\u00f3n de Ciudades del Aprendizaje del Ayuntamiento de Iz\u00facar de Matamoros.<\/p>\n","protected":false},"excerpt":{"rendered":"<p>Este 28 de junio, Irene Olea Torres, presidenta municipal de Iz\u00facar de Matamoros, encabez\u00f3 una jornada de reforestaci\u00f3n en la escuela secundaria Rodolfo S\u00e1nchez Taboada. Durante el evento, se sembraron 120 \u00e1rboles end\u00e9micos provenientes del Vivero Municipal de Iz\u00facar de Matamoros. La elecci\u00f3n de la escuela secundaria como sitio para llevar a cabo la actividad&#8230;<\/p>\n","protected":false},"author":2,"featured_media":18537,"comment_status":"closed","ping_status":"closed","sticky":false,"template":"","format":"standard","meta":[],"categories":[16,11],"tags":[1336,627,214,1380],"yoast_head":"<!-- This site is optimized with the Yoast SEO plugin v20.8 - https:\/\/yoast.com\/wordpress\/plugins\/seo\/ -->\n<title>En Iz\u00facar de Matamoros se fomenta una cultura activa de cuidado ambiental. - The Puebla Times<\/title>\n<meta name=\"robots\" content=\"index, follow, max-snippet:-1, max-image-preview:large, max-video-preview:-1\" \/>\n<link rel=\"canonical\" href=\"https:\/\/thepueblatimes.mx\/index.php\/2023\/06\/28\/en-izucar-de-matamoros-se-fomenta-una-cultura-activa-de-cuidado-ambiental\/\" \/>\n<meta property=\"og:locale\" content=\"es_ES\" \/>\n<meta property=\"og:type\" content=\"article\" \/>\n<meta property=\"og:title\" content=\"En Iz\u00facar de Matamoros se fomenta una cultura activa de cuidado ambiental. - The Puebla Times\" \/>\n<meta property=\"og:description\" content=\"Este 28 de junio, Irene Olea Torres, presidenta municipal de Iz\u00facar de Matamoros, encabez\u00f3 una jornada de reforestaci\u00f3n en la escuela secundaria Rodolfo S\u00e1nchez Taboada. Durante el evento, se sembraron 120 \u00e1rboles end\u00e9micos provenientes del Vivero Municipal de Iz\u00facar de Matamoros. La elecci\u00f3n de la escuela secundaria como sitio para llevar a cabo la actividad...\" \/>\n<meta property=\"og:url\" content=\"https:\/\/thepueblatimes.mx\/index.php\/2023\/06\/28\/en-izucar-de-matamoros-se-fomenta-una-cultura-activa-de-cuidado-ambiental\/\" \/>\n<meta property=\"og:site_name\" content=\"The Puebla Times\" \/>\n<meta property=\"article:published_time\" content=\"2023-06-29T00:16:39+00:00\" \/>\n<meta property=\"og:image\" content=\"https:\/\/thepueblatimes.mx\/wp-content\/uploads\/2023\/06\/WhatsApp-Image-2023-06-28-at-17.27.47.jpeg\" \/>\n\t<meta property=\"og:image:width\" content=\"1600\" \/>\n\t<meta property=\"og:image:height\" content=\"1066\" \/>\n\t<meta property=\"og:image:type\" content=\"image\/jpeg\" \/>\n<meta name=\"author\" content=\"admintpt\" \/>\n<meta name=\"twitter:card\" content=\"summary_large_image\" \/>\n<meta name=\"twitter:label1\" content=\"Escrito por\" \/>\n\t<meta name=\"twitter:data1\" content=\"admintpt\" \/>\n\t<meta name=\"twitter:label2\" content=\"Tiempo de lectura\" \/>\n\t<meta name=\"twitter:data2\" content=\"1 minuto\" \/>\n<script type=\"application\/ld+json\" class=\"yoast-schema-graph\">{\"@context\":\"https:\/\/schema.org\",\"@graph\":[{\"@type\":\"WebPage\",\"@id\":\"https:\/\/thepueblatimes.mx\/index.php\/2023\/06\/28\/en-izucar-de-matamoros-se-fomenta-una-cultura-activa-de-cuidado-ambiental\/\",\"url\":\"https:\/\/thepueblatimes.mx\/index.php\/2023\/06\/28\/en-izucar-de-matamoros-se-fomenta-una-cultura-activa-de-cuidado-ambiental\/\",\"name\":\"En Iz\u00facar de Matamoros se fomenta una cultura activa de cuidado ambiental. - The Puebla Times\",\"isPartOf\":{\"@id\":\"https:\/\/thepueblatimes.mx\/#website\"},\"datePublished\":\"2023-06-29T00:16:39+00:00\",\"dateModified\":\"2023-06-29T00:16:39+00:00\",\"author\":{\"@id\":\"https:\/\/thepueblatimes.mx\/#\/schema\/person\/c90a455f48a80821b6a99d3d73d1a71f\"},\"breadcrumb\":{\"@id\":\"https:\/\/thepueblatimes.mx\/index.php\/2023\/06\/28\/en-izucar-de-matamoros-se-fomenta-una-cultura-activa-de-cuidado-ambiental\/#breadcrumb\"},\"inLanguage\":\"es\",\"potentialAction\":[{\"@type\":\"ReadAction\",\"target\":[\"https:\/\/thepueblatimes.mx\/index.php\/2023\/06\/28\/en-izucar-de-matamoros-se-fomenta-una-cultura-activa-de-cuidado-ambiental\/\"]}]},{\"@type\":\"BreadcrumbList\",\"@id\":\"https:\/\/thepueblatimes.mx\/index.php\/2023\/06\/28\/en-izucar-de-matamoros-se-fomenta-una-cultura-activa-de-cuidado-ambiental\/#breadcrumb\",\"itemListElement\":[{\"@type\":\"ListItem\",\"position\":1,\"name\":\"Portada\",\"item\":\"https:\/\/thepueblatimes.mx\/\"},{\"@type\":\"ListItem\",\"position\":2,\"name\":\"En Iz\u00facar de Matamoros se fomenta una cultura activa de cuidado ambiental.\"}]},{\"@type\":\"WebSite\",\"@id\":\"https:\/\/thepueblatimes.mx\/#website\",\"url\":\"https:\/\/thepueblatimes.mx\/\",\"name\":\"The Puebla Times\",\"description\":\"Noticias del Estado de Puebla\",\"potentialAction\":[{\"@type\":\"SearchAction\",\"target\":{\"@type\":\"EntryPoint\",\"urlTemplate\":\"https:\/\/thepueblatimes.mx\/?s={search_term_string}\"},\"query-input\":\"required name=search_term_string\"}],\"inLanguage\":\"es\"},{\"@type\":\"Person\",\"@id\":\"https:\/\/thepueblatimes.mx\/#\/schema\/person\/c90a455f48a80821b6a99d3d73d1a71f\",\"name\":\"admintpt\",\"image\":{\"@type\":\"ImageObject\",\"inLanguage\":\"es\",\"@id\":\"https:\/\/thepueblatimes.mx\/#\/schema\/person\/image\/\",\"url\":\"https:\/\/secure.gravatar.com\/avatar\/13f0a494cc76bfb992f9768b1d51109d?s=96&d=mm&r=g\",\"contentUrl\":\"https:\/\/secure.gravatar.com\/avatar\/13f0a494cc76bfb992f9768b1d51109d?s=96&d=mm&r=g\",\"caption\":\"admintpt\"},\"url\":\"https:\/\/thepueblatimes.mx\/index.php\/author\/admintpt\/\"}]}<\/script>\n<!-- \/ Yoast SEO plugin. -->","yoast_head_json":{"title":"En Iz\u00facar de Matamoros se fomenta una cultura activa de cuidado ambiental. - The Puebla Times","robots":{"index":"index","follow":"follow","max-snippet":"max-snippet:-1","max-image-preview":"max-image-preview:large","max-video-preview":"max-video-preview:-1"},"canonical":"https:\/\/thepueblatimes.mx\/index.php\/2023\/06\/28\/en-izucar-de-matamoros-se-fomenta-una-cultura-activa-de-cuidado-ambiental\/","og_locale":"es_ES","og_type":"article","og_title":"En Iz\u00facar de Matamoros se fomenta una cultura activa de cuidado ambiental. - The Puebla Times","og_description":"Este 28 de junio, Irene Olea Torres, presidenta municipal de Iz\u00facar de Matamoros, encabez\u00f3 una jornada de reforestaci\u00f3n en la escuela secundaria Rodolfo S\u00e1nchez Taboada. Durante el evento, se sembraron 120 \u00e1rboles end\u00e9micos provenientes del Vivero Municipal de Iz\u00facar de Matamoros. La elecci\u00f3n de la escuela secundaria como sitio para llevar a cabo la actividad...","og_url":"https:\/\/thepueblatimes.mx\/index.php\/2023\/06\/28\/en-izucar-de-matamoros-se-fomenta-una-cultura-activa-de-cuidado-ambiental\/","og_site_name":"The Puebla Times","article_published_time":"2023-06-29T00:16:39+00:00","og_image":[{"width":1600,"height":1066,"url":"https:\/\/thepueblatimes.mx\/wp-content\/uploads\/2023\/06\/WhatsApp-Image-2023-06-28-at-17.27.47.jpeg","type":"image\/jpeg"}],"author":"admintpt","twitter_card":"summary_large_image","twitter_misc":{"Escrito por":"admintpt","Tiempo de lectura":"1 minuto"},"schema":{"@context":"https:\/\/schema.org","@graph":[{"@type":"WebPage","@id":"https:\/\/thepueblatimes.mx\/index.php\/2023\/06\/28\/en-izucar-de-matamoros-se-fomenta-una-cultura-activa-de-cuidado-ambiental\/","url":"https:\/\/thepueblatimes.mx\/index.php\/2023\/06\/28\/en-izucar-de-matamoros-se-fomenta-una-cultura-activa-de-cuidado-ambiental\/","name":"En Iz\u00facar de Matamoros se fomenta una cultura activa de cuidado ambiental. - The Puebla Times","isPartOf":{"@id":"https:\/\/thepueblatimes.mx\/#website"},"datePublished":"2023-06-29T00:16:39+00:00","dateModified":"2023-06-29T00:16:39+00:00","author":{"@id":"https:\/\/thepueblatimes.mx\/#\/schema\/person\/c90a455f48a80821b6a99d3d73d1a71f"},"breadcrumb":{"@id":"https:\/\/thepueblatimes.mx\/index.php\/2023\/06\/28\/en-izucar-de-matamoros-se-fomenta-una-cultura-activa-de-cuidado-ambiental\/#breadcrumb"},"inLanguage":"es","potentialAction":[{"@type":"ReadAction","target":["https:\/\/thepueblatimes.mx\/index.php\/2023\/06\/28\/en-izucar-de-matamoros-se-fomenta-una-cultura-activa-de-cuidado-ambiental\/"]}]},{"@type":"BreadcrumbList","@id":"https:\/\/thepueblatimes.mx\/index.php\/2023\/06\/28\/en-izucar-de-matamoros-se-fomenta-una-cultura-activa-de-cuidado-ambiental\/#breadcrumb","itemListElement":[{"@type":"ListItem","position":1,"name":"Portada","item":"https:\/\/thepueblatimes.mx\/"},{"@type":"ListItem","position":2,"name":"En Iz\u00facar de Matamoros se fomenta una cultura activa de cuidado ambiental."}]},{"@type":"WebSite","@id":"https:\/\/thepueblatimes.mx\/#website","url":"https:\/\/thepueblatimes.mx\/","name":"The Puebla Times","description":"Noticias del Estado de Puebla","potentialAction":[{"@type":"SearchAction","target":{"@type":"EntryPoint","urlTemplate":"https:\/\/thepueblatimes.mx\/?s={search_term_string}"},"query-input":"required name=search_term_string"}],"inLanguage":"es"},{"@type":"Person","@id":"https:\/\/thepueblatimes.mx\/#\/schema\/person\/c90a455f48a80821b6a99d3d73d1a71f","name":"admintpt","image":{"@type":"ImageObject","inLanguage":"es","@id":"https:\/\/thepueblatimes.mx\/#\/schema\/person\/image\/","url":"https:\/\/secure.gravatar.com\/avatar\/13f0a494cc76bfb992f9768b1d51109d?s=96&d=mm&r=g","contentUrl":"https:\/\/secure.gravatar.com\/avatar\/13f0a494cc76bfb992f9768b1d51109d?s=96&d=mm&r=g","caption":"admintpt"},"url":"https:\/\/thepueblatimes.mx\/index.php\/author\/admintpt\/"}]}},"jetpack_featured_media_url":"https:\/\/thepueblatimes.mx\/wp-content\/uploads\/2023\/06\/WhatsApp-Image-2023-06-28-at-17.27.47.jpeg","_links":{"self":[{"href":"https:\/\/thepueblatimes.mx\/index.php\/wp-json\/wp\/v2\/posts\/18536"}],"collection":[{"href":"https:\/\/thepueblatimes.mx\/index.php\/wp-json\/wp\/v2\/posts"}],"about":[{"href":"https:\/\/thepueblatimes.mx\/index.php\/wp-json\/wp\/v2\/types\/post"}],"author":[{"embeddable":true,"href":"https:\/\/thepueblatimes.mx\/index.php\/wp-json\/wp\/v2\/users\/2"}],"replies":[{"embeddable":true,"href":"https:\/\/thepueblatimes.mx\/index.php\/wp-json\/wp\/v2\/comments?post=18536"}],"version-history":[{"count":1,"href":"https:\/\/thepueblatimes.mx\/index.php\/wp-json\/wp\/v2\/posts\/18536\/revisions"}],"predecessor-version":[{"id":18538,"href":"https:\/\/thepueblatimes.mx\/index.php\/wp-json\/wp\/v2\/posts\/18536\/revisions\/18538"}],"wp:featuredmedia":[{"embeddable":true,"href":"https:\/\/thepueblatimes.mx\/index.php\/wp-json\/wp\/v2\/media\/18537"}],"wp:attachment":[{"href":"https:\/\/thepueblatimes.mx\/index.php\/wp-json\/wp\/v2\/media?parent=18536"}],"wp:term":[{"taxonomy":"category","embeddable":true,"href":"https:\/\/thepueblatimes.mx\/index.php\/wp-json\/wp\/v2\/categories?post=18536"},{"taxonomy":"post_tag","embeddable":true,"href":"https:\/\/thepueblatimes.mx\/index.php\/wp-json\/wp\/v2\/tags?post=18536"}],"curies":[{"name":"wp","href":"https:\/\/api.w.org\/{rel}","templated":true}]}}