{"id":17891,"date":"2023-05-09T17:28:03","date_gmt":"2023-05-09T23:28:03","guid":{"rendered":"https:\/\/thepueblatimes.mx\/?p=17891"},"modified":"2023-05-09T17:28:03","modified_gmt":"2023-05-09T23:28:03","slug":"joven-se-suicido-aventandose-de-un-puente-en-petlalcingo","status":"publish","type":"post","link":"https:\/\/thepueblatimes.mx\/index.php\/2023\/05\/09\/joven-se-suicido-aventandose-de-un-puente-en-petlalcingo\/","title":{"rendered":"Joven se suicid\u00f3 avent\u00e1ndose de un puente en Petlalcingo"},"content":{"rendered":"<p>POR DANIEL ROMERO<\/p>\n<p>PETLALCINGO, PUE. \u2013 Un joven de tan 23 a\u00f1os de edad decidi\u00f3 quitarse la vida avent\u00e1ndose de un puente en el municipio de Petlalcingo, revel\u00f3 la Fiscal\u00eda Regional con sede en Acatl\u00e1n de Osorio.<\/p>\n<p>El cad\u00e1ver de Eduardo R. fue hallado en el Rio Tizac en la parte baja del Puente Petlalcingo, refiere la carpeta de investigaci\u00f3n. Se indic\u00f3 que el masculino se arroj\u00f3 de por lo menos unos siete metros de altura por lo que falleci\u00f3 debido a la gravedad de las lesiones que se provoc\u00f3 por la ca\u00edda.<\/p>\n<p>Con base a la CDI, se detall\u00f3 que la polic\u00eda municipal de Petlalcingo recibi\u00f3 una llamada an\u00f3nima donde les informaron de una persona que se encontraba en el r\u00edo, sin embargo el cuerpo ya no se mov\u00eda.<\/p>\n<p>Minutos m\u00e1s tarde acudieron los elementos municipales para comprobar lo que estaba sucediendo, pero solo pudieron confirmar que Eduardo ya no ten\u00eda signos vitales, por lo que se dio aviso a la Fiscal\u00eda.<\/p>\n<p>Mencionar que en el puente fue hallada la ropa del joven de 23 a\u00f1os de edad, no obstante, no se localizaron mayores indicios en la escena y se dio paso a abrir una carpeta de investigaci\u00f3n por parte de la fiscal\u00eda regional.<\/p>\n<p>Seg\u00fan el testimonio de la propia familia, desconocen por completo las causas que orillaron a esta persona a quitarse la vida de tal manera.<\/p>\n","protected":false},"excerpt":{"rendered":"<p>POR DANIEL ROMERO PETLALCINGO, PUE. \u2013 Un joven de tan 23 a\u00f1os de edad decidi\u00f3 quitarse la vida avent\u00e1ndose de un puente en el municipio de Petlalcingo, revel\u00f3 la Fiscal\u00eda Regional con sede en Acatl\u00e1n de Osorio. El cad\u00e1ver de Eduardo R. fue hallado en el Rio Tizac en la parte baja del Puente Petlalcingo,&#8230;<\/p>\n","protected":false},"author":2,"featured_media":17892,"comment_status":"closed","ping_status":"closed","sticky":false,"template":"","format":"standard","meta":[],"categories":[121],"tags":[1289,1288,1290,175],"yoast_head":"<!-- This site is optimized with the Yoast SEO plugin v20.8 - https:\/\/yoast.com\/wordpress\/plugins\/seo\/ -->\n<title>Joven se suicid\u00f3 avent\u00e1ndose de un puente en Petlalcingo - The Puebla Times<\/title>\n<meta name=\"robots\" content=\"index, follow, max-snippet:-1, max-image-preview:large, max-video-preview:-1\" \/>\n<link rel=\"canonical\" href=\"https:\/\/thepueblatimes.mx\/index.php\/2023\/05\/09\/joven-se-suicido-aventandose-de-un-puente-en-petlalcingo\/\" \/>\n<meta property=\"og:locale\" content=\"es_ES\" \/>\n<meta property=\"og:type\" content=\"article\" \/>\n<meta property=\"og:title\" content=\"Joven se suicid\u00f3 avent\u00e1ndose de un puente en Petlalcingo - The Puebla Times\" \/>\n<meta property=\"og:description\" content=\"POR DANIEL ROMERO PETLALCINGO, PUE. \u2013 Un joven de tan 23 a\u00f1os de edad decidi\u00f3 quitarse la vida avent\u00e1ndose de un puente en el municipio de Petlalcingo, revel\u00f3 la Fiscal\u00eda Regional con sede en Acatl\u00e1n de Osorio. El cad\u00e1ver de Eduardo R. fue hallado en el Rio Tizac en la parte baja del Puente Petlalcingo,...\" \/>\n<meta property=\"og:url\" content=\"https:\/\/thepueblatimes.mx\/index.php\/2023\/05\/09\/joven-se-suicido-aventandose-de-un-puente-en-petlalcingo\/\" \/>\n<meta property=\"og:site_name\" content=\"The Puebla Times\" \/>\n<meta property=\"article:published_time\" content=\"2023-05-09T23:28:03+00:00\" \/>\n<meta property=\"og:image\" content=\"https:\/\/thepueblatimes.mx\/wp-content\/uploads\/2023\/05\/WhatsApp-Image-2023-05-09-at-16.14.32.jpeg\" \/>\n\t<meta property=\"og:image:width\" content=\"474\" \/>\n\t<meta property=\"og:image:height\" content=\"324\" \/>\n\t<meta property=\"og:image:type\" content=\"image\/jpeg\" \/>\n<meta name=\"author\" content=\"admintpt\" \/>\n<meta name=\"twitter:card\" content=\"summary_large_image\" \/>\n<meta name=\"twitter:label1\" content=\"Escrito por\" \/>\n\t<meta name=\"twitter:data1\" content=\"admintpt\" \/>\n\t<meta name=\"twitter:label2\" content=\"Tiempo de lectura\" \/>\n\t<meta name=\"twitter:data2\" content=\"2 minutos\" \/>\n<script type=\"application\/ld+json\" class=\"yoast-schema-graph\">{\"@context\":\"https:\/\/schema.org\",\"@graph\":[{\"@type\":\"WebPage\",\"@id\":\"https:\/\/thepueblatimes.mx\/index.php\/2023\/05\/09\/joven-se-suicido-aventandose-de-un-puente-en-petlalcingo\/\",\"url\":\"https:\/\/thepueblatimes.mx\/index.php\/2023\/05\/09\/joven-se-suicido-aventandose-de-un-puente-en-petlalcingo\/\",\"name\":\"Joven se suicid\u00f3 avent\u00e1ndose de un puente en Petlalcingo - The Puebla Times\",\"isPartOf\":{\"@id\":\"https:\/\/thepueblatimes.mx\/#website\"},\"datePublished\":\"2023-05-09T23:28:03+00:00\",\"dateModified\":\"2023-05-09T23:28:03+00:00\",\"author\":{\"@id\":\"https:\/\/thepueblatimes.mx\/#\/schema\/person\/c90a455f48a80821b6a99d3d73d1a71f\"},\"breadcrumb\":{\"@id\":\"https:\/\/thepueblatimes.mx\/index.php\/2023\/05\/09\/joven-se-suicido-aventandose-de-un-puente-en-petlalcingo\/#breadcrumb\"},\"inLanguage\":\"es\",\"potentialAction\":[{\"@type\":\"ReadAction\",\"target\":[\"https:\/\/thepueblatimes.mx\/index.php\/2023\/05\/09\/joven-se-suicido-aventandose-de-un-puente-en-petlalcingo\/\"]}]},{\"@type\":\"BreadcrumbList\",\"@id\":\"https:\/\/thepueblatimes.mx\/index.php\/2023\/05\/09\/joven-se-suicido-aventandose-de-un-puente-en-petlalcingo\/#breadcrumb\",\"itemListElement\":[{\"@type\":\"ListItem\",\"position\":1,\"name\":\"Portada\",\"item\":\"https:\/\/thepueblatimes.mx\/\"},{\"@type\":\"ListItem\",\"position\":2,\"name\":\"Joven se suicid\u00f3 avent\u00e1ndose de un puente en Petlalcingo\"}]},{\"@type\":\"WebSite\",\"@id\":\"https:\/\/thepueblatimes.mx\/#website\",\"url\":\"https:\/\/thepueblatimes.mx\/\",\"name\":\"The Puebla Times\",\"description\":\"Noticias del Estado de Puebla\",\"potentialAction\":[{\"@type\":\"SearchAction\",\"target\":{\"@type\":\"EntryPoint\",\"urlTemplate\":\"https:\/\/thepueblatimes.mx\/?s={search_term_string}\"},\"query-input\":\"required name=search_term_string\"}],\"inLanguage\":\"es\"},{\"@type\":\"Person\",\"@id\":\"https:\/\/thepueblatimes.mx\/#\/schema\/person\/c90a455f48a80821b6a99d3d73d1a71f\",\"name\":\"admintpt\",\"image\":{\"@type\":\"ImageObject\",\"inLanguage\":\"es\",\"@id\":\"https:\/\/thepueblatimes.mx\/#\/schema\/person\/image\/\",\"url\":\"https:\/\/secure.gravatar.com\/avatar\/13f0a494cc76bfb992f9768b1d51109d?s=96&d=mm&r=g\",\"contentUrl\":\"https:\/\/secure.gravatar.com\/avatar\/13f0a494cc76bfb992f9768b1d51109d?s=96&d=mm&r=g\",\"caption\":\"admintpt\"},\"url\":\"https:\/\/thepueblatimes.mx\/index.php\/author\/admintpt\/\"}]}<\/script>\n<!-- \/ Yoast SEO plugin. -->","yoast_head_json":{"title":"Joven se suicid\u00f3 avent\u00e1ndose de un puente en Petlalcingo - The Puebla Times","robots":{"index":"index","follow":"follow","max-snippet":"max-snippet:-1","max-image-preview":"max-image-preview:large","max-video-preview":"max-video-preview:-1"},"canonical":"https:\/\/thepueblatimes.mx\/index.php\/2023\/05\/09\/joven-se-suicido-aventandose-de-un-puente-en-petlalcingo\/","og_locale":"es_ES","og_type":"article","og_title":"Joven se suicid\u00f3 avent\u00e1ndose de un puente en Petlalcingo - The Puebla Times","og_description":"POR DANIEL ROMERO PETLALCINGO, PUE. \u2013 Un joven de tan 23 a\u00f1os de edad decidi\u00f3 quitarse la vida avent\u00e1ndose de un puente en el municipio de Petlalcingo, revel\u00f3 la Fiscal\u00eda Regional con sede en Acatl\u00e1n de Osorio. El cad\u00e1ver de Eduardo R. fue hallado en el Rio Tizac en la parte baja del Puente Petlalcingo,...","og_url":"https:\/\/thepueblatimes.mx\/index.php\/2023\/05\/09\/joven-se-suicido-aventandose-de-un-puente-en-petlalcingo\/","og_site_name":"The Puebla Times","article_published_time":"2023-05-09T23:28:03+00:00","og_image":[{"width":474,"height":324,"url":"https:\/\/thepueblatimes.mx\/wp-content\/uploads\/2023\/05\/WhatsApp-Image-2023-05-09-at-16.14.32.jpeg","type":"image\/jpeg"}],"author":"admintpt","twitter_card":"summary_large_image","twitter_misc":{"Escrito por":"admintpt","Tiempo de lectura":"2 minutos"},"schema":{"@context":"https:\/\/schema.org","@graph":[{"@type":"WebPage","@id":"https:\/\/thepueblatimes.mx\/index.php\/2023\/05\/09\/joven-se-suicido-aventandose-de-un-puente-en-petlalcingo\/","url":"https:\/\/thepueblatimes.mx\/index.php\/2023\/05\/09\/joven-se-suicido-aventandose-de-un-puente-en-petlalcingo\/","name":"Joven se suicid\u00f3 avent\u00e1ndose de un puente en Petlalcingo - The Puebla Times","isPartOf":{"@id":"https:\/\/thepueblatimes.mx\/#website"},"datePublished":"2023-05-09T23:28:03+00:00","dateModified":"2023-05-09T23:28:03+00:00","author":{"@id":"https:\/\/thepueblatimes.mx\/#\/schema\/person\/c90a455f48a80821b6a99d3d73d1a71f"},"breadcrumb":{"@id":"https:\/\/thepueblatimes.mx\/index.php\/2023\/05\/09\/joven-se-suicido-aventandose-de-un-puente-en-petlalcingo\/#breadcrumb"},"inLanguage":"es","potentialAction":[{"@type":"ReadAction","target":["https:\/\/thepueblatimes.mx\/index.php\/2023\/05\/09\/joven-se-suicido-aventandose-de-un-puente-en-petlalcingo\/"]}]},{"@type":"BreadcrumbList","@id":"https:\/\/thepueblatimes.mx\/index.php\/2023\/05\/09\/joven-se-suicido-aventandose-de-un-puente-en-petlalcingo\/#breadcrumb","itemListElement":[{"@type":"ListItem","position":1,"name":"Portada","item":"https:\/\/thepueblatimes.mx\/"},{"@type":"ListItem","position":2,"name":"Joven se suicid\u00f3 avent\u00e1ndose de un puente en Petlalcingo"}]},{"@type":"WebSite","@id":"https:\/\/thepueblatimes.mx\/#website","url":"https:\/\/thepueblatimes.mx\/","name":"The Puebla Times","description":"Noticias del Estado de Puebla","potentialAction":[{"@type":"SearchAction","target":{"@type":"EntryPoint","urlTemplate":"https:\/\/thepueblatimes.mx\/?s={search_term_string}"},"query-input":"required name=search_term_string"}],"inLanguage":"es"},{"@type":"Person","@id":"https:\/\/thepueblatimes.mx\/#\/schema\/person\/c90a455f48a80821b6a99d3d73d1a71f","name":"admintpt","image":{"@type":"ImageObject","inLanguage":"es","@id":"https:\/\/thepueblatimes.mx\/#\/schema\/person\/image\/","url":"https:\/\/secure.gravatar.com\/avatar\/13f0a494cc76bfb992f9768b1d51109d?s=96&d=mm&r=g","contentUrl":"https:\/\/secure.gravatar.com\/avatar\/13f0a494cc76bfb992f9768b1d51109d?s=96&d=mm&r=g","caption":"admintpt"},"url":"https:\/\/thepueblatimes.mx\/index.php\/author\/admintpt\/"}]}},"jetpack_featured_media_url":"https:\/\/thepueblatimes.mx\/wp-content\/uploads\/2023\/05\/WhatsApp-Image-2023-05-09-at-16.14.32.jpeg","_links":{"self":[{"href":"https:\/\/thepueblatimes.mx\/index.php\/wp-json\/wp\/v2\/posts\/17891"}],"collection":[{"href":"https:\/\/thepueblatimes.mx\/index.php\/wp-json\/wp\/v2\/posts"}],"about":[{"href":"https:\/\/thepueblatimes.mx\/index.php\/wp-json\/wp\/v2\/types\/post"}],"author":[{"embeddable":true,"href":"https:\/\/thepueblatimes.mx\/index.php\/wp-json\/wp\/v2\/users\/2"}],"replies":[{"embeddable":true,"href":"https:\/\/thepueblatimes.mx\/index.php\/wp-json\/wp\/v2\/comments?post=17891"}],"version-history":[{"count":1,"href":"https:\/\/thepueblatimes.mx\/index.php\/wp-json\/wp\/v2\/posts\/17891\/revisions"}],"predecessor-version":[{"id":17893,"href":"https:\/\/thepueblatimes.mx\/index.php\/wp-json\/wp\/v2\/posts\/17891\/revisions\/17893"}],"wp:featuredmedia":[{"embeddable":true,"href":"https:\/\/thepueblatimes.mx\/index.php\/wp-json\/wp\/v2\/media\/17892"}],"wp:attachment":[{"href":"https:\/\/thepueblatimes.mx\/index.php\/wp-json\/wp\/v2\/media?parent=17891"}],"wp:term":[{"taxonomy":"category","embeddable":true,"href":"https:\/\/thepueblatimes.mx\/index.php\/wp-json\/wp\/v2\/categories?post=17891"},{"taxonomy":"post_tag","embeddable":true,"href":"https:\/\/thepueblatimes.mx\/index.php\/wp-json\/wp\/v2\/tags?post=17891"}],"curies":[{"name":"wp","href":"https:\/\/api.w.org\/{rel}","templated":true}]}}