{"id":17855,"date":"2023-04-27T15:24:08","date_gmt":"2023-04-27T21:24:08","guid":{"rendered":"https:\/\/thepueblatimes.mx\/?p=17855"},"modified":"2023-04-27T15:24:08","modified_gmt":"2023-04-27T21:24:08","slug":"en-atlixco-falsos-ministeriales-le-roban-camioneta-a-comerciante","status":"publish","type":"post","link":"https:\/\/thepueblatimes.mx\/index.php\/2023\/04\/27\/en-atlixco-falsos-ministeriales-le-roban-camioneta-a-comerciante\/","title":{"rendered":"En Atlixco, falsos ministeriales le roban camioneta a comerciante"},"content":{"rendered":"<h3><em>&#8211; Comerciantes de Atlixco fueron despojados de su camioneta por presuntos falsos elementos de la Fiscal\u00eda General del Estado de Puebla (FGE).<\/em><\/h3>\n<p>El atraco se realiz\u00f3 durante las primeras horas de este jueves 27 de abril de 2023, sobre la autopista antes de ingresar al municipio de Atlixco.<\/p>\n<p>De acuerdo con la narrativa de los hechos, los comerciantes se desplazaban en una camioneta Ford Lobo, cuando una camioneta blanca con torreta les cerr\u00f3 el paso.<\/p>\n<p>Los tripulantes de la camioneta blanca se hicieron pasar por elementos de la FGE y los despojaron de su veh\u00edculo<\/p>\n<p>Tras ello, abandonaron el lugar con rumbo desconocido a bordo de ambas camionetas.<\/p>\n<p>Los comerciantes quedaron en el sitio donde se consum\u00f3 el robo y solicitaron la presencia de las autoridades.<\/p>\n<p>Elementos de la Polic\u00eda Municipal acudieron al punto para auxiliar a los comerciantes en calidad de primeros respondientes y tomar conocimiento del il\u00edcito cometido.<\/p>\n<p>Como parte de los protocolos de actuaci\u00f3n, se trat\u00f3 de ubicar, sin \u00e9xito, tanto a los delincuentes como a las camionetas.<\/p>\n<p>Al momento, la FGE no ha emitido comunicaci\u00f3n sobre el particular.<\/p>\n","protected":false},"excerpt":{"rendered":"<p>&#8211; Comerciantes de Atlixco fueron despojados de su camioneta por presuntos falsos elementos de la Fiscal\u00eda General del Estado de Puebla (FGE). El atraco se realiz\u00f3 durante las primeras horas de este jueves 27 de abril de 2023, sobre la autopista antes de ingresar al municipio de Atlixco. De acuerdo con la narrativa de los&#8230;<\/p>\n","protected":false},"author":2,"featured_media":17856,"comment_status":"closed","ping_status":"closed","sticky":false,"template":"","format":"standard","meta":[],"categories":[121],"tags":[45,240,260,32],"yoast_head":"<!-- This site is optimized with the Yoast SEO plugin v20.8 - https:\/\/yoast.com\/wordpress\/plugins\/seo\/ -->\n<title>En Atlixco, falsos ministeriales le roban camioneta a comerciante - The Puebla Times<\/title>\n<meta name=\"robots\" content=\"index, follow, max-snippet:-1, max-image-preview:large, max-video-preview:-1\" \/>\n<link rel=\"canonical\" href=\"https:\/\/thepueblatimes.mx\/index.php\/2023\/04\/27\/en-atlixco-falsos-ministeriales-le-roban-camioneta-a-comerciante\/\" \/>\n<meta property=\"og:locale\" content=\"es_ES\" \/>\n<meta property=\"og:type\" content=\"article\" \/>\n<meta property=\"og:title\" content=\"En Atlixco, falsos ministeriales le roban camioneta a comerciante - The Puebla Times\" \/>\n<meta property=\"og:description\" content=\"&#8211; Comerciantes de Atlixco fueron despojados de su camioneta por presuntos falsos elementos de la Fiscal\u00eda General del Estado de Puebla (FGE). El atraco se realiz\u00f3 durante las primeras horas de este jueves 27 de abril de 2023, sobre la autopista antes de ingresar al municipio de Atlixco. De acuerdo con la narrativa de los...\" \/>\n<meta property=\"og:url\" content=\"https:\/\/thepueblatimes.mx\/index.php\/2023\/04\/27\/en-atlixco-falsos-ministeriales-le-roban-camioneta-a-comerciante\/\" \/>\n<meta property=\"og:site_name\" content=\"The Puebla Times\" \/>\n<meta property=\"article:published_time\" content=\"2023-04-27T21:24:08+00:00\" \/>\n<meta property=\"og:image\" content=\"https:\/\/thepueblatimes.mx\/wp-content\/uploads\/2023\/04\/343187776_791681452473906_6013710805596063182_n.jpg\" \/>\n\t<meta property=\"og:image:width\" content=\"414\" \/>\n\t<meta property=\"og:image:height\" content=\"337\" \/>\n\t<meta property=\"og:image:type\" content=\"image\/jpeg\" \/>\n<meta name=\"author\" content=\"admintpt\" \/>\n<meta name=\"twitter:card\" content=\"summary_large_image\" \/>\n<meta name=\"twitter:label1\" content=\"Escrito por\" \/>\n\t<meta name=\"twitter:data1\" content=\"admintpt\" \/>\n\t<meta name=\"twitter:label2\" content=\"Tiempo de lectura\" \/>\n\t<meta name=\"twitter:data2\" content=\"1 minuto\" \/>\n<script type=\"application\/ld+json\" class=\"yoast-schema-graph\">{\"@context\":\"https:\/\/schema.org\",\"@graph\":[{\"@type\":\"WebPage\",\"@id\":\"https:\/\/thepueblatimes.mx\/index.php\/2023\/04\/27\/en-atlixco-falsos-ministeriales-le-roban-camioneta-a-comerciante\/\",\"url\":\"https:\/\/thepueblatimes.mx\/index.php\/2023\/04\/27\/en-atlixco-falsos-ministeriales-le-roban-camioneta-a-comerciante\/\",\"name\":\"En Atlixco, falsos ministeriales le roban camioneta a comerciante - The Puebla Times\",\"isPartOf\":{\"@id\":\"https:\/\/thepueblatimes.mx\/#website\"},\"datePublished\":\"2023-04-27T21:24:08+00:00\",\"dateModified\":\"2023-04-27T21:24:08+00:00\",\"author\":{\"@id\":\"https:\/\/thepueblatimes.mx\/#\/schema\/person\/c90a455f48a80821b6a99d3d73d1a71f\"},\"breadcrumb\":{\"@id\":\"https:\/\/thepueblatimes.mx\/index.php\/2023\/04\/27\/en-atlixco-falsos-ministeriales-le-roban-camioneta-a-comerciante\/#breadcrumb\"},\"inLanguage\":\"es\",\"potentialAction\":[{\"@type\":\"ReadAction\",\"target\":[\"https:\/\/thepueblatimes.mx\/index.php\/2023\/04\/27\/en-atlixco-falsos-ministeriales-le-roban-camioneta-a-comerciante\/\"]}]},{\"@type\":\"BreadcrumbList\",\"@id\":\"https:\/\/thepueblatimes.mx\/index.php\/2023\/04\/27\/en-atlixco-falsos-ministeriales-le-roban-camioneta-a-comerciante\/#breadcrumb\",\"itemListElement\":[{\"@type\":\"ListItem\",\"position\":1,\"name\":\"Portada\",\"item\":\"https:\/\/thepueblatimes.mx\/\"},{\"@type\":\"ListItem\",\"position\":2,\"name\":\"En Atlixco, falsos ministeriales le roban camioneta a comerciante\"}]},{\"@type\":\"WebSite\",\"@id\":\"https:\/\/thepueblatimes.mx\/#website\",\"url\":\"https:\/\/thepueblatimes.mx\/\",\"name\":\"The Puebla Times\",\"description\":\"Noticias del Estado de Puebla\",\"potentialAction\":[{\"@type\":\"SearchAction\",\"target\":{\"@type\":\"EntryPoint\",\"urlTemplate\":\"https:\/\/thepueblatimes.mx\/?s={search_term_string}\"},\"query-input\":\"required name=search_term_string\"}],\"inLanguage\":\"es\"},{\"@type\":\"Person\",\"@id\":\"https:\/\/thepueblatimes.mx\/#\/schema\/person\/c90a455f48a80821b6a99d3d73d1a71f\",\"name\":\"admintpt\",\"image\":{\"@type\":\"ImageObject\",\"inLanguage\":\"es\",\"@id\":\"https:\/\/thepueblatimes.mx\/#\/schema\/person\/image\/\",\"url\":\"https:\/\/secure.gravatar.com\/avatar\/13f0a494cc76bfb992f9768b1d51109d?s=96&d=mm&r=g\",\"contentUrl\":\"https:\/\/secure.gravatar.com\/avatar\/13f0a494cc76bfb992f9768b1d51109d?s=96&d=mm&r=g\",\"caption\":\"admintpt\"},\"url\":\"https:\/\/thepueblatimes.mx\/index.php\/author\/admintpt\/\"}]}<\/script>\n<!-- \/ Yoast SEO plugin. -->","yoast_head_json":{"title":"En Atlixco, falsos ministeriales le roban camioneta a comerciante - The Puebla Times","robots":{"index":"index","follow":"follow","max-snippet":"max-snippet:-1","max-image-preview":"max-image-preview:large","max-video-preview":"max-video-preview:-1"},"canonical":"https:\/\/thepueblatimes.mx\/index.php\/2023\/04\/27\/en-atlixco-falsos-ministeriales-le-roban-camioneta-a-comerciante\/","og_locale":"es_ES","og_type":"article","og_title":"En Atlixco, falsos ministeriales le roban camioneta a comerciante - The Puebla Times","og_description":"&#8211; Comerciantes de Atlixco fueron despojados de su camioneta por presuntos falsos elementos de la Fiscal\u00eda General del Estado de Puebla (FGE). El atraco se realiz\u00f3 durante las primeras horas de este jueves 27 de abril de 2023, sobre la autopista antes de ingresar al municipio de Atlixco. De acuerdo con la narrativa de los...","og_url":"https:\/\/thepueblatimes.mx\/index.php\/2023\/04\/27\/en-atlixco-falsos-ministeriales-le-roban-camioneta-a-comerciante\/","og_site_name":"The Puebla Times","article_published_time":"2023-04-27T21:24:08+00:00","og_image":[{"width":414,"height":337,"url":"https:\/\/thepueblatimes.mx\/wp-content\/uploads\/2023\/04\/343187776_791681452473906_6013710805596063182_n.jpg","type":"image\/jpeg"}],"author":"admintpt","twitter_card":"summary_large_image","twitter_misc":{"Escrito por":"admintpt","Tiempo de lectura":"1 minuto"},"schema":{"@context":"https:\/\/schema.org","@graph":[{"@type":"WebPage","@id":"https:\/\/thepueblatimes.mx\/index.php\/2023\/04\/27\/en-atlixco-falsos-ministeriales-le-roban-camioneta-a-comerciante\/","url":"https:\/\/thepueblatimes.mx\/index.php\/2023\/04\/27\/en-atlixco-falsos-ministeriales-le-roban-camioneta-a-comerciante\/","name":"En Atlixco, falsos ministeriales le roban camioneta a comerciante - The Puebla Times","isPartOf":{"@id":"https:\/\/thepueblatimes.mx\/#website"},"datePublished":"2023-04-27T21:24:08+00:00","dateModified":"2023-04-27T21:24:08+00:00","author":{"@id":"https:\/\/thepueblatimes.mx\/#\/schema\/person\/c90a455f48a80821b6a99d3d73d1a71f"},"breadcrumb":{"@id":"https:\/\/thepueblatimes.mx\/index.php\/2023\/04\/27\/en-atlixco-falsos-ministeriales-le-roban-camioneta-a-comerciante\/#breadcrumb"},"inLanguage":"es","potentialAction":[{"@type":"ReadAction","target":["https:\/\/thepueblatimes.mx\/index.php\/2023\/04\/27\/en-atlixco-falsos-ministeriales-le-roban-camioneta-a-comerciante\/"]}]},{"@type":"BreadcrumbList","@id":"https:\/\/thepueblatimes.mx\/index.php\/2023\/04\/27\/en-atlixco-falsos-ministeriales-le-roban-camioneta-a-comerciante\/#breadcrumb","itemListElement":[{"@type":"ListItem","position":1,"name":"Portada","item":"https:\/\/thepueblatimes.mx\/"},{"@type":"ListItem","position":2,"name":"En Atlixco, falsos ministeriales le roban camioneta a comerciante"}]},{"@type":"WebSite","@id":"https:\/\/thepueblatimes.mx\/#website","url":"https:\/\/thepueblatimes.mx\/","name":"The Puebla Times","description":"Noticias del Estado de Puebla","potentialAction":[{"@type":"SearchAction","target":{"@type":"EntryPoint","urlTemplate":"https:\/\/thepueblatimes.mx\/?s={search_term_string}"},"query-input":"required name=search_term_string"}],"inLanguage":"es"},{"@type":"Person","@id":"https:\/\/thepueblatimes.mx\/#\/schema\/person\/c90a455f48a80821b6a99d3d73d1a71f","name":"admintpt","image":{"@type":"ImageObject","inLanguage":"es","@id":"https:\/\/thepueblatimes.mx\/#\/schema\/person\/image\/","url":"https:\/\/secure.gravatar.com\/avatar\/13f0a494cc76bfb992f9768b1d51109d?s=96&d=mm&r=g","contentUrl":"https:\/\/secure.gravatar.com\/avatar\/13f0a494cc76bfb992f9768b1d51109d?s=96&d=mm&r=g","caption":"admintpt"},"url":"https:\/\/thepueblatimes.mx\/index.php\/author\/admintpt\/"}]}},"jetpack_featured_media_url":"https:\/\/thepueblatimes.mx\/wp-content\/uploads\/2023\/04\/343187776_791681452473906_6013710805596063182_n.jpg","_links":{"self":[{"href":"https:\/\/thepueblatimes.mx\/index.php\/wp-json\/wp\/v2\/posts\/17855"}],"collection":[{"href":"https:\/\/thepueblatimes.mx\/index.php\/wp-json\/wp\/v2\/posts"}],"about":[{"href":"https:\/\/thepueblatimes.mx\/index.php\/wp-json\/wp\/v2\/types\/post"}],"author":[{"embeddable":true,"href":"https:\/\/thepueblatimes.mx\/index.php\/wp-json\/wp\/v2\/users\/2"}],"replies":[{"embeddable":true,"href":"https:\/\/thepueblatimes.mx\/index.php\/wp-json\/wp\/v2\/comments?post=17855"}],"version-history":[{"count":1,"href":"https:\/\/thepueblatimes.mx\/index.php\/wp-json\/wp\/v2\/posts\/17855\/revisions"}],"predecessor-version":[{"id":17857,"href":"https:\/\/thepueblatimes.mx\/index.php\/wp-json\/wp\/v2\/posts\/17855\/revisions\/17857"}],"wp:featuredmedia":[{"embeddable":true,"href":"https:\/\/thepueblatimes.mx\/index.php\/wp-json\/wp\/v2\/media\/17856"}],"wp:attachment":[{"href":"https:\/\/thepueblatimes.mx\/index.php\/wp-json\/wp\/v2\/media?parent=17855"}],"wp:term":[{"taxonomy":"category","embeddable":true,"href":"https:\/\/thepueblatimes.mx\/index.php\/wp-json\/wp\/v2\/categories?post=17855"},{"taxonomy":"post_tag","embeddable":true,"href":"https:\/\/thepueblatimes.mx\/index.php\/wp-json\/wp\/v2\/tags?post=17855"}],"curies":[{"name":"wp","href":"https:\/\/api.w.org\/{rel}","templated":true}]}}