{"id":16922,"date":"2022-12-07T18:48:39","date_gmt":"2022-12-08T00:48:39","guid":{"rendered":"https:\/\/thepueblatimes.mx\/?p=16922"},"modified":"2022-12-07T18:48:39","modified_gmt":"2022-12-08T00:48:39","slug":"unidad-para-que-la-transformacion-continue-sergio-salomon","status":"publish","type":"post","link":"https:\/\/thepueblatimes.mx\/index.php\/2022\/12\/07\/unidad-para-que-la-transformacion-continue-sergio-salomon\/","title":{"rendered":"UNIDAD, PARA QUE LA TRANSFORMACI\u00d3N CONTIN\u00daE: SERGIO SALOM\u00d3N"},"content":{"rendered":"<p>\u201cMorena en Puebla est\u00e1 unido y fortalecido, trabajando bajo los ideales de la Cuarta Transformaci\u00f3n que encabeza el presidente de M\u00e9xico, Andr\u00e9s Manuel L\u00f3pez Obrador\u00bb, afirm\u00f3 el Presidente del Congreso local y diputado por el distrito 13, Sergio Salom\u00f3n.<\/p>\n<p>Durante su tradicional conferencia de prensa, el legislador coordinador de la bancada de Morena, reconoci\u00f3 que las puertas del Movimiento Regeneraci\u00f3n Nacional est\u00e1n abiertas para quienes quieran sumarse a trabajar a favor del estado, \u201cluchando contra la desigualdad, combatiendo la pobreza y evitando que regresen los malos gobiernos\u201d.<\/p>\n<p>Prueba de ello fue la mega marcha encabezada por el gobernador, Miguel Barbosa y que se realiz\u00f3 el domingo 4 de diciembre, donde m\u00e1s de cien mil ciudadanos salieron a refrendar su apoyo a AMLO.<\/p>\n<p><em>\u201cAcudieron personajes de diferentes corrientes, de diferentes partes del estado, las puertas est\u00e1n abiertas, hay quienes se quieren incluir y hay quienes se quieren excluir, es decisi\u00f3n de cada qui\u00e9n\u201d<\/em>, se\u00f1al\u00f3.<\/p>\n<p>La marcha en apoyo al presidente de M\u00e9xico, Andr\u00e9s Manuel L\u00f3pez Obrador, fue un movimiento con el que se dio cuenta que la sociedad y los ciudadanos est\u00e1n contentos en la forma que son representados y por las buenas acciones que est\u00e1n haciendo tanto el gobierno federal como el estatal.<\/p>\n<p><em>\u00abEl domingo se confirm\u00f3 lo que hemos demostrado en las urnas desde el 2018, la gente vot\u00f3 por una transformaci\u00f3n que quieren que contin\u00fae\u00bb<\/em>, finaliz\u00f3 el diputado Sergio Salom\u00f3n.<\/p>\n","protected":false},"excerpt":{"rendered":"<p>\u201cMorena en Puebla est\u00e1 unido y fortalecido, trabajando bajo los ideales de la Cuarta Transformaci\u00f3n que encabeza el presidente de M\u00e9xico, Andr\u00e9s Manuel L\u00f3pez Obrador\u00bb, afirm\u00f3 el Presidente del Congreso local y diputado por el distrito 13, Sergio Salom\u00f3n. Durante su tradicional conferencia de prensa, el legislador coordinador de la bancada de Morena, reconoci\u00f3 que&#8230;<\/p>\n","protected":false},"author":2,"featured_media":16923,"comment_status":"open","ping_status":"open","sticky":false,"template":"","format":"standard","meta":[],"categories":[3],"tags":[49],"yoast_head":"<!-- This site is optimized with the Yoast SEO plugin v20.8 - https:\/\/yoast.com\/wordpress\/plugins\/seo\/ -->\n<title>UNIDAD, PARA QUE LA TRANSFORMACI\u00d3N CONTIN\u00daE: SERGIO SALOM\u00d3N - The Puebla Times<\/title>\n<meta name=\"robots\" content=\"index, follow, max-snippet:-1, max-image-preview:large, max-video-preview:-1\" \/>\n<link rel=\"canonical\" href=\"https:\/\/thepueblatimes.mx\/index.php\/2022\/12\/07\/unidad-para-que-la-transformacion-continue-sergio-salomon\/\" \/>\n<meta property=\"og:locale\" content=\"es_ES\" \/>\n<meta property=\"og:type\" content=\"article\" \/>\n<meta property=\"og:title\" content=\"UNIDAD, PARA QUE LA TRANSFORMACI\u00d3N CONTIN\u00daE: SERGIO SALOM\u00d3N - The Puebla Times\" \/>\n<meta property=\"og:description\" content=\"\u201cMorena en Puebla est\u00e1 unido y fortalecido, trabajando bajo los ideales de la Cuarta Transformaci\u00f3n que encabeza el presidente de M\u00e9xico, Andr\u00e9s Manuel L\u00f3pez Obrador\u00bb, afirm\u00f3 el Presidente del Congreso local y diputado por el distrito 13, Sergio Salom\u00f3n. Durante su tradicional conferencia de prensa, el legislador coordinador de la bancada de Morena, reconoci\u00f3 que...\" \/>\n<meta property=\"og:url\" content=\"https:\/\/thepueblatimes.mx\/index.php\/2022\/12\/07\/unidad-para-que-la-transformacion-continue-sergio-salomon\/\" \/>\n<meta property=\"og:site_name\" content=\"The Puebla Times\" \/>\n<meta property=\"article:published_time\" content=\"2022-12-08T00:48:39+00:00\" \/>\n<meta property=\"og:image\" content=\"https:\/\/thepueblatimes.mx\/wp-content\/uploads\/2022\/12\/SERGIO-SALOMON2.jpg\" \/>\n\t<meta property=\"og:image:width\" content=\"1296\" \/>\n\t<meta property=\"og:image:height\" content=\"828\" \/>\n\t<meta property=\"og:image:type\" content=\"image\/jpeg\" \/>\n<meta name=\"author\" content=\"admintpt\" \/>\n<meta name=\"twitter:card\" content=\"summary_large_image\" \/>\n<meta name=\"twitter:label1\" content=\"Escrito por\" \/>\n\t<meta name=\"twitter:data1\" content=\"admintpt\" \/>\n\t<meta name=\"twitter:label2\" content=\"Tiempo de lectura\" \/>\n\t<meta name=\"twitter:data2\" content=\"1 minuto\" \/>\n<script type=\"application\/ld+json\" class=\"yoast-schema-graph\">{\"@context\":\"https:\/\/schema.org\",\"@graph\":[{\"@type\":\"WebPage\",\"@id\":\"https:\/\/thepueblatimes.mx\/index.php\/2022\/12\/07\/unidad-para-que-la-transformacion-continue-sergio-salomon\/\",\"url\":\"https:\/\/thepueblatimes.mx\/index.php\/2022\/12\/07\/unidad-para-que-la-transformacion-continue-sergio-salomon\/\",\"name\":\"UNIDAD, PARA QUE LA TRANSFORMACI\u00d3N CONTIN\u00daE: SERGIO SALOM\u00d3N - The Puebla Times\",\"isPartOf\":{\"@id\":\"https:\/\/thepueblatimes.mx\/#website\"},\"datePublished\":\"2022-12-08T00:48:39+00:00\",\"dateModified\":\"2022-12-08T00:48:39+00:00\",\"author\":{\"@id\":\"https:\/\/thepueblatimes.mx\/#\/schema\/person\/c90a455f48a80821b6a99d3d73d1a71f\"},\"breadcrumb\":{\"@id\":\"https:\/\/thepueblatimes.mx\/index.php\/2022\/12\/07\/unidad-para-que-la-transformacion-continue-sergio-salomon\/#breadcrumb\"},\"inLanguage\":\"es\",\"potentialAction\":[{\"@type\":\"ReadAction\",\"target\":[\"https:\/\/thepueblatimes.mx\/index.php\/2022\/12\/07\/unidad-para-que-la-transformacion-continue-sergio-salomon\/\"]}]},{\"@type\":\"BreadcrumbList\",\"@id\":\"https:\/\/thepueblatimes.mx\/index.php\/2022\/12\/07\/unidad-para-que-la-transformacion-continue-sergio-salomon\/#breadcrumb\",\"itemListElement\":[{\"@type\":\"ListItem\",\"position\":1,\"name\":\"Portada\",\"item\":\"https:\/\/thepueblatimes.mx\/\"},{\"@type\":\"ListItem\",\"position\":2,\"name\":\"UNIDAD, PARA QUE LA TRANSFORMACI\u00d3N CONTIN\u00daE: SERGIO SALOM\u00d3N\"}]},{\"@type\":\"WebSite\",\"@id\":\"https:\/\/thepueblatimes.mx\/#website\",\"url\":\"https:\/\/thepueblatimes.mx\/\",\"name\":\"The Puebla Times\",\"description\":\"Noticias del Estado de Puebla\",\"potentialAction\":[{\"@type\":\"SearchAction\",\"target\":{\"@type\":\"EntryPoint\",\"urlTemplate\":\"https:\/\/thepueblatimes.mx\/?s={search_term_string}\"},\"query-input\":\"required name=search_term_string\"}],\"inLanguage\":\"es\"},{\"@type\":\"Person\",\"@id\":\"https:\/\/thepueblatimes.mx\/#\/schema\/person\/c90a455f48a80821b6a99d3d73d1a71f\",\"name\":\"admintpt\",\"image\":{\"@type\":\"ImageObject\",\"inLanguage\":\"es\",\"@id\":\"https:\/\/thepueblatimes.mx\/#\/schema\/person\/image\/\",\"url\":\"https:\/\/secure.gravatar.com\/avatar\/13f0a494cc76bfb992f9768b1d51109d?s=96&d=mm&r=g\",\"contentUrl\":\"https:\/\/secure.gravatar.com\/avatar\/13f0a494cc76bfb992f9768b1d51109d?s=96&d=mm&r=g\",\"caption\":\"admintpt\"},\"url\":\"https:\/\/thepueblatimes.mx\/index.php\/author\/admintpt\/\"}]}<\/script>\n<!-- \/ Yoast SEO plugin. -->","yoast_head_json":{"title":"UNIDAD, PARA QUE LA TRANSFORMACI\u00d3N CONTIN\u00daE: SERGIO SALOM\u00d3N - The Puebla Times","robots":{"index":"index","follow":"follow","max-snippet":"max-snippet:-1","max-image-preview":"max-image-preview:large","max-video-preview":"max-video-preview:-1"},"canonical":"https:\/\/thepueblatimes.mx\/index.php\/2022\/12\/07\/unidad-para-que-la-transformacion-continue-sergio-salomon\/","og_locale":"es_ES","og_type":"article","og_title":"UNIDAD, PARA QUE LA TRANSFORMACI\u00d3N CONTIN\u00daE: SERGIO SALOM\u00d3N - The Puebla Times","og_description":"\u201cMorena en Puebla est\u00e1 unido y fortalecido, trabajando bajo los ideales de la Cuarta Transformaci\u00f3n que encabeza el presidente de M\u00e9xico, Andr\u00e9s Manuel L\u00f3pez Obrador\u00bb, afirm\u00f3 el Presidente del Congreso local y diputado por el distrito 13, Sergio Salom\u00f3n. Durante su tradicional conferencia de prensa, el legislador coordinador de la bancada de Morena, reconoci\u00f3 que...","og_url":"https:\/\/thepueblatimes.mx\/index.php\/2022\/12\/07\/unidad-para-que-la-transformacion-continue-sergio-salomon\/","og_site_name":"The Puebla Times","article_published_time":"2022-12-08T00:48:39+00:00","og_image":[{"width":1296,"height":828,"url":"https:\/\/thepueblatimes.mx\/wp-content\/uploads\/2022\/12\/SERGIO-SALOMON2.jpg","type":"image\/jpeg"}],"author":"admintpt","twitter_card":"summary_large_image","twitter_misc":{"Escrito por":"admintpt","Tiempo de lectura":"1 minuto"},"schema":{"@context":"https:\/\/schema.org","@graph":[{"@type":"WebPage","@id":"https:\/\/thepueblatimes.mx\/index.php\/2022\/12\/07\/unidad-para-que-la-transformacion-continue-sergio-salomon\/","url":"https:\/\/thepueblatimes.mx\/index.php\/2022\/12\/07\/unidad-para-que-la-transformacion-continue-sergio-salomon\/","name":"UNIDAD, PARA QUE LA TRANSFORMACI\u00d3N CONTIN\u00daE: SERGIO SALOM\u00d3N - The Puebla Times","isPartOf":{"@id":"https:\/\/thepueblatimes.mx\/#website"},"datePublished":"2022-12-08T00:48:39+00:00","dateModified":"2022-12-08T00:48:39+00:00","author":{"@id":"https:\/\/thepueblatimes.mx\/#\/schema\/person\/c90a455f48a80821b6a99d3d73d1a71f"},"breadcrumb":{"@id":"https:\/\/thepueblatimes.mx\/index.php\/2022\/12\/07\/unidad-para-que-la-transformacion-continue-sergio-salomon\/#breadcrumb"},"inLanguage":"es","potentialAction":[{"@type":"ReadAction","target":["https:\/\/thepueblatimes.mx\/index.php\/2022\/12\/07\/unidad-para-que-la-transformacion-continue-sergio-salomon\/"]}]},{"@type":"BreadcrumbList","@id":"https:\/\/thepueblatimes.mx\/index.php\/2022\/12\/07\/unidad-para-que-la-transformacion-continue-sergio-salomon\/#breadcrumb","itemListElement":[{"@type":"ListItem","position":1,"name":"Portada","item":"https:\/\/thepueblatimes.mx\/"},{"@type":"ListItem","position":2,"name":"UNIDAD, PARA QUE LA TRANSFORMACI\u00d3N CONTIN\u00daE: SERGIO SALOM\u00d3N"}]},{"@type":"WebSite","@id":"https:\/\/thepueblatimes.mx\/#website","url":"https:\/\/thepueblatimes.mx\/","name":"The Puebla Times","description":"Noticias del Estado de Puebla","potentialAction":[{"@type":"SearchAction","target":{"@type":"EntryPoint","urlTemplate":"https:\/\/thepueblatimes.mx\/?s={search_term_string}"},"query-input":"required name=search_term_string"}],"inLanguage":"es"},{"@type":"Person","@id":"https:\/\/thepueblatimes.mx\/#\/schema\/person\/c90a455f48a80821b6a99d3d73d1a71f","name":"admintpt","image":{"@type":"ImageObject","inLanguage":"es","@id":"https:\/\/thepueblatimes.mx\/#\/schema\/person\/image\/","url":"https:\/\/secure.gravatar.com\/avatar\/13f0a494cc76bfb992f9768b1d51109d?s=96&d=mm&r=g","contentUrl":"https:\/\/secure.gravatar.com\/avatar\/13f0a494cc76bfb992f9768b1d51109d?s=96&d=mm&r=g","caption":"admintpt"},"url":"https:\/\/thepueblatimes.mx\/index.php\/author\/admintpt\/"}]}},"jetpack_featured_media_url":"https:\/\/thepueblatimes.mx\/wp-content\/uploads\/2022\/12\/SERGIO-SALOMON2.jpg","_links":{"self":[{"href":"https:\/\/thepueblatimes.mx\/index.php\/wp-json\/wp\/v2\/posts\/16922"}],"collection":[{"href":"https:\/\/thepueblatimes.mx\/index.php\/wp-json\/wp\/v2\/posts"}],"about":[{"href":"https:\/\/thepueblatimes.mx\/index.php\/wp-json\/wp\/v2\/types\/post"}],"author":[{"embeddable":true,"href":"https:\/\/thepueblatimes.mx\/index.php\/wp-json\/wp\/v2\/users\/2"}],"replies":[{"embeddable":true,"href":"https:\/\/thepueblatimes.mx\/index.php\/wp-json\/wp\/v2\/comments?post=16922"}],"version-history":[{"count":2,"href":"https:\/\/thepueblatimes.mx\/index.php\/wp-json\/wp\/v2\/posts\/16922\/revisions"}],"predecessor-version":[{"id":16925,"href":"https:\/\/thepueblatimes.mx\/index.php\/wp-json\/wp\/v2\/posts\/16922\/revisions\/16925"}],"wp:featuredmedia":[{"embeddable":true,"href":"https:\/\/thepueblatimes.mx\/index.php\/wp-json\/wp\/v2\/media\/16923"}],"wp:attachment":[{"href":"https:\/\/thepueblatimes.mx\/index.php\/wp-json\/wp\/v2\/media?parent=16922"}],"wp:term":[{"taxonomy":"category","embeddable":true,"href":"https:\/\/thepueblatimes.mx\/index.php\/wp-json\/wp\/v2\/categories?post=16922"},{"taxonomy":"post_tag","embeddable":true,"href":"https:\/\/thepueblatimes.mx\/index.php\/wp-json\/wp\/v2\/tags?post=16922"}],"curies":[{"name":"wp","href":"https:\/\/api.w.org\/{rel}","templated":true}]}}