{"id":16683,"date":"2022-02-23T21:06:49","date_gmt":"2022-02-24T03:06:49","guid":{"rendered":"https:\/\/thepueblatimes.mx\/?p=16683"},"modified":"2022-02-23T21:06:49","modified_gmt":"2022-02-24T03:06:49","slug":"encuentran-cadaver-con-huellas-de-violencia-en-la-lateral-de-la-autopista","status":"publish","type":"post","link":"https:\/\/thepueblatimes.mx\/index.php\/2022\/02\/23\/encuentran-cadaver-con-huellas-de-violencia-en-la-lateral-de-la-autopista\/","title":{"rendered":"Encuentran cad\u00e1ver con huellas de violencia en la lateral de la autopista"},"content":{"rendered":"<p>El cuerpo de una persona sin vida fue localizado esta tarde entre hierba crecida en la guarnici\u00f3n de la lateral de la autopista Puebla-M\u00e9xico a la altura de la colonia M\u00e9xico 83.<\/p>\n<p>Se trata de un hombre que aparentemente ten\u00eda huellas de violencia, por lo que al ser descubierto por vecinos, de inmediato llamaron al n\u00famero de emergencias 9-1-1.<\/p>\n<p>As\u00ed poco despu\u00e9s llegaron polic\u00edas municipales y confirmaron el reporte por lo que acordonaron la zona y est\u00e1n a la espera de las autoridades ministeriales para las diligencias del levantamiento de cad\u00e1ver.<\/p>\n<p>Cabe se\u00f1alar que tambi\u00e9n llegaron param\u00e9dicos y confirmaron que no ten\u00eda signos vitales pero se desconoce las causas de su muerte; por ello solamente lo dejaron cubierto con una s\u00e1bana azul.<\/p>\n<p>El cuerpo ser\u00e1 llevado al anfiteatro para hacerle la autopsia de rigor y confirmar si fue v\u00edctima de un homicidio.<\/p>\n","protected":false},"excerpt":{"rendered":"<p>El cuerpo de una persona sin vida fue localizado esta tarde entre hierba crecida en la guarnici\u00f3n de la lateral de la autopista Puebla-M\u00e9xico a la altura de la colonia M\u00e9xico 83. Se trata de un hombre que aparentemente ten\u00eda huellas de violencia, por lo que al ser descubierto por vecinos, de inmediato llamaron al&#8230;<\/p>\n","protected":false},"author":2,"featured_media":16684,"comment_status":"open","ping_status":"open","sticky":false,"template":"","format":"standard","meta":[],"categories":[121],"tags":[49,63],"yoast_head":"<!-- This site is optimized with the Yoast SEO plugin v20.8 - https:\/\/yoast.com\/wordpress\/plugins\/seo\/ -->\n<title>Encuentran cad\u00e1ver con huellas de violencia en la lateral de la autopista - The Puebla Times<\/title>\n<meta name=\"robots\" content=\"index, follow, max-snippet:-1, max-image-preview:large, max-video-preview:-1\" \/>\n<link rel=\"canonical\" href=\"https:\/\/thepueblatimes.mx\/index.php\/2022\/02\/23\/encuentran-cadaver-con-huellas-de-violencia-en-la-lateral-de-la-autopista\/\" \/>\n<meta property=\"og:locale\" content=\"es_ES\" \/>\n<meta property=\"og:type\" content=\"article\" \/>\n<meta property=\"og:title\" content=\"Encuentran cad\u00e1ver con huellas de violencia en la lateral de la autopista - The Puebla Times\" \/>\n<meta property=\"og:description\" content=\"El cuerpo de una persona sin vida fue localizado esta tarde entre hierba crecida en la guarnici\u00f3n de la lateral de la autopista Puebla-M\u00e9xico a la altura de la colonia M\u00e9xico 83. Se trata de un hombre que aparentemente ten\u00eda huellas de violencia, por lo que al ser descubierto por vecinos, de inmediato llamaron al...\" \/>\n<meta property=\"og:url\" content=\"https:\/\/thepueblatimes.mx\/index.php\/2022\/02\/23\/encuentran-cadaver-con-huellas-de-violencia-en-la-lateral-de-la-autopista\/\" \/>\n<meta property=\"og:site_name\" content=\"The Puebla Times\" \/>\n<meta property=\"article:published_time\" content=\"2022-02-24T03:06:49+00:00\" \/>\n<meta property=\"og:image\" content=\"https:\/\/thepueblatimes.mx\/wp-content\/uploads\/2022\/02\/Encuentran-cad\u00e1ver-de-hombre-en-la-lateral-de-la-autopista-Puebla-M\u00e9xico.jpg\" \/>\n\t<meta property=\"og:image:width\" content=\"768\" \/>\n\t<meta property=\"og:image:height\" content=\"479\" \/>\n\t<meta property=\"og:image:type\" content=\"image\/jpeg\" \/>\n<meta name=\"author\" content=\"admintpt\" \/>\n<meta name=\"twitter:card\" content=\"summary_large_image\" \/>\n<meta name=\"twitter:label1\" content=\"Escrito por\" \/>\n\t<meta name=\"twitter:data1\" content=\"admintpt\" \/>\n\t<meta name=\"twitter:label2\" content=\"Tiempo de lectura\" \/>\n\t<meta name=\"twitter:data2\" content=\"1 minuto\" \/>\n<script type=\"application\/ld+json\" class=\"yoast-schema-graph\">{\"@context\":\"https:\/\/schema.org\",\"@graph\":[{\"@type\":\"WebPage\",\"@id\":\"https:\/\/thepueblatimes.mx\/index.php\/2022\/02\/23\/encuentran-cadaver-con-huellas-de-violencia-en-la-lateral-de-la-autopista\/\",\"url\":\"https:\/\/thepueblatimes.mx\/index.php\/2022\/02\/23\/encuentran-cadaver-con-huellas-de-violencia-en-la-lateral-de-la-autopista\/\",\"name\":\"Encuentran cad\u00e1ver con huellas de violencia en la lateral de la autopista - The Puebla Times\",\"isPartOf\":{\"@id\":\"https:\/\/thepueblatimes.mx\/#website\"},\"datePublished\":\"2022-02-24T03:06:49+00:00\",\"dateModified\":\"2022-02-24T03:06:49+00:00\",\"author\":{\"@id\":\"https:\/\/thepueblatimes.mx\/#\/schema\/person\/c90a455f48a80821b6a99d3d73d1a71f\"},\"breadcrumb\":{\"@id\":\"https:\/\/thepueblatimes.mx\/index.php\/2022\/02\/23\/encuentran-cadaver-con-huellas-de-violencia-en-la-lateral-de-la-autopista\/#breadcrumb\"},\"inLanguage\":\"es\",\"potentialAction\":[{\"@type\":\"ReadAction\",\"target\":[\"https:\/\/thepueblatimes.mx\/index.php\/2022\/02\/23\/encuentran-cadaver-con-huellas-de-violencia-en-la-lateral-de-la-autopista\/\"]}]},{\"@type\":\"BreadcrumbList\",\"@id\":\"https:\/\/thepueblatimes.mx\/index.php\/2022\/02\/23\/encuentran-cadaver-con-huellas-de-violencia-en-la-lateral-de-la-autopista\/#breadcrumb\",\"itemListElement\":[{\"@type\":\"ListItem\",\"position\":1,\"name\":\"Portada\",\"item\":\"https:\/\/thepueblatimes.mx\/\"},{\"@type\":\"ListItem\",\"position\":2,\"name\":\"Encuentran cad\u00e1ver con huellas de violencia en la lateral de la autopista\"}]},{\"@type\":\"WebSite\",\"@id\":\"https:\/\/thepueblatimes.mx\/#website\",\"url\":\"https:\/\/thepueblatimes.mx\/\",\"name\":\"The Puebla Times\",\"description\":\"Noticias del Estado de Puebla\",\"potentialAction\":[{\"@type\":\"SearchAction\",\"target\":{\"@type\":\"EntryPoint\",\"urlTemplate\":\"https:\/\/thepueblatimes.mx\/?s={search_term_string}\"},\"query-input\":\"required name=search_term_string\"}],\"inLanguage\":\"es\"},{\"@type\":\"Person\",\"@id\":\"https:\/\/thepueblatimes.mx\/#\/schema\/person\/c90a455f48a80821b6a99d3d73d1a71f\",\"name\":\"admintpt\",\"image\":{\"@type\":\"ImageObject\",\"inLanguage\":\"es\",\"@id\":\"https:\/\/thepueblatimes.mx\/#\/schema\/person\/image\/\",\"url\":\"https:\/\/secure.gravatar.com\/avatar\/13f0a494cc76bfb992f9768b1d51109d?s=96&d=mm&r=g\",\"contentUrl\":\"https:\/\/secure.gravatar.com\/avatar\/13f0a494cc76bfb992f9768b1d51109d?s=96&d=mm&r=g\",\"caption\":\"admintpt\"},\"url\":\"https:\/\/thepueblatimes.mx\/index.php\/author\/admintpt\/\"}]}<\/script>\n<!-- \/ Yoast SEO plugin. -->","yoast_head_json":{"title":"Encuentran cad\u00e1ver con huellas de violencia en la lateral de la autopista - The Puebla Times","robots":{"index":"index","follow":"follow","max-snippet":"max-snippet:-1","max-image-preview":"max-image-preview:large","max-video-preview":"max-video-preview:-1"},"canonical":"https:\/\/thepueblatimes.mx\/index.php\/2022\/02\/23\/encuentran-cadaver-con-huellas-de-violencia-en-la-lateral-de-la-autopista\/","og_locale":"es_ES","og_type":"article","og_title":"Encuentran cad\u00e1ver con huellas de violencia en la lateral de la autopista - The Puebla Times","og_description":"El cuerpo de una persona sin vida fue localizado esta tarde entre hierba crecida en la guarnici\u00f3n de la lateral de la autopista Puebla-M\u00e9xico a la altura de la colonia M\u00e9xico 83. Se trata de un hombre que aparentemente ten\u00eda huellas de violencia, por lo que al ser descubierto por vecinos, de inmediato llamaron al...","og_url":"https:\/\/thepueblatimes.mx\/index.php\/2022\/02\/23\/encuentran-cadaver-con-huellas-de-violencia-en-la-lateral-de-la-autopista\/","og_site_name":"The Puebla Times","article_published_time":"2022-02-24T03:06:49+00:00","og_image":[{"width":768,"height":479,"url":"https:\/\/thepueblatimes.mx\/wp-content\/uploads\/2022\/02\/Encuentran-cad\u00e1ver-de-hombre-en-la-lateral-de-la-autopista-Puebla-M\u00e9xico.jpg","type":"image\/jpeg"}],"author":"admintpt","twitter_card":"summary_large_image","twitter_misc":{"Escrito por":"admintpt","Tiempo de lectura":"1 minuto"},"schema":{"@context":"https:\/\/schema.org","@graph":[{"@type":"WebPage","@id":"https:\/\/thepueblatimes.mx\/index.php\/2022\/02\/23\/encuentran-cadaver-con-huellas-de-violencia-en-la-lateral-de-la-autopista\/","url":"https:\/\/thepueblatimes.mx\/index.php\/2022\/02\/23\/encuentran-cadaver-con-huellas-de-violencia-en-la-lateral-de-la-autopista\/","name":"Encuentran cad\u00e1ver con huellas de violencia en la lateral de la autopista - The Puebla Times","isPartOf":{"@id":"https:\/\/thepueblatimes.mx\/#website"},"datePublished":"2022-02-24T03:06:49+00:00","dateModified":"2022-02-24T03:06:49+00:00","author":{"@id":"https:\/\/thepueblatimes.mx\/#\/schema\/person\/c90a455f48a80821b6a99d3d73d1a71f"},"breadcrumb":{"@id":"https:\/\/thepueblatimes.mx\/index.php\/2022\/02\/23\/encuentran-cadaver-con-huellas-de-violencia-en-la-lateral-de-la-autopista\/#breadcrumb"},"inLanguage":"es","potentialAction":[{"@type":"ReadAction","target":["https:\/\/thepueblatimes.mx\/index.php\/2022\/02\/23\/encuentran-cadaver-con-huellas-de-violencia-en-la-lateral-de-la-autopista\/"]}]},{"@type":"BreadcrumbList","@id":"https:\/\/thepueblatimes.mx\/index.php\/2022\/02\/23\/encuentran-cadaver-con-huellas-de-violencia-en-la-lateral-de-la-autopista\/#breadcrumb","itemListElement":[{"@type":"ListItem","position":1,"name":"Portada","item":"https:\/\/thepueblatimes.mx\/"},{"@type":"ListItem","position":2,"name":"Encuentran cad\u00e1ver con huellas de violencia en la lateral de la autopista"}]},{"@type":"WebSite","@id":"https:\/\/thepueblatimes.mx\/#website","url":"https:\/\/thepueblatimes.mx\/","name":"The Puebla Times","description":"Noticias del Estado de Puebla","potentialAction":[{"@type":"SearchAction","target":{"@type":"EntryPoint","urlTemplate":"https:\/\/thepueblatimes.mx\/?s={search_term_string}"},"query-input":"required name=search_term_string"}],"inLanguage":"es"},{"@type":"Person","@id":"https:\/\/thepueblatimes.mx\/#\/schema\/person\/c90a455f48a80821b6a99d3d73d1a71f","name":"admintpt","image":{"@type":"ImageObject","inLanguage":"es","@id":"https:\/\/thepueblatimes.mx\/#\/schema\/person\/image\/","url":"https:\/\/secure.gravatar.com\/avatar\/13f0a494cc76bfb992f9768b1d51109d?s=96&d=mm&r=g","contentUrl":"https:\/\/secure.gravatar.com\/avatar\/13f0a494cc76bfb992f9768b1d51109d?s=96&d=mm&r=g","caption":"admintpt"},"url":"https:\/\/thepueblatimes.mx\/index.php\/author\/admintpt\/"}]}},"jetpack_featured_media_url":"https:\/\/thepueblatimes.mx\/wp-content\/uploads\/2022\/02\/Encuentran-cad\u00e1ver-de-hombre-en-la-lateral-de-la-autopista-Puebla-M\u00e9xico.jpg","_links":{"self":[{"href":"https:\/\/thepueblatimes.mx\/index.php\/wp-json\/wp\/v2\/posts\/16683"}],"collection":[{"href":"https:\/\/thepueblatimes.mx\/index.php\/wp-json\/wp\/v2\/posts"}],"about":[{"href":"https:\/\/thepueblatimes.mx\/index.php\/wp-json\/wp\/v2\/types\/post"}],"author":[{"embeddable":true,"href":"https:\/\/thepueblatimes.mx\/index.php\/wp-json\/wp\/v2\/users\/2"}],"replies":[{"embeddable":true,"href":"https:\/\/thepueblatimes.mx\/index.php\/wp-json\/wp\/v2\/comments?post=16683"}],"version-history":[{"count":1,"href":"https:\/\/thepueblatimes.mx\/index.php\/wp-json\/wp\/v2\/posts\/16683\/revisions"}],"predecessor-version":[{"id":16685,"href":"https:\/\/thepueblatimes.mx\/index.php\/wp-json\/wp\/v2\/posts\/16683\/revisions\/16685"}],"wp:featuredmedia":[{"embeddable":true,"href":"https:\/\/thepueblatimes.mx\/index.php\/wp-json\/wp\/v2\/media\/16684"}],"wp:attachment":[{"href":"https:\/\/thepueblatimes.mx\/index.php\/wp-json\/wp\/v2\/media?parent=16683"}],"wp:term":[{"taxonomy":"category","embeddable":true,"href":"https:\/\/thepueblatimes.mx\/index.php\/wp-json\/wp\/v2\/categories?post=16683"},{"taxonomy":"post_tag","embeddable":true,"href":"https:\/\/thepueblatimes.mx\/index.php\/wp-json\/wp\/v2\/tags?post=16683"}],"curies":[{"name":"wp","href":"https:\/\/api.w.org\/{rel}","templated":true}]}}