{"id":16680,"date":"2022-02-22T22:22:28","date_gmt":"2022-02-23T04:22:28","guid":{"rendered":"https:\/\/thepueblatimes.mx\/?p=16680"},"modified":"2022-02-22T22:22:28","modified_gmt":"2022-02-23T04:22:28","slug":"angela-aguilar-podria-interpretar-a-la-dona-en-la-bioserie-de-maria-felix","status":"publish","type":"post","link":"https:\/\/thepueblatimes.mx\/index.php\/2022\/02\/22\/angela-aguilar-podria-interpretar-a-la-dona-en-la-bioserie-de-maria-felix\/","title":{"rendered":"\u00c1ngela Aguilar podr\u00eda interpretar a &#8216;La Do\u00f1a&#8217; en la bioserie de Mar\u00eda F\u00e9lix"},"content":{"rendered":"<p><strong>\u00c1ngela Aguilar<\/strong>\u00a0es una de las cantantes m\u00e1s queridas por el p\u00fablico mexicano; su carisma, talento y belleza la han hecho acreedora a varias nominaciones en diferentes premiaciones.<\/p>\n<p>Adem\u00e1s, su m\u00fasica se ha rebasado fronteras, por lo cual su popularidad en redes sociales ha incrementado de una manera abrumadora y al parecer, su carrera sigue en ascenso.<\/p>\n<p>Ya que, adem\u00e1s de que recientemente se confirm\u00f3 que\u00a0<strong>\u00c1ngela Aguilar incursionar\u00eda en el mundo de las telenovelas<\/strong>\u00a0interpretando el tema principal de\u00a0\u201cLa Herencia\u201d, melodrama que se transmitir\u00e1 en &#8216;El Canal de las Estrellas&#8217;, tambi\u00e9n existe el rumor de que la tierna cantante podr\u00eda interpretar a una\u00a0<strong>diva del Cine de Oro<\/strong>.<\/p>\n<p>De acuerdo con declaraciones de los conductores del programa &#8216;De Primera Mano&#8217;, la\u00a0<strong>guapa hija de Pepe Aguilar<\/strong>\u00a0podr\u00eda encarnar a una de las mujeres\u00a0m\u00e1s hermosas de la historia de las pel\u00edculas mexicanas.<\/p>\n<p>Pues seg\u00fan los conductores,\u00a0<strong>\u00c1ngela Aguilar encarnar\u00eda a Mar\u00eda F\u00e9lix<\/strong>\u00a0en la\u00a0<strong>serie biogr\u00e1fica de &#8216;La Do\u00f1a&#8217;<\/strong>, donde es posible que participe como la versi\u00f3n adolescente de &#8216;<strong>Mar\u00eda Bonita<\/strong>&#8216;.<\/p>\n<p>\u00abMe dijeron que van a hacer la serie de &#8216;<strong>La Do\u00f1a<\/strong>&#8216; y que \u00c1ngela va a ser\u00a0<strong>&#8216;La Do\u00f1a<\/strong>&#8216; de jovencita\u00bb, expuso en el programa de espect\u00e1culos el periodista Gustavo Adolfo Infante, quien dijo que la noticia la hab\u00eda escuchado con Alex Z\u00fa\u00f1iga.<\/p>\n<p>Ante esto, los dem\u00e1s conductores aseguraron que ser\u00eda muy buena la idea de elegir a\u00a0la exitosa cantante para encarnar a &#8216;<strong>Mar\u00eda Bonita<\/strong>&#8216;, y adelantaron que lo m\u00e1s probable es que<strong>\u00a0\u00c1ngela Aguilar<\/strong>\u00a0no comparta cr\u00e9ditos con Eiza Gonz\u00e1lez, ya que por lo visto, se planean dos\u00a0<strong>bioseries de Mar\u00eda F\u00e9lix\u00a0<\/strong>y en la que Eiza aparecer\u00e1 no es la misma donde se podr\u00eda apreciar a la guapa\u00a0<strong>representante del regional mexicano<\/strong>.<\/p>\n<p>Esta noticia, sin embargo, no ha sido confirmada por la int\u00e9rprete de &#8216;Dime c\u00f3mo quieres&#8217;, quien solo se manifest\u00f3 en torno a las siete\u00a0nominaciones que recibi\u00f3 en los \u00abPremios Lo Nuestro 2022\u00bb, sobre lo cual declar\u00f3:<\/p>\n<p><strong>\u00ab\u00a1H\u00edjole! Es una emoci\u00f3n tremenda, la verdad nunca pens\u00e9 que me iban a nominar tanto y voy a cantar y \u00a1estoy muy emocionada!\u00bb.<\/strong><\/p>\n<p>&nbsp;<\/p>\n","protected":false},"excerpt":{"rendered":"<p>\u00c1ngela Aguilar\u00a0es una de las cantantes m\u00e1s queridas por el p\u00fablico mexicano; su carisma, talento y belleza la han hecho acreedora a varias nominaciones en diferentes premiaciones. Adem\u00e1s, su m\u00fasica se ha rebasado fronteras, por lo cual su popularidad en redes sociales ha incrementado de una manera abrumadora y al parecer, su carrera sigue en&#8230;<\/p>\n","protected":false},"author":2,"featured_media":16681,"comment_status":"open","ping_status":"open","sticky":false,"template":"","format":"standard","meta":[],"categories":[110],"tags":[621,622],"yoast_head":"<!-- This site is optimized with the Yoast SEO plugin v20.8 - https:\/\/yoast.com\/wordpress\/plugins\/seo\/ -->\n<title>\u00c1ngela Aguilar podr\u00eda interpretar a &#039;La Do\u00f1a&#039; en la bioserie de Mar\u00eda F\u00e9lix - The Puebla Times<\/title>\n<meta name=\"robots\" content=\"index, follow, max-snippet:-1, max-image-preview:large, max-video-preview:-1\" \/>\n<link rel=\"canonical\" href=\"https:\/\/thepueblatimes.mx\/index.php\/2022\/02\/22\/angela-aguilar-podria-interpretar-a-la-dona-en-la-bioserie-de-maria-felix\/\" \/>\n<meta property=\"og:locale\" content=\"es_ES\" \/>\n<meta property=\"og:type\" content=\"article\" \/>\n<meta property=\"og:title\" content=\"\u00c1ngela Aguilar podr\u00eda interpretar a &#039;La Do\u00f1a&#039; en la bioserie de Mar\u00eda F\u00e9lix - The Puebla Times\" \/>\n<meta property=\"og:description\" content=\"\u00c1ngela Aguilar\u00a0es una de las cantantes m\u00e1s queridas por el p\u00fablico mexicano; su carisma, talento y belleza la han hecho acreedora a varias nominaciones en diferentes premiaciones. Adem\u00e1s, su m\u00fasica se ha rebasado fronteras, por lo cual su popularidad en redes sociales ha incrementado de una manera abrumadora y al parecer, su carrera sigue en...\" \/>\n<meta property=\"og:url\" content=\"https:\/\/thepueblatimes.mx\/index.php\/2022\/02\/22\/angela-aguilar-podria-interpretar-a-la-dona-en-la-bioserie-de-maria-felix\/\" \/>\n<meta property=\"og:site_name\" content=\"The Puebla Times\" \/>\n<meta property=\"article:published_time\" content=\"2022-02-23T04:22:28+00:00\" \/>\n<meta property=\"og:image\" content=\"https:\/\/thepueblatimes.mx\/wp-content\/uploads\/2022\/02\/f960x540-481174_555249_0.jpg\" \/>\n\t<meta property=\"og:image:width\" content=\"960\" \/>\n\t<meta property=\"og:image:height\" content=\"540\" \/>\n\t<meta property=\"og:image:type\" content=\"image\/jpeg\" \/>\n<meta name=\"author\" content=\"admintpt\" \/>\n<meta name=\"twitter:card\" content=\"summary_large_image\" \/>\n<meta name=\"twitter:label1\" content=\"Escrito por\" \/>\n\t<meta name=\"twitter:data1\" content=\"admintpt\" \/>\n\t<meta name=\"twitter:label2\" content=\"Tiempo de lectura\" \/>\n\t<meta name=\"twitter:data2\" content=\"2 minutos\" \/>\n<script type=\"application\/ld+json\" class=\"yoast-schema-graph\">{\"@context\":\"https:\/\/schema.org\",\"@graph\":[{\"@type\":\"WebPage\",\"@id\":\"https:\/\/thepueblatimes.mx\/index.php\/2022\/02\/22\/angela-aguilar-podria-interpretar-a-la-dona-en-la-bioserie-de-maria-felix\/\",\"url\":\"https:\/\/thepueblatimes.mx\/index.php\/2022\/02\/22\/angela-aguilar-podria-interpretar-a-la-dona-en-la-bioserie-de-maria-felix\/\",\"name\":\"\u00c1ngela Aguilar podr\u00eda interpretar a 'La Do\u00f1a' en la bioserie de Mar\u00eda F\u00e9lix - The Puebla Times\",\"isPartOf\":{\"@id\":\"https:\/\/thepueblatimes.mx\/#website\"},\"datePublished\":\"2022-02-23T04:22:28+00:00\",\"dateModified\":\"2022-02-23T04:22:28+00:00\",\"author\":{\"@id\":\"https:\/\/thepueblatimes.mx\/#\/schema\/person\/c90a455f48a80821b6a99d3d73d1a71f\"},\"breadcrumb\":{\"@id\":\"https:\/\/thepueblatimes.mx\/index.php\/2022\/02\/22\/angela-aguilar-podria-interpretar-a-la-dona-en-la-bioserie-de-maria-felix\/#breadcrumb\"},\"inLanguage\":\"es\",\"potentialAction\":[{\"@type\":\"ReadAction\",\"target\":[\"https:\/\/thepueblatimes.mx\/index.php\/2022\/02\/22\/angela-aguilar-podria-interpretar-a-la-dona-en-la-bioserie-de-maria-felix\/\"]}]},{\"@type\":\"BreadcrumbList\",\"@id\":\"https:\/\/thepueblatimes.mx\/index.php\/2022\/02\/22\/angela-aguilar-podria-interpretar-a-la-dona-en-la-bioserie-de-maria-felix\/#breadcrumb\",\"itemListElement\":[{\"@type\":\"ListItem\",\"position\":1,\"name\":\"Portada\",\"item\":\"https:\/\/thepueblatimes.mx\/\"},{\"@type\":\"ListItem\",\"position\":2,\"name\":\"\u00c1ngela Aguilar podr\u00eda interpretar a &#8216;La Do\u00f1a&#8217; en la bioserie de Mar\u00eda F\u00e9lix\"}]},{\"@type\":\"WebSite\",\"@id\":\"https:\/\/thepueblatimes.mx\/#website\",\"url\":\"https:\/\/thepueblatimes.mx\/\",\"name\":\"The Puebla Times\",\"description\":\"Noticias del Estado de Puebla\",\"potentialAction\":[{\"@type\":\"SearchAction\",\"target\":{\"@type\":\"EntryPoint\",\"urlTemplate\":\"https:\/\/thepueblatimes.mx\/?s={search_term_string}\"},\"query-input\":\"required name=search_term_string\"}],\"inLanguage\":\"es\"},{\"@type\":\"Person\",\"@id\":\"https:\/\/thepueblatimes.mx\/#\/schema\/person\/c90a455f48a80821b6a99d3d73d1a71f\",\"name\":\"admintpt\",\"image\":{\"@type\":\"ImageObject\",\"inLanguage\":\"es\",\"@id\":\"https:\/\/thepueblatimes.mx\/#\/schema\/person\/image\/\",\"url\":\"https:\/\/secure.gravatar.com\/avatar\/13f0a494cc76bfb992f9768b1d51109d?s=96&d=mm&r=g\",\"contentUrl\":\"https:\/\/secure.gravatar.com\/avatar\/13f0a494cc76bfb992f9768b1d51109d?s=96&d=mm&r=g\",\"caption\":\"admintpt\"},\"url\":\"https:\/\/thepueblatimes.mx\/index.php\/author\/admintpt\/\"}]}<\/script>\n<!-- \/ Yoast SEO plugin. -->","yoast_head_json":{"title":"\u00c1ngela Aguilar podr\u00eda interpretar a 'La Do\u00f1a' en la bioserie de Mar\u00eda F\u00e9lix - The Puebla Times","robots":{"index":"index","follow":"follow","max-snippet":"max-snippet:-1","max-image-preview":"max-image-preview:large","max-video-preview":"max-video-preview:-1"},"canonical":"https:\/\/thepueblatimes.mx\/index.php\/2022\/02\/22\/angela-aguilar-podria-interpretar-a-la-dona-en-la-bioserie-de-maria-felix\/","og_locale":"es_ES","og_type":"article","og_title":"\u00c1ngela Aguilar podr\u00eda interpretar a 'La Do\u00f1a' en la bioserie de Mar\u00eda F\u00e9lix - The Puebla Times","og_description":"\u00c1ngela Aguilar\u00a0es una de las cantantes m\u00e1s queridas por el p\u00fablico mexicano; su carisma, talento y belleza la han hecho acreedora a varias nominaciones en diferentes premiaciones. Adem\u00e1s, su m\u00fasica se ha rebasado fronteras, por lo cual su popularidad en redes sociales ha incrementado de una manera abrumadora y al parecer, su carrera sigue en...","og_url":"https:\/\/thepueblatimes.mx\/index.php\/2022\/02\/22\/angela-aguilar-podria-interpretar-a-la-dona-en-la-bioserie-de-maria-felix\/","og_site_name":"The Puebla Times","article_published_time":"2022-02-23T04:22:28+00:00","og_image":[{"width":960,"height":540,"url":"https:\/\/thepueblatimes.mx\/wp-content\/uploads\/2022\/02\/f960x540-481174_555249_0.jpg","type":"image\/jpeg"}],"author":"admintpt","twitter_card":"summary_large_image","twitter_misc":{"Escrito por":"admintpt","Tiempo de lectura":"2 minutos"},"schema":{"@context":"https:\/\/schema.org","@graph":[{"@type":"WebPage","@id":"https:\/\/thepueblatimes.mx\/index.php\/2022\/02\/22\/angela-aguilar-podria-interpretar-a-la-dona-en-la-bioserie-de-maria-felix\/","url":"https:\/\/thepueblatimes.mx\/index.php\/2022\/02\/22\/angela-aguilar-podria-interpretar-a-la-dona-en-la-bioserie-de-maria-felix\/","name":"\u00c1ngela Aguilar podr\u00eda interpretar a 'La Do\u00f1a' en la bioserie de Mar\u00eda F\u00e9lix - The Puebla Times","isPartOf":{"@id":"https:\/\/thepueblatimes.mx\/#website"},"datePublished":"2022-02-23T04:22:28+00:00","dateModified":"2022-02-23T04:22:28+00:00","author":{"@id":"https:\/\/thepueblatimes.mx\/#\/schema\/person\/c90a455f48a80821b6a99d3d73d1a71f"},"breadcrumb":{"@id":"https:\/\/thepueblatimes.mx\/index.php\/2022\/02\/22\/angela-aguilar-podria-interpretar-a-la-dona-en-la-bioserie-de-maria-felix\/#breadcrumb"},"inLanguage":"es","potentialAction":[{"@type":"ReadAction","target":["https:\/\/thepueblatimes.mx\/index.php\/2022\/02\/22\/angela-aguilar-podria-interpretar-a-la-dona-en-la-bioserie-de-maria-felix\/"]}]},{"@type":"BreadcrumbList","@id":"https:\/\/thepueblatimes.mx\/index.php\/2022\/02\/22\/angela-aguilar-podria-interpretar-a-la-dona-en-la-bioserie-de-maria-felix\/#breadcrumb","itemListElement":[{"@type":"ListItem","position":1,"name":"Portada","item":"https:\/\/thepueblatimes.mx\/"},{"@type":"ListItem","position":2,"name":"\u00c1ngela Aguilar podr\u00eda interpretar a &#8216;La Do\u00f1a&#8217; en la bioserie de Mar\u00eda F\u00e9lix"}]},{"@type":"WebSite","@id":"https:\/\/thepueblatimes.mx\/#website","url":"https:\/\/thepueblatimes.mx\/","name":"The Puebla Times","description":"Noticias del Estado de Puebla","potentialAction":[{"@type":"SearchAction","target":{"@type":"EntryPoint","urlTemplate":"https:\/\/thepueblatimes.mx\/?s={search_term_string}"},"query-input":"required name=search_term_string"}],"inLanguage":"es"},{"@type":"Person","@id":"https:\/\/thepueblatimes.mx\/#\/schema\/person\/c90a455f48a80821b6a99d3d73d1a71f","name":"admintpt","image":{"@type":"ImageObject","inLanguage":"es","@id":"https:\/\/thepueblatimes.mx\/#\/schema\/person\/image\/","url":"https:\/\/secure.gravatar.com\/avatar\/13f0a494cc76bfb992f9768b1d51109d?s=96&d=mm&r=g","contentUrl":"https:\/\/secure.gravatar.com\/avatar\/13f0a494cc76bfb992f9768b1d51109d?s=96&d=mm&r=g","caption":"admintpt"},"url":"https:\/\/thepueblatimes.mx\/index.php\/author\/admintpt\/"}]}},"jetpack_featured_media_url":"https:\/\/thepueblatimes.mx\/wp-content\/uploads\/2022\/02\/f960x540-481174_555249_0.jpg","_links":{"self":[{"href":"https:\/\/thepueblatimes.mx\/index.php\/wp-json\/wp\/v2\/posts\/16680"}],"collection":[{"href":"https:\/\/thepueblatimes.mx\/index.php\/wp-json\/wp\/v2\/posts"}],"about":[{"href":"https:\/\/thepueblatimes.mx\/index.php\/wp-json\/wp\/v2\/types\/post"}],"author":[{"embeddable":true,"href":"https:\/\/thepueblatimes.mx\/index.php\/wp-json\/wp\/v2\/users\/2"}],"replies":[{"embeddable":true,"href":"https:\/\/thepueblatimes.mx\/index.php\/wp-json\/wp\/v2\/comments?post=16680"}],"version-history":[{"count":1,"href":"https:\/\/thepueblatimes.mx\/index.php\/wp-json\/wp\/v2\/posts\/16680\/revisions"}],"predecessor-version":[{"id":16682,"href":"https:\/\/thepueblatimes.mx\/index.php\/wp-json\/wp\/v2\/posts\/16680\/revisions\/16682"}],"wp:featuredmedia":[{"embeddable":true,"href":"https:\/\/thepueblatimes.mx\/index.php\/wp-json\/wp\/v2\/media\/16681"}],"wp:attachment":[{"href":"https:\/\/thepueblatimes.mx\/index.php\/wp-json\/wp\/v2\/media?parent=16680"}],"wp:term":[{"taxonomy":"category","embeddable":true,"href":"https:\/\/thepueblatimes.mx\/index.php\/wp-json\/wp\/v2\/categories?post=16680"},{"taxonomy":"post_tag","embeddable":true,"href":"https:\/\/thepueblatimes.mx\/index.php\/wp-json\/wp\/v2\/tags?post=16680"}],"curies":[{"name":"wp","href":"https:\/\/api.w.org\/{rel}","templated":true}]}}