{"id":16594,"date":"2022-02-17T12:56:53","date_gmt":"2022-02-17T18:56:53","guid":{"rendered":"https:\/\/thepueblatimes.mx\/?p=16594"},"modified":"2022-02-17T12:58:21","modified_gmt":"2022-02-17T18:58:21","slug":"nuestro-gremio-esta-muy-lastimado-periodistas-protestan-durante-conferencia-de-amlo-en-tijuana","status":"publish","type":"post","link":"https:\/\/thepueblatimes.mx\/index.php\/2022\/02\/17\/nuestro-gremio-esta-muy-lastimado-periodistas-protestan-durante-conferencia-de-amlo-en-tijuana\/","title":{"rendered":"\u00abNuestro gremio est\u00e1 muy lastimado\u00bb, periodistas protestan durante conferencia de AMLO en Tijuana"},"content":{"rendered":"<h2 class=\"h2\">Con voz entrecortada, una reportera de Esquina 32 dio un posicionamiento a nombre del gremio e hizo un pase de lista de los cinco periodistas asesinados en 2022<\/h2>\n<p>Tijuana.- Reporteras y reporteros de\u00a0<strong>Baja California<\/strong>\u00a0leyeron un posicionamiento ante el presidente\u00a0<strong><a href=\"http:\/\/www.eluniversal.com.mx\/nacion\" target=\"_blank\" rel=\"noopener noreferrer\">Andr\u00e9s Manuel L\u00f3pez Obrador<\/a>\u00a0<\/strong>en el cual exigieron justicia y que los\u00a0<strong>cr\u00edmenes contra periodistas<\/strong>\u00a0no se mantengan en la impunidad.<\/p>\n<p>Durante la conferencia de prensa del mandatario en las instalaciones del Cuartel Militar Morelos de la Zona Militar II, con voz entrecortada una reportera de Esquina 32 expres\u00f3:<\/p>\n<p>Nuestro gremio est\u00e1 muy lastimado, como en todo M\u00e9xico, trabajamos bajo la sombra de ser atacados y asesinados por realizar nuestro trabajo y que los cr\u00edmenes que se cometen en nuestra contra no se aclaren<\/p>\n<p>Aqu\u00ed, desde Tijuana, donde enterramos a dos de nuestros colegas,\u00a0<strong>Margarito Mart\u00ednez\u00a0<\/strong>y\u00a0<strong>Lourdes Maldonado<\/strong>, en menos de una semana, no dejaremos de exigir justicia porque no se mata la verdad matando periodistas.<\/p>\n<p>En lo que va del a\u00f1o, cinco periodistas y comunicadores han sido asesinados en todo el pa\u00eds.<\/p>\n<p>Por ello, para que no sean olvidados, se hizo un pase de lista en su memoria.<\/p>\n<p>Jos\u00e9 Luis Gamboa<br \/>\nTodos: PRESENTE<\/p>\n<p>Margarito Mart\u00ednez Esquivel<br \/>\nTodos: PRESENTE<\/p>\n<p>Lourdes Maldonado<br \/>\nTodos: PRESENTE<\/p>\n<p>Roberto Toledo<br \/>\nTodos: PRESENTE<\/p>\n<p>*Heber L\u00f3pez V\u00e1squez<br \/>\n*Todos: PRESENTE<\/p>\n<p>La protesta pac\u00edfica de las reporteras, reporteros y comunicadores de Baja California, se suma a las manifestaciones de periodistas, tanto en la C\u00e1mara de Diputados y en Palacio Nacional<\/p>\n<p>&nbsp;<\/p>\n","protected":false},"excerpt":{"rendered":"<p>Con voz entrecortada, una reportera de Esquina 32 dio un posicionamiento a nombre del gremio e hizo un pase de lista de los cinco periodistas asesinados en 2022 Tijuana.- Reporteras y reporteros de\u00a0Baja California\u00a0leyeron un posicionamiento ante el presidente\u00a0Andr\u00e9s Manuel L\u00f3pez Obrador\u00a0en el cual exigieron justicia y que los\u00a0cr\u00edmenes contra periodistas\u00a0no se mantengan en la&#8230;<\/p>\n","protected":false},"author":2,"featured_media":16597,"comment_status":"open","ping_status":"open","sticky":false,"template":"","format":"standard","meta":[],"categories":[116],"tags":[],"yoast_head":"<!-- This site is optimized with the Yoast SEO plugin v20.8 - https:\/\/yoast.com\/wordpress\/plugins\/seo\/ -->\n<title>&quot;Nuestro gremio est\u00e1 muy lastimado&quot;, periodistas protestan durante conferencia de AMLO en Tijuana - The Puebla Times<\/title>\n<meta name=\"robots\" content=\"index, follow, max-snippet:-1, max-image-preview:large, max-video-preview:-1\" \/>\n<link rel=\"canonical\" href=\"https:\/\/thepueblatimes.mx\/index.php\/2022\/02\/17\/nuestro-gremio-esta-muy-lastimado-periodistas-protestan-durante-conferencia-de-amlo-en-tijuana\/\" \/>\n<meta property=\"og:locale\" content=\"es_ES\" \/>\n<meta property=\"og:type\" content=\"article\" \/>\n<meta property=\"og:title\" content=\"&quot;Nuestro gremio est\u00e1 muy lastimado&quot;, periodistas protestan durante conferencia de AMLO en Tijuana - The Puebla Times\" \/>\n<meta property=\"og:description\" content=\"Con voz entrecortada, una reportera de Esquina 32 dio un posicionamiento a nombre del gremio e hizo un pase de lista de los cinco periodistas asesinados en 2022 Tijuana.- Reporteras y reporteros de\u00a0Baja California\u00a0leyeron un posicionamiento ante el presidente\u00a0Andr\u00e9s Manuel L\u00f3pez Obrador\u00a0en el cual exigieron justicia y que los\u00a0cr\u00edmenes contra periodistas\u00a0no se mantengan en la...\" \/>\n<meta property=\"og:url\" content=\"https:\/\/thepueblatimes.mx\/index.php\/2022\/02\/17\/nuestro-gremio-esta-muy-lastimado-periodistas-protestan-durante-conferencia-de-amlo-en-tijuana\/\" \/>\n<meta property=\"og:site_name\" content=\"The Puebla Times\" \/>\n<meta property=\"article:published_time\" content=\"2022-02-17T18:56:53+00:00\" \/>\n<meta property=\"article:modified_time\" content=\"2022-02-17T18:58:21+00:00\" \/>\n<meta property=\"og:image\" content=\"https:\/\/thepueblatimes.mx\/wp-content\/uploads\/2022\/02\/AATZUQP.jpg\" \/>\n\t<meta property=\"og:image:width\" content=\"600\" \/>\n\t<meta property=\"og:image:height\" content=\"370\" \/>\n\t<meta property=\"og:image:type\" content=\"image\/jpeg\" \/>\n<meta name=\"author\" content=\"admintpt\" \/>\n<meta name=\"twitter:card\" content=\"summary_large_image\" \/>\n<meta name=\"twitter:label1\" content=\"Escrito por\" \/>\n\t<meta name=\"twitter:data1\" content=\"admintpt\" \/>\n\t<meta name=\"twitter:label2\" content=\"Tiempo de lectura\" \/>\n\t<meta name=\"twitter:data2\" content=\"1 minuto\" \/>\n<script type=\"application\/ld+json\" class=\"yoast-schema-graph\">{\"@context\":\"https:\/\/schema.org\",\"@graph\":[{\"@type\":\"WebPage\",\"@id\":\"https:\/\/thepueblatimes.mx\/index.php\/2022\/02\/17\/nuestro-gremio-esta-muy-lastimado-periodistas-protestan-durante-conferencia-de-amlo-en-tijuana\/\",\"url\":\"https:\/\/thepueblatimes.mx\/index.php\/2022\/02\/17\/nuestro-gremio-esta-muy-lastimado-periodistas-protestan-durante-conferencia-de-amlo-en-tijuana\/\",\"name\":\"\\\"Nuestro gremio est\u00e1 muy lastimado\\\", periodistas protestan durante conferencia de AMLO en Tijuana - The Puebla Times\",\"isPartOf\":{\"@id\":\"https:\/\/thepueblatimes.mx\/#website\"},\"datePublished\":\"2022-02-17T18:56:53+00:00\",\"dateModified\":\"2022-02-17T18:58:21+00:00\",\"author\":{\"@id\":\"https:\/\/thepueblatimes.mx\/#\/schema\/person\/c90a455f48a80821b6a99d3d73d1a71f\"},\"breadcrumb\":{\"@id\":\"https:\/\/thepueblatimes.mx\/index.php\/2022\/02\/17\/nuestro-gremio-esta-muy-lastimado-periodistas-protestan-durante-conferencia-de-amlo-en-tijuana\/#breadcrumb\"},\"inLanguage\":\"es\",\"potentialAction\":[{\"@type\":\"ReadAction\",\"target\":[\"https:\/\/thepueblatimes.mx\/index.php\/2022\/02\/17\/nuestro-gremio-esta-muy-lastimado-periodistas-protestan-durante-conferencia-de-amlo-en-tijuana\/\"]}]},{\"@type\":\"BreadcrumbList\",\"@id\":\"https:\/\/thepueblatimes.mx\/index.php\/2022\/02\/17\/nuestro-gremio-esta-muy-lastimado-periodistas-protestan-durante-conferencia-de-amlo-en-tijuana\/#breadcrumb\",\"itemListElement\":[{\"@type\":\"ListItem\",\"position\":1,\"name\":\"Portada\",\"item\":\"https:\/\/thepueblatimes.mx\/\"},{\"@type\":\"ListItem\",\"position\":2,\"name\":\"\u00abNuestro gremio est\u00e1 muy lastimado\u00bb, periodistas protestan durante conferencia de AMLO en Tijuana\"}]},{\"@type\":\"WebSite\",\"@id\":\"https:\/\/thepueblatimes.mx\/#website\",\"url\":\"https:\/\/thepueblatimes.mx\/\",\"name\":\"The Puebla Times\",\"description\":\"Noticias del Estado de Puebla\",\"potentialAction\":[{\"@type\":\"SearchAction\",\"target\":{\"@type\":\"EntryPoint\",\"urlTemplate\":\"https:\/\/thepueblatimes.mx\/?s={search_term_string}\"},\"query-input\":\"required name=search_term_string\"}],\"inLanguage\":\"es\"},{\"@type\":\"Person\",\"@id\":\"https:\/\/thepueblatimes.mx\/#\/schema\/person\/c90a455f48a80821b6a99d3d73d1a71f\",\"name\":\"admintpt\",\"image\":{\"@type\":\"ImageObject\",\"inLanguage\":\"es\",\"@id\":\"https:\/\/thepueblatimes.mx\/#\/schema\/person\/image\/\",\"url\":\"https:\/\/secure.gravatar.com\/avatar\/13f0a494cc76bfb992f9768b1d51109d?s=96&d=mm&r=g\",\"contentUrl\":\"https:\/\/secure.gravatar.com\/avatar\/13f0a494cc76bfb992f9768b1d51109d?s=96&d=mm&r=g\",\"caption\":\"admintpt\"},\"url\":\"https:\/\/thepueblatimes.mx\/index.php\/author\/admintpt\/\"}]}<\/script>\n<!-- \/ Yoast SEO plugin. -->","yoast_head_json":{"title":"\"Nuestro gremio est\u00e1 muy lastimado\", periodistas protestan durante conferencia de AMLO en Tijuana - The Puebla Times","robots":{"index":"index","follow":"follow","max-snippet":"max-snippet:-1","max-image-preview":"max-image-preview:large","max-video-preview":"max-video-preview:-1"},"canonical":"https:\/\/thepueblatimes.mx\/index.php\/2022\/02\/17\/nuestro-gremio-esta-muy-lastimado-periodistas-protestan-durante-conferencia-de-amlo-en-tijuana\/","og_locale":"es_ES","og_type":"article","og_title":"\"Nuestro gremio est\u00e1 muy lastimado\", periodistas protestan durante conferencia de AMLO en Tijuana - The Puebla Times","og_description":"Con voz entrecortada, una reportera de Esquina 32 dio un posicionamiento a nombre del gremio e hizo un pase de lista de los cinco periodistas asesinados en 2022 Tijuana.- Reporteras y reporteros de\u00a0Baja California\u00a0leyeron un posicionamiento ante el presidente\u00a0Andr\u00e9s Manuel L\u00f3pez Obrador\u00a0en el cual exigieron justicia y que los\u00a0cr\u00edmenes contra periodistas\u00a0no se mantengan en la...","og_url":"https:\/\/thepueblatimes.mx\/index.php\/2022\/02\/17\/nuestro-gremio-esta-muy-lastimado-periodistas-protestan-durante-conferencia-de-amlo-en-tijuana\/","og_site_name":"The Puebla Times","article_published_time":"2022-02-17T18:56:53+00:00","article_modified_time":"2022-02-17T18:58:21+00:00","og_image":[{"width":600,"height":370,"url":"https:\/\/thepueblatimes.mx\/wp-content\/uploads\/2022\/02\/AATZUQP.jpg","type":"image\/jpeg"}],"author":"admintpt","twitter_card":"summary_large_image","twitter_misc":{"Escrito por":"admintpt","Tiempo de lectura":"1 minuto"},"schema":{"@context":"https:\/\/schema.org","@graph":[{"@type":"WebPage","@id":"https:\/\/thepueblatimes.mx\/index.php\/2022\/02\/17\/nuestro-gremio-esta-muy-lastimado-periodistas-protestan-durante-conferencia-de-amlo-en-tijuana\/","url":"https:\/\/thepueblatimes.mx\/index.php\/2022\/02\/17\/nuestro-gremio-esta-muy-lastimado-periodistas-protestan-durante-conferencia-de-amlo-en-tijuana\/","name":"\"Nuestro gremio est\u00e1 muy lastimado\", periodistas protestan durante conferencia de AMLO en Tijuana - The Puebla Times","isPartOf":{"@id":"https:\/\/thepueblatimes.mx\/#website"},"datePublished":"2022-02-17T18:56:53+00:00","dateModified":"2022-02-17T18:58:21+00:00","author":{"@id":"https:\/\/thepueblatimes.mx\/#\/schema\/person\/c90a455f48a80821b6a99d3d73d1a71f"},"breadcrumb":{"@id":"https:\/\/thepueblatimes.mx\/index.php\/2022\/02\/17\/nuestro-gremio-esta-muy-lastimado-periodistas-protestan-durante-conferencia-de-amlo-en-tijuana\/#breadcrumb"},"inLanguage":"es","potentialAction":[{"@type":"ReadAction","target":["https:\/\/thepueblatimes.mx\/index.php\/2022\/02\/17\/nuestro-gremio-esta-muy-lastimado-periodistas-protestan-durante-conferencia-de-amlo-en-tijuana\/"]}]},{"@type":"BreadcrumbList","@id":"https:\/\/thepueblatimes.mx\/index.php\/2022\/02\/17\/nuestro-gremio-esta-muy-lastimado-periodistas-protestan-durante-conferencia-de-amlo-en-tijuana\/#breadcrumb","itemListElement":[{"@type":"ListItem","position":1,"name":"Portada","item":"https:\/\/thepueblatimes.mx\/"},{"@type":"ListItem","position":2,"name":"\u00abNuestro gremio est\u00e1 muy lastimado\u00bb, periodistas protestan durante conferencia de AMLO en Tijuana"}]},{"@type":"WebSite","@id":"https:\/\/thepueblatimes.mx\/#website","url":"https:\/\/thepueblatimes.mx\/","name":"The Puebla Times","description":"Noticias del Estado de Puebla","potentialAction":[{"@type":"SearchAction","target":{"@type":"EntryPoint","urlTemplate":"https:\/\/thepueblatimes.mx\/?s={search_term_string}"},"query-input":"required name=search_term_string"}],"inLanguage":"es"},{"@type":"Person","@id":"https:\/\/thepueblatimes.mx\/#\/schema\/person\/c90a455f48a80821b6a99d3d73d1a71f","name":"admintpt","image":{"@type":"ImageObject","inLanguage":"es","@id":"https:\/\/thepueblatimes.mx\/#\/schema\/person\/image\/","url":"https:\/\/secure.gravatar.com\/avatar\/13f0a494cc76bfb992f9768b1d51109d?s=96&d=mm&r=g","contentUrl":"https:\/\/secure.gravatar.com\/avatar\/13f0a494cc76bfb992f9768b1d51109d?s=96&d=mm&r=g","caption":"admintpt"},"url":"https:\/\/thepueblatimes.mx\/index.php\/author\/admintpt\/"}]}},"jetpack_featured_media_url":"https:\/\/thepueblatimes.mx\/wp-content\/uploads\/2022\/02\/AATZUQP.jpg","_links":{"self":[{"href":"https:\/\/thepueblatimes.mx\/index.php\/wp-json\/wp\/v2\/posts\/16594"}],"collection":[{"href":"https:\/\/thepueblatimes.mx\/index.php\/wp-json\/wp\/v2\/posts"}],"about":[{"href":"https:\/\/thepueblatimes.mx\/index.php\/wp-json\/wp\/v2\/types\/post"}],"author":[{"embeddable":true,"href":"https:\/\/thepueblatimes.mx\/index.php\/wp-json\/wp\/v2\/users\/2"}],"replies":[{"embeddable":true,"href":"https:\/\/thepueblatimes.mx\/index.php\/wp-json\/wp\/v2\/comments?post=16594"}],"version-history":[{"count":1,"href":"https:\/\/thepueblatimes.mx\/index.php\/wp-json\/wp\/v2\/posts\/16594\/revisions"}],"predecessor-version":[{"id":16596,"href":"https:\/\/thepueblatimes.mx\/index.php\/wp-json\/wp\/v2\/posts\/16594\/revisions\/16596"}],"wp:featuredmedia":[{"embeddable":true,"href":"https:\/\/thepueblatimes.mx\/index.php\/wp-json\/wp\/v2\/media\/16597"}],"wp:attachment":[{"href":"https:\/\/thepueblatimes.mx\/index.php\/wp-json\/wp\/v2\/media?parent=16594"}],"wp:term":[{"taxonomy":"category","embeddable":true,"href":"https:\/\/thepueblatimes.mx\/index.php\/wp-json\/wp\/v2\/categories?post=16594"},{"taxonomy":"post_tag","embeddable":true,"href":"https:\/\/thepueblatimes.mx\/index.php\/wp-json\/wp\/v2\/tags?post=16594"}],"curies":[{"name":"wp","href":"https:\/\/api.w.org\/{rel}","templated":true}]}}